{"id":255844,"date":"2025-07-18T07:47:12","date_gmt":"2025-07-18T07:47:12","guid":{"rendered":"https:\/\/www.europesays.com\/fr\/255844\/"},"modified":"2025-07-18T07:47:12","modified_gmt":"2025-07-18T07:47:12","slug":"bagnaia-retrouve-le-sourire-pas-encore-les-resultats","status":"publish","type":"post","link":"https:\/\/www.europesays.com\/fr\/255844\/","title":{"rendered":"Bagnaia retrouve le sourire, pas encore les r\u00e9sultats"},"content":{"rendered":"<p><a href=\"https:\/\/fr.motorsport.com\/driver\/pecco-bagnaia\/109394\/\" target=\"_blank\" rel=\"noopener\">Pecco Bagnaia<\/a> n&rsquo;a peut-\u00eatre pas r\u00e9solu tous ses probl\u00e8mes en piste, mais il semble plus serein dans son approche. Apr\u00e8s un GP d&rsquo;Allemagne une nouvelle fois difficile, surtout \u00e0 cause d&rsquo;un samedi compl\u00e8tement rat\u00e9 quand la pluie s&rsquo;est invit\u00e9e, l&rsquo;Italien aborde le retour en R\u00e9publique tch\u00e8que avec le sourire, gr\u00e2ce \u00e0 une nouvelle approche.<\/p>\n<p>En d\u00e9licatesse avec la GP25, Bagnaia a pendant plusieurs mois essay\u00e9 de corriger le tir, en vain. D\u00e9sormais <a href=\"https:\/\/fr.motorsport.com\/motogp\/news\/bagnaia-change-radicalement-approche-ducati-gp25\/10738550\/\" target=\"_blank\" rel=\"noopener\">plus enclin \u00e0 s&rsquo;adapter \u00e0 cette machine<\/a>, il accepte plus facilement que son statut ait chang\u00e9. Lorsqu&rsquo;on lui demande de noter sur 10 sa premi\u00e8re moiti\u00e9 de saison, il \u00e9vite donc les comparaisons directes avec 2024, quand il jouait le titre face \u00e0 <a href=\"https:\/\/fr.motorsport.com\/driver\/jorge-martin\/109391\/\" target=\"_blank\" rel=\"noopener\">Jorge Mart\u00edn<\/a>, et pr\u00e9f\u00e8re se f\u00e9liciter des progr\u00e8s effectu\u00e9s au cours des derni\u00e8res semaines.<\/p>\n<p>\u00ab\u00a0Je ne veux pas prendre l&rsquo;ann\u00e9e derni\u00e8re en compte, parce que si je le fais, \u00e7a serait un 5\u00a0\u00bb, a reconnu l&rsquo;Italien en conf\u00e9rence de presse \u00e0 Brno. \u00ab\u00a0Mais depuis le d\u00e9but de la saison, et avec les probl\u00e8mes que l&rsquo;on a compris au cours de ces 11 courses, je pense que je peux me donner un 6.\u00a0\u00bb<\/p>\n<p>\u00ab\u00a0Je pense que j&rsquo;ai bien travaill\u00e9 dans certaines situations, j&rsquo;ai peut-\u00eatre \u00e9t\u00e9 trop nerveux dans d&rsquo;autres. Parfois, il vaut mieux se d\u00e9tendre un peu, se calmer, parler avec son \u00e9quipe et essayer de repartir, essayer de bien travailler pour faire des analyses et progresser, et on l&rsquo;a fait dans les trois derniers Grands Prix. J&rsquo;\u00e9value plus les trois derniers Grands Prix que la premi\u00e8re partie, quand c&rsquo;\u00e9tait un peu le chaos. Sur les trois derniers Grands Prix, je suis plut\u00f4t content de mon travail avec l&rsquo;\u00e9quipe et maintenant, je sens que le travail va porter ses fruits.\u00a0\u00bb<\/p>\n<p>\u00ab\u00a0J&rsquo;ai plus ou moins arr\u00eat\u00e9 de faire des comparaisons avec l&rsquo;an dernier\u00a0\u00bb, a insist\u00e9 Bagnaia, estimant que s&rsquo;accommoder de son sort le placera dans un meilleur contexte\u00a0: \u00ab\u00a0Je sais quel \u00e9tait le potentiel l&rsquo;an dernier mais je sais qu&rsquo;il n&rsquo;est pas l\u00e0 actuellement, donc c&rsquo;est un peu inutile d&rsquo;en parler avec l&rsquo;\u00e9quipe. J&rsquo;essaie juste de faire plus de tours, m\u00eame si mes sensations ne sont pas les meilleures dans ce que je teste.\u00a0\u00bb<\/p>\n<p>   <img decoding=\"async\" draggable=\"false\" src=\"https:\/\/www.europesays.com\/fr\/wp-content\/uploads\/2025\/07\/1752824831_227_francesco-bagnaia-ducati-team.jpg\" alt=\"Francesco Bagnaia, Ducati Team\" width=\"1200\" height=\"800\" loading=\"lazy\"\/> <\/p>\n<p class=\"title\">Pecco Bagnaia<\/p>\n<p class=\"photographer\">Photo de: Gold and Goose Photography \/ LAT Images \/ via Getty Images<\/p>\n<p>\u00ab\u00a0Cela nous facilite les choses parce que l&rsquo;\u00e9quipe peut mieux analyser les choses. C&rsquo;est plus facile pour tout le monde et l&rsquo;ambiance est un peu meilleure parce que, certes, les r\u00e9sultats ne sont pas ceux que l&rsquo;on veut mais on doit comprendre, on doit tout prendre d&rsquo;une fa\u00e7on positive et avancer petit \u00e0 petit pour retrouver la t\u00eate.\u00a0\u00bb<\/p>\n<blockquote>\n<p>Deux pilotes ont tout simplement fait un meilleur travail que moi.<\/p>\n<\/blockquote>\n<p>Pour autant, Pecco Bagnaia s&rsquo;attendait-il \u00e0 \u00eatre domin\u00e9 par les fr\u00e8res M\u00e1rquez en d\u00e9but d&rsquo;ann\u00e9e\u00a0? \u00ab\u00a0Non\u00a0\u00bb, a-t-il conc\u00e9d\u00e9, en cherchant une nouvelle fois une lueur d&rsquo;espoir\u00a0: \u00ab\u00a0Mais la saison n&rsquo;est pas encore finie. Je pourrai peut-\u00eatre rebondir dans la deuxi\u00e8me moiti\u00e9, on verra.\u00a0\u00bb<\/p>\n<p>\u00ab\u00a0Lors du test en Malaisie, j&rsquo;\u00e9tais content de mes sensations sur la moto. Puis, on est all\u00e9s en Tha\u00eflande et on a commenc\u00e9 \u00e0 rencontrer beaucoup de probl\u00e8mes. Deux pilotes ont tout simplement fait un meilleur travail que moi, d\u00e8s le d\u00e9but de la saison. D&rsquo;autres ont \u00e9t\u00e9 meilleurs que nous sur certaines courses mais jusqu&rsquo;\u00e0 pr\u00e9sent, notre potentiel \u00e9tait d&rsquo;\u00eatre troisi\u00e8me et je suis bien troisi\u00e8me du championnat.\u00a0\u00bb<\/p>\n<p>\u00ab\u00a0Ce que j&rsquo;essaie de comprendre, c&rsquo;est comment prendre du recul, mieux analyser les choses et changer un peu mon approche. En sachant que gagner est un peu plus difficile, il faut travailler plus pour revenir \u00e0 ce que je pense \u00eatre mon niveau. On doit juste continuer dans cette voie mais je ne m&rsquo;attendais pas \u00e0 souffrir autant dans la premi\u00e8re moiti\u00e9 de la saison.\u00a0\u00bb<\/p>\n<p>Se \u00ab\u00a0battre pour quelque chose de mieux\u00a0\u00bb \u00e0 Brno<br \/>\n   <img decoding=\"async\" draggable=\"false\" src=\"https:\/\/www.europesays.com\/fr\/wp-content\/uploads\/2025\/07\/1752824832_578_francesco-bagnaia-ducati-team.jpg\" alt=\"Francesco Bagnaia, Ducati Team\" width=\"1200\" height=\"800\" loading=\"lazy\"\/> <\/p>\n<p class=\"title\">Pecco Bagnaia<\/p>\n<p class=\"photographer\">Photo de: MotoGP<\/p>\n<p>Le GP de R\u00e9publique tch\u00e8que sera-t-il celui qui permettra enfin \u00e0 Pecco Bagnaia de se mesurer \u00e0 <a href=\"https:\/\/fr.motorsport.com\/driver\/marc-marquez\/92646\/\" target=\"_blank\" rel=\"noopener\">Marc M\u00e1rquez<\/a> et \u00e0 <a href=\"https:\/\/fr.motorsport.com\/driver\/alex-marquez\/96324\/\" target=\"_blank\" rel=\"noopener\">\u00c1lex M\u00e1rquez<\/a>\u00a0? Le double champion du MotoGP a en tout cas \u00ab\u00a0tr\u00e8s\u00a0\u00bb envie de reprendre la piste \u00e0 Brno, m\u00eame s&rsquo;il y est bless\u00e9 la derni\u00e8re fois qu&rsquo;il y a roul\u00e9, en 2020.<\/p>\n<p>\u00ab\u00a0Je suis impatient parce que c&rsquo;est l&rsquo;une des meilleures pistes. J&rsquo;ai toujours aim\u00e9 rouler ici. Il y a de tout, c&rsquo;est similaire au Mugello mais avec de plus gros freinages. Je pense que c&rsquo;est bien. Avec le nouvel asphalte, je pense que ce sera comme une piste diff\u00e9rente au niveau de la vitesse. J&rsquo;ai entendu que les chronos du test \u00e9taient quatre secondes plus rapides qu&rsquo;avant donc ce sera tr\u00e8s fun.\u00a0\u00bb<\/p>\n<p>\u00ab\u00a0Je pense que la Ducati est adapt\u00e9e \u00e0 cette piste, \u00e0 part en 2020 avec la victoire magistrale de Brad [Binder] et sa gestion de course\u00a0\u00bb, a ajout\u00e9 Bagnaia. \u00ab\u00a0Je pense que notre moto est adapt\u00e9e \u00e0 toutes les pistes. Celle-ci, avec beaucoup de grip, sera tr\u00e8s bonne. Je pense que la Yamaha sera performante aussi mais il faudra voir parce qu&rsquo;il y a beaucoup de lignes droites et d&rsquo;acc\u00e9l\u00e9rations, donc je pense que notre moto sera bonne et que mon pilotage convient bien \u00e0 cette piste.\u00a0\u00bb<\/p>\n<p>Au point de venir chatouiller Marc M\u00e1rquez ? \u00ab\u00a0Je ferai encore le maximum\u00a0\u00bb, a promis Bagnaia. \u00ab\u00a0Je pense que tout le travail des derniers Grands Prix nous donne plus de potentiel. Si on arrive \u00e0 bien entamer ce week-end, comprendre les conditions et faire beaucoup de tours pendant les s\u00e9ances, on pourra se battre pour quelque chose de mieux. La premi\u00e8re \u00e9tape sera de se battre pour la deuxi\u00e8me place et de voir si on peut aussi se battre pour la victoire.\u00a0\u00bb<\/p>\n<p>Lire aussi :<\/p>\n<p>Dans cet article<\/p>\n<p>Soyez le premier inform\u00e9 et souscrivez aux alertes mails pour recevoir les infos en temps r\u00e9el<\/p>\n<p>    S&rsquo;abonner aux alertes de news<\/p>\n","protected":false},"excerpt":{"rendered":"Pecco Bagnaia n&rsquo;a peut-\u00eatre pas r\u00e9solu tous ses probl\u00e8mes en piste, mais il semble plus serein dans son&hellip;\n","protected":false},"author":2,"featured_media":255845,"comment_status":"","ping_status":"","sticky":false,"template":"","format":"standard","meta":{"footnotes":""},"categories":[1413],"tags":[37813,4950,1011,27,37812,1457,1456,1458,4951,60],"class_list":{"0":"post-255844","1":"post","2":"type-post","3":"status-publish","4":"format-standard","5":"has-post-thumbnail","7":"category-moto","8":"tag-brno-circuit","9":"tag-ducati-team","10":"tag-fr","11":"tag-france","12":"tag-gp-de-ru00e9publique-tchu00e8que","13":"tag-moto","14":"tag-motocycle","15":"tag-motogp","16":"tag-pecco-bagnaia","17":"tag-sports"},"share_on_mastodon":{"url":"https:\/\/pubeurope.com\/@fr\/114873135569084361","error":""},"_links":{"self":[{"href":"https:\/\/www.europesays.com\/fr\/wp-json\/wp\/v2\/posts\/255844","targetHints":{"allow":["GET"]}}],"collection":[{"href":"https:\/\/www.europesays.com\/fr\/wp-json\/wp\/v2\/posts"}],"about":[{"href":"https:\/\/www.europesays.com\/fr\/wp-json\/wp\/v2\/types\/post"}],"author":[{"embeddable":true,"href":"https:\/\/www.europesays.com\/fr\/wp-json\/wp\/v2\/users\/2"}],"replies":[{"embeddable":true,"href":"https:\/\/www.europesays.com\/fr\/wp-json\/wp\/v2\/comments?post=255844"}],"version-history":[{"count":0,"href":"https:\/\/www.europesays.com\/fr\/wp-json\/wp\/v2\/posts\/255844\/revisions"}],"wp:featuredmedia":[{"embeddable":true,"href":"https:\/\/www.europesays.com\/fr\/wp-json\/wp\/v2\/media\/255845"}],"wp:attachment":[{"href":"https:\/\/www.europesays.com\/fr\/wp-json\/wp\/v2\/media?parent=255844"}],"wp:term":[{"taxonomy":"category","embeddable":true,"href":"https:\/\/www.europesays.com\/fr\/wp-json\/wp\/v2\/categories?post=255844"},{"taxonomy":"post_tag","embeddable":true,"href":"https:\/\/www.europesays.com\/fr\/wp-json\/wp\/v2\/tags?post=255844"}],"curies":[{"name":"wp","href":"https:\/\/api.w.org\/{rel}","templated":true}]}}