{"id":255849,"date":"2025-07-18T07:50:12","date_gmt":"2025-07-18T07:50:12","guid":{"rendered":"https:\/\/www.europesays.com\/fr\/255849\/"},"modified":"2025-07-18T07:50:12","modified_gmt":"2025-07-18T07:50:12","slug":"girondins-nadjib-cisse-officiellement-bordelais","status":"publish","type":"post","link":"https:\/\/www.europesays.com\/fr\/255849\/","title":{"rendered":"Girondins : Nadjib Ciss\u00e9 officiellement bordelais"},"content":{"rendered":"<p><img decoding=\"async\" src=\"https:\/\/www.europesays.com\/fr\/wp-content\/uploads\/2025\/07\/671_38aaedc1b00114ecd452a8c87918caab.jpg\" alt=\"Girondins : Nadjib Ciss\u00e9 officiellement bordelais\" class=\"img-responsive mt-3\"\/><\/p>\n<p class=\"text-center mb-3\" style=\"font-size: 14px\">\u00a9 Iconsport<\/p>\n<p style=\"text-align: justify;\">Le message du club :<\/p>\n<p style=\"text-align: justify;\">\u00ab\u00a0Le d\u00e9fenseur Nadjib Ciss\u00e9 s\u2019engage avec les Girondins de Bordeaux en provenance de QRM. Le joueur de 24 ans apportera sa solidit\u00e9 et son exp\u00e9rience \u00e0 l\u2019arri\u00e8re-garde bordelaise. Apr\u00e8s 40 matchs en Ligue 2 et 23 en National, il retrouvera en Gironde son ancien coach Bruno Irl\u00e8s. Bienvenue \u00e0 Bordeaux, Nadjib !\u00a0\u00bb<\/p>\n<p style=\"text-align: justify;\">Il signe un contrat de 3 saisons indique L&rsquo;\u00c9quipe.<\/p>\n<p style=\"text-align: justify;\">Le joueur a disput\u00e9 la saison derni\u00e8re 23 matchs de National 1 pour 6 cartons jaunes et un carton rouge. Lors de la saison 2023-2024, il a jou\u00e9 20 matchs de Ligue 2 pour 5 cartons jaunes et un carton rouge.<\/p>\n<p style=\"text-align: justify;\">Il a bien connu Bruno Irl\u00e8s lorsque ce dernier \u00e9tait l&rsquo;entraineur de QRM (2020-2022). C&rsquo;est m\u00eame lui qui l&rsquo;a fait d\u00e9buter en \u00e9quipe premi\u00e8re en 2021. Auparavant, il est pass\u00e9 par la r\u00e9serve du Stade de Reims. Il arrive libre depuis la fin de son contrat avec QRM cet \u00e9t\u00e9.<\/p>\n<p style=\"text-align: justify;\">Ils ont aussi sign\u00e9 aux Girondins de Bordeaux : Mathieu Villette (attaquant, 24 ans), Steve Shamal (attaquant, 29 ans), Royce Openda (ailier, 23 ans), Lud\u00e9ric Etonde (attaquant, 24 ans) et Fa\u00efssal Manna\u00ef (milieu offensif, 29 ans), Guillaume Odru (milieu, 28 ans) et Abou Ba (milieu, 26 ans) et \u00c9ric Vandenabeele (d\u00e9fenseur central, 33 ans), L\u00e9o Jousselin (lat\u00e9ral doit, 23 ans), Ruben Drohenl\u00e9 (d\u00e9fenseur central, 27 ans),\u00a0<a href=\"https:\/\/www.webgirondins.com\/actualite-mercato-girondins-adama-diop-officiellement-bordelais-129767\" target=\"_blank\" rel=\"noopener\">Adama Diop<\/a> (22 ans, 1,81m), <a href=\"https:\/\/www.webgirondins.com\/actualite-mercato-girondins-david-agossa-officiellement-bordelais-129769\" target=\"_blank\" rel=\"noopener\">David Agossa<\/a> (gardien de but, 22 ans, 1,87m).<\/p>\n<p>\u00a0<\/p>\n<blockquote class=\"twitter-tweet\">\n<p dir=\"ltr\" lang=\"fr\">???????????????????????????????????? ???????????????????????? :blue_heart:<\/p>\n<p>Le d\u00e9fenseur Nadjib Ciss\u00e9 s\u2019engage avec les Girondins de Bordeaux en provenance de QRM. Le joueur de 24 ans apportera sa solidit\u00e9 et son exp\u00e9rience \u00e0 l\u2019arri\u00e8re-garde bordelaise. Apr\u00e8s 40 matchs en Ligue 2 et 23 en National, il retrouvera en\u2026 <a href=\"https:\/\/t.co\/ciNdFbrLu3\">pic.twitter.com\/ciNdFbrLu3<\/a><\/p>\n<p>\u2014 FC Girondins de Bordeaux (@girondins) <a href=\"https:\/\/twitter.com\/girondins\/status\/1945975321305501851?ref_src=twsrc%5Etfw\" target=\"_blank\" rel=\"noopener\">July 17, 2025<\/a>\n<\/p><\/blockquote>\n<p>\u00a0<\/p>\n<p>Notre podcast court :<\/p>\n<p>\u00a0<\/p>\n<p>    <script async src=\"https:\/\/platform.twitter.com\/widgets.js\" charset=\"utf-8\"><\/script><\/p>\n","protected":false},"excerpt":{"rendered":"\u00a9 Iconsport Le message du club : \u00ab\u00a0Le d\u00e9fenseur Nadjib Ciss\u00e9 s\u2019engage avec les Girondins de Bordeaux en&hellip;\n","protected":false},"author":2,"featured_media":255082,"comment_status":"","ping_status":"","sticky":false,"template":"","format":"standard","meta":{"footnotes":""},"categories":[1410],"tags":[1997,6950,15014,21425,15013,9424,39520,63,1011,27,1987,39526,3238,28960,11137,7099,3242,60],"class_list":{"0":"post-255849","1":"post","2":"type-post","3":"status-publish","4":"format-standard","5":"has-post-thumbnail","7":"category-football","8":"tag-bordeaux","9":"tag-bordelais","10":"tag-central","11":"tag-cisse","12":"tag-defenseur","13":"tag-derniere","14":"tag-evoluait","15":"tag-football","16":"tag-fr","17":"tag-france","18":"tag-girondins","19":"tag-nadjib","20":"tag-national","21":"tag-officialise","22":"tag-officiellement","23":"tag-recrutement","24":"tag-saison","25":"tag-sports"},"share_on_mastodon":{"url":"https:\/\/pubeurope.com\/@fr\/114873147326280813","error":""},"_links":{"self":[{"href":"https:\/\/www.europesays.com\/fr\/wp-json\/wp\/v2\/posts\/255849","targetHints":{"allow":["GET"]}}],"collection":[{"href":"https:\/\/www.europesays.com\/fr\/wp-json\/wp\/v2\/posts"}],"about":[{"href":"https:\/\/www.europesays.com\/fr\/wp-json\/wp\/v2\/types\/post"}],"author":[{"embeddable":true,"href":"https:\/\/www.europesays.com\/fr\/wp-json\/wp\/v2\/users\/2"}],"replies":[{"embeddable":true,"href":"https:\/\/www.europesays.com\/fr\/wp-json\/wp\/v2\/comments?post=255849"}],"version-history":[{"count":0,"href":"https:\/\/www.europesays.com\/fr\/wp-json\/wp\/v2\/posts\/255849\/revisions"}],"wp:featuredmedia":[{"embeddable":true,"href":"https:\/\/www.europesays.com\/fr\/wp-json\/wp\/v2\/media\/255082"}],"wp:attachment":[{"href":"https:\/\/www.europesays.com\/fr\/wp-json\/wp\/v2\/media?parent=255849"}],"wp:term":[{"taxonomy":"category","embeddable":true,"href":"https:\/\/www.europesays.com\/fr\/wp-json\/wp\/v2\/categories?post=255849"},{"taxonomy":"post_tag","embeddable":true,"href":"https:\/\/www.europesays.com\/fr\/wp-json\/wp\/v2\/tags?post=255849"}],"curies":[{"name":"wp","href":"https:\/\/api.w.org\/{rel}","templated":true}]}}