{"id":25585,"date":"2025-04-15T01:09:12","date_gmt":"2025-04-15T01:09:12","guid":{"rendered":"https:\/\/www.europesays.com\/fr\/25585\/"},"modified":"2025-04-15T01:09:12","modified_gmt":"2025-04-15T01:09:12","slug":"rearmer-sans-se-renier-la-defense-europeenne-face-au-piege-de-la-deregulation-mediapart","status":"publish","type":"post","link":"https:\/\/www.europesays.com\/fr\/25585\/","title":{"rendered":"R\u00e9armer sans se renier : la d\u00e9fense europ\u00e9enne face au pi\u00e8ge de la d\u00e9r\u00e9gulation &#8211; Mediapart"},"content":{"rendered":"<ol>\n<li><a href=\"https:\/\/news.google.com\/rss\/articles\/CBMiywFBVV95cUxONlZNdmR1YVJIb0Y3NEVYLURMbTNUUjVrcndQV1RlOW05Si1HZzJyMmk5X19DalB1UDM0MU9kQTZiYXdkcjg4a0JoWXIxYnNDZlVHUDN1cUUtRVVoMWJYZ0FFVzRnb1BVYlhLY0tXZE9hZS1RdGFlUkxLeWozMFVHYzRDN3RFQWduTGp3bUtqWGJGT1p6czJ5czl4QlZpMVp1ZW9yU0J3a1JpdDFEbnBOcnJjOU5sWmlqaGMzenh0N2Y5RXQ4Q3BVckVyOA?oc=5\" target=\"_blank\" rel=\"nofollow noopener\">R\u00e9armer sans se renier : la d\u00e9fense europ\u00e9enne face au pi\u00e8ge de la d\u00e9r\u00e9gulation<\/a>&nbsp;&nbsp;Mediapart<\/li>\n<li><a href=\"https:\/\/news.google.com\/rss\/articles\/CBMi_gFBVV95cUxOMWs3U2N5QWMyaDFrVGUxUWNZdW16UW9YcWV6cEx4a1k4VkFLUndYV3dJTUx0b3FBeWJzUUU4VXk1eDF2OWtnSFhWaHZfeXY0SUIxSEhWWkYzUUlqV096TXJueDV0RXU0eHh1UzJhb0NVOGpQYzFheGl5VG5jYl9EM01oeVpkZ2dkRlZpVl9ETXQ3MmFvOVR1RHFFRU1zM1RpbjA2M1FpeFNPR2dhVUd2d0pocWlzZHI4bWtOT3RqMTZXdUM2dlRGR1pHcmVNQUdGNU9NeDlXTnhiZGluU09NZm9ZWG93WkpaQWFIa0NFd25ZZTI1ZE9yVkJwUDJtQQ?oc=5\" target=\"_blank\" rel=\"nofollow noopener\">En Europe, on a de l\u2019argent pour la guerre, pas pour les allocs, par Michelle Gallen<\/a>&nbsp;&nbsp;Lib\u00e9ration<\/li>\n<li><a href=\"https:\/\/news.google.com\/rss\/articles\/CBMi3AFBVV95cUxQUVNNVVhnUk45c1NxZ19SelBXNnNzbHIzVTBnY25YczhEQVhtRmFRcWdNT0xHMGVNdGRFNFN0ZkRtVnFIM3U0Zk9mS004a1VYSjBNY202RTJPcDFsVWFBY1F5dlNSeWhySFotM2U5Ylc2SDQxbzVwUVZ5RDFKNGxaeUJMME9vVXBuMF83QkRrUXRfU3RydHV6eDZOUmNCRGNuSE41MzRBTHd3a1FGQllfVGljZUJOUlpwR3JfWWEtQ2JMTnFSVTR1ajFKdVRWeF82elRNY1g0Q2JjRUNy?oc=5\" target=\"_blank\" rel=\"nofollow noopener\">L&rsquo;UE envisage de cr\u00e9er un organisme qui ach\u00e8terait des armes pour les Vingt-sept<\/a>&nbsp;&nbsp;La Tribune<\/li>\n<li><a href=\"https:\/\/news.google.com\/rss\/articles\/CBMiggJBVV95cUxPbHJzdFk2LU1XcWljZjNqRnFxaGxQUjhtNkVXNUlFNjIzNkY0ZV81dVFzS0VfQ3ROMXJkYzVxRER1bkhaYzFQcllfUlRBcXg5bEZpNWNmSzJabGFaTHptVjNjb3lWTDJSSDRfS2toYzNBakE2MHNxeV9nRVFHcDFpa2hWUHd2Z3NaX1hHVUxONXZyMlBJdEk5SDZTRlJTRWpUQlBfYjBGOVo0TlktRGg5Y1dmYllTZFFPSGY2eTAtRDhyTFpPYTU1X0FLbXk0dGEyVkRnOUkyTUgwc3RrRGpBcl9ITlRIRGJYalJ1NElzUXFDS2RtVl9CMW11NS05MXJhcXc?oc=5\" target=\"_blank\" rel=\"nofollow noopener\">Les ministres des Finances des Ving-Sept discutent de la cr\u00e9ation d&rsquo;un M\u00e9canisme europ\u00e9en de d\u00e9fense<\/a>&nbsp;&nbsp;BFMTV<\/li>\n<li><a href=\"https:\/\/news.google.com\/rss\/articles\/CBMi6gFBVV95cUxQWlRfRlltSDc4bGU5WU9hSXRTT1BlcWdDMEdhellUODA1WVRLeF8xTmx0RUxybzgwUnFINDlQbUwxR0tVdC1Gdldhb0ZoTm1DQTJEczJWb0doVzVCQ2VrbG9FRFRZNmtEcEN0VmswNXFrdmR2OXZUaGxFVFYzU0xSdnBCcF8tVms3Z3ZCQk5fcjJITzBPd2JvaDJ2YjM2eWdEc2NXY2Q0eGVIWm83RkNyNlMyRkM5bTFEOWlJRzhtSGQwdVBXclJQcGVKOHJpYk9aeHJRS0xLdG1tc2FXdVRqNktwaWJjci1xTVE?oc=5\" target=\"_blank\" rel=\"nofollow noopener\">REPLAY. Guerre en Ukraine : l\u2019Union europ\u00e9enne discute de la cr\u00e9ation d\u2019un M\u00e9canisme europ\u00e9en de d\u00e9fense<\/a>&nbsp;&nbsp;ladepeche.fr<\/li>\n<\/ol>\n","protected":false},"excerpt":{"rendered":"R\u00e9armer sans se renier : la d\u00e9fense europ\u00e9enne face au pi\u00e8ge de la d\u00e9r\u00e9gulation&nbsp;&nbsp;Mediapart En Europe, on a&hellip;\n","protected":false},"author":2,"featured_media":25586,"comment_status":"","ping_status":"","sticky":false,"template":"","format":"standard","meta":{"footnotes":""},"categories":[5],"tags":[11,3939,1011,27,14,12,28],"class_list":{"0":"post-25585","1":"post","2":"type-post","3":"status-publish","4":"format-standard","5":"has-post-thumbnail","7":"category-international","8":"tag-actualites","9":"tag-defense-et-diplomatie","10":"tag-fr","11":"tag-france","12":"tag-international","13":"tag-news","14":"tag-world"},"share_on_mastodon":{"url":"https:\/\/pubeurope.com\/@fr\/114339313519607672","error":""},"_links":{"self":[{"href":"https:\/\/www.europesays.com\/fr\/wp-json\/wp\/v2\/posts\/25585","targetHints":{"allow":["GET"]}}],"collection":[{"href":"https:\/\/www.europesays.com\/fr\/wp-json\/wp\/v2\/posts"}],"about":[{"href":"https:\/\/www.europesays.com\/fr\/wp-json\/wp\/v2\/types\/post"}],"author":[{"embeddable":true,"href":"https:\/\/www.europesays.com\/fr\/wp-json\/wp\/v2\/users\/2"}],"replies":[{"embeddable":true,"href":"https:\/\/www.europesays.com\/fr\/wp-json\/wp\/v2\/comments?post=25585"}],"version-history":[{"count":0,"href":"https:\/\/www.europesays.com\/fr\/wp-json\/wp\/v2\/posts\/25585\/revisions"}],"wp:featuredmedia":[{"embeddable":true,"href":"https:\/\/www.europesays.com\/fr\/wp-json\/wp\/v2\/media\/25586"}],"wp:attachment":[{"href":"https:\/\/www.europesays.com\/fr\/wp-json\/wp\/v2\/media?parent=25585"}],"wp:term":[{"taxonomy":"category","embeddable":true,"href":"https:\/\/www.europesays.com\/fr\/wp-json\/wp\/v2\/categories?post=25585"},{"taxonomy":"post_tag","embeddable":true,"href":"https:\/\/www.europesays.com\/fr\/wp-json\/wp\/v2\/tags?post=25585"}],"curies":[{"name":"wp","href":"https:\/\/api.w.org\/{rel}","templated":true}]}}