{"id":255850,"date":"2025-07-18T07:51:12","date_gmt":"2025-07-18T07:51:12","guid":{"rendered":"https:\/\/www.europesays.com\/fr\/255850\/"},"modified":"2025-07-18T07:51:12","modified_gmt":"2025-07-18T07:51:12","slug":"le-youtubeur-squeezie-se-justifie-apres-la-polemique-sur-son-usage-de-lia","status":"publish","type":"post","link":"https:\/\/www.europesays.com\/fr\/255850\/","title":{"rendered":"Le youtubeur Squeezie se justifie apr\u00e8s la pol\u00e9mique sur son usage de l\u2019IA"},"content":{"rendered":"<p>        <img decoding=\"async\" loading=\"lazy\" src=\"https:\/\/www.europesays.com\/fr\/wp-content\/uploads\/2025\/07\/208d4c7_1730060672490-capture-d-a-cran-2024-10-27-212350.png\"  width=\"728\" height=\"410\" alt=\"Le youtubeur Squeezie a pris la parole mercredi 16\u00a0juillet apr\u00e8s la pol\u00e9mique sur son usage de l\u2019IA. (Photo d\u2019illustration)\"\/>  <\/p>\n<p>YouTube Elise Lucet<\/p>\n<p>Le youtubeur Squeezie a pris la parole mercredi 16\u00a0juillet apr\u00e8s la pol\u00e9mique sur son usage de l\u2019IA. (Photo d\u2019illustration)<\/p>\n<p class=\"asset asset-text\">IA &#8211; Sous le feu des critiques, il r\u00e9pond avec honn\u00eatet\u00e9. Le c\u00e9l\u00e8bre youtubeur<a href=\"https:\/\/www.huffingtonpost.fr\/culture\/video\/sigma-boy-la-chanson-virale-utilisee-par-squeezie-sur-tiktok-est-accusee-de-servir-la-propagande-russe_246126.html\" target=\"_blank\" rel=\"noopener\"> Squeezie<\/a> avait utilis\u00e9 l\u2019<a href=\"https:\/\/www.huffingtonpost.fr\/tech-futurs\/video\/comment-beyonce-et-le-pape-se-sont-retrouves-au-c-ur-de-la-propagande-du-burkina-faso_252714.html\" target=\"_blank\" rel=\"noopener\">intelligence artificielle<\/a> (IA) pour illustrer l\u2019histoire d\u2019un milliardaire dans une vid\u00e9o publi\u00e9e le 13\u00a0juillet. Des dizaines de fans avaient exprim\u00e9 leur d\u00e9ception, faisant remarquer au cr\u00e9ateur du<a href=\"https:\/\/www.huffingtonpost.fr\/divertissement\/article\/le-gp-explorer-3-de-squeezie-s-offre-une-diffusion-a-la-television_250949.html\" target=\"_blank\" rel=\"noopener\"> GP Explorer <\/a>qu\u2019il aurait pu \u00ab\u00a0faire appel \u00e0 des artistes\u00a0\u00bb.<\/p>\n<p class=\"asset asset-text\">Squeezie a d\u00e9cid\u00e9 de prendre la parole pour d\u00e9fendre son recours \u00e0 l\u2019IA pour cette vid\u00e9o intitul\u00e9e \u00ab\u00a0Ce milliardaire a tout perdu \u00e0 cause d\u2019un caprice\u00a0\u00bb. Comme le rappelle <a href=\"https:\/\/www.bfmtv.com\/tech\/youtube\/face-aux-critiques-squeezie-revient-sur-l-utilisation-de-l-ia-dans-sa-derniere-video_AV-202507170395.html\" target=\"_blank\" rel=\"noopener\" title=\"Nouvelle fen\u00eatre\">BFMTV<\/a>, le r\u00e9cit \u00e9voque les p\u00e9rip\u00e9ties du riche Jon Jiang, qui a voulu imaginer le sc\u00e9nario du nouvel Avatar chinois.<\/p>\n<p class=\"asset asset-text\">En direct sur Twitch, mercredi 16\u00a0juillet, l\u2019influenceur a justifi\u00e9\u00a0: \u00ab\u00a0Je trouvais \u00e7a dr\u00f4le d\u2019illustrer avec des images pseudo r\u00e9alistes foireuses d\u2019IA un script foireux\u00a0\u00bb.<\/p>\n<p>    \u00ab\u00a0Les gens ont une angoisse qui est fond\u00e9e\u00a0\u00bb    <\/p>\n<p class=\"asset asset-text\">Et Squeezie insiste sur le fait qu\u2019utiliser l\u2019IA, dans ce contexte, ne s\u2019est pas fait au d\u00e9triment de personnes r\u00e9elles. \u00ab\u00a0\u00c7a ne rempla\u00e7ait pas le travail de qui que ce soit parce que sinon, j\u2019allais juste mettre des Shutterstock\u00a0\u00bb, une plateforme en ligne qui fournit des images, des vid\u00e9os, et de la musique libres de droits, pr\u00e9cise-t-il.<\/p>\n<p class=\"asset asset-text\">\u00ab\u00a0Je ne pensais pas, en l\u2019utilisant 20 secondes dans une vid\u00e9o de 30 minutes, pour appuyer le c\u00f4t\u00e9 absurde d\u2019un script, que \u00e7a allait nourrir ces angoisses et que \u00e7a pouvait cr\u00e9er une jurisprudence qui d\u00e9complexe les gens sur l\u2019utilisation de l\u2019IA. J\u2019ai sous-estim\u00e9 \u00e7a\u00a0\u00bb, conc\u00e8de le deuxi\u00e8me youtubeur de France, apr\u00e8s Tibo InShape. Et le vid\u00e9aste compl\u00e8te\u00a0: \u00ab\u00a0Les gens ont une angoisse qui est fond\u00e9e, de se dire que l\u2019IA va remplacer plein de m\u00e9tiers cr\u00e9atifs.\u00a0\u00bb<\/p>\n<p class=\"asset asset-text\">Les fans de Squeezie \u00e9taient d\u2019autant plus surpris de l\u2019utilisation de l\u2019IA dans l\u2019une de ses vid\u00e9os que ce dernier avait r\u00e9cemment critiqu\u00e9 son usage dans le monde du doublage. En d\u00e9pit des critiques, la production est une belle r\u00e9ussite au niveau des audiences, avec plus de 3,6\u00a0millions de vues cumul\u00e9es sur youtube.<\/p>\n","protected":false},"excerpt":{"rendered":"YouTube Elise Lucet Le youtubeur Squeezie a pris la parole mercredi 16\u00a0juillet apr\u00e8s la pol\u00e9mique sur son usage&hellip;\n","protected":false},"author":2,"featured_media":255851,"comment_status":"","ping_status":"","sticky":false,"template":"","format":"standard","meta":{"footnotes":""},"categories":[1359],"tags":[251,58,59,1011,27,223,973,28198,24551,2784],"class_list":{"0":"post-255850","1":"post","2":"type-post","3":"status-publish","4":"format-standard","5":"has-post-thumbnail","7":"category-people","8":"tag-culture","9":"tag-divertissement","10":"tag-entertainment","11":"tag-fr","12":"tag-france","13":"tag-intelligence-artificielle","14":"tag-people","15":"tag-squeezie","16":"tag-tech-futurs","17":"tag-youtube"},"share_on_mastodon":{"url":"https:\/\/pubeurope.com\/@fr\/114873151306675749","error":""},"_links":{"self":[{"href":"https:\/\/www.europesays.com\/fr\/wp-json\/wp\/v2\/posts\/255850","targetHints":{"allow":["GET"]}}],"collection":[{"href":"https:\/\/www.europesays.com\/fr\/wp-json\/wp\/v2\/posts"}],"about":[{"href":"https:\/\/www.europesays.com\/fr\/wp-json\/wp\/v2\/types\/post"}],"author":[{"embeddable":true,"href":"https:\/\/www.europesays.com\/fr\/wp-json\/wp\/v2\/users\/2"}],"replies":[{"embeddable":true,"href":"https:\/\/www.europesays.com\/fr\/wp-json\/wp\/v2\/comments?post=255850"}],"version-history":[{"count":0,"href":"https:\/\/www.europesays.com\/fr\/wp-json\/wp\/v2\/posts\/255850\/revisions"}],"wp:featuredmedia":[{"embeddable":true,"href":"https:\/\/www.europesays.com\/fr\/wp-json\/wp\/v2\/media\/255851"}],"wp:attachment":[{"href":"https:\/\/www.europesays.com\/fr\/wp-json\/wp\/v2\/media?parent=255850"}],"wp:term":[{"taxonomy":"category","embeddable":true,"href":"https:\/\/www.europesays.com\/fr\/wp-json\/wp\/v2\/categories?post=255850"},{"taxonomy":"post_tag","embeddable":true,"href":"https:\/\/www.europesays.com\/fr\/wp-json\/wp\/v2\/tags?post=255850"}],"curies":[{"name":"wp","href":"https:\/\/api.w.org\/{rel}","templated":true}]}}