{"id":255852,"date":"2025-07-18T07:52:09","date_gmt":"2025-07-18T07:52:09","guid":{"rendered":"https:\/\/www.europesays.com\/fr\/255852\/"},"modified":"2025-07-18T07:52:09","modified_gmt":"2025-07-18T07:52:09","slug":"deux-oeuvres-estimees-a-environ-100-000-e-a-brest-le-peintre-henry-moret-star-de-la-vente-aux-encheres-des-18-et-19-juillet-2025","status":"publish","type":"post","link":"https:\/\/www.europesays.com\/fr\/255852\/","title":{"rendered":"Deux \u0153uvres estim\u00e9es \u00e0 environ 100\u00a0000\u00a0\u20ac\u00a0: \u00e0 Brest, le peintre Henry Moret star de la vente aux ench\u00e8res des 18 et 19\u00a0juillet 2025"},"content":{"rendered":"<p>Les amoureux d\u2019art et tout particuli\u00e8rement des \u00e9coles bretonnes se donneront rendez-vous \u00e0 Brest ce vendredi 17 et ce vendredi 18 juillet 2025. <a href=\"https:\/\/www.letelegramme.fr\/bretagne\/a-brest-carton-plein-pour-la-vente-des-peintres-bretons-6573384.php\" target=\"_blank\" rel=\"nofollow noopener\">Pour la traditionnelle vente aux ench\u00e8res du c\u0153ur de l\u2019\u00e9t\u00e9,<\/a> Me Philippe Lannon et ses associ\u00e9s ont r\u00e9uni un catalogue de plus de 500 \u0153uvres, parmi lesquelles des tableaux de M\u00e9heut, Lucien Simon, S\u00e9rusier, Max Jacob, Dupuigaudeau, Mauffra ou encore Lemordant. Star de la vente, le peintre Henry Moret devrait caracoler en t\u00eate des plus belles ventes\u00a0: son \u00ab\u00a0Gros temps, c\u00f4te de Bretagne\u00a0\u00bb (huile sur toile de 1909) est estim\u00e9 entre 80\u00a0000 et 100\u00a0000 \u20ac. Son autre huile baptis\u00e9e \u00ab\u00a0Rivi\u00e8re de Pont-Aven, Finist\u00e8re (1910) est, elle, \u00e9valu\u00e9e entre 70\u00a0000 et 90\u00a0000 \u20ac.<\/p>\n<p>Pratique<\/p>\n<p class=\"note\">Vente de tableaux modernes et \u00e9coles bretonnes vendredi 18 juillet 2025 \u00e0 14\u00a0h\u00a030 et samedi 19 juillet 2025 \u00e0 14\u00a0h, au 26 rue du Ch\u00e2teau, 29\u00a0200 Brest (exposition aux m\u00eames dates de 9\u00a0h \u00e0 10\u00a0h\u00a030).<\/p>\n","protected":false},"excerpt":{"rendered":"Les amoureux d\u2019art et tout particuli\u00e8rement des \u00e9coles bretonnes se donneront rendez-vous \u00e0 Brest ce vendredi 17 et&hellip;\n","protected":false},"author":2,"featured_media":255853,"comment_status":"","ping_status":"","sticky":false,"template":"","format":"standard","meta":{"footnotes":""},"categories":[1358],"tags":[1348,1384,1385,829,1386,58,59,1011,27],"class_list":{"0":"post-255852","1":"post","2":"type-post","3":"status-publish","4":"format-standard","5":"has-post-thumbnail","7":"category-arts-et-design","8":"tag-arts","9":"tag-arts-and-design","10":"tag-arts-et-design","11":"tag-bretagne","12":"tag-design","13":"tag-divertissement","14":"tag-entertainment","15":"tag-fr","16":"tag-france"},"share_on_mastodon":{"url":"https:\/\/pubeurope.com\/@fr\/114873155123560307","error":""},"_links":{"self":[{"href":"https:\/\/www.europesays.com\/fr\/wp-json\/wp\/v2\/posts\/255852","targetHints":{"allow":["GET"]}}],"collection":[{"href":"https:\/\/www.europesays.com\/fr\/wp-json\/wp\/v2\/posts"}],"about":[{"href":"https:\/\/www.europesays.com\/fr\/wp-json\/wp\/v2\/types\/post"}],"author":[{"embeddable":true,"href":"https:\/\/www.europesays.com\/fr\/wp-json\/wp\/v2\/users\/2"}],"replies":[{"embeddable":true,"href":"https:\/\/www.europesays.com\/fr\/wp-json\/wp\/v2\/comments?post=255852"}],"version-history":[{"count":0,"href":"https:\/\/www.europesays.com\/fr\/wp-json\/wp\/v2\/posts\/255852\/revisions"}],"wp:featuredmedia":[{"embeddable":true,"href":"https:\/\/www.europesays.com\/fr\/wp-json\/wp\/v2\/media\/255853"}],"wp:attachment":[{"href":"https:\/\/www.europesays.com\/fr\/wp-json\/wp\/v2\/media?parent=255852"}],"wp:term":[{"taxonomy":"category","embeddable":true,"href":"https:\/\/www.europesays.com\/fr\/wp-json\/wp\/v2\/categories?post=255852"},{"taxonomy":"post_tag","embeddable":true,"href":"https:\/\/www.europesays.com\/fr\/wp-json\/wp\/v2\/tags?post=255852"}],"curies":[{"name":"wp","href":"https:\/\/api.w.org\/{rel}","templated":true}]}}