{"id":255854,"date":"2025-07-18T07:53:17","date_gmt":"2025-07-18T07:53:17","guid":{"rendered":"https:\/\/www.europesays.com\/fr\/255854\/"},"modified":"2025-07-18T07:53:17","modified_gmt":"2025-07-18T07:53:17","slug":"pierre-curt-dedicace-son-dernier-livre-la-porte-du-reve-au-marche-de-nuit-de-st-gengoux-le-national-info-chalon-com","status":"publish","type":"post","link":"https:\/\/www.europesays.com\/fr\/255854\/","title":{"rendered":"Pierre Curt d\u00e9dicace son dernier livre \u00ab \u00a0La Porte du r\u00eave \u00bb au March\u00e9 de nuit de St Gengoux le National &#8211; info-chalon.com"},"content":{"rendered":"<p style=\"text-align: justify;\">Ce soir vendredi 18 juillet 2025, Pierre Curt auteur r\u00e9gional, que vous d\u00e9couvrirez prochainement sur notre site info-chalon.com, sera pr\u00e9sent au March\u00e9 de nuit \u00e0 Saint Gengoux le National.<\/p>\n<p style=\"text-align: justify;\">L\u2019occasion de faire encore connaissance avec cet auteur original et passionn\u00e9, nourri d\u2019horticulture et d\u2019architecture du paysage, amoureux d\u2019un certain Pontus de Tyard et qui a couch\u00e9 ses pens\u00e9es dans diff\u00e9rents ouvrages dont le dernier en date \u00ab \u00a0La porte du r\u00eave \u00bb, une fiction \u00e9cologique tourn\u00e9e vers l\u2019avenir.<\/p>\n<p style=\"text-align: justify;\">A lire et mieux \u00e0 d\u00e9couvrir en franchissant une porte qui am\u00e8ne sur une r\u00e9alit\u00e9 : la vie !<\/p>\n<p style=\"text-align: right;\"><strong>JC Reynaud<\/strong><\/p>\n<p style=\"text-align: justify;\">\u00a0<\/p>\n<p style=\"text-align: center;\">A lire \u00e9galement du m\u00eame auteur :<\/p>\n<p style=\"text-align: center;\">\u00ab \u00a0Les Curieux \u00bb, \u00a0\u00ab \u00a0Histoire de roses \u00bb ou encore en hommage \u00e0 sa fille \u00ab \u00a0Artisane \u00bb\u00a0<\/p>\n","protected":false},"excerpt":{"rendered":"Ce soir vendredi 18 juillet 2025, Pierre Curt auteur r\u00e9gional, que vous d\u00e9couvrirez prochainement sur notre site info-chalon.com,&hellip;\n","protected":false},"author":2,"featured_media":255855,"comment_status":"","ping_status":"","sticky":false,"template":"","format":"standard","meta":{"footnotes":""},"categories":[1357],"tags":[1379,58,59,1011,27,1380],"class_list":{"0":"post-255854","1":"post","2":"type-post","3":"status-publish","4":"format-standard","5":"has-post-thumbnail","7":"category-livres","8":"tag-books","9":"tag-divertissement","10":"tag-entertainment","11":"tag-fr","12":"tag-france","13":"tag-livres"},"share_on_mastodon":{"url":"https:\/\/pubeurope.com\/@fr\/114873159329390068","error":""},"_links":{"self":[{"href":"https:\/\/www.europesays.com\/fr\/wp-json\/wp\/v2\/posts\/255854","targetHints":{"allow":["GET"]}}],"collection":[{"href":"https:\/\/www.europesays.com\/fr\/wp-json\/wp\/v2\/posts"}],"about":[{"href":"https:\/\/www.europesays.com\/fr\/wp-json\/wp\/v2\/types\/post"}],"author":[{"embeddable":true,"href":"https:\/\/www.europesays.com\/fr\/wp-json\/wp\/v2\/users\/2"}],"replies":[{"embeddable":true,"href":"https:\/\/www.europesays.com\/fr\/wp-json\/wp\/v2\/comments?post=255854"}],"version-history":[{"count":0,"href":"https:\/\/www.europesays.com\/fr\/wp-json\/wp\/v2\/posts\/255854\/revisions"}],"wp:featuredmedia":[{"embeddable":true,"href":"https:\/\/www.europesays.com\/fr\/wp-json\/wp\/v2\/media\/255855"}],"wp:attachment":[{"href":"https:\/\/www.europesays.com\/fr\/wp-json\/wp\/v2\/media?parent=255854"}],"wp:term":[{"taxonomy":"category","embeddable":true,"href":"https:\/\/www.europesays.com\/fr\/wp-json\/wp\/v2\/categories?post=255854"},{"taxonomy":"post_tag","embeddable":true,"href":"https:\/\/www.europesays.com\/fr\/wp-json\/wp\/v2\/tags?post=255854"}],"curies":[{"name":"wp","href":"https:\/\/api.w.org\/{rel}","templated":true}]}}