{"id":255862,"date":"2025-07-18T07:57:08","date_gmt":"2025-07-18T07:57:08","guid":{"rendered":"https:\/\/www.europesays.com\/fr\/255862\/"},"modified":"2025-07-18T07:57:08","modified_gmt":"2025-07-18T07:57:08","slug":"les-secrets-de-lalimentation-pour-eviter-la-maladie-de-crohn","status":"publish","type":"post","link":"https:\/\/www.europesays.com\/fr\/255862\/","title":{"rendered":"les secrets de l\u2019alimentation pour \u00e9viter la maladie de Crohn"},"content":{"rendered":"<p>    170 000 Fran\u00e7ais seraient atteints de la maladie de Crohn, une pathologie du syst\u00e8me immunitaire intestinal.<br \/>\n                MARIDAV \/ Maridav &#8211; stock.adobe.com<\/p>\n<p>La premi\u00e8re revue syst\u00e9matique et m\u00e9ta-analyse de la litt\u00e9rature ouvre la voie de la pr\u00e9vention, d\u00e8s l\u2019enfance, de cette maladie intestinale invalidante dont les victimes doivent recevoir \u00e0 vie des traitements co\u00fbteux.<\/p>\n<p class=\"fig-paragraph\">La\u00a0<a href=\"https:\/\/sante.lefigaro.fr\/sante\/maladie\/maladie-crohn\/quel-bilan#:~:text=La%20maladie%20de%20Crohn%20est%20une%20maladie%20chronique.,le%20tabac%20aggrave%20la%20maladie.\" target=\"_blank\" data-fig-type=\"Keyword\" rel=\"sponsored noopener\" data-gtm-custom-categorie=\"navigation\" data-gtm-custom-action=\"crossclick\" data-gtm-custom-label=\"Contextuel\" data-gtm-event=\"customEventSPE\" data-fig-domain=\"SANTE\">maladie de Crohn<\/a>\u00a0touche environ 170\u00a0000 Fran\u00e7ais. Il s\u2019agit d\u2019une\u00a0<a href=\"https:\/\/video.lefigaro.fr\/figaro\/video\/toc-toc-docteur-le-point-sur-les-maladies-inflammatoires-chroniques-de-l-intestin\/5741318273001\/\" target=\"_blank\" data-fig-type=\"Video\" rel=\"sponsored noopener\" data-gtm-custom-categorie=\"navigation\" data-gtm-custom-action=\"crossclick\" data-gtm-custom-label=\"Contextuel\" data-gtm-event=\"customEventSPE\" data-fig-domain=\"VIDEO\">maladie du syst\u00e8me immunitaire intestinal<\/a>, \u00e0 l\u2019origine de pouss\u00e9es inflammatoires s\u2019accompagnant de douleurs abdominales, de diarrh\u00e9e et de complications comme des r\u00e9tr\u00e9cissements du diam\u00e8tre de l\u2019intestin. Faute de traitement pouvant les gu\u00e9rir, les patients doivent recevoir des bioth\u00e9rapies \u00e0 vie, bien tol\u00e9r\u00e9es mais contraignantes et tr\u00e8s co\u00fbteuses. C\u2019est pourquoi tout ce qui pourrait emp\u00eacher la survenue d\u2019une maladie de Crohn est important, a fortiori lorsqu\u2019il s\u2019agit d\u2019un \u00e9l\u00e9ment modifiable du mode de vie, comme l\u2019alimentation.<\/p>\n<p class=\"fig-paragraph\">L\u2019id\u00e9e que l\u2019alimentation pourrait jouer un r\u00f4le\u00a0<a href=\"https:\/\/sante.lefigaro.fr\/article\/maladie-de-crohn-et-si-la-cle-de-la-guerison-etait-dans-l-alimentation-\" target=\"_blank\" data-fig-type=\"Article\" rel=\"sponsored noopener\" data-gtm-custom-categorie=\"navigation\" data-gtm-custom-action=\"crossclick\" data-gtm-custom-label=\"Contextuel\" data-gtm-event=\"customEventSPE\" data-fig-domain=\"SANTE\">n\u2019est pas nouvelle<\/a>, mais jusqu\u2019ici les donn\u00e9es scientifiques \u00e9taient contradictoires. C\u2019est tout l\u2019int\u00e9r\u00eat de cette premi\u00e8re revue syst\u00e9matique et m\u00e9ta-analyse de la litt\u00e9rature, fruit d\u2019une collaboration entre l\u2019h\u00f4pital de Bic\u00eatre &#8211; Universit\u00e9 Paris Saclay et l\u2019universit\u00e9 du Mount Sinai \u00e0 New York (Icahn school of Medicine)\u00a0:\u00a0<a href=\"https:\/\/www.sciencedirect.com\/science\/article\/pii\/S2589537025002858\" target=\"_blank\" rel=\"sponsored noopener\" data-gtm-custom-categorie=\"navigation\" data-gtm-custom-action=\"crossclick\" data-gtm-custom-label=\"Contextuel\" data-gtm-event=\"customEventSPE\">publi\u00e9e le\u2026<\/a><\/p>\n<p class=\"fig-premium-paywall__infos\">\n        Cet article est r\u00e9serv\u00e9 aux abonn\u00e9s.        Il vous reste 80% \u00e0 d\u00e9couvrir.\n    <\/p>\n<p>                <img  data- alt=\"Le Figaro\" class=\"fig-img--complete fig-img\"\/><\/p>\n<p class=\"fig-premium-paywall__title\">Vous avez envie de lire la suite ?<\/p>\n<p class=\"fig-premium-paywall__subtitle\">D\u00e9bloquez tous les articles imm\u00e9diatement.<\/p>\n<p class=\"fig-premium-paywall__connect\">\n                D\u00e9j\u00e0 abonn\u00e9\u00a0?                <a class=\"fig-premium-paywall__connect-link\" href=\"https:\/\/connect.lefigaro.fr\/login?client=sante_web&amp;type=main&amp;redirect_uri=https%3A%2F%2Fsante.lefigaro.fr%2Fmedecine%2Fdouleurs-diarrhees-et-inflammation-les-secrets-de-l-alimentation-pour-eviter-la-maladie-de-crohn-20250718\" data-js-gtm=\"{&quot;customCategorie&quot;: &quot;conversion&quot;, &quot;customAction&quot;: &quot;before_Landing_Connexion_paywall_auto&quot;, &quot;customLabel&quot;: &quot;c2FudGUubGVmaWdhcm8uZnJfXzFmMDYyZWQxLWM4ODgtNmY2Ni1hNjJhLWMxNTMyZDUwOGY1Ml9fQXJ0aWNsZQ==_Douleurs, diarrh\u00e9es et inflammation\u00a0: les secrets de l\u2019alimentation pour \u00e9viter la maladie de Crohn_393&quot;, &quot;customIDSPE&quot;: &quot;c2FudGUubGVmaWdhcm8uZnJfXzFmMDYyZWQxLWM4ODgtNmY2Ni1hNjJhLWMxNTMyZDUwOGY1Ml9fQXJ0aWNsZQ==&quot;, &quot;event&quot;: &quot;customEventSPE&quot;}\" target=\"_blank\" rel=\"noopener\"><br \/>\n                    Connectez-vous<br \/>\n                <\/a>\n            <\/p>\n","protected":false},"excerpt":{"rendered":"170 000 Fran\u00e7ais seraient atteints de la maladie de Crohn, une pathologie du syst\u00e8me immunitaire intestinal. MARIDAV \/&hellip;\n","protected":false},"author":2,"featured_media":255863,"comment_status":"","ping_status":"","sticky":false,"template":"","format":"standard","meta":{"footnotes":""},"categories":[10],"tags":[1011,27,72,39593,39592,39594,71],"class_list":{"0":"post-255862","1":"post","2":"type-post","3":"status-publish","4":"format-standard","5":"has-post-thumbnail","7":"category-sante","8":"tag-fr","9":"tag-france","10":"tag-health","11":"tag-intestin","12":"tag-maladie-de-crohn","13":"tag-recommandations-nutritionnelles","14":"tag-sante"},"share_on_mastodon":{"url":"https:\/\/pubeurope.com\/@fr\/114873174814169946","error":""},"_links":{"self":[{"href":"https:\/\/www.europesays.com\/fr\/wp-json\/wp\/v2\/posts\/255862","targetHints":{"allow":["GET"]}}],"collection":[{"href":"https:\/\/www.europesays.com\/fr\/wp-json\/wp\/v2\/posts"}],"about":[{"href":"https:\/\/www.europesays.com\/fr\/wp-json\/wp\/v2\/types\/post"}],"author":[{"embeddable":true,"href":"https:\/\/www.europesays.com\/fr\/wp-json\/wp\/v2\/users\/2"}],"replies":[{"embeddable":true,"href":"https:\/\/www.europesays.com\/fr\/wp-json\/wp\/v2\/comments?post=255862"}],"version-history":[{"count":0,"href":"https:\/\/www.europesays.com\/fr\/wp-json\/wp\/v2\/posts\/255862\/revisions"}],"wp:featuredmedia":[{"embeddable":true,"href":"https:\/\/www.europesays.com\/fr\/wp-json\/wp\/v2\/media\/255863"}],"wp:attachment":[{"href":"https:\/\/www.europesays.com\/fr\/wp-json\/wp\/v2\/media?parent=255862"}],"wp:term":[{"taxonomy":"category","embeddable":true,"href":"https:\/\/www.europesays.com\/fr\/wp-json\/wp\/v2\/categories?post=255862"},{"taxonomy":"post_tag","embeddable":true,"href":"https:\/\/www.europesays.com\/fr\/wp-json\/wp\/v2\/tags?post=255862"}],"curies":[{"name":"wp","href":"https:\/\/api.w.org\/{rel}","templated":true}]}}