{"id":255868,"date":"2025-07-18T08:00:09","date_gmt":"2025-07-18T08:00:09","guid":{"rendered":"https:\/\/www.europesays.com\/fr\/255868\/"},"modified":"2025-07-18T08:00:09","modified_gmt":"2025-07-18T08:00:09","slug":"ce-metal-va-tout-changer-des-chercheurs-allemands-creent-un-alliage-hybride-inedit-pour-les-puces-quantiques-de-demain","status":"publish","type":"post","link":"https:\/\/www.europesays.com\/fr\/255868\/","title":{"rendered":"\u00ab Ce m\u00e9tal va tout changer \u00bb : des chercheurs allemands cr\u00e9ent un alliage hybride in\u00e9dit pour les puces quantiques de demain"},"content":{"rendered":"<tr>\n<td><strong>EN BREF<\/strong><\/td>\n<\/tr>\n<tr>\n<td>\n<ul>\n<li>\ud83d\udd2c Les chercheurs ont cr\u00e9\u00e9 un nouvel alliage hybride combinant <strong>carbone<\/strong>, <strong>silicium<\/strong>, <strong>germanium<\/strong> et <strong>\u00e9tain<\/strong>, r\u00e9volutionnant les semi-conducteurs.<\/li>\n<li>\ud83d\ude80 Ce mat\u00e9riau innovant permet un <strong>ajustement fin<\/strong> des propri\u00e9t\u00e9s \u00e9lectroniques et optiques, d\u00e9passant les limites du silicium pur.<\/li>\n<li>\ud83d\udca1 L\u2019alliage ouvre la voie \u00e0 des applications nouvelles comme des <strong>lasers \u00e0 temp\u00e9rature ambiante<\/strong> et des composants quantiques int\u00e9gr\u00e9s.<\/li>\n<li>\ud83d\udcc8 La d\u00e9couverte pourrait transformer l\u2019<strong>informatique quantique<\/strong> et les technologies durables, promettant des avanc\u00e9es majeures.<\/li>\n<\/ul>\n<\/td>\n<\/tr>\n<p>La d\u00e9couverte r\u00e9cente d\u2019un nouvel alliage hybride marque un tournant remarquable dans le domaine des semi-conducteurs. Ce mat\u00e9riau innovant, combinant le carbone, le silicium, le germanium et l\u2019\u00e9tain, a \u00e9t\u00e9 mis au point par des chercheurs du Forschungszentrum J\u00fclich et de l\u2019Institut Leibniz pour la micro\u00e9lectronique innovante. Cette avanc\u00e9e promet de transformer non seulement l\u2019informatique quantique, mais aussi la micro\u00e9lectronique et la photonique. Ce qui rend cet alliage unique, c\u2019est sa compatibilit\u00e9 totale avec les processus de fabrication standard des puces CMOS, ouvrant ainsi la voie \u00e0 de nouvelles applications r\u00e9volutionnaires.<\/p>\n<p>Un bond en avant pour la technologie des puces<\/p>\n<p>Le d\u00e9veloppement de cet alliage repr\u00e9sente une avanc\u00e9e majeure dans l\u2019innovation des semi-conducteurs. Le silicium, bien que dominant depuis des d\u00e9cennies dans la fabrication de puces, pr\u00e9sente des limitations lorsqu\u2019il s\u2019agit d\u2019int\u00e9grer des \u00e9l\u00e9ments photoniques ou quantiques directement sur la puce. Le nouvel alliage surmonte ces obstacles en permettant un ajustement fin des propri\u00e9t\u00e9s \u00e9lectroniques et optiques, bien au-del\u00e0 de ce que le silicium pur peut offrir. Ce mat\u00e9riau conserve \u00e9galement la compatibilit\u00e9 avec le r\u00e9seau cristallin d\u00e9licat du wafer, essentiel pour la production de puces.<\/p>\n<p>Les chercheurs expliquent que seuls les \u00e9l\u00e9ments du m\u00eame groupe que le silicium peuvent maintenir la structure cristalline. D\u2019autres \u00e9l\u00e9ments perturbent cette structure en raison de l\u2019\u00e9pitaxie, un processus o\u00f9 de fines couches sont d\u00e9pos\u00e9es sur un substrat avec une pr\u00e9cision atomique. Ainsi, l\u2019ajout de carbone dans la matrice silicium-germanium-\u00e9tain permet un contr\u00f4le sans pr\u00e9c\u00e9dent de la bande interdite, un param\u00e8tre crucial pour le comportement \u00e9lectronique et photonique d\u2019un mat\u00e9riau.<\/p>\n<blockquote class=\"wp-embedded-content\" data-secret=\"mcr98yulGb\">\n<p><a href=\"https:\/\/www.enviro2b.com\/2025\/07\/01\/le-mit-devoile-une-cellule-au-sodium-qui-alimente-les-avions-capte-le-carbone-et-pulverise-les-limites-actuelles\/\" rel=\"nofollow noopener\" target=\"_blank\">Le MIT d\u00e9voile une cellule au sodium qui alimente les avions, capte le carbone et pulv\u00e9rise les limites actuelles<\/a><\/p>\n<\/blockquote>\n<p>Combiner l\u2019impossible<\/p>\n<p>Depuis des ann\u00e9es, les scientifiques ont exp\u00e9riment\u00e9 des combinaisons de silicium, germanium et \u00e9tain pour cr\u00e9er des dispositifs opto\u00e9lectroniques tels que des lasers, des LED et des photod\u00e9tecteurs. Toutefois, l\u2019ajout de carbone, en raison de sa taille atomique beaucoup plus petite et de son comportement de liaison diff\u00e9rent par rapport \u00e0 l\u2019\u00e9tain, semblait presque impossible. Gr\u00e2ce \u00e0 un syst\u00e8me avanc\u00e9 de d\u00e9p\u00f4t chimique en phase vapeur (CVD) d\u2019AIXTRON AG, similaire \u00e0 ceux d\u00e9j\u00e0 utilis\u00e9s dans la production de puces, l\u2019\u00e9quipe a r\u00e9ussi \u00e0 combiner ces quatre \u00e9l\u00e9ments en un mat\u00e9riau uniforme et stable.<\/p>\n<p>Ce mat\u00e9riau de haute qualit\u00e9 ouvre d\u00e9sormais la voie \u00e0 l\u2019int\u00e9gration de nouvelles fonctionnalit\u00e9s dans les puces, telles que des lasers fonctionnant \u00e0 temp\u00e9rature ambiante, des thermo\u00e9lectriques \u00e0 haute efficacit\u00e9 pour la technologie portable, et m\u00eame des composants quantiques pour les syst\u00e8mes informatiques futurs. <strong>La cr\u00e9ation r\u00e9ussie de la premi\u00e8re diode \u00e9lectroluminescente (LED) bas\u00e9e sur une structure de puits quantique compos\u00e9e des quatre \u00e9l\u00e9ments a \u00e9t\u00e9 un \u00e9norme succ\u00e8s<\/strong>.<\/p>\n<blockquote class=\"wp-embedded-content\" data-secret=\"WRTU2KpcNu\">\n<p><a href=\"https:\/\/www.enviro2b.com\/2025\/07\/09\/ils-viennent-de-pulveriser-tous-les-anciens-records-une-enzyme-inedite-reduit-de-65-lenergie-necessaire-au-recyclage-du-plastique\/\" rel=\"nofollow noopener\" target=\"_blank\">\u00ab Ils viennent de pulv\u00e9riser tous les anciens records \u00bb : une enzyme in\u00e9dite r\u00e9duit de 65 % l\u2019\u00e9nergie n\u00e9cessaire au recyclage du plastique<\/a><\/p>\n<\/blockquote>\n<p>Applications potentielles et implications futures<\/p>\n<p>Le nouveau mat\u00e9riau offre une combinaison unique de propri\u00e9t\u00e9s optiques ajustables et de compatibilit\u00e9 avec le silicium, comme l\u2019a soulign\u00e9 Giovanni Capellini, professeur \u00e0 l\u2019IHP et co-auteur de l\u2019\u00e9tude. Selon lui, cela jette les bases pour des composants photoniques, thermo\u00e9lectriques et quantiques \u00e9volutifs. Avec le potentiel de r\u00e9volutionner les technologies actuelles, ce mat\u00e9riau pourrait transformer la mani\u00e8re dont nous concevons les puces, rendant possibles des innovations telles que les lasers \u00e0 temp\u00e9rature ambiante et les dispositifs quantiques int\u00e9gr\u00e9s.<\/p>\n<p>La d\u00e9couverte de l\u2019alliage CSiGeSn pourrait \u00e9galement avoir des implications significatives dans d\u2019autres domaines, comme la conversion de la chaleur en \u00e9nergie \u00e9lectrique dans les technologies portables et les puces informatiques. Cette capacit\u00e9 \u00e0 int\u00e9grer de nouvelles fonctionnalit\u00e9s dans des dispositifs existants pourrait stimuler la prochaine vague d\u2019innovations technologiques, ouvrant ainsi de nouvelles possibilit\u00e9s pour les chercheurs et les ing\u00e9nieurs du monde entier.<\/p>\n<p>La voie vers l\u2019avenir de l\u2019informatique quantique<\/p>\n<p>Avec cette avanc\u00e9e, les chercheurs du Forschungszentrum J\u00fclich et de l\u2019Institut Leibniz pour la micro\u00e9lectronique innovante ont repouss\u00e9 les limites de ce qui \u00e9tait consid\u00e9r\u00e9 comme possible dans le domaine des semi-conducteurs. Leurs travaux, publi\u00e9s dans la revue Advanced Materials, fournissent une base solide pour le d\u00e9veloppement futur de technologies quantiques et photoniques. Cela pourrait transformer non seulement l\u2019informatique, mais aussi les communications et la production d\u2019\u00e9nergie.<\/p>\n<p>En facilitant l\u2019int\u00e9gration de composants quantiques sur des puces CMOS standard, cet alliage pourrait acc\u00e9l\u00e9rer l\u2019\u00e8re de l\u2019informatique quantique, offrant une puissance de calcul sans pr\u00e9c\u00e9dent et ouvrant de nouvelles voies pour le d\u00e9veloppement de technologies durables et efficaces. Quelles autres innovations inattendues pourraient d\u00e9couler de cette d\u00e9couverte fondamentale, et comment impacteront-elles notre quotidien dans les ann\u00e9es \u00e0 venir ?<\/p>\n<p>Cet article s\u2019appuie sur des sources v\u00e9rifi\u00e9es et l\u2019assistance de technologies \u00e9ditoriales.<\/p>\n<p id=\"rating\">\u00c7a vous a plu ?\u00a04.4\/5 (25)<\/p>\n","protected":false},"excerpt":{"rendered":"EN BREF \ud83d\udd2c Les chercheurs ont cr\u00e9\u00e9 un nouvel alliage hybride combinant carbone, silicium, germanium et \u00e9tain, r\u00e9volutionnant&hellip;\n","protected":false},"author":2,"featured_media":255869,"comment_status":"","ping_status":"","sticky":false,"template":"","format":"standard","meta":{"footnotes":""},"categories":[7],"tags":[1011,27,43,40,41,39,42,44],"class_list":{"0":"post-255868","1":"post","2":"type-post","3":"status-publish","4":"format-standard","5":"has-post-thumbnail","7":"category-sciences-et-technologies","8":"tag-fr","9":"tag-france","10":"tag-science","11":"tag-science-and-technology","12":"tag-sciences","13":"tag-sciences-et-technologies","14":"tag-technologies","15":"tag-technology"},"share_on_mastodon":{"url":"https:\/\/pubeurope.com\/@fr\/114873186721555571","error":""},"_links":{"self":[{"href":"https:\/\/www.europesays.com\/fr\/wp-json\/wp\/v2\/posts\/255868","targetHints":{"allow":["GET"]}}],"collection":[{"href":"https:\/\/www.europesays.com\/fr\/wp-json\/wp\/v2\/posts"}],"about":[{"href":"https:\/\/www.europesays.com\/fr\/wp-json\/wp\/v2\/types\/post"}],"author":[{"embeddable":true,"href":"https:\/\/www.europesays.com\/fr\/wp-json\/wp\/v2\/users\/2"}],"replies":[{"embeddable":true,"href":"https:\/\/www.europesays.com\/fr\/wp-json\/wp\/v2\/comments?post=255868"}],"version-history":[{"count":0,"href":"https:\/\/www.europesays.com\/fr\/wp-json\/wp\/v2\/posts\/255868\/revisions"}],"wp:featuredmedia":[{"embeddable":true,"href":"https:\/\/www.europesays.com\/fr\/wp-json\/wp\/v2\/media\/255869"}],"wp:attachment":[{"href":"https:\/\/www.europesays.com\/fr\/wp-json\/wp\/v2\/media?parent=255868"}],"wp:term":[{"taxonomy":"category","embeddable":true,"href":"https:\/\/www.europesays.com\/fr\/wp-json\/wp\/v2\/categories?post=255868"},{"taxonomy":"post_tag","embeddable":true,"href":"https:\/\/www.europesays.com\/fr\/wp-json\/wp\/v2\/tags?post=255868"}],"curies":[{"name":"wp","href":"https:\/\/api.w.org\/{rel}","templated":true}]}}