{"id":255879,"date":"2025-07-18T08:06:14","date_gmt":"2025-07-18T08:06:14","guid":{"rendered":"https:\/\/www.europesays.com\/fr\/255879\/"},"modified":"2025-07-18T08:06:14","modified_gmt":"2025-07-18T08:06:14","slug":"nos-idees-sorties-du-week-end-des-25-26-et-27-juillet-2025-dans-la-loire","status":"publish","type":"post","link":"https:\/\/www.europesays.com\/fr\/255879\/","title":{"rendered":"Nos id\u00e9es sorties du week-end des 25, 26 et 27 juillet 2025 dans la Loire"},"content":{"rendered":"<p class=\"is-style-chapo\">Voici la s\u00e9lection de la r\u00e9daction de If Saint-Etienne pour se divertir et s\u2019amuser dans la Loire le week-end prochain, soit les 25, 26 et 27 juillet. Une liste d\u2019\u00e9v\u00e9nements, s\u00e9lectionn\u00e9s de mani\u00e8re ind\u00e9pendante et, bien entendu, non-exhaustive.<\/p>\n<p><img loading=\"lazy\" decoding=\"async\" width=\"1024\" height=\"576\" src=\"https:\/\/www.europesays.com\/fr\/wp-content\/uploads\/2025\/07\/227256500_10158976189187479_4939014657205455231_n-e1627552977427-1024x576.jpg\" alt=\"Guinguette st\u00e9phanoise\" class=\"wp-image-14528\"  \/>\u00a9Ville de Saint-\u00c9tienne<\/p>\n<p>1 \u2013 Don\u2019t stop me now<\/p>\n<p>Vendredi 25 juillet, les <a href=\"https:\/\/www.if-saint-etienne.fr\/breves\/saint-etienne-les-before-de-couriot-de-retour-cet-ete\" target=\"_blank\" rel=\"noreferrer noopener\">Before de Couriot<\/a> organisent un karaok\u00e9 g\u00e9ant parc Joseph Sanguedolce. La Diagonale du tube proposera de mettre le groupe Queen \u00e0 l\u2019honneur, alors \u00e9chauffez vos voix et r\u00e9visez vos classiques\u2026<\/p>\n<p>2 \u2013 Soir d\u2019\u00e9t\u00e9<\/p>\n<p>Dimanche 27 juillet, ainsi que les 3, 10, et 17 ao\u00fbt, la Ville de <a href=\"https:\/\/www.saint-galmier.fr\/\" target=\"_blank\" rel=\"noreferrer noopener\">Saint-Galmier<\/a> relance les guinguettes en bord de Coise, \u00e0 l\u2019ombre des platanes. C\u00f4t\u00e9 repas, c\u2019est le restaurant l\u2019Amphitryon qui est aux manettes, et Daniel Torti assure l\u2019animation de la guinguette qui ouvre \u00e0 partir de 15 heures.<\/p>\n<p>3 \u2013 Sur l\u2019eau<\/p>\n<p>Dimanche 27 juillet, de 13h30 \u00e0 18h30, France nature environnement Loire vous propose de d\u00e9couvrir les Gorges de la Loire autrement. En go\u00e9lette, admirez la vue et les m\u00e9andres du fleuve pendant une balade de 5 km, depuis la base nautique. <a href=\"https:\/\/loireenvert.fr\/calendrier\/en-goelette-dans-les-gorges-de-la-loire-4\/\" target=\"_blank\" rel=\"noreferrer noopener\">R\u00e9servation obligatoire<\/a>. <\/p>\n<p>4 \u2013 En \u00e9quilibre<\/p>\n<p>Apr\u00e8s un succ\u00e8s en 2024, l\u2019exposition consacr\u00e9e au c\u00e9l\u00e8bre funambule Henry\u2019s est de retour \u00e0 Essalois. Elle retrace le parcours de celui qui a \u00e9t\u00e9 sacr\u00e9 plus grand funambule du monde par le Guiness Book. Elle est \u00e0 voir du jeudi au dimanche, de 14h \u00e0 18h30 au <a href=\"https:\/\/www.gorgesdelaloire.fr\/decouvrir\/des-chateaux-et-villages-typiques\/chateau-dessalois\/\" target=\"_blank\" rel=\"noreferrer noopener\">Ch\u00e2teau d\u2019Essalois<\/a>.<\/p>\n<p>5 \u2013 Soir\u00e9e disco<\/p>\n<p>Vendredi 25 juillet \u00e0 20h30, la Patinoire de <a href=\"https:\/\/billetterie-patinoire.elisath.fr\/ELISATH_RESERVATION_WEB\/FR\/PAGE_VA_VenteArticles.php#A124_1\" target=\"_blank\" rel=\"noreferrer noopener\">Roanne<\/a> organise une soir\u00e9e rollers disco. Au programme musique, paillettes, boule \u00e0 facettes et DJ\u2026 R\u00e9servation en ligne.<\/p>\n","protected":false},"excerpt":{"rendered":"Voici la s\u00e9lection de la r\u00e9daction de If Saint-Etienne pour se divertir et s\u2019amuser dans la Loire le&hellip;\n","protected":false},"author":2,"featured_media":111167,"comment_status":"","ping_status":"","sticky":false,"template":"","format":"standard","meta":{"footnotes":""},"categories":[9653],"tags":[14428,1111,11,2430,1777,674,1011,27,14429,12,14430,25,4001,1669,14431],"class_list":{"0":"post-255879","1":"post","2":"type-post","3":"status-publish","4":"format-standard","5":"has-post-thumbnail","7":"category-saint-etienne","8":"tag-activites-week-end-loire","9":"tag-actu","10":"tag-actualites","11":"tag-auvergne-rhone-alpes","12":"tag-eu","13":"tag-europe","14":"tag-fr","15":"tag-france","16":"tag-idees-sorties-loire","17":"tag-news","18":"tag-recreatif","19":"tag-republique-francaise","20":"tag-saint-etienne","21":"tag-sorties","22":"tag-week-ends"},"share_on_mastodon":{"url":"https:\/\/pubeurope.com\/@fr\/114873210170359481","error":""},"_links":{"self":[{"href":"https:\/\/www.europesays.com\/fr\/wp-json\/wp\/v2\/posts\/255879","targetHints":{"allow":["GET"]}}],"collection":[{"href":"https:\/\/www.europesays.com\/fr\/wp-json\/wp\/v2\/posts"}],"about":[{"href":"https:\/\/www.europesays.com\/fr\/wp-json\/wp\/v2\/types\/post"}],"author":[{"embeddable":true,"href":"https:\/\/www.europesays.com\/fr\/wp-json\/wp\/v2\/users\/2"}],"replies":[{"embeddable":true,"href":"https:\/\/www.europesays.com\/fr\/wp-json\/wp\/v2\/comments?post=255879"}],"version-history":[{"count":0,"href":"https:\/\/www.europesays.com\/fr\/wp-json\/wp\/v2\/posts\/255879\/revisions"}],"wp:featuredmedia":[{"embeddable":true,"href":"https:\/\/www.europesays.com\/fr\/wp-json\/wp\/v2\/media\/111167"}],"wp:attachment":[{"href":"https:\/\/www.europesays.com\/fr\/wp-json\/wp\/v2\/media?parent=255879"}],"wp:term":[{"taxonomy":"category","embeddable":true,"href":"https:\/\/www.europesays.com\/fr\/wp-json\/wp\/v2\/categories?post=255879"},{"taxonomy":"post_tag","embeddable":true,"href":"https:\/\/www.europesays.com\/fr\/wp-json\/wp\/v2\/tags?post=255879"}],"curies":[{"name":"wp","href":"https:\/\/api.w.org\/{rel}","templated":true}]}}