{"id":255881,"date":"2025-07-18T08:10:19","date_gmt":"2025-07-18T08:10:19","guid":{"rendered":"https:\/\/www.europesays.com\/fr\/255881\/"},"modified":"2025-07-18T08:10:19","modified_gmt":"2025-07-18T08:10:19","slug":"cest-de-la-torture-en-periode-de-fortes-chaleurs-les-detenus-suffoquent-dans-les-prisons-varoises","status":"publish","type":"post","link":"https:\/\/www.europesays.com\/fr\/255881\/","title":{"rendered":"\u00ab\u00a0C\u2019est de la torture\u00a0\u00bb: en p\u00e9riode de fortes chaleurs, les d\u00e9tenus suffoquent dans les prisons varoises"},"content":{"rendered":"<p>\u00ab\u00a0S\u2019ils sont en prison, ils l\u2019ont m\u00e9rit\u00e9, on ne va pas les plaindre.\u00a0\u00bb Cette mani\u00e8re de penser revient souvent lorsqu\u2019on \u00e9voque les conditions de d\u00e9tention des d\u00e9tenus, notamment en p\u00e9riode de forte chaleur. Pour autant, un prisonnier est avant tout un \u00eatre humain.<\/p>\n<p>Les fortes chaleurs, et la surpopulation carc\u00e9rale forment un cocktail explosif. Comme le souligne Roland Veuillet, ancien gilet jaune incarc\u00e9r\u00e9 pendant plusieurs mois \u00e0 la prison de N\u00eemes car accus\u00e9 d\u2019\u00eatre l\u2019auteur de plusieurs infractions envers les forces de l\u2019ordre, dans un communiqu\u00e9 transmis \u00e0 notre r\u00e9daction : \u00ab\u00a0Est-il normal de leur imposer des conditions de vie indignes? Les prisons sont toutes surpeupl\u00e9es: parfois quatre personnes sont confin\u00e9es dans des cellules de 9m2. Cette promiscuit\u00e9 est un v\u00e9ritable cachot moderne, o\u00f9 la plupart des d\u00e9tenus passent 23h\/24. Ce n\u2019est pas une punition, c\u2019est de la torture. Ajoutons qu\u2019en \u00e9t\u00e9, c\u2019est un v\u00e9ritable calvaire avec des temp\u00e9ratures qui atteignent les 40 degr\u00e9s sans courants d\u2019air. Oui, le d\u00e9tenu est un \u00eatre humain, et lorsqu\u2019il est incarc\u00e9r\u00e9, il a le droit \u00e0 la dignit\u00e9.\u00a0\u00bb<\/p>\n<p>\u00ab\u00a0Aucune mesure n\u2019est mise en place\u00a0\u00bb<\/p>\n<p>\u00c0 la prison de Toulon &#8211; La Farl\u00e8de, la chaleur rend le quotidien carc\u00e9ral encore plus difficile \u00e0 supporter. Pour les d\u00e9tenus, mais aussi pour leurs familles. Comme pour cette m\u00e8re, qui rend visite depuis six ans \u00e0 son fils.<\/p>\n<p>\u00ab\u00a0Un parloir n\u2019est pas quelque chose d\u2019agr\u00e9able \u00e0 vivre. Mais avec la chaleur, c\u2019est horrible. On a le droit \u00e0 rien, ni \u00e9ventail, ni brumisateur, il n\u2019y a pas de clim, pas d\u2019air. C\u2019est dur mais c\u2019est mon fils, donc je ne laisse rien para\u00eetre devant lui\u00a0\u00bb, raconte celle qui se rend chaque semaine au centre p\u00e9nitentiaire de Toulon pour voir son fils, condamn\u00e9 \u00e0 vingt ans de prison. \u00ab\u00a0Il me raconte que m\u00eame en laissant la fen\u00eatre de sa cellule ouverte, il \u00e9touffe. Rien n\u2019est adapt\u00e9 lorsqu\u2019il fait trop chaud\u00a0\u00bb, affirme-t-elle.<\/p>\n<p>\u00ab\u00a0\u00e7a fait six ans que moi aussi, je suis en prison. Quand \u00e7a vous tombe dessus, vous perdez pied. On nous traite comme si nous \u00e9tions coupables nous aussi. Mais coupable de quoi, \u00e0 part de voir nos vies s\u2019effondrer? \u00ab\u00a0<\/p>\n<p>Pour les avocats aussi, la qualit\u00e9 des entrevues avec leurs clients se trouve impact\u00e9e par les fortes temp\u00e9ratures.<\/p>\n<p>\u00a0\u00bb Au centre p\u00e9nitentiaire de Toulon &#8211; La Farl\u00e8de, tout comme \u00e0 la maison d\u2019arr\u00eat de Draguignan, les d\u00e9tenus se plaignent \u00e9norm\u00e9ment de la chaleur.  Lors des parloirs avec mes clients, c\u2019est inconfortable au possible. La clim est bien pr\u00e9sente dans les bureaux de l\u2019administration p\u00e9nitentiaire, mais les d\u00e9tenus, eux, n\u2019ont droit \u00e0 rien!\u00a0\u00bb, fustige Me Latapie, avocat au barreau de Draguignan.<\/p>\n<p>Des constructions \u00ab\u00a0inadapt\u00e9es\u00a0\u00bb<\/p>\n<p>Incarc\u00e9r\u00e9 \u00e0 La Farl\u00e8de, Mathieu (1) d\u00e9crit un quotidien carc\u00e9ral rythm\u00e9 par la surpopulation, et la fournaise. \u00ab\u00a0Nous sommes 3 dans une cellule de 9m2. On y est enferm\u00e9s 22h sur 24, sans aucune activit\u00e9 l\u2019\u00e9t\u00e9. Sans exag\u00e9rer, il fait 50 degr\u00e9s. Il n\u2019y a pas d\u2019isolation, les cours de promenades ne sont pas abrit\u00e9es du soleil Il y a aussi souvent des probl\u00e8mes d\u2019\u00e9lectricit\u00e9, ce qui fait que le petit frigo ne marche pas tout le temps. En ce moment, c\u2019est vraiment l\u2019enfer. Il arrive souvent que des d\u00e9tenus fassent des malaises, on ne supporte pas tous la chaleur de la m\u00eame fa\u00e7on. \u00ab\u00a0<\/p>\n<p>Le d\u00e9tenu affirme \u00e9galement que l\u2019administration \u00ab\u00a0ne distribue rien\u00a0\u00bb: \u00ab\u00a0Si vous avez de l\u2019argent, vous pouvez acheter un ventilateur. Mais rien n\u2019est gratuit!\u00a0\u00bb<\/p>\n<p>Jean Rouvi\u00e8re Coscia, pr\u00e9sident de la section du Var de l\u2019Association nationale des visiteurs de personnes sous main de justice (ANVP) conna\u00eet bien le milieu carc\u00e9ral. Il se rend souvent en d\u00e9tention pour \u00ab\u00a0apporter un peu de chaleur aux personnes incarc\u00e9r\u00e9es \u00ab\u00a0. Une d\u00e9marche humaniste, visant \u00e0 \u00ab\u00a0cr\u00e9er du lien, \u00e0 redonner espoir \u00e0 ceux qui en ont le plus besoin et \u00e0 lutter contre la r\u00e9cidive\u00a0\u00bb.<\/p>\n<p>\u00ab\u00a0Les prisons sont des cubes de b\u00e9tons. Ce sont des constructions qui ne sont pas con\u00e7ues pour les grosses chaleurs. L\u2019\u00e9t\u00e9, c\u2019est tr\u00e8s p\u00e9nalisant, car l\u2019enseignement scolaire et les activit\u00e9s socioculturelles s\u2019arr\u00eatent, ce qui r\u00e9duit leur temps pass\u00e9 hors cellule.\u00a0\u00bb<\/p>\n<p>\u00ab\u00a0Qui peut respirer dans ces conditions?\u00a0\u00bb<\/p>\n<p>Le visiteur de prison d\u00e9crit une atmosph\u00e8re, d\u00e9j\u00e0 tendue, qui s\u2019accentue en p\u00e9riode caniculaire: \u00ab\u00a0Avec la chaleur, les relations conflictuelles ne font que s\u2019accentuer. Quand plusieurs d\u00e9tenus sont entass\u00e9s dans la m\u00eame cellule et qu\u2019il fait chaud, il y a forc\u00e9ment des tensions. Qui peut respirer dans ces conditions?\u00a0\u00bb, d\u00e9taille Jean Rouvi\u00e8re Coscia. En milieu carc\u00e9ral, les maux de la soci\u00e9t\u00e9 ext\u00e9rieure se retrouvent exacerb\u00e9s. \u00bb<\/p>\n<p>Et ces conditions affectent aussi le personnel. \u00ab\u00a0La population p\u00e9nale mais aussi l\u2019administration p\u00e9nitentiaire subissent les cons\u00e9quences de la chaleur de plein fouet. Quand il fait plus de 45 degr\u00e9s dans les coursives, les membres du personnel en souffrent aussi, le probl\u00e8me est g\u00e9n\u00e9ral. Malgr\u00e9 ces conditions qui sont difficiles et \u00e0 la limite de l\u2019acceptable, les employ\u00e9s se retrouvent \u00e0 devoir g\u00e9rer \u00e0 bout de bras des flux de d\u00e9tenus qui ne sont pas adapt\u00e9s \u00e0 ces structures.\u00a0\u00bb<\/p>\n<p>Comment les prisons tentent de s\u2019adapter<\/p>\n<p>Consciente du probl\u00e8me, la Chancellerie reconna\u00eet que \u00a0\u00bb les \u00e9tablissements p\u00e9nitentiaires sont structurellement vuln\u00e9rables aux canicules, en raison de leur conception souvent ancienne, de l\u2019absence de climatisation et de la promiscuit\u00e9\u00a0\u00bb. Elle d\u00e9taille ainsi une s\u00e9rie de mesures mises en place, telle que \u00ab\u00a0l\u2019am\u00e9nagement des horaires de travail pour les personnels et des activit\u00e9s pour les d\u00e9tenus\u00a0\u00bb, \u00ab\u00a0la mise \u00e0 disposition d\u2019eau fra\u00eeche en continu\u00a0\u00bb, \u00ab\u00a0la distribution de ventilateurs ou de brumisateurs portatifs \u00ab\u00a0, ou encore un \u00a0\u00bb suivi renforc\u00e9 des incidents m\u00e9dicaux li\u00e9s \u00e0 la chaleur \u00ab\u00a0.<\/p>\n<p>Les prisons de Draguignan et de La Farl\u00e8de compl\u00e8tent en expliquant, qu\u2019en p\u00e9riode de canicule, une \u00ab\u00a0adaptation \u00e0 la saison des repas distribu\u00e9s par l\u2019administration p\u00e9nitentiaire\u00a0\u00bb est mise en place, ainsi qu\u2019un \u00ab\u00a0d\u00e9calage des horaires de promenades et s\u00e9ances de sport en d\u00e9but de matin\u00e9e et en fin d\u2019apr\u00e8s-midi dans la mesure du possible\u00a0\u00bb et qu\u2019une \u00ab\u00a0prise en charge renforc\u00e9e des publics sp\u00e9cifiques est assur\u00e9e notamment en lien avec les m\u00e9decins et infirmiers des unit\u00e9s sanitaires\u00a0\u00bb.<\/p>\n<p>Il n\u2019en est pas moins vrai que les chaleurs estivales agissent comme un facteur de tension suppl\u00e9mentaire, dans un environnement d\u00e9j\u00e0 sous pression.<\/p>\n<p>1. Le pr\u00e9nom a \u00e9t\u00e9 chang\u00e9.<\/p>\n","protected":false},"excerpt":{"rendered":"\u00ab\u00a0S\u2019ils sont en prison, ils l\u2019ont m\u00e9rit\u00e9, on ne va pas les plaindre.\u00a0\u00bb Cette mani\u00e8re de penser revient&hellip;\n","protected":false},"author":2,"featured_media":255882,"comment_status":"","ping_status":"","sticky":false,"template":"","format":"standard","meta":{"footnotes":""},"categories":[9619],"tags":[1111,11,1777,674,332,1011,27,12,882,25,2310],"class_list":{"0":"post-255881","1":"post","2":"type-post","3":"status-publish","4":"format-standard","5":"has-post-thumbnail","7":"category-toulon","8":"tag-actu","9":"tag-actualites","10":"tag-eu","11":"tag-europe","12":"tag-faits-de-societe","13":"tag-fr","14":"tag-france","15":"tag-news","16":"tag-provence-alpes-cote-dazur","17":"tag-republique-francaise","18":"tag-toulon"},"share_on_mastodon":{"url":"https:\/\/pubeurope.com\/@fr\/114873226949100002","error":""},"_links":{"self":[{"href":"https:\/\/www.europesays.com\/fr\/wp-json\/wp\/v2\/posts\/255881","targetHints":{"allow":["GET"]}}],"collection":[{"href":"https:\/\/www.europesays.com\/fr\/wp-json\/wp\/v2\/posts"}],"about":[{"href":"https:\/\/www.europesays.com\/fr\/wp-json\/wp\/v2\/types\/post"}],"author":[{"embeddable":true,"href":"https:\/\/www.europesays.com\/fr\/wp-json\/wp\/v2\/users\/2"}],"replies":[{"embeddable":true,"href":"https:\/\/www.europesays.com\/fr\/wp-json\/wp\/v2\/comments?post=255881"}],"version-history":[{"count":0,"href":"https:\/\/www.europesays.com\/fr\/wp-json\/wp\/v2\/posts\/255881\/revisions"}],"wp:featuredmedia":[{"embeddable":true,"href":"https:\/\/www.europesays.com\/fr\/wp-json\/wp\/v2\/media\/255882"}],"wp:attachment":[{"href":"https:\/\/www.europesays.com\/fr\/wp-json\/wp\/v2\/media?parent=255881"}],"wp:term":[{"taxonomy":"category","embeddable":true,"href":"https:\/\/www.europesays.com\/fr\/wp-json\/wp\/v2\/categories?post=255881"},{"taxonomy":"post_tag","embeddable":true,"href":"https:\/\/www.europesays.com\/fr\/wp-json\/wp\/v2\/tags?post=255881"}],"curies":[{"name":"wp","href":"https:\/\/api.w.org\/{rel}","templated":true}]}}