{"id":255883,"date":"2025-07-18T08:11:09","date_gmt":"2025-07-18T08:11:09","guid":{"rendered":"https:\/\/www.europesays.com\/fr\/255883\/"},"modified":"2025-07-18T08:11:09","modified_gmt":"2025-07-18T08:11:09","slug":"sncf-une-personne-heurtee-par-un-train-la-circulation-coupee-entre-les-bouches-du-rhone-et-le-var","status":"publish","type":"post","link":"https:\/\/www.europesays.com\/fr\/255883\/","title":{"rendered":"SNCF. Une personne heurt\u00e9e par un train, la circulation coup\u00e9e entre les Bouches-du-Rh\u00f4ne et le Var"},"content":{"rendered":"<p>            Par<br \/>\n        <strong><br \/>\n            <a href=\"https:\/\/actu.fr\/auteur\/thomas-blanc\" title=\"Consulter tous les articles de Thomas Blanc\" target=\"_blank\" rel=\"noopener\">Thomas Blanc<\/a><br \/>\n        <\/strong><\/p>\n<p>        Publi\u00e9 le<\/p>\n<p>            18 juil. 2025 \u00e0 9h25        <\/p>\n<p><strong>Dramatique accident<\/strong> sur le r\u00e9seau <a href=\"https:\/\/actu.fr\/tag\/sncf\" target=\"_blank\" rel=\"noopener\">SNCF<\/a> pr\u00e8s de <a href=\"https:\/\/actu.fr\/marseille\/\" target=\"_blank\" rel=\"noopener\">Marseille<\/a>. Une personne a \u00e9t\u00e9 heurt\u00e9e par un train sur la commune de <a href=\"https:\/\/actu.fr\/provence-alpes-cote-d-azur\/cassis_13022\" target=\"_blank\" rel=\"noopener\">Cassis<\/a> (<a href=\"https:\/\/actu.fr\/provence-alpes-cote-d-azur\/bouches-du-rhone_13\" target=\"_blank\" rel=\"noopener\">Bouches-du-Rh\u00f4ne<\/a>), initialement perturb\u00e9 \u00e0 la gare <a href=\"https:\/\/actu.fr\/tag\/gare-saint-charles\" target=\"_blank\" rel=\"noopener\">Saint-Charles<\/a>, le trafic n\u2019est maintenant coup\u00e9 qu\u2019entre Aubagne et Toulon.\u00a0<\/p>\n<p class=\" wall-content\"><strong>Des retards et des suppressions<\/strong> sont \u00e0 pr\u00e9voir.<\/p>\n<p>Pas de reprise avant 10h<\/p>\n<p class=\" wall-content\">La perturbation impacte la ligne entre Aubagne et Toulon, o\u00f9 <strong>aucun train ne circule<\/strong> depuis 8h10 du matin, ni vers Aubagne ni vers la pr\u00e9fecture du Var.<\/p>\n<p class=\" wall-content\">Le r\u00e9seau TER Sud Provence-Alpes-C\u00f4te d\u2019Azur ZOU annonce que le retour \u00e0 des conditions normales de circulation n\u2019interviendrait <strong>pas avant 10h<\/strong>\u00a0ce vendredi 18\u00a0juillet 2025.<\/p>\n<p class=\" wall-content\">\n<p class=\" wall-content\">Pour rester inform\u00e9 de l\u2019\u00e9volution de la situation, r\u00e9f\u00e9rez-vous aux informations en gare ou bien au compte X du <a href=\"https:\/\/x.com\/Transports_zou\">r\u00e9seau de TER de la r\u00e9gion<\/a>.<\/p>\n<p>Vid\u00e9os : en ce moment sur Actu<\/p>\n<p class=\" wall-content\">Suivez toute l\u2019actualit\u00e9 de vos villes et m\u00e9dias favoris en vous inscrivant \u00e0 <a href=\"https:\/\/moncompte.actu.fr\" title=\"D\u00e9couvez Mon Actu\" rel=\"nofollow noopener\" data-trk=\"{&quot;cta&quot;:{&quot;action&quot;:&quot;https:\\\/\\\/moncompte.actu.fr&quot;,&quot;category&quot;:&quot;mon compte&quot;,&quot;from&quot;:&quot;article footer&quot;,&quot;name&quot;:&quot;Mon actu&quot;,&quot;type&quot;:&quot;cta&quot;}}\" target=\"_blank\">Mon Actu<\/a>.<\/p>\n","protected":false},"excerpt":{"rendered":"Par Thomas Blanc Publi\u00e9 le 18 juil. 2025 \u00e0 9h25 Dramatique accident sur le r\u00e9seau SNCF pr\u00e8s de&hellip;\n","protected":false},"author":2,"featured_media":255884,"comment_status":"","ping_status":"","sticky":false,"template":"","format":"standard","meta":{"footnotes":""},"categories":[9619],"tags":[1111,11,1777,674,1011,27,6305,12,882,25,2215,104,2310,2803],"class_list":{"0":"post-255883","1":"post","2":"type-post","3":"status-publish","4":"format-standard","5":"has-post-thumbnail","7":"category-toulon","8":"tag-actu","9":"tag-actualites","10":"tag-eu","11":"tag-europe","12":"tag-fr","13":"tag-france","14":"tag-gare-saint-charles","15":"tag-news","16":"tag-provence-alpes-cote-dazur","17":"tag-republique-francaise","18":"tag-sncf","19":"tag-societe","20":"tag-toulon","21":"tag-transport"},"share_on_mastodon":{"url":"https:\/\/pubeurope.com\/@fr\/114873229788188406","error":""},"_links":{"self":[{"href":"https:\/\/www.europesays.com\/fr\/wp-json\/wp\/v2\/posts\/255883","targetHints":{"allow":["GET"]}}],"collection":[{"href":"https:\/\/www.europesays.com\/fr\/wp-json\/wp\/v2\/posts"}],"about":[{"href":"https:\/\/www.europesays.com\/fr\/wp-json\/wp\/v2\/types\/post"}],"author":[{"embeddable":true,"href":"https:\/\/www.europesays.com\/fr\/wp-json\/wp\/v2\/users\/2"}],"replies":[{"embeddable":true,"href":"https:\/\/www.europesays.com\/fr\/wp-json\/wp\/v2\/comments?post=255883"}],"version-history":[{"count":0,"href":"https:\/\/www.europesays.com\/fr\/wp-json\/wp\/v2\/posts\/255883\/revisions"}],"wp:featuredmedia":[{"embeddable":true,"href":"https:\/\/www.europesays.com\/fr\/wp-json\/wp\/v2\/media\/255884"}],"wp:attachment":[{"href":"https:\/\/www.europesays.com\/fr\/wp-json\/wp\/v2\/media?parent=255883"}],"wp:term":[{"taxonomy":"category","embeddable":true,"href":"https:\/\/www.europesays.com\/fr\/wp-json\/wp\/v2\/categories?post=255883"},{"taxonomy":"post_tag","embeddable":true,"href":"https:\/\/www.europesays.com\/fr\/wp-json\/wp\/v2\/tags?post=255883"}],"curies":[{"name":"wp","href":"https:\/\/api.w.org\/{rel}","templated":true}]}}