{"id":255889,"date":"2025-07-18T08:14:08","date_gmt":"2025-07-18T08:14:08","guid":{"rendered":"https:\/\/www.europesays.com\/fr\/255889\/"},"modified":"2025-07-18T08:14:08","modified_gmt":"2025-07-18T08:14:08","slug":"nos-idees-sorties-du-weekend-a-rouen","status":"publish","type":"post","link":"https:\/\/www.europesays.com\/fr\/255889\/","title":{"rendered":"nos id\u00e9es sorties du weekend \u00e0 Rouen"},"content":{"rendered":"<p>            Par<br \/>\n        <strong><br \/>\n            <a href=\"https:\/\/actu.fr\/auteur\/julien-bouteiller\" title=\"Consulter tous les articles de Julien Bouteiller\" target=\"_blank\" rel=\"noopener\">Julien Bouteiller<\/a><br \/>\n        <\/strong><\/p>\n<p>        Publi\u00e9 le<\/p>\n<p>            18 juil. 2025 \u00e0 9h39        <\/p>\n<p>On esp\u00e8re que la m\u00e9t\u00e9o sera au rendez-vous ces samedi 19 et dimanche 20 juillet 2025. Si c\u2019est le cas, vous pourrez en profiter avec quelques unes de <strong>nos id\u00e9es sorties du weekend \u00e0 Rouen<\/strong>. Suivez le guide ! Et aussi, n\u2019oubliez pas de <a href=\"https:\/\/actu.fr\/normandie\/rouen_76540\/bar-prefere-des-rouennais-2025-les-votes-sont-ouverts-a-vous-de-jouer_62623521.html\" target=\"_blank\" rel=\"noopener\">voter pour votre bar pr\u00e9f\u00e9r\u00e9 \u00e0 Rouen<\/a>.<\/p>\n<p>Deux nouveaux caf\u00e9s originaux<\/p>\n<p class=\" wall-content\">On commence avec <strong>deux nouvelles adresses originales<\/strong>. La premi\u00e8re, <a href=\"https:\/\/actu.fr\/normandie\/rouen_76540\/mangez-entre-les-chefs-d-oeuvre-du-musee-des-beaux-arts-de-rouen-avec-le-nouveau-restaurant-cafe-sculptures_62905797.html\" target=\"_blank\" rel=\"noopener\">c\u2019est le Caf\u00e9 Sculptures<\/a>, en plein c\u0153ur <strong>du mus\u00e9e des Beaux Arts de Rouen<\/strong>. Vous pourrez vous y poser mais aussi y manger des plats inspir\u00e9s des \u0153uvres expos\u00e9es.<\/p>\n<p class=\" wall-content\">Mais vous pouvez aussi vous rendre <a href=\"https:\/\/actu.fr\/normandie\/le-petit-quevilly_76498\/nouveau-sur-la-rive-gauche-de-rouen-un-cafe-associatif-dans-un-lieu-remarquable_62893680.html\" target=\"_blank\" rel=\"noopener\">au Caf\u00e9 Jardin<\/a>,<strong> au Petit-Quevilly<\/strong>. Install\u00e9 dans<strong> le Kal\u00e9idoscope<\/strong>, ce caf\u00e9, comme son nom l\u2019indique, permet de s\u2019installer dans le jardin de l\u2019ancien domaine de la chartreuse Saint-Julien.<\/p>\n<p>L\u2019ambiance japonaise d\u2019Edo<\/p>\n<p class=\" wall-content\">On poursuit avec les bonnes adresses en vous sugg\u00e9rant d\u2019aller faire <strong>un tour du c\u00f4t\u00e9 d\u2019Edo,<\/strong> rue de la Vicomt\u00e9. Ce nouveau bar <strong>\u00e0 l\u2019ambiance japonaise<\/strong> vous propose de d\u00e9licieux cocktails cr\u00e9ations et des tapas d\u00e9paysants, <a href=\"https:\/\/actu.fr\/normandie\/rouen_76540\/notre-critique-a-teste-le-bar-japonais-edo-a-rouen-et-il-a-plutot-bien-aime_62913406.html\" target=\"_blank\" rel=\"noopener\">qui ont su s\u00e9duire notre critique culinaire<\/a>.<\/p>\n<p>Des activit\u00e9s gratuites au nouveau canal<\/p>\n<p class=\" wall-content\">Il faudra que la m\u00e9t\u00e9o soit de la partie, mais si c\u2019est le cas, vous pourrez profiter<strong> d\u2019activit\u00e9s gratuites dimanche<\/strong>, <a href=\"https:\/\/actu.fr\/normandie\/rouen_76540\/un-nouveau-parc-canal-inaugure-a-rouen-un-moment-historique_62562439.html\" target=\"_blank\" rel=\"noopener\">au nouveau parc-canal Camille-Claudel<\/a>. La M\u00e9tropole promet des initiations \u00e0 la voile, au paddle, au kayak, \u00e0 l\u2019escalade, ainsi que des jeux de plein air, le tout encadr\u00e9 gratuitement par des \u00e9ducateurs sportifs.<\/p>\n<p>Rouen sur mer<\/p>\n<p class=\" wall-content\">Si vous n\u2019allez pas \u00e0 la plage,<strong> la plage viendra \u00e0 vous<\/strong>. <a href=\"https:\/\/actu.fr\/normandie\/rouen_76540\/le-retour-de-rouen-sur-mer-un-mois-d-animations-certaines-insolites-sur-une-plage-de-sable_62852391.html\" target=\"_blank\" rel=\"noopener\">Rouen sur mer<\/a> se poursuit ce weekend avec<strong> de nombreuses animations<\/strong> : du sport, de la plong\u00e9e, des concerts, une soir\u00e9e karaok\u00e9 samedi ou bien encore un atelier de cuisine \u00e0 l\u2019\u00e9nergie solaire ou au bois dimanche.<\/p>\n<p>Vid\u00e9os : en ce moment sur ActuCath\u00e9drale de lumi\u00e8re<\/p>\n<p class=\" wall-content\"><strong>Un spectacle \u00e0 ne pas manquer.<\/strong> Il suffit d\u2019attendre la tomb\u00e9e de la nuit pour se poser devant la cath\u00e9drale <a href=\"https:\/\/actu.fr\/normandie\/rouen_76540\/cathedrale-de-lumiere-a-rouen-revient-avec-un-spectacle-presque-inedit_62698486.html\" target=\"_blank\" rel=\"noopener\">et la voir s\u2019illuminer de milles feux<\/a>. Cette ann\u00e9e, le public peut profiter du spectacle\u00a0<strong>Vikings <\/strong>et d\u2019une quasi nouveaut\u00e9,\u00a0<strong>Optic Gothic<\/strong>, cr\u00e9ation r\u00e9alis\u00e9e pour Normandie Impressionniste.<\/p>\n<p>Suivez l\u2019actualit\u00e9 de Rouen <a href=\"https:\/\/www.whatsapp.com\/channel\/0029VaKfnf99hXF2ddApFB1D\" target=\"_blank\" rel=\"noopener\">sur notre cha\u00eene WhatsApp<\/a> et <a href=\"https:\/\/www.tiktok.com\/@76actu.fr?lang=fr\" target=\"_blank\" rel=\"noopener\">sur notre compte TikTok<\/a>Vous souhaitez annoncer un \u00e9v\u00e9nement festif ou associatif, une initiative locale ? Rendez-vous sur notre plateforme <a href=\"https:\/\/www.infolocale.fr\/decouvrir\/actu\/\" target=\"_blank\" rel=\"noopener\">Infolocale<\/a>.<\/p>\n<p class=\" wall-content\">Suivez toute l\u2019actualit\u00e9 de vos villes et m\u00e9dias favoris en vous inscrivant \u00e0 <a href=\"https:\/\/moncompte.actu.fr\" title=\"D\u00e9couvez Mon Actu\" rel=\"nofollow noopener\" data-trk=\"{&quot;cta&quot;:{&quot;action&quot;:&quot;https:\\\/\\\/moncompte.actu.fr&quot;,&quot;category&quot;:&quot;mon compte&quot;,&quot;from&quot;:&quot;article footer&quot;,&quot;name&quot;:&quot;Mon actu&quot;,&quot;type&quot;:&quot;cta&quot;}}\" target=\"_blank\">Mon Actu<\/a>.<\/p>\n<ul class=\"ac-article-tag wall-content\">\n<li><a href=\"https:\/\/actu.fr\/tag\/bon-plan-a-rouen\" data-trk=\"{&quot;cta&quot;:{&quot;action&quot;:&quot;Bon plan \\u00e0 Rouen&quot;,&quot;category&quot;:&quot;tag&quot;,&quot;from&quot;:&quot;article footer&quot;,&quot;name&quot;:&quot;Bon plan \\u00e0 Rouen&quot;,&quot;type&quot;:&quot;cta&quot;}}\" target=\"_blank\" rel=\"noopener\">#Bon plan \u00e0 Rouen<\/a><\/li>\n<li><a href=\"https:\/\/actu.fr\/tag\/cathedrale-de-rouen\" data-trk=\"{&quot;cta&quot;:{&quot;action&quot;:&quot;Cath\\u00e9drale de Rouen&quot;,&quot;category&quot;:&quot;tag&quot;,&quot;from&quot;:&quot;article footer&quot;,&quot;name&quot;:&quot;Cath\\u00e9drale de Rouen&quot;,&quot;type&quot;:&quot;cta&quot;}}\" target=\"_blank\" rel=\"noopener\">#Cath\u00e9drale de Rouen<\/a><\/li>\n<\/ul>\n<p>                    <script async src=\"\/\/www.tiktok.com\/embed.js\"><\/script><\/p>\n","protected":false},"excerpt":{"rendered":"Par Julien Bouteiller Publi\u00e9 le 18 juil. 2025 \u00e0 9h39 On esp\u00e8re que la m\u00e9t\u00e9o sera au rendez-vous&hellip;\n","protected":false},"author":2,"featured_media":255890,"comment_status":"","ping_status":"","sticky":false,"template":"","format":"standard","meta":{"footnotes":""},"categories":[9587],"tags":[1111,11,9086,12726,1777,674,1011,27,1652,12,5161,25,9590],"class_list":{"0":"post-255889","1":"post","2":"type-post","3":"status-publish","4":"format-standard","5":"has-post-thumbnail","7":"category-rouen","8":"tag-actu","9":"tag-actualites","10":"tag-bon-plan-a-rouen","11":"tag-cathedrale-de-rouen","12":"tag-eu","13":"tag-europe","14":"tag-fr","15":"tag-france","16":"tag-loisirs-culture","17":"tag-news","18":"tag-normandie","19":"tag-republique-francaise","20":"tag-rouen"},"share_on_mastodon":{"url":"https:\/\/pubeurope.com\/@fr\/114873241694239273","error":""},"_links":{"self":[{"href":"https:\/\/www.europesays.com\/fr\/wp-json\/wp\/v2\/posts\/255889","targetHints":{"allow":["GET"]}}],"collection":[{"href":"https:\/\/www.europesays.com\/fr\/wp-json\/wp\/v2\/posts"}],"about":[{"href":"https:\/\/www.europesays.com\/fr\/wp-json\/wp\/v2\/types\/post"}],"author":[{"embeddable":true,"href":"https:\/\/www.europesays.com\/fr\/wp-json\/wp\/v2\/users\/2"}],"replies":[{"embeddable":true,"href":"https:\/\/www.europesays.com\/fr\/wp-json\/wp\/v2\/comments?post=255889"}],"version-history":[{"count":0,"href":"https:\/\/www.europesays.com\/fr\/wp-json\/wp\/v2\/posts\/255889\/revisions"}],"wp:featuredmedia":[{"embeddable":true,"href":"https:\/\/www.europesays.com\/fr\/wp-json\/wp\/v2\/media\/255890"}],"wp:attachment":[{"href":"https:\/\/www.europesays.com\/fr\/wp-json\/wp\/v2\/media?parent=255889"}],"wp:term":[{"taxonomy":"category","embeddable":true,"href":"https:\/\/www.europesays.com\/fr\/wp-json\/wp\/v2\/categories?post=255889"},{"taxonomy":"post_tag","embeddable":true,"href":"https:\/\/www.europesays.com\/fr\/wp-json\/wp\/v2\/tags?post=255889"}],"curies":[{"name":"wp","href":"https:\/\/api.w.org\/{rel}","templated":true}]}}