{"id":25589,"date":"2025-04-15T01:11:11","date_gmt":"2025-04-15T01:11:11","guid":{"rendered":"https:\/\/www.europesays.com\/fr\/25589\/"},"modified":"2025-04-15T01:11:11","modified_gmt":"2025-04-15T01:11:11","slug":"f1-piastri-en-patron-gasly-et-ocon-somptueux-mais-un-declassement-menace-le-gp-de-bahrein","status":"publish","type":"post","link":"https:\/\/www.europesays.com\/fr\/25589\/","title":{"rendered":"F1 Piastri en patron, Gasly et Ocon somptueux ! Mais un d\u00e9classement menace le GP de Bahre\u00efn&#8230;"},"content":{"rendered":"<p>Oscar Piastri a remport\u00e9 le Grand-Prix de Bahre\u00efn de F1 avec une facilit\u00e9 d\u00e9concertante, apr\u00e8s un week-end proche de la perfection. Alors qu\u2019\u00e0 l\u2019inverse, son pourtant exp\u00e9riment\u00e9 co\u00e9quipier a cumul\u00e9 les petites erreurs, tout au long des trois journ\u00e9es de comp\u00e9tition. Ainsi, l\u2019Australien devient le nouveau dauphin du Britannique et peut-\u00eatre, son plus dangereux concurrent dans la course au titre de champion du monde\u2026<\/p>\n<p>Grand-Prix F1 de Bahre\u00efn : Lewis Hamilton est le pilote du jour !<\/p>\n<p>Car derri\u00e8re, Max Verstappen a grandement souffert pour conclure ce dimanche \u00e0 la sixi\u00e8me place, d\u2019un souffle devant un Pierre Gasly des grands jours. Ce dernier marque, d\u2019ailleurs, les premiers points d\u2019Alpine cette saison, en se classant septi\u00e8me. Deuxi\u00e8me, George Russell est sous investigation et susceptible d\u2019\u00eatre p\u00e9nalis\u00e9 par les commissaires. Le classement n\u2019est donc pas d\u00e9finitif, pour le moment. Lando Norris, troisi\u00e8me sous le drapeau \u00e0 damier, r\u00e9cup\u00e8rera donc quelques points\u2026<\/p>\n<blockquote class=\"twitter-tweet\">\n<p dir=\"ltr\" lang=\"en\">OSCAR ON POINT!!! \ud83e\udef5<\/p>\n<p>PIASTRI WINS THE BAHRAIN GRAND PRIX \ud83c\udf89<a href=\"https:\/\/twitter.com\/hashtag\/F1?src=hash&amp;ref_src=twsrc%5Etfw\" target=\"_blank\" rel=\"noopener\">#F1<\/a> <a href=\"https:\/\/twitter.com\/hashtag\/BahrainGP?src=hash&amp;ref_src=twsrc%5Etfw\" target=\"_blank\" rel=\"noopener\">#BahrainGP<\/a> <a href=\"https:\/\/t.co\/yQxyddUfPT\" target=\"_blank\">pic.twitter.com\/yQxyddUfPT<\/a><\/p>\n<p>\u2014 Formula 1 (@F1) <a href=\"https:\/\/twitter.com\/F1\/status\/1911459357792874703?ref_src=twsrc%5Etfw\" target=\"_blank\" rel=\"noopener\">April 13, 2025<\/a><\/p>\n<\/blockquote>\n<p>Pour leur part, les Ferrari n\u2019ont pas d\u00e9m\u00e9rit\u00e9. Avec Charles Leclerc quatri\u00e8me et proche de terminer sur le podium, aujourd\u2019hui. Tr\u00e8s belle remont\u00e9e de Lewis Hamilton \u00e9galement, qui prend la cinqui\u00e8me place et d\u00e9croche la r\u00e9compense du public en \u00e9tant d\u00e9sign\u00e9 \u201cpilote du jour\u201d. Dans le reste de la hi\u00e9rarchie, signalons la belle moisson de Haas avec Esteban Ocon, brillant huiti\u00e8me, qui se rach\u00e8re de sa b\u00e9vue des qualifications. Pour sa part, Oliver Bearman est dixi\u00e8me, derri\u00e8re\u2026Yuki Tsunoda ! Le Japonais atteint donc son objectif de marquer des points. Une premi\u00e8re pour la deuxi\u00e8me Red Bull, cette saison.<\/p>\n<p>A noter qu\u2019une voiture de s\u00e9curit\u00e9 est sortie en deuxi\u00e8me partie de relai, en raison de trop nombreux morceaux de carbone pr\u00e9sents sur la piste, apr\u00e8s moult touchettes entre concurrents. Car il y a eu beaucoup de contacts, aujourd\u2019hui, et Liam Lawson y a beaucoup contribu\u00e9. Le N\u00e9o-Z\u00e9landais a d\u2019ailleurs cumul\u00e9 trois p\u00e9nalit\u00e9s. D\u00e9cid\u00e9ment une tr\u00e8s mauvaise passe, pour l\u2019ex-enfant prodige de Red Bull. Un mot, aussi, sur <a href=\"https:\/\/lemagsportauto.ouest-france.fr\/eblouissant-en-f1-isack-hadjar-acheve-encore-un-lawson-en-perdition-au-gp-de-bahrein\/103228\/\" target=\"_blank\" rel=\"noopener\">Isack Hadjar<\/a>, qui termine relativement loin des points avec une monoplace vraisemblablement pas \u00e0 la f\u00eate, sur ce circuit.<\/p>\n<p>Place au classement provisoire, en attendant d\u2019\u00e9ventuelles sanctions de la part des commissaires sportifs.<\/p>\n<ol>\n<li>Piastri<\/li>\n<li>Russell (sous investigation)<\/li>\n<li>Norris<\/li>\n<li>Leclerc<\/li>\n<li>Hamilton<\/li>\n<li>Verstappen<\/li>\n<li>Gasly<\/li>\n<li>Ocon<\/li>\n<li>Tsunoda<\/li>\n<li>Bearman<\/li>\n<li>Antonelli<\/li>\n<li>Albon<\/li>\n<li>Doohan<\/li>\n<li>Hulkenberg<\/li>\n<li>Hadjar<\/li>\n<li>Alonso<\/li>\n<li>Lawson<\/li>\n<li>Stroll<\/li>\n<li>Bortoleto<\/li>\n<\/ol>\n<p>Article publi\u00e9 le 13\/04\/2025 \u00e0 19h00<\/p>\n<p>                                                            <script async src=\"https:\/\/platform.twitter.com\/widgets.js\" charset=\"utf-8\"><\/script><\/p>\n","protected":false},"excerpt":{"rendered":"Oscar Piastri a remport\u00e9 le Grand-Prix de Bahre\u00efn de F1 avec une facilit\u00e9 d\u00e9concertante, apr\u00e8s un week-end proche&hellip;\n","protected":false},"author":2,"featured_media":25590,"comment_status":"","ping_status":"","sticky":false,"template":"","format":"standard","meta":{"footnotes":""},"categories":[2],"tags":[11,4543,6466,1451,1011,27,12],"class_list":{"0":"post-25589","1":"post","2":"type-post","3":"status-publish","4":"format-standard","5":"has-post-thumbnail","7":"category-actualites","8":"tag-actualites","9":"tag-bahrein","10":"tag-course","11":"tag-f1","12":"tag-fr","13":"tag-france","14":"tag-news"},"share_on_mastodon":{"url":"https:\/\/pubeurope.com\/@fr\/114339321306343791","error":""},"_links":{"self":[{"href":"https:\/\/www.europesays.com\/fr\/wp-json\/wp\/v2\/posts\/25589","targetHints":{"allow":["GET"]}}],"collection":[{"href":"https:\/\/www.europesays.com\/fr\/wp-json\/wp\/v2\/posts"}],"about":[{"href":"https:\/\/www.europesays.com\/fr\/wp-json\/wp\/v2\/types\/post"}],"author":[{"embeddable":true,"href":"https:\/\/www.europesays.com\/fr\/wp-json\/wp\/v2\/users\/2"}],"replies":[{"embeddable":true,"href":"https:\/\/www.europesays.com\/fr\/wp-json\/wp\/v2\/comments?post=25589"}],"version-history":[{"count":0,"href":"https:\/\/www.europesays.com\/fr\/wp-json\/wp\/v2\/posts\/25589\/revisions"}],"wp:featuredmedia":[{"embeddable":true,"href":"https:\/\/www.europesays.com\/fr\/wp-json\/wp\/v2\/media\/25590"}],"wp:attachment":[{"href":"https:\/\/www.europesays.com\/fr\/wp-json\/wp\/v2\/media?parent=25589"}],"wp:term":[{"taxonomy":"category","embeddable":true,"href":"https:\/\/www.europesays.com\/fr\/wp-json\/wp\/v2\/categories?post=25589"},{"taxonomy":"post_tag","embeddable":true,"href":"https:\/\/www.europesays.com\/fr\/wp-json\/wp\/v2\/tags?post=25589"}],"curies":[{"name":"wp","href":"https:\/\/api.w.org\/{rel}","templated":true}]}}