{"id":255891,"date":"2025-07-18T08:15:15","date_gmt":"2025-07-18T08:15:15","guid":{"rendered":"https:\/\/www.europesays.com\/fr\/255891\/"},"modified":"2025-07-18T08:15:15","modified_gmt":"2025-07-18T08:15:15","slug":"incendie-dans-un-immeuble-pres-de-rouen-20-personnes-evacuees","status":"publish","type":"post","link":"https:\/\/www.europesays.com\/fr\/255891\/","title":{"rendered":"Incendie dans un immeuble pr\u00e8s de Rouen : 20 personnes \u00e9vacu\u00e9es"},"content":{"rendered":"<p>            Par<br \/>\n        <strong><br \/>\n            <a href=\"https:\/\/actu.fr\/auteur\/fmass\" title=\"Consulter tous les articles de Fabien Massin\" rel=\"nofollow noopener\" target=\"_blank\">Fabien Massin<\/a><br \/>\n        <\/strong><\/p>\n<p>        Publi\u00e9 le<\/p>\n<p>            18 juil. 2025 \u00e0 7h50        <\/p>\n<p>Vendredi 18 juillet 2025 \u00e0 6h40, les pompiers ont \u00e9t\u00e9 appel\u00e9s pour intervenir sur un incendie \u00e0 <strong>Oissel<\/strong>, pr\u00e8s de <a href=\"https:\/\/actu.fr\/normandie\/rouen_76540\" rel=\"nofollow noopener\" target=\"_blank\">Rouen (Seine-Maritime)<\/a>.\u00a0<\/p>\n<p>Pas de bless\u00e9<\/p>\n<p class=\" wall-content\">Le feu a pris dans la cave d\u2019un immeuble situ\u00e9 rue des Marronniers, <strong>et s\u2019est propag\u00e9 \u00e0 un appartement<\/strong> situ\u00e9 au rez-de-chauss\u00e9e, informe le Sdis (service d\u00e9partemental d\u2019incendie et de secours) de la Seine-Maritime. 20 personnes ont \u00e9t\u00e9 \u00e9vacu\u00e9es,<strong> personne n\u2019a \u00e9t\u00e9 bless\u00e9<\/strong>.\u00a0<\/p>\n<p class=\" wall-content\">Sur place, 27 sapeurs-pompiers et 8 engins ont \u00e9t\u00e9 d\u00e9p\u00each\u00e9s. Peu avant 8 heures, le foyer principal \u00e9tait \u00e9teint mais l\u2019intervention se poursuivait,<strong> de la fum\u00e9e subsistant<\/strong> dans la cave et les parties communes.\u00a0<\/p>\n<p>Suivez l\u2019actualit\u00e9 de Rouen sur notre <a href=\"https:\/\/www.whatsapp.com\/channel\/0029VaKfnf99hXF2ddApFB1D\" rel=\"nofollow noopener\" target=\"_blank\">cha\u00eene WhatsApp<\/a> et sur notre <a href=\"https:\/\/www.tiktok.com\/@76actu.fr?lang=fr\" rel=\"nofollow noopener\" target=\"_blank\">compte TikTok<\/a><\/p>\n<p class=\" wall-content\">Suivez toute l\u2019actualit\u00e9 de vos villes et m\u00e9dias favoris en vous inscrivant \u00e0 <a href=\"https:\/\/moncompte.actu.fr\" title=\"D\u00e9couvez Mon Actu\" rel=\"nofollow noopener\" data-trk=\"{&quot;cta&quot;:{&quot;action&quot;:&quot;https:\\\/\\\/moncompte.actu.fr&quot;,&quot;category&quot;:&quot;mon compte&quot;,&quot;from&quot;:&quot;article footer&quot;,&quot;name&quot;:&quot;Mon actu&quot;,&quot;type&quot;:&quot;cta&quot;}}\" target=\"_blank\">Mon Actu<\/a>.<\/p>\n<p>                    <script async src=\"\/\/www.tiktok.com\/embed.js\"><\/script><\/p>\n","protected":false},"excerpt":{"rendered":"Par Fabien Massin Publi\u00e9 le 18 juil. 2025 \u00e0 7h50 Vendredi 18 juillet 2025 \u00e0 6h40, les pompiers&hellip;\n","protected":false},"author":2,"featured_media":255892,"comment_status":"","ping_status":"","sticky":false,"template":"","format":"standard","meta":{"footnotes":""},"categories":[9587],"tags":[1111,11,1777,674,118,1011,27,1310,12,5161,1311,25,9590],"class_list":{"0":"post-255891","1":"post","2":"type-post","3":"status-publish","4":"format-standard","5":"has-post-thumbnail","7":"category-rouen","8":"tag-actu","9":"tag-actualites","10":"tag-eu","11":"tag-europe","12":"tag-faits-divers","13":"tag-fr","14":"tag-france","15":"tag-incendie","16":"tag-news","17":"tag-normandie","18":"tag-pompiers","19":"tag-republique-francaise","20":"tag-rouen"},"share_on_mastodon":{"url":"https:\/\/pubeurope.com\/@fr\/114873245607012173","error":""},"_links":{"self":[{"href":"https:\/\/www.europesays.com\/fr\/wp-json\/wp\/v2\/posts\/255891","targetHints":{"allow":["GET"]}}],"collection":[{"href":"https:\/\/www.europesays.com\/fr\/wp-json\/wp\/v2\/posts"}],"about":[{"href":"https:\/\/www.europesays.com\/fr\/wp-json\/wp\/v2\/types\/post"}],"author":[{"embeddable":true,"href":"https:\/\/www.europesays.com\/fr\/wp-json\/wp\/v2\/users\/2"}],"replies":[{"embeddable":true,"href":"https:\/\/www.europesays.com\/fr\/wp-json\/wp\/v2\/comments?post=255891"}],"version-history":[{"count":0,"href":"https:\/\/www.europesays.com\/fr\/wp-json\/wp\/v2\/posts\/255891\/revisions"}],"wp:featuredmedia":[{"embeddable":true,"href":"https:\/\/www.europesays.com\/fr\/wp-json\/wp\/v2\/media\/255892"}],"wp:attachment":[{"href":"https:\/\/www.europesays.com\/fr\/wp-json\/wp\/v2\/media?parent=255891"}],"wp:term":[{"taxonomy":"category","embeddable":true,"href":"https:\/\/www.europesays.com\/fr\/wp-json\/wp\/v2\/categories?post=255891"},{"taxonomy":"post_tag","embeddable":true,"href":"https:\/\/www.europesays.com\/fr\/wp-json\/wp\/v2\/tags?post=255891"}],"curies":[{"name":"wp","href":"https:\/\/api.w.org\/{rel}","templated":true}]}}