{"id":255893,"date":"2025-07-18T08:16:09","date_gmt":"2025-07-18T08:16:09","guid":{"rendered":"https:\/\/www.europesays.com\/fr\/255893\/"},"modified":"2025-07-18T08:16:09","modified_gmt":"2025-07-18T08:16:09","slug":"voici-les-previsions-de-meteo-france","status":"publish","type":"post","link":"https:\/\/www.europesays.com\/fr\/255893\/","title":{"rendered":"voici les pr\u00e9visions de M\u00e9t\u00e9o-France"},"content":{"rendered":"<p>            Par<br \/>\n        <strong><br \/>\n            <a href=\"https:\/\/actu.fr\/auteur\/redaction-grenoble\" title=\"Consulter tous les articles de R\u00e9daction Grenoble\" rel=\"nofollow noopener\" target=\"_blank\">R\u00e9daction Grenoble<\/a><br \/>\n        <\/strong><\/p>\n<p>        Publi\u00e9 le<\/p>\n<p>            18 juil. 2025 \u00e0 9h47        <\/p>\n<p>Apr\u00e8s une semaine plut\u00f4t ensoleill\u00e9e, le ciel va se couvrir rapidement pour le week-end au 19 et 20 juillet.<\/p>\n<p class=\" wall-content\">Alors que la journ\u00e9e de vendredi 18 juillet devrait rester relativement calme avec des temp\u00e9ratures d\u00e9passant ais\u00e9ment les 30\u00b0C sur une large partie de l\u2019<a href=\"https:\/\/actu.fr\/auvergne-rhone-alpes\/isere_38\" rel=\"nofollow noopener\" target=\"_blank\">Is\u00e8re<\/a> \u2013 on attend jusqu\u2019\u00e0 35\u00b0C \u00e0 Grenoble ou au Bourg-d\u2019Oisans, 34\u00b0C aux portes du bassin lyonnais et \u00e0 Vienne -, le <strong>temps va tourner \u00e0 l\u2019orage<\/strong> dans la nuit, selon les pr\u00e9visions de <a href=\"https:\/\/actu.fr\/tag\/meteo-france\" rel=\"nofollow noopener\" target=\"_blank\">M\u00e9t\u00e9o-France<\/a>.<\/p>\n<p>Les premiers gros orages attendus samedi<\/p>\n<p class=\" wall-content\">Le risque d\u2019averses orageuses ne devrait pas \u00e9pargner la fronti\u00e8re du Rh\u00f4ne et le centre du d\u00e9partement dans la nuit de vendredi \u00e0 samedi.<\/p>\n<p class=\" wall-content\">C\u2019est surtout dans la journ\u00e9e de samedi que l\u2019activit\u00e9 orageuse devrait \u00eatre <strong>la plus intense<\/strong>. De la <strong>gr\u00eale<\/strong> est m\u00eame attendue dans le nord de l\u2019Is\u00e8re, comme \u00e0 <a href=\"https:\/\/actu.fr\/auvergne-rhone-alpes\/villefontaine_38553\" rel=\"nofollow noopener\" target=\"_blank\">Villefontaine<\/a> ou Bourgoin-Jallieu, selon M\u00e9t\u00e9o-France. Une accalmie pourrait survenir en d\u00e9but de soir\u00e9e, avant de reprendre de plus belle le lendemain.<\/p>\n<p class=\" wall-content\">Selon l\u2019observatoire <strong>Keraunos<\/strong>, le risque d\u2019orage reste mod\u00e9r\u00e9 sur l\u2019Is\u00e8re et devrait se concentrer sur la partie nord du d\u00e9partement pour la journ\u00e9e de samedi.<\/p>\n<p>Vid\u00e9os : en ce moment sur ActuBaisse l\u00e9g\u00e8re des temp\u00e9ratures en d\u00e9but de semaine<\/p>\n<p class=\" wall-content\">Pour la journ\u00e9e de dimanche, la matin\u00e9e resterait relativement calme et ensoleill\u00e9e, avant de voir arriver un nouveau front orageux dans l\u2019apr\u00e8s-midi, o\u00f9 <strong>les \u00e9clairs<\/strong> pourraient faire une incursion jusqu\u2019aux portes de l\u2019agglom\u00e9ration grenobloise.<\/p>\n<p class=\" wall-content\">Les temp\u00e9ratures devraient ensuite l\u00e9g\u00e8rement baisser \u00e0 partir du d\u00e9but de semaine prochaine avec, pour le moment, un maximum \u00e0 29, voire 32\u00b0C \u00e0 <a href=\"https:\/\/actu.fr\/auvergne-rhone-alpes\/grenoble_38185\" rel=\"nofollow noopener\" target=\"_blank\">Grenoble<\/a>. Des perturbations sont aussi attendues en d\u00e9but ou milieu de semaine prochaine, selon les derni\u00e8res pr\u00e9visions.<\/p>\n<p class=\" wall-content\">Suivez toute l\u2019actualit\u00e9 de vos villes et m\u00e9dias favoris en vous inscrivant \u00e0 <a href=\"https:\/\/moncompte.actu.fr\" title=\"D\u00e9couvez Mon Actu\" rel=\"nofollow noopener\" data-trk=\"{&quot;cta&quot;:{&quot;action&quot;:&quot;https:\\\/\\\/moncompte.actu.fr&quot;,&quot;category&quot;:&quot;mon compte&quot;,&quot;from&quot;:&quot;article footer&quot;,&quot;name&quot;:&quot;Mon actu&quot;,&quot;type&quot;:&quot;cta&quot;}}\" target=\"_blank\">Mon Actu<\/a>.<\/p>\n","protected":false},"excerpt":{"rendered":"Par R\u00e9daction Grenoble Publi\u00e9 le 18 juil. 2025 \u00e0 9h47 Apr\u00e8s une semaine plut\u00f4t ensoleill\u00e9e, le ciel va&hellip;\n","protected":false},"author":2,"featured_media":255894,"comment_status":"","ping_status":"","sticky":false,"template":"","format":"standard","meta":{"footnotes":""},"categories":[9566],"tags":[1111,11,2430,1777,674,1011,27,2731,2487,2357,12,4594,25],"class_list":{"0":"post-255893","1":"post","2":"type-post","3":"status-publish","4":"format-standard","5":"has-post-thumbnail","7":"category-grenoble","8":"tag-actu","9":"tag-actualites","10":"tag-auvergne-rhone-alpes","11":"tag-eu","12":"tag-europe","13":"tag-fr","14":"tag-france","15":"tag-grenoble","16":"tag-meteo","17":"tag-meteo-france","18":"tag-news","19":"tag-orages","20":"tag-republique-francaise"},"share_on_mastodon":{"url":"https:\/\/pubeurope.com\/@fr\/114873249477409031","error":""},"_links":{"self":[{"href":"https:\/\/www.europesays.com\/fr\/wp-json\/wp\/v2\/posts\/255893","targetHints":{"allow":["GET"]}}],"collection":[{"href":"https:\/\/www.europesays.com\/fr\/wp-json\/wp\/v2\/posts"}],"about":[{"href":"https:\/\/www.europesays.com\/fr\/wp-json\/wp\/v2\/types\/post"}],"author":[{"embeddable":true,"href":"https:\/\/www.europesays.com\/fr\/wp-json\/wp\/v2\/users\/2"}],"replies":[{"embeddable":true,"href":"https:\/\/www.europesays.com\/fr\/wp-json\/wp\/v2\/comments?post=255893"}],"version-history":[{"count":0,"href":"https:\/\/www.europesays.com\/fr\/wp-json\/wp\/v2\/posts\/255893\/revisions"}],"wp:featuredmedia":[{"embeddable":true,"href":"https:\/\/www.europesays.com\/fr\/wp-json\/wp\/v2\/media\/255894"}],"wp:attachment":[{"href":"https:\/\/www.europesays.com\/fr\/wp-json\/wp\/v2\/media?parent=255893"}],"wp:term":[{"taxonomy":"category","embeddable":true,"href":"https:\/\/www.europesays.com\/fr\/wp-json\/wp\/v2\/categories?post=255893"},{"taxonomy":"post_tag","embeddable":true,"href":"https:\/\/www.europesays.com\/fr\/wp-json\/wp\/v2\/tags?post=255893"}],"curies":[{"name":"wp","href":"https:\/\/api.w.org\/{rel}","templated":true}]}}