{"id":255895,"date":"2025-07-18T08:17:09","date_gmt":"2025-07-18T08:17:09","guid":{"rendered":"https:\/\/www.europesays.com\/fr\/255895\/"},"modified":"2025-07-18T08:17:09","modified_gmt":"2025-07-18T08:17:09","slug":"valence-comme-option-pour-le-premier-match-a-domicile-du-fc-grenoble","status":"publish","type":"post","link":"https:\/\/www.europesays.com\/fr\/255895\/","title":{"rendered":"Valence comme option pour le premier match \u00e0 domicile du FC Grenoble"},"content":{"rendered":"<p itemprop=\"description\"><strong>En cas de confirmation de la sanction prononc\u00e9e par la commission de discipline, le FCG pourrait jouer \u00e0 Valence lors de son premier match \u00e0 domicile.<\/strong><\/p>\n<p>Le 3 juillet dernier, la Ligue nationale de rugby (LNR) a r\u00e9uni sa commission de discipline pour d\u00e9cider du sort du FC Grenoble. Suite aux incidents survenus lors du barrage d\u2019accession au Top 14 entre le FCG et Perpignan, le club is\u00e9rois a \u00e9cop\u00e9 d\u2019une interdiction de jouer son premier match \u00e0 domicile au Stade des Alpes.<\/p>\n<p>Plus que cela, il devra trouver un terrain \u00e0 75km de Grenoble. De ce fait, les dirigeants grenoblois ont fait appel de cette d\u00e9cision aupr\u00e8s de la F\u00e9d\u00e9ration fran\u00e7aise de rugby (FFR).<\/p>\n<p>Ce jeudi 17 juillet, nos confr\u00e8res du Dauphin\u00e9 lib\u00e9r\u00e9 ont r\u00e9v\u00e9l\u00e9 l\u2019information pour une probable destination en cas de refus de l\u2019appel. Le FCG pourrait accueillir son premier adversaire \u00e0 domicile au stade Georges-Pompidou de Valence.<\/p>\n<p>Celui-ci se trouve dans la r\u00e9gion Auvergne-Rh\u00f4ne-Alpes et \u00e0 une distance de 92km. Le Valence Romans Dr\u00f4me Rugby (Pro D2), qui occupe cet antre, serait partant pour laisser le FCG jouer sur sa pelouse.<\/p>\n","protected":false},"excerpt":{"rendered":"En cas de confirmation de la sanction prononc\u00e9e par la commission de discipline, le FCG pourrait jouer \u00e0&hellip;\n","protected":false},"author":2,"featured_media":255896,"comment_status":"","ping_status":"","sticky":false,"template":"","format":"standard","meta":{"footnotes":""},"categories":[9566],"tags":[1111,11,7733,8279,2430,7736,650,7734,2889,2263,1777,674,1011,27,2731,8280,6417,1114,108,4662,12,3725,1825,25,7737],"class_list":{"0":"post-255895","1":"post","2":"type-post","3":"status-publish","4":"format-standard","5":"has-post-thumbnail","7":"category-grenoble","8":"tag-actu","9":"tag-actualites","10":"tag-alpes","11":"tag-alpes1","12":"tag-auvergne-rhone-alpes","13":"tag-cds","14":"tag-cinema","15":"tag-ecoute","16":"tag-emission","17":"tag-equipe","18":"tag-eu","19":"tag-europe","20":"tag-fr","21":"tag-france","22":"tag-grenoble","23":"tag-haute","24":"tag-information","25":"tag-infos","26":"tag-isere","27":"tag-journal","28":"tag-news","29":"tag-podcast","30":"tag-radio","31":"tag-republique-francaise","32":"tag-winamp"},"share_on_mastodon":{"url":"https:\/\/pubeurope.com\/@fr\/114873253427268382","error":""},"_links":{"self":[{"href":"https:\/\/www.europesays.com\/fr\/wp-json\/wp\/v2\/posts\/255895","targetHints":{"allow":["GET"]}}],"collection":[{"href":"https:\/\/www.europesays.com\/fr\/wp-json\/wp\/v2\/posts"}],"about":[{"href":"https:\/\/www.europesays.com\/fr\/wp-json\/wp\/v2\/types\/post"}],"author":[{"embeddable":true,"href":"https:\/\/www.europesays.com\/fr\/wp-json\/wp\/v2\/users\/2"}],"replies":[{"embeddable":true,"href":"https:\/\/www.europesays.com\/fr\/wp-json\/wp\/v2\/comments?post=255895"}],"version-history":[{"count":0,"href":"https:\/\/www.europesays.com\/fr\/wp-json\/wp\/v2\/posts\/255895\/revisions"}],"wp:featuredmedia":[{"embeddable":true,"href":"https:\/\/www.europesays.com\/fr\/wp-json\/wp\/v2\/media\/255896"}],"wp:attachment":[{"href":"https:\/\/www.europesays.com\/fr\/wp-json\/wp\/v2\/media?parent=255895"}],"wp:term":[{"taxonomy":"category","embeddable":true,"href":"https:\/\/www.europesays.com\/fr\/wp-json\/wp\/v2\/categories?post=255895"},{"taxonomy":"post_tag","embeddable":true,"href":"https:\/\/www.europesays.com\/fr\/wp-json\/wp\/v2\/tags?post=255895"}],"curies":[{"name":"wp","href":"https:\/\/api.w.org\/{rel}","templated":true}]}}