{"id":255899,"date":"2025-07-18T08:19:10","date_gmt":"2025-07-18T08:19:10","guid":{"rendered":"https:\/\/www.europesays.com\/fr\/255899\/"},"modified":"2025-07-18T08:19:10","modified_gmt":"2025-07-18T08:19:10","slug":"camionnette-de-technicien-en-videoprotection-incendiee-a-rennes-les-auteurs-recherches","status":"publish","type":"post","link":"https:\/\/www.europesays.com\/fr\/255899\/","title":{"rendered":"Camionnette\u00a0de technicien en vid\u00e9oprotection incendi\u00e9e \u00e0 Rennes\u00a0: les auteurs recherch\u00e9s"},"content":{"rendered":"<p>Deux jeunes hommes ont volontairement mis le feu \u00e0 une camionnette devant l\u2019entr\u00e9e du conservatoire de Rennes, place Jean-Normand, dans le quartier du Blosne, jeudi 17 juillet sur les coups de 16 h 30. Selon les premiers \u00e9l\u00e9ments de l\u2019enqu\u00eate, les deux individus ont jet\u00e9 un objet sur ce v\u00e9hicule de la soci\u00e9t\u00e9 Equans, charg\u00e9e de l\u2019entretien des cam\u00e9ras de vid\u00e9oprotection, afin de casser les vitres, puis y ont mis le feu.<\/p>\n<p>La camionnette a enti\u00e8rement br\u00fbl\u00e9 et la fa\u00e7ade du conservatoire a \u00e9t\u00e9 endommag\u00e9e. Les deux hommes sont activement recherch\u00e9s. Une enqu\u00eate est en cours.<\/p>\n","protected":false},"excerpt":{"rendered":"Deux jeunes hommes ont volontairement mis le feu \u00e0 une camionnette devant l\u2019entr\u00e9e du conservatoire de Rennes, place&hellip;\n","protected":false},"author":2,"featured_media":255900,"comment_status":"","ping_status":"","sticky":false,"template":"","format":"standard","meta":{"footnotes":""},"categories":[2821],"tags":[1111,11,829,1777,674,3383,1011,27,848,12,584,25],"class_list":{"0":"post-255899","1":"post","2":"type-post","3":"status-publish","4":"format-standard","5":"has-post-thumbnail","7":"category-rennes","8":"tag-actu","9":"tag-actualites","10":"tag-bretagne","11":"tag-eu","12":"tag-europe","13":"tag-faits-divers-a-rennes","14":"tag-fr","15":"tag-france","16":"tag-ille-et-vilaine","17":"tag-news","18":"tag-rennes","19":"tag-republique-francaise"},"share_on_mastodon":{"url":"https:\/\/pubeurope.com\/@fr\/114873261367280458","error":""},"_links":{"self":[{"href":"https:\/\/www.europesays.com\/fr\/wp-json\/wp\/v2\/posts\/255899","targetHints":{"allow":["GET"]}}],"collection":[{"href":"https:\/\/www.europesays.com\/fr\/wp-json\/wp\/v2\/posts"}],"about":[{"href":"https:\/\/www.europesays.com\/fr\/wp-json\/wp\/v2\/types\/post"}],"author":[{"embeddable":true,"href":"https:\/\/www.europesays.com\/fr\/wp-json\/wp\/v2\/users\/2"}],"replies":[{"embeddable":true,"href":"https:\/\/www.europesays.com\/fr\/wp-json\/wp\/v2\/comments?post=255899"}],"version-history":[{"count":0,"href":"https:\/\/www.europesays.com\/fr\/wp-json\/wp\/v2\/posts\/255899\/revisions"}],"wp:featuredmedia":[{"embeddable":true,"href":"https:\/\/www.europesays.com\/fr\/wp-json\/wp\/v2\/media\/255900"}],"wp:attachment":[{"href":"https:\/\/www.europesays.com\/fr\/wp-json\/wp\/v2\/media?parent=255899"}],"wp:term":[{"taxonomy":"category","embeddable":true,"href":"https:\/\/www.europesays.com\/fr\/wp-json\/wp\/v2\/categories?post=255899"},{"taxonomy":"post_tag","embeddable":true,"href":"https:\/\/www.europesays.com\/fr\/wp-json\/wp\/v2\/tags?post=255899"}],"curies":[{"name":"wp","href":"https:\/\/api.w.org\/{rel}","templated":true}]}}