{"id":255901,"date":"2025-07-18T08:20:14","date_gmt":"2025-07-18T08:20:14","guid":{"rendered":"https:\/\/www.europesays.com\/fr\/255901\/"},"modified":"2025-07-18T08:20:14","modified_gmt":"2025-07-18T08:20:14","slug":"badminton-le-strasbourgeois-alex-lanier-file-en-demi-finale-a-lopen-du-japon","status":"publish","type":"post","link":"https:\/\/www.europesays.com\/fr\/255901\/","title":{"rendered":"Badminton. Le Strasbourgeois Alex Lanier file en demi-finale \u00e0 l&rsquo;Open du Japon"},"content":{"rendered":"<p>Alex Lanier se sent <a href=\"https:\/\/www.lalsace.fr\/sport\/2025\/07\/17\/le-strasbourgeois-alex-lanier-marche-sur-ses-traces-au-japon\" target=\"_blank\" rel=\"nofollow noopener\">https:\/\/c.lalsace.fr\/sport\/2025\/07\/17\/le-strasbourgeois-alex-lanier-marche-sur-ses-traces-au-japon<\/a>. Premier Fran\u00e7ais vainqueur d\u2019un tournoi Super 750 du World Tour \u00e0 Yokohama, le joueur de l\u2019ASPTT Strasbourg peut encore esp\u00e9rer r\u00e9aliser le doubl\u00e9.<\/p>\n<p>Le Strasbourgeois (8e mondial) a en effet d\u00e9croch\u00e9 ce vendredi son ticket pour le dernier carr\u00e9 du Daihatsu Japan Open, disput\u00e9 cette ann\u00e9e \u00e0 Tokyo. Au Pays du Soleil Levant, la t\u00eate de s\u00e9rie n\u00b08 s\u2019est impos\u00e9e avec autorit\u00e9 ( 21-16, 21-14) face au Ta\u00efwanais Chi Yu Jen (33e).<\/p>\n<p>Pour rejoindre la finale, le champion de France et d\u2019Europe 2025 devra se d\u00e9faire, la nuit prochaine, de Koki Watanabe (21e mondial). Un Japonais qui m\u00e8ne 2-1 dans leurs confrontations (toutes en 2024).<\/p>\n","protected":false},"excerpt":{"rendered":"Alex Lanier se sent https:\/\/c.lalsace.fr\/sport\/2025\/07\/17\/le-strasbourgeois-alex-lanier-marche-sur-ses-traces-au-japon. Premier Fran\u00e7ais vainqueur d\u2019un tournoi Super 750 du World Tour \u00e0 Yokohama, le&hellip;\n","protected":false},"author":2,"featured_media":255902,"comment_status":"","ping_status":"","sticky":false,"template":"","format":"standard","meta":{"footnotes":""},"categories":[2820],"tags":[1111,11,2389,5406,1777,674,107,1011,27,775,12,25,517,640],"class_list":{"0":"post-255901","1":"post","2":"type-post","3":"status-publish","4":"format-standard","5":"has-post-thumbnail","7":"category-strasbourg","8":"tag-actu","9":"tag-actualites","10":"tag-alsace","11":"tag-badminton","12":"tag-eu","13":"tag-europe","14":"tag-fil-info","15":"tag-fr","16":"tag-france","17":"tag-grand-est","18":"tag-news","19":"tag-republique-francaise","20":"tag-sport","21":"tag-strasbourg"},"share_on_mastodon":{"url":"https:\/\/pubeurope.com\/@fr\/114873265238841616","error":""},"_links":{"self":[{"href":"https:\/\/www.europesays.com\/fr\/wp-json\/wp\/v2\/posts\/255901","targetHints":{"allow":["GET"]}}],"collection":[{"href":"https:\/\/www.europesays.com\/fr\/wp-json\/wp\/v2\/posts"}],"about":[{"href":"https:\/\/www.europesays.com\/fr\/wp-json\/wp\/v2\/types\/post"}],"author":[{"embeddable":true,"href":"https:\/\/www.europesays.com\/fr\/wp-json\/wp\/v2\/users\/2"}],"replies":[{"embeddable":true,"href":"https:\/\/www.europesays.com\/fr\/wp-json\/wp\/v2\/comments?post=255901"}],"version-history":[{"count":0,"href":"https:\/\/www.europesays.com\/fr\/wp-json\/wp\/v2\/posts\/255901\/revisions"}],"wp:featuredmedia":[{"embeddable":true,"href":"https:\/\/www.europesays.com\/fr\/wp-json\/wp\/v2\/media\/255902"}],"wp:attachment":[{"href":"https:\/\/www.europesays.com\/fr\/wp-json\/wp\/v2\/media?parent=255901"}],"wp:term":[{"taxonomy":"category","embeddable":true,"href":"https:\/\/www.europesays.com\/fr\/wp-json\/wp\/v2\/categories?post=255901"},{"taxonomy":"post_tag","embeddable":true,"href":"https:\/\/www.europesays.com\/fr\/wp-json\/wp\/v2\/tags?post=255901"}],"curies":[{"name":"wp","href":"https:\/\/api.w.org\/{rel}","templated":true}]}}