{"id":255905,"date":"2025-07-18T08:22:09","date_gmt":"2025-07-18T08:22:09","guid":{"rendered":"https:\/\/www.europesays.com\/fr\/255905\/"},"modified":"2025-07-18T08:22:09","modified_gmt":"2025-07-18T08:22:09","slug":"il-propose-des-balades-en-side-car-pour-decouvrir-la-cote-dazur-autrement","status":"publish","type":"post","link":"https:\/\/www.europesays.com\/fr\/255905\/","title":{"rendered":"Il propose des balades en side-car pour d\u00e9couvrir la C\u00f4te d\u2019Azur autrement"},"content":{"rendered":"<p>Faire le singe en passant d\u2019un paysage \u00e0 l\u2019autre. Enfin, fa\u00e7on de parler: \u00e0 bord de ce side-car d\u00e9di\u00e9 \u00e0 la promenade, la vitesse est tellement mod\u00e9r\u00e9e qu\u2019on ne demandera jamais au passager de faire le singe pour permettre au panier de ne pas se lever dans les virages un peu secs. \u00c7a, c\u2019est pour la comp\u00e9tition ou les films \u00e0 cascades. Dans le side-car de Franck Poupard, on n\u2019est pas l\u00e0 pour la performance, mais pour passer un bon moment in\u00e9dit, en toute libert\u00e9.<\/p>\n<p>Ce Ni\u00e7ois pur jus, \u00e9ducateur pour la protection de l\u2019enfance au D\u00e9partement, occupe son temps disponible en baladant les gens \u00e0 bord de sa moto Changjiang. Une moto \u00e0 trois roues et \u00e0 trois places, dont une dans le panier, une autre derri\u00e8re le pilote. Un v\u00e9hicule contemporain, mais de style r\u00e9tro, qui sillonne les routes azur\u00e9ennes sous le sigle Riviera Side-Car.<\/p>\n<p>On a test\u00e9 la formule que ce passionn\u00e9 propose depuis le d\u00e9but de l\u2019ann\u00e9e aux amateurs d\u2019immersions authentiques d\u2019un autre temps apr\u00e8s l\u2019avoir vue \u00e0 Lisbonne, au Portugal. Il a donc opt\u00e9 pour ce moyen de locomotion tributaire d\u2019un permis moto gros cube.<\/p>\n<p>\u00c0 m\u00eame la chauss\u00e9e<\/p>\n<p>Et c\u2019est parti pour le circuit Nice City Tour entre la capitale azur\u00e9enne et Villefranche, via le mont Boron. Tarif: 99 euros pour une grosse heure de balade pour deux personnes (1). D\u00e9part devant les Neuf lignes obliques de Venet. Avec casque, mais pas de gants obligatoires dans le panier. Premi\u00e8re impression: on est bien install\u00e9 dans la nacelle, jambes \u00e9tendues, mais on est pratiquement \u00e0 m\u00eame la chauss\u00e9e et on se sent tout minus \u00e0 c\u00f4t\u00e9 des voitures et des bus. En tout cas, c\u2019est stable. Sauf lorsque la moto, qui pourtant ne d\u00e9passe jamais les 50km\/h, tressaute sur des nids-de-poule, des ralentisseurs, des pav\u00e9s.<\/p>\n<p>Place Mass\u00e9na, boulevard Jean-Jaur\u00e8s, place Garibaldi, rue Antoine-Gautier, place \u00cele-de-Beaut\u00e9. Des adultes et des enfants observent, amus\u00e9s, l\u2019anachronique \u00e9quipage qui passe devant eux, le saluent de la main. Le side-car attire les regards, suscite la sympathie et le sourire. Pourtant, \u00e0 l\u2019origine, le passage install\u00e9 dans le panier avait pour mission d\u2019activer une mitrailleuse arrim\u00e9e \u00e0 l\u2019habitacle. Les usages ont chang\u00e9. Qui sollicite Franck? \u00ab\u00a0Des touristes, souvent anglo-saxons, d\u00e9sireux de d\u00e9couvrir quelque chose de particulier, de profiter des paysages \u00e0 travers un prisme diff\u00e9rent d\u2019une auto, d\u2019un car \u00e0 imp\u00e9riale. Des personnes qui enterrent leur vie de c\u00e9libataire, qui se marient, peuvent \u00e9galement me solliciter. J\u2019aimerais aussi d\u00e9velopper des bapt\u00eames, en lien avec des festivit\u00e9s locales.\u00a0\u00bb<\/p>\n<p>Un hybride bien agr\u00e9able<\/p>\n<p>              <img ci-src=\"https:\/\/www.varmatin.com\/detente\/protec\/DATA_ART_15921045-wgwryKWP.jpg?vh=3d7af4&amp;ci_seal=0d5977f7b0\" alt=\"\"\/><br \/>\n        Stop sublime au mont Boron.  <strong>Photo Ch. R..<\/strong> <\/p>\n<p>Le side-car poursuit sa route. Basse corniche, boulevard du Mont-Boron. Arr\u00eat. \u00ab\u00a0Pour le panorama. On peut faire des photos et je donne des indications sur la ville en contrebas. \u00c0 partir de l\u00e0, les clients sont \u00e9blouis.\u00a0\u00bb Moyenne Corniche, route foresti\u00e8re, direction Villefranche-sur-Mer. Un pur bonheur. Un mix de moto, les joues caress\u00e9es par l\u2019air, sans le pilote qui obstrue la vue, et une voiturette confortable. En somme une bagnole avec chauffeur en mod\u00e8le r\u00e9duit et vision d\u00e9gag\u00e9e. Ce qui n\u2019emp\u00eache pas quelques b\u00e9mols, assum\u00e9s par Franck: \u00ab\u00a0On ne peut pas se faufiler entre les v\u00e9hicules comme avec une moto traditionnelle. En outre, bien que l\u2019engin soit stable, il faut faire attention \u00e0 l\u2019emp\u00e2tement et \u00e0 la possible d\u00e9portation dans les virages.\u00a0\u00bb<\/p>\n<p>Nostalgie heureuse et spectaculaire<\/p>\n<p>Deuxi\u00e8me halte panorama au mont Boron, \u00ab\u00a0pour voir Nice d\u2019un C\u00f4t\u00e9, Villefranche et Beaulieu de l\u2019autre, et r\u00e9aliser qu\u2019on a une for\u00eat \u00e0 quelques minutes du centre de Nice\u00a0\u00bb. Redescente vers Villefranche, sa citadelle, on longe le quai de l\u2019Amiral-Courbet. D\u2019un c\u00f4t\u00e9, les bateaux qui dodelinent du m\u00e2t, de l\u2019autre, le cort\u00e8ge de restaurants. Dans l\u2019un d\u2019eux, Lou Bantry, on peut, sur r\u00e9servation en amont, pr\u00e9voir une vraie pause gourmande et d\u00e9guster les sp\u00e9cialit\u00e9s r\u00e9gionales, moyennant un suppl\u00e9ment de 30 euros pour deux. Aux Marini\u00e8res, demi-tour et retour vers Nice. Des Japonais rient et prennent des photos de l\u2019\u00e9trange palanquin sur pneus.<\/p>\n<p>Basse Corniche, boulevard Maeterlinck, descente par l\u2019avenue Jean-Lorrain avec arr\u00eat devant La R\u00e9serve, l\u2019avenue Franck-Pilatte, le boulevard Stalingrad, la place \u00cele de Beaut\u00e9, les quais Lunel, de la Douane, des \u00c9tats-Unis. Pr\u00e8s d\u2019une heure et demie s\u2019est \u00e9coul\u00e9e. Un road-trip sur la voie d\u2019une nostalgie heureuse et spectaculaire.<\/p>\n<p>1. Deux autres circuits sont possibles: French Riviera Tour entre Nice, Monaco, La Turbie (199 euros les 2h30 pour deux personnes) et un circuit Cannes City tour, en commun avec un coll\u00e8gue de Mandelieu (129 euros l\u2019heure pour deux personnes). Contact: 07.44.98.54.88 et Riviera-sidecar.fr<\/p>\n","protected":false},"excerpt":{"rendered":"Faire le singe en passant d\u2019un paysage \u00e0 l\u2019autre. Enfin, fa\u00e7on de parler: \u00e0 bord de ce side-car&hellip;\n","protected":false},"author":2,"featured_media":255906,"comment_status":"","ping_status":"","sticky":false,"template":"","format":"standard","meta":{"footnotes":""},"categories":[2819],"tags":[1111,11,1777,674,1011,27,1393,12,2401,882,25],"class_list":{"0":"post-255905","1":"post","2":"type-post","3":"status-publish","4":"format-standard","5":"has-post-thumbnail","7":"category-nice","8":"tag-actu","9":"tag-actualites","10":"tag-eu","11":"tag-europe","12":"tag-fr","13":"tag-france","14":"tag-loisirs","15":"tag-news","16":"tag-nice","17":"tag-provence-alpes-cote-dazur","18":"tag-republique-francaise"},"share_on_mastodon":{"url":"https:\/\/pubeurope.com\/@fr\/114873273216333966","error":""},"_links":{"self":[{"href":"https:\/\/www.europesays.com\/fr\/wp-json\/wp\/v2\/posts\/255905","targetHints":{"allow":["GET"]}}],"collection":[{"href":"https:\/\/www.europesays.com\/fr\/wp-json\/wp\/v2\/posts"}],"about":[{"href":"https:\/\/www.europesays.com\/fr\/wp-json\/wp\/v2\/types\/post"}],"author":[{"embeddable":true,"href":"https:\/\/www.europesays.com\/fr\/wp-json\/wp\/v2\/users\/2"}],"replies":[{"embeddable":true,"href":"https:\/\/www.europesays.com\/fr\/wp-json\/wp\/v2\/comments?post=255905"}],"version-history":[{"count":0,"href":"https:\/\/www.europesays.com\/fr\/wp-json\/wp\/v2\/posts\/255905\/revisions"}],"wp:featuredmedia":[{"embeddable":true,"href":"https:\/\/www.europesays.com\/fr\/wp-json\/wp\/v2\/media\/255906"}],"wp:attachment":[{"href":"https:\/\/www.europesays.com\/fr\/wp-json\/wp\/v2\/media?parent=255905"}],"wp:term":[{"taxonomy":"category","embeddable":true,"href":"https:\/\/www.europesays.com\/fr\/wp-json\/wp\/v2\/categories?post=255905"},{"taxonomy":"post_tag","embeddable":true,"href":"https:\/\/www.europesays.com\/fr\/wp-json\/wp\/v2\/tags?post=255905"}],"curies":[{"name":"wp","href":"https:\/\/api.w.org\/{rel}","templated":true}]}}