{"id":255907,"date":"2025-07-18T08:23:09","date_gmt":"2025-07-18T08:23:09","guid":{"rendered":"https:\/\/www.europesays.com\/fr\/255907\/"},"modified":"2025-07-18T08:23:09","modified_gmt":"2025-07-18T08:23:09","slug":"des-retards-importants-entre-marseille-a-nice-a-la-suite-dun-faux-incident","status":"publish","type":"post","link":"https:\/\/www.europesays.com\/fr\/255907\/","title":{"rendered":"des retards importants entre Marseille \u00e0 Nice, \u00e0 la suite d&rsquo;un faux incident"},"content":{"rendered":"<p>Dans un premier temps, la SNCF annon\u00e7ait un \u00ab\u00a0accident \u00e0 la personne\u00a0\u00bb dans le secteur de Cassis. Entendez par-l\u00e0 qu&rsquo;une personne avait \u00e9t\u00e9 heurt\u00e9e par un train. Ce qui a provoqu\u00e9 l&rsquo;arr\u00eat du trafic ferroviaire entre Nice et Marseille. V\u00e9rification faite : aucun incident de ce type ne s&rsquo;est produit. \u00ab\u00a0Il y a eu une suspicion d&rsquo;un accident \u00e0 la personne mais ce n&rsquo;est pas le cas\u00a0\u00bb, explique l&rsquo;entreprise publique.<\/p>\n<p>En tout cas ce qui est s\u00fbr c&rsquo;est que des retards importants son en cours : sur le site de Gare et connexions, ils peuvent aller jusqu&rsquo;\u00e0 4 heures de temps. L&rsquo;astreinte SNCF temp\u00e8re tr\u00e8s largement cette pr\u00e9vision en parlant tout au plus d&rsquo;une demi-heure. <a href=\"https:\/\/www.garesetconnexions.sncf\/fr\/gares-services\/marseille-saint-charles\" target=\"_blank\" rel=\"nofollow noopener\">Il est utile donc de vous renseigner sur votre train<\/a> avant de vous rendre \u00e0 la gare Saint-Charles de la cit\u00e9 phoc\u00e9enne. Et ce afin d&rsquo;\u00e9viter toute mauvaise surprise.<\/p>\n<p>Toujours selon Gare et connexions, plusiuers TER ont m\u00eame \u00e9t\u00e9 supprim\u00e9s.<\/p>\n","protected":false},"excerpt":{"rendered":"Dans un premier temps, la SNCF annon\u00e7ait un \u00ab\u00a0accident \u00e0 la personne\u00a0\u00bb dans le secteur de Cassis. Entendez&hellip;\n","protected":false},"author":2,"featured_media":255908,"comment_status":"","ping_status":"","sticky":false,"template":"","format":"standard","meta":{"footnotes":""},"categories":[2819],"tags":[17,1111,11,154,2834,1777,674,1011,27,12410,884,12,2401,882,16,25,14729,2215],"class_list":{"0":"post-255907","1":"post","2":"type-post","3":"status-publish","4":"format-standard","5":"has-post-thumbnail","7":"category-nice","8":"tag-17","9":"tag-actu","10":"tag-actualites","11":"tag-des","12":"tag-entre","13":"tag-eu","14":"tag-europe","15":"tag-fr","16":"tag-france","17":"tag-importants","18":"tag-marseille","19":"tag-news","20":"tag-nice","21":"tag-provence-alpes-cote-dazur","22":"tag-region","23":"tag-republique-francaise","24":"tag-retards","25":"tag-sncf"},"share_on_mastodon":{"url":"https:\/\/pubeurope.com\/@fr\/114873277263212638","error":""},"_links":{"self":[{"href":"https:\/\/www.europesays.com\/fr\/wp-json\/wp\/v2\/posts\/255907","targetHints":{"allow":["GET"]}}],"collection":[{"href":"https:\/\/www.europesays.com\/fr\/wp-json\/wp\/v2\/posts"}],"about":[{"href":"https:\/\/www.europesays.com\/fr\/wp-json\/wp\/v2\/types\/post"}],"author":[{"embeddable":true,"href":"https:\/\/www.europesays.com\/fr\/wp-json\/wp\/v2\/users\/2"}],"replies":[{"embeddable":true,"href":"https:\/\/www.europesays.com\/fr\/wp-json\/wp\/v2\/comments?post=255907"}],"version-history":[{"count":0,"href":"https:\/\/www.europesays.com\/fr\/wp-json\/wp\/v2\/posts\/255907\/revisions"}],"wp:featuredmedia":[{"embeddable":true,"href":"https:\/\/www.europesays.com\/fr\/wp-json\/wp\/v2\/media\/255908"}],"wp:attachment":[{"href":"https:\/\/www.europesays.com\/fr\/wp-json\/wp\/v2\/media?parent=255907"}],"wp:term":[{"taxonomy":"category","embeddable":true,"href":"https:\/\/www.europesays.com\/fr\/wp-json\/wp\/v2\/categories?post=255907"},{"taxonomy":"post_tag","embeddable":true,"href":"https:\/\/www.europesays.com\/fr\/wp-json\/wp\/v2\/tags?post=255907"}],"curies":[{"name":"wp","href":"https:\/\/api.w.org\/{rel}","templated":true}]}}