{"id":255911,"date":"2025-07-18T08:25:12","date_gmt":"2025-07-18T08:25:12","guid":{"rendered":"https:\/\/www.europesays.com\/fr\/255911\/"},"modified":"2025-07-18T08:25:12","modified_gmt":"2025-07-18T08:25:12","slug":"un-compagnie-aerienne-propose-une-nouvelle-ligne-vers-toulouse","status":"publish","type":"post","link":"https:\/\/www.europesays.com\/fr\/255911\/","title":{"rendered":"un compagnie a\u00e9rienne propose une nouvelle ligne vers Toulouse"},"content":{"rendered":"<p>            Par<br \/>\n        <strong><br \/>\n            <a href=\"https:\/\/actu.fr\/auteur\/laure-gentil\" title=\"Consulter tous les articles de Laure Gentil\" rel=\"nofollow noopener\" target=\"_blank\">Laure Gentil<\/a><br \/>\n        <\/strong><\/p>\n<p>        Publi\u00e9 le<\/p>\n<p>            18 juil. 2025 \u00e0 9h42        <\/p>\n<p>Avez-vous d\u00e9j\u00e0 visit\u00e9 la ville rose ou assist\u00e9 \u00e0 un match du <a href=\"https:\/\/actu.fr\/occitanie\/toulouse_31555\/les-50-meilleurs-joueurs-du-stade-toulousain-c-etait-tres-complique-de-laisser-certains-mecs-de-cote_62896994.html\" rel=\"nofollow noopener\" target=\"_blank\">Stade Toulousain<\/a>\u2009? Si vous souhaitez d\u00e9couvrir <a href=\"https:\/\/actu.fr\/toulouse\" rel=\"nofollow noopener\" target=\"_blank\">Toulouse<\/a>, vous pouvez prendre, \u00e0 partir de la rentr\u00e9e de septembre, un avion de la compagnie a\u00e9rienne Twin Jet, \u00ab\u2009sp\u00e9cialiste des liaisons r\u00e9gionales\u2009\u00bb.<\/p>\n<p class=\" wall-content\">Celle-ci \u00ab\u2009poursuit son expansion\u2009\u00bb explique-t-elle dans un communiqu\u00e9 et annonce l\u2019ouverture d\u2019une nouvelle route au d\u00e9part de <strong>l\u2019a\u00e9roport de Nantes<\/strong> vers le sud-ouest.<\/p>\n<p>Des vols directs<\/p>\n<p class=\" wall-content\"><strong>D\u00e8s le 8\u00a0septembre 2025,<\/strong> les Nantais b\u00e9n\u00e9ficieront de vols directs vers Toulouse, avec jusqu\u2019\u00e0 quatre allers-retours par semaine.<\/p>\n<p class=\" wall-content\">Du 8\u00a0septembre au 21\u00a0octobre 2025, la compagnie proposera des vols <strong>les lundis et mardis<\/strong> et <strong>\u00e0 partir du 27\u00a0octobre<\/strong>, les lundis, mardis et mercredis.<\/p>\n<p class=\" wall-content\">Suivez toute l\u2019actualit\u00e9 de vos villes et m\u00e9dias favoris en vous inscrivant \u00e0 <a href=\"https:\/\/moncompte.actu.fr\" title=\"D\u00e9couvez Mon Actu\" rel=\"nofollow noopener\" data-trk=\"{&quot;cta&quot;:{&quot;action&quot;:&quot;https:\\\/\\\/moncompte.actu.fr&quot;,&quot;category&quot;:&quot;mon compte&quot;,&quot;from&quot;:&quot;article footer&quot;,&quot;name&quot;:&quot;Mon actu&quot;,&quot;type&quot;:&quot;cta&quot;}}\" target=\"_blank\">Mon Actu<\/a>.<\/p>\n<ul class=\"ac-article-tag wall-content\">\n<li><a href=\"https:\/\/actu.fr\/tag\/aeroport-de-nantes\" data-trk=\"{&quot;cta&quot;:{&quot;action&quot;:&quot;A\\u00e9roport de Nantes&quot;,&quot;category&quot;:&quot;tag&quot;,&quot;from&quot;:&quot;article footer&quot;,&quot;name&quot;:&quot;A\\u00e9roport de Nantes&quot;,&quot;type&quot;:&quot;cta&quot;}}\" rel=\"nofollow noopener\" target=\"_blank\">#A\u00e9roport de Nantes<\/a><\/li>\n<li><a href=\"https:\/\/actu.fr\/tag\/voyage\" data-trk=\"{&quot;cta&quot;:{&quot;action&quot;:&quot;Voyage&quot;,&quot;category&quot;:&quot;tag&quot;,&quot;from&quot;:&quot;article footer&quot;,&quot;name&quot;:&quot;Voyage&quot;,&quot;type&quot;:&quot;cta&quot;}}\" rel=\"nofollow noopener\" target=\"_blank\">#Voyage<\/a><\/li>\n<\/ul>\n","protected":false},"excerpt":{"rendered":"Par Laure Gentil Publi\u00e9 le 18 juil. 2025 \u00e0 9h42 Avez-vous d\u00e9j\u00e0 visit\u00e9 la ville rose ou assist\u00e9&hellip;\n","protected":false},"author":2,"featured_media":255912,"comment_status":"","ping_status":"","sticky":false,"template":"","format":"standard","meta":{"footnotes":""},"categories":[2818],"tags":[1111,11,754,1777,674,1011,27,766,12,2636,25,104,586],"class_list":{"0":"post-255911","1":"post","2":"type-post","3":"status-publish","4":"format-standard","5":"has-post-thumbnail","7":"category-nantes","8":"tag-actu","9":"tag-actualites","10":"tag-aeroport-de-nantes","11":"tag-eu","12":"tag-europe","13":"tag-fr","14":"tag-france","15":"tag-nantes","16":"tag-news","17":"tag-pays-de-la-loire","18":"tag-republique-francaise","19":"tag-societe","20":"tag-voyage"},"share_on_mastodon":{"url":"https:\/\/pubeurope.com\/@fr\/114873284877557970","error":""},"_links":{"self":[{"href":"https:\/\/www.europesays.com\/fr\/wp-json\/wp\/v2\/posts\/255911","targetHints":{"allow":["GET"]}}],"collection":[{"href":"https:\/\/www.europesays.com\/fr\/wp-json\/wp\/v2\/posts"}],"about":[{"href":"https:\/\/www.europesays.com\/fr\/wp-json\/wp\/v2\/types\/post"}],"author":[{"embeddable":true,"href":"https:\/\/www.europesays.com\/fr\/wp-json\/wp\/v2\/users\/2"}],"replies":[{"embeddable":true,"href":"https:\/\/www.europesays.com\/fr\/wp-json\/wp\/v2\/comments?post=255911"}],"version-history":[{"count":0,"href":"https:\/\/www.europesays.com\/fr\/wp-json\/wp\/v2\/posts\/255911\/revisions"}],"wp:featuredmedia":[{"embeddable":true,"href":"https:\/\/www.europesays.com\/fr\/wp-json\/wp\/v2\/media\/255912"}],"wp:attachment":[{"href":"https:\/\/www.europesays.com\/fr\/wp-json\/wp\/v2\/media?parent=255911"}],"wp:term":[{"taxonomy":"category","embeddable":true,"href":"https:\/\/www.europesays.com\/fr\/wp-json\/wp\/v2\/categories?post=255911"},{"taxonomy":"post_tag","embeddable":true,"href":"https:\/\/www.europesays.com\/fr\/wp-json\/wp\/v2\/tags?post=255911"}],"curies":[{"name":"wp","href":"https:\/\/api.w.org\/{rel}","templated":true}]}}