{"id":255915,"date":"2025-07-18T08:27:09","date_gmt":"2025-07-18T08:27:09","guid":{"rendered":"https:\/\/www.europesays.com\/fr\/255915\/"},"modified":"2025-07-18T08:27:09","modified_gmt":"2025-07-18T08:27:09","slug":"bordeaux-le-musee-des-douanes-rouvre-ses-portes-entre-histoire-et-lutte-contre-le-trafic-despeces-protegees","status":"publish","type":"post","link":"https:\/\/www.europesays.com\/fr\/255915\/","title":{"rendered":"Bordeaux\u00a0: le mus\u00e9e des douanes rouvre ses portes, entre histoire et lutte contre le trafic d\u2019esp\u00e8ces prot\u00e9g\u00e9es"},"content":{"rendered":"<p class=\"paragraph text_align_left lp-f-body-02\">Rares sont ceux qui connaissent l\u2019histoire de ce b\u00e2timent construit en 1738, situ\u00e9 en face de l\u2019embl\u00e9matique miroir d\u2019eau \u00e0 Bordeaux. Et pourtant, l\u2019ancien H\u00f4tel des fermes du Roi y accueille la douane depuis 287 ans. \u00ab Caf\u00e9, cacao, ivoire, il fallait un mois pour contr\u00f4ler toutes les marchandises d\u2019un navire au XVIIIe si\u00e8cle. Aujourd\u2019hui dix minutes suffisent pour scanner tout un chargement de camion ! \u00bb glisse Aur\u00e9lie Guichemerre, la conservatrice du mus\u00e9e national des douanes.<\/p>\n<p class=\"paragraph text_align_left lp-f-body-02\">Car le b\u00e2timent, qui a travers\u00e9 la R\u00e9volution fran\u00e7aise et connu l\u2019installation de la R\u00e9gie des douanes nationales sous Napol\u00e9on, raconte l\u2019histoire d\u2019un m\u00e9tier \u00ab qui a toujours exist\u00e9, depuis qu\u2019il y a du commerce et des fronti\u00e8res \u00bb, ajoute la conservatrice. De la monumentale balance \u00e0 la \u00ab Cabane des douaniers \u00bb de Monet en passant par les \u00ab penthi\u00e8res \u00bb \u2014 ces cartes dessin\u00e9es autrefois pour rep\u00e9rer bois, guet, pont \u00e0 surveiller \u2014, l\u2019unique mus\u00e9e des douanes fran\u00e7aises en raconte aussi les missions actuelles.<\/p>\n<p>\u00ab Quatre \u00e9l\u00e9phants meurent toutes les heures \u00bb \u00e0 cause du trafic d\u2019ivoire<\/p>\n<p class=\"paragraph text_align_left lp-f-body-02\">\u00ab Plus seulement \u00e9conomiques, les douaniers ont aussi \u00e0 charge d\u2019intercepter contrefa\u00e7ons et stup\u00e9fiants, et ce qui peut \u00eatre dangereux \u00bb, pr\u00e9cise la conservatrice qui pr\u00e9sente fausses peluches ou faux Ch\u00e2teau Petrus, sans en faire un spectacle.<\/p>\n<p class=\"paragraph text_align_left lp-f-body-02\">Idem pour l\u2019ivoire : \u00ab les visiteurs trouvaient \u00e7a si beau qu\u2019ils en oubliaient que quatre \u00e9l\u00e9phants meurent toutes les heures \u00e0 cause de ce trafic \u00bb, rappelle-t-elle. Pr\u00e8s du pangolin ou du bouclier en peau de rhinoc\u00e9ros noir, le travail de lutte contre le trafic d\u2019esp\u00e8ces prot\u00e9g\u00e9es est mis en avant, tout comme les biens culturels, \u00ab issus de pillages pendant les conflits comme en Syrie, en Afghanistan \u00bb.<\/p>\n<p class=\"paragraph text_align_left lp-f-body-02\">Insolite, on y verra bient\u00f4t l\u2019un des 315 \u0153ufs de 70 cm de diam\u00e8tre d\u2019un oiseau g\u00e9ant aujourd\u2019hui disparu, \u00ab tr\u00e9sor national malgache saisi au Havre puis restitu\u00e9. \u00bb De quoi mieux comprendre les missions des 16 535 douaniers du territoire.<\/p>\n","protected":false},"excerpt":{"rendered":"Rares sont ceux qui connaissent l\u2019histoire de ce b\u00e2timent construit en 1738, situ\u00e9 en face de l\u2019embl\u00e9matique miroir&hellip;\n","protected":false},"author":2,"featured_media":255916,"comment_status":"","ping_status":"","sticky":false,"template":"","format":"standard","meta":{"footnotes":""},"categories":[2817],"tags":[1111,11,1997,872,459,1777,674,1011,27,6658,12,2219,25],"class_list":{"0":"post-255915","1":"post","2":"type-post","3":"status-publish","4":"format-standard","5":"has-post-thumbnail","7":"category-bordeaux","8":"tag-actu","9":"tag-actualites","10":"tag-bordeaux","11":"tag-culture-et-loisirs","12":"tag-departements-horsidfo","13":"tag-eu","14":"tag-europe","15":"tag-fr","16":"tag-france","17":"tag-gironde-33","18":"tag-news","19":"tag-nouvelle-aquitaine","20":"tag-republique-francaise"},"share_on_mastodon":{"url":"https:\/\/pubeurope.com\/@fr\/114873293388797872","error":""},"_links":{"self":[{"href":"https:\/\/www.europesays.com\/fr\/wp-json\/wp\/v2\/posts\/255915","targetHints":{"allow":["GET"]}}],"collection":[{"href":"https:\/\/www.europesays.com\/fr\/wp-json\/wp\/v2\/posts"}],"about":[{"href":"https:\/\/www.europesays.com\/fr\/wp-json\/wp\/v2\/types\/post"}],"author":[{"embeddable":true,"href":"https:\/\/www.europesays.com\/fr\/wp-json\/wp\/v2\/users\/2"}],"replies":[{"embeddable":true,"href":"https:\/\/www.europesays.com\/fr\/wp-json\/wp\/v2\/comments?post=255915"}],"version-history":[{"count":0,"href":"https:\/\/www.europesays.com\/fr\/wp-json\/wp\/v2\/posts\/255915\/revisions"}],"wp:featuredmedia":[{"embeddable":true,"href":"https:\/\/www.europesays.com\/fr\/wp-json\/wp\/v2\/media\/255916"}],"wp:attachment":[{"href":"https:\/\/www.europesays.com\/fr\/wp-json\/wp\/v2\/media?parent=255915"}],"wp:term":[{"taxonomy":"category","embeddable":true,"href":"https:\/\/www.europesays.com\/fr\/wp-json\/wp\/v2\/categories?post=255915"},{"taxonomy":"post_tag","embeddable":true,"href":"https:\/\/www.europesays.com\/fr\/wp-json\/wp\/v2\/tags?post=255915"}],"curies":[{"name":"wp","href":"https:\/\/api.w.org\/{rel}","templated":true}]}}