{"id":255939,"date":"2025-07-18T08:41:12","date_gmt":"2025-07-18T08:41:12","guid":{"rendered":"https:\/\/www.europesays.com\/fr\/255939\/"},"modified":"2025-07-18T08:41:12","modified_gmt":"2025-07-18T08:41:12","slug":"la-bourse-de-paris-bondit-portee-par-des-donnees-rassurantes-sur-leconomie-americaine","status":"publish","type":"post","link":"https:\/\/www.europesays.com\/fr\/255939\/","title":{"rendered":"La Bourse de Paris bondit, port\u00e9e par des donn\u00e9es rassurantes sur l&rsquo;\u00e9conomie am\u00e9ricaine"},"content":{"rendered":"<p>&#13;<br \/>\n                        La Bourse de Paris bondit, port\u00e9e par des donn\u00e9es rassurantes sur l&rsquo;\u00e9conomie am\u00e9ricaine&#13;\n                    <\/p>\n<p style=\"text-align:\">Jeudi 17 juillet, la Bourse de Paris a progress\u00e9 de 1,29%, port\u00e9e par de bonnes nouvelles sur l\u2019emploi et la consommation aux \u00c9tats-Unis, rassurant les investisseurs sur la solidit\u00e9 de l\u2019\u00e9conomie am\u00e9ricaine. L\u2019indice CAC 40 a gagn\u00e9 99,91 points, cl\u00f4turant \u00e0 7.822,00 points, apr\u00e8s une baisse la veille.<\/p>\n<p><a href=\"https:\/\/lecourrier.vn\/la-bourse-de-paris-flanche-entre-negociations-commerciales-et-annonces-budgetaires\/1286878.html\" title=\"La Bourse de Paris flanche entre n\u00e9gociations commerciales et annonces budg\u00e9taires\" rel=\"nofollow noopener\" target=\"_blank\">&gt;&gt; La Bourse de Paris flanche entre n\u00e9gociations commerciales et annonces budg\u00e9taires<\/a><\/p>\n<p><a href=\"https:\/\/lecourrier.vn\/les-marches-europeens-repartent-a-la-hausse-le-cac-40-en-tete\/1287032.html\" title=\"Les march\u00e9s europ\u00e9ens repartent \u00e0 la hausse, le CAC 40 en t\u00eate\" rel=\"nofollow noopener\" target=\"_blank\">&gt;&gt; Les march\u00e9s europ\u00e9ens repartent \u00e0 la hausse, le CAC 40 en t\u00eate<\/a><\/p>\n<tr>\n<td class=\"pic\"><img decoding=\"async\" class=\"lazyload\" src=\"https:\/\/www.europesays.com\/fr\/wp-content\/uploads\/2025\/07\/151009-field_media_image-2941953-51ac9a62d7816913be1cf715b8b7ca8a57a1a776.webp.webp\" alt=\"\"\/><\/td>\n<\/tr>\n<tr>\n<td class=\"caption\">Des cours de la Bourse de Paris affich\u00e9s dans le b\u00e2timent d&rsquo;Euronext \u00e0 La D\u00e9fense, le quartier d&rsquo;affaires de Paris, le 10 mai 2024.\u00a0<\/td>\n<\/tr>\n<tr align=\"right\">\n<td class=\"author\">Photo : AFP\/VNA\/CVN<\/td>\n<\/tr>\n<p style=\"text-align:left\">Selon Nicolas Budin, responsable gestion actions chez Myria AM, la hausse des march\u00e9s est soutenue par des r\u00e9sultats d\u2019entreprises solides et des indicateurs \u00e9conomiques positifs, malgr\u00e9 les tensions commerciales et les droits de douane instaur\u00e9s sous l\u2019\u00e8re Trump.<\/p>\n<p style=\"text-align:left\">Les investisseurs ont salu\u00e9 la baisse des nouvelles demandes d\u2019allocations ch\u00f4mage aux \u00c9tats-Unis, tomb\u00e9es \u00e0 221.000, en dessous des attentes. Par ailleurs, les ventes au d\u00e9tail ont augment\u00e9 de 0,6% en juin, atteignant 720,1 milliards de dollars, tir\u00e9es par l\u2019automobile, le b\u00e2timent et les achats en boutique. Sur un an, elles progressent de 3,9%. Ces donn\u00e9es sugg\u00e8rent que les craintes li\u00e9es aux droits de douane sur la consommation ne se mat\u00e9rialisent pas pour l\u2019instant.<\/p>\n<p style=\"text-align:left\">Toutefois, selon Budin, cette r\u00e9silience s\u2019explique en partie par des achats anticip\u00e9s des entreprises, qui ont ajust\u00e9 leurs cha\u00eenes avant l\u2019imposition des taxes potentielles.<\/p>\n<p style=\"text-align:left\">C\u00f4t\u00e9 entreprises, Legrand a relev\u00e9 ses pr\u00e9visions de chiffre d\u2019affaires 2025, tablant d\u00e9sormais sur une croissance de 10 \u00e0 12%. Son titre a bondi de 8,96%, \u00e0 121,55 euros. Cette performance a tir\u00e9 Schneider Electric, autre g\u00e9ant du secteur, qui a gagn\u00e9 7,73%, \u00e0 239,75 euros.<\/p>\n<p style=\"text-align:left\">La dynamique s\u2019appuie aussi sur les r\u00e9sultats meilleurs que pr\u00e9vu du conglom\u00e9rat industriel ABB, qui a vu ses commandes augmenter de 16% au deuxi\u00e8me trimestre, \u00e0 pr\u00e8s de 9,8 milliards de dollars. ABB produit notamment des bornes de recharge pour v\u00e9hicules \u00e9lectriques et des \u00e9quipements ferroviaires.<\/p>\n<p style=\"text-align:left\">En revanche, le groupe Publicis, acteur majeur de la communication, a adopt\u00e9 un ton plus prudent. Malgr\u00e9 une l\u00e9g\u00e8re r\u00e9vision \u00e0 la hausse de ses pr\u00e9visions de croissance organique pour 2025 (pr\u00e8s de 5%), son action a chut\u00e9 de 6,65%, \u00e0 83,90 euros, apr\u00e8s une ouverture en hausse. Depuis le d\u00e9but de l\u2019ann\u00e9e, le titre a perdu plus de 18%.<\/p>\n<p style=\"text-align:left\">La Bourse de Paris a retrouv\u00e9 des couleurs gr\u00e2ce \u00e0 des donn\u00e9es am\u00e9ricaines rassurantes et de bons r\u00e9sultats d\u2019entreprises, malgr\u00e9 quelques r\u00e9serves sur certains secteurs.<\/p>\n<p style=\"text-align:right\"><b>AFP\/VNA\/CVN<\/b><\/p>\n","protected":false},"excerpt":{"rendered":"&#13; La Bourse de Paris bondit, port\u00e9e par des donn\u00e9es rassurantes sur l&rsquo;\u00e9conomie am\u00e9ricaine&#13; Jeudi 17 juillet, la&hellip;\n","protected":false},"author":2,"featured_media":255940,"comment_status":"","ping_status":"","sticky":false,"template":"","format":"standard","meta":{"footnotes":""},"categories":[1888],"tags":[11,398,33,1777,674,1011,27,12,626,35223,25],"class_list":{"0":"post-255939","1":"post","2":"type-post","3":"status-publish","4":"format-standard","5":"has-post-thumbnail","7":"category-paris","8":"tag-actualites","9":"tag-bourse-de-paris","10":"tag-economie","11":"tag-eu","12":"tag-europe","13":"tag-fr","14":"tag-france","15":"tag-news","16":"tag-paris","17":"tag-publicis","18":"tag-republique-francaise"},"share_on_mastodon":{"url":"https:\/\/pubeurope.com\/@fr\/114873347865505637","error":""},"_links":{"self":[{"href":"https:\/\/www.europesays.com\/fr\/wp-json\/wp\/v2\/posts\/255939","targetHints":{"allow":["GET"]}}],"collection":[{"href":"https:\/\/www.europesays.com\/fr\/wp-json\/wp\/v2\/posts"}],"about":[{"href":"https:\/\/www.europesays.com\/fr\/wp-json\/wp\/v2\/types\/post"}],"author":[{"embeddable":true,"href":"https:\/\/www.europesays.com\/fr\/wp-json\/wp\/v2\/users\/2"}],"replies":[{"embeddable":true,"href":"https:\/\/www.europesays.com\/fr\/wp-json\/wp\/v2\/comments?post=255939"}],"version-history":[{"count":0,"href":"https:\/\/www.europesays.com\/fr\/wp-json\/wp\/v2\/posts\/255939\/revisions"}],"wp:featuredmedia":[{"embeddable":true,"href":"https:\/\/www.europesays.com\/fr\/wp-json\/wp\/v2\/media\/255940"}],"wp:attachment":[{"href":"https:\/\/www.europesays.com\/fr\/wp-json\/wp\/v2\/media?parent=255939"}],"wp:term":[{"taxonomy":"category","embeddable":true,"href":"https:\/\/www.europesays.com\/fr\/wp-json\/wp\/v2\/categories?post=255939"},{"taxonomy":"post_tag","embeddable":true,"href":"https:\/\/www.europesays.com\/fr\/wp-json\/wp\/v2\/tags?post=255939"}],"curies":[{"name":"wp","href":"https:\/\/api.w.org\/{rel}","templated":true}]}}