{"id":255943,"date":"2025-07-18T08:43:11","date_gmt":"2025-07-18T08:43:11","guid":{"rendered":"https:\/\/www.europesays.com\/fr\/255943\/"},"modified":"2025-07-18T08:43:11","modified_gmt":"2025-07-18T08:43:11","slug":"guerre-en-ukraine-les-actifs-russes-geles-chez-euroclear-ont-genere-22-de-recettes-fiscales-en-moins","status":"publish","type":"post","link":"https:\/\/www.europesays.com\/fr\/255943\/","title":{"rendered":"Guerre en Ukraine : les actifs russes gel\u00e9s chez Euroclear ont g\u00e9n\u00e9r\u00e9 22% de recettes fiscales en moins"},"content":{"rendered":"<p class=\"ap-StoryElement ap-StoryElement--mb js-paywall-target ap-StoryText\">La majeure partie de ces revenus est vers\u00e9e sous forme de \u00ab\u00a0contribution aux b\u00e9n\u00e9fices\u00a0\u00bb \u00e0 l&rsquo;Union europ\u00e9enne, qui utilise cet argent pour soutenir l&rsquo;Ukraine. Pour le premier semestre 2025, Euroclear pr\u00e9voit d&rsquo;allouer 1,8 milliard d&rsquo;euros \u00e0 cet effet, dont 1,6 milliard seront vers\u00e9s ce mois-ci.<\/p>\n<p><a href=\"https:\/\/www.lalibre.be\/international\/europe\/2025\/05\/14\/le-royaume-uni-sinteresse-de-pres-aux-actifs-russes-geles-en-belgique-J7YFR7SQVREOVNSR4UA7POL4B4\/\" target=\"_blank\" rel=\"noopener noreferrer\" class=\"ap-StoryInterstitialLink ap-StoryElement ap-StoryElement--mb\">Le Royaume-Uni s&rsquo;int\u00e9resse de pr\u00e8s aux actifs russes gel\u00e9s en Belgique<\/a><\/p>\n<p class=\"ap-StoryElement ap-StoryElement--mb ap-StoryText\">Environ 802 millions d&rsquo;euros des revenus issus des avoirs russes restent en tant que b\u00e9n\u00e9fice op\u00e9rationnel inscrits au bilan d&rsquo;Euroclear. Sur ce montant, l&rsquo;entreprise paie 650 millions d&rsquo;euros d&rsquo;imp\u00f4ts. Au premier semestre de l&rsquo;ann\u00e9e derni\u00e8re, 836 millions d&rsquo;euros avaient \u00e9t\u00e9 vers\u00e9s dans les caisses de l&rsquo;\u00c9tat.<\/p>\n<p class=\"ap-StoryElement ap-StoryElement--mb ap-StoryText\">Euroclear accumule ce qui reste pour faire face aux \u00ab\u00a0risques actuels et futurs\u00a0\u00bb. La soci\u00e9t\u00e9 fait l&rsquo;objet de nombreuses poursuites devant les tribunaux russes. \u00ab\u00a0La probabilit\u00e9 de d\u00e9cisions d\u00e9favorables dans les tribunaux russes est \u00e9lev\u00e9e, car la Russie ne reconna\u00eet pas les sanctions internationales\u00a0\u00bb, indique Euroclear.<\/p>\n","protected":false},"excerpt":{"rendered":"La majeure partie de ces revenus est vers\u00e9e sous forme de \u00ab\u00a0contribution aux b\u00e9n\u00e9fices\u00a0\u00bb \u00e0 l&rsquo;Union europ\u00e9enne, qui&hellip;\n","protected":false},"author":2,"featured_media":255944,"comment_status":"","ping_status":"","sticky":false,"template":"","format":"standard","meta":{"footnotes":""},"categories":[1590],"tags":[11,4282,2120,313,1777,674,9467,1146,12,132,1778,220],"class_list":{"0":"post-255943","1":"post","2":"type-post","3":"status-publish","4":"format-standard","5":"has-post-thumbnail","7":"category-ukraine","8":"tag-actualites","9":"tag-banques","10":"tag-conflit","11":"tag-entreprises","12":"tag-eu","13":"tag-europe","14":"tag-finances","15":"tag-guerre","16":"tag-news","17":"tag-russie","18":"tag-ue","19":"tag-ukraine"},"share_on_mastodon":{"url":"https:\/\/pubeurope.com\/@fr\/114873355685281563","error":""},"_links":{"self":[{"href":"https:\/\/www.europesays.com\/fr\/wp-json\/wp\/v2\/posts\/255943","targetHints":{"allow":["GET"]}}],"collection":[{"href":"https:\/\/www.europesays.com\/fr\/wp-json\/wp\/v2\/posts"}],"about":[{"href":"https:\/\/www.europesays.com\/fr\/wp-json\/wp\/v2\/types\/post"}],"author":[{"embeddable":true,"href":"https:\/\/www.europesays.com\/fr\/wp-json\/wp\/v2\/users\/2"}],"replies":[{"embeddable":true,"href":"https:\/\/www.europesays.com\/fr\/wp-json\/wp\/v2\/comments?post=255943"}],"version-history":[{"count":0,"href":"https:\/\/www.europesays.com\/fr\/wp-json\/wp\/v2\/posts\/255943\/revisions"}],"wp:featuredmedia":[{"embeddable":true,"href":"https:\/\/www.europesays.com\/fr\/wp-json\/wp\/v2\/media\/255944"}],"wp:attachment":[{"href":"https:\/\/www.europesays.com\/fr\/wp-json\/wp\/v2\/media?parent=255943"}],"wp:term":[{"taxonomy":"category","embeddable":true,"href":"https:\/\/www.europesays.com\/fr\/wp-json\/wp\/v2\/categories?post=255943"},{"taxonomy":"post_tag","embeddable":true,"href":"https:\/\/www.europesays.com\/fr\/wp-json\/wp\/v2\/tags?post=255943"}],"curies":[{"name":"wp","href":"https:\/\/api.w.org\/{rel}","templated":true}]}}