{"id":255949,"date":"2025-07-18T08:46:13","date_gmt":"2025-07-18T08:46:13","guid":{"rendered":"https:\/\/www.europesays.com\/fr\/255949\/"},"modified":"2025-07-18T08:46:13","modified_gmt":"2025-07-18T08:46:13","slug":"lallemagne-expulse-81-condamnes-afghans-vers-leur-pays-dorigine","status":"publish","type":"post","link":"https:\/\/www.europesays.com\/fr\/255949\/","title":{"rendered":"L\u2019Allemagne expulse 81 condamn\u00e9s afghans vers leur pays d\u2019origine"},"content":{"rendered":"<p>Le gouvernement allemand a annonc\u00e9 ce vendredi 18\u00a0juillet avoir expuls\u00e9 81 exil\u00e9s afghans condamn\u00e9s par la justice, la seconde op\u00e9ration de ce type depuis l\u2019\u00e9t\u00e9 dernier, alors que <a href=\"https:\/\/www.laprovence.com\/article\/france-monde\/31122921951362\/migration-londres-et-berlin-saccordent-pour-sevir-contre-les-passeurs\" target=\"_blank\" rel=\"nofollow noopener\">Berlin<\/a> affiche sa volont\u00e9 de durcir sa politique migratoire.<\/p>\n<p>\u00ab\u00a0Un vol d\u2019expulsion vient de d\u00e9coller \u00e0 destination de l\u2019Afghanistan\u00a0\u00bb, a annonc\u00e9 le ministre de l\u2019Int\u00e9rieur, Alexander Dobrindt. Les expuls\u00e9s sont des \u00ab\u00a0hommes afghans soumis \u00e0 une d\u00e9cision d\u2019expulsion et qui ont d\u00e9j\u00e0 \u00e9t\u00e9 condamn\u00e9s par la justice p\u00e9nale\u00a0\u00bb, pr\u00e9cise un communiqu\u00e9 du minist\u00e8re.<\/p>\n<p>Les expulsions vers <a href=\"https:\/\/www.laprovence.com\/article\/france-monde\/29069806578764\/les-consequences-en-cascade-des-coupes-de-laide-internationale-americaine\" target=\"_blank\" rel=\"nofollow noopener\">l\u2019Afghanistan<\/a> sont controvers\u00e9es en raison du retour au pouvoir dans ce pays des talibans en ao\u00fbt\u00a02021, autorit\u00e9 que le gouvernement allemand ne reconna\u00eet pas et avec laquelle il n\u2019entretient pas de relations diplomatiques. Les talibans affichant ouvertement leur hostilit\u00e9 \u00e0 l\u2019Occident, le retour en Afghanistan de ressortissants partis vivre en Europe pourrait pr\u00e9senter un danger pour leur s\u00e9curit\u00e9.<\/p>\n<p>Un durcissement de la politique migratoire allemande<\/p>\n<p>Le gouvernement du chancelier Friedrich Merz, en fonction depuis mai, veut renvoyer vers leur pays des demandeurs d\u2019asile afghans coupables de crimes en Allemagne. Le pr\u00e9c\u00e9dent gouvernement dirig\u00e9 par le social-d\u00e9mocrate Olaf Scholz avait d\u00e9j\u00e0 expuls\u00e9, le 30\u00a0ao\u00fbt\u00a02024, un groupe de 28 Afghans condamn\u00e9s pour crimes, une premi\u00e8re depuis le retour au pouvoir des talibans. L\u2019op\u00e9ration men\u00e9e vendredi s\u2019est d\u00e9roul\u00e9e avec l\u2019entremise du Qatar, a pr\u00e9cis\u00e9 le minist\u00e8re de l\u2019Int\u00e9rieur.<\/p>\n<p>Mais Berlin avait indiqu\u00e9 r\u00e9cemment envisager de n\u00e9gocier directement avec les autorit\u00e9s talibanes pour faciliter l\u2019expulsion de demandeurs d\u2019asile afghans. Ces expulsions \u00ab\u00a0doivent pouvoir se poursuivre \u00e0 l\u2019avenir. Les auteurs d\u2019infractions graves n\u2019ont pas le droit de s\u00e9journer dans notre pays\u00a0\u00bb, affirme le minist\u00e8re allemand dans son communiqu\u00e9.<\/p>\n<p><a href=\"https:\/\/www.laprovence.com\/article\/france-monde\/1145715358063415\/la-famille-dun-jeune-franco-allemand-detenu-en-iran-clame-son-innocence\" target=\"_blank\" rel=\"nofollow noopener\">L\u2019Allemagne<\/a> souhaite \u00e9galement revoir ses pratiques concernant les ressortissants syriens alors que la Syrie \u00e9tait jusqu\u2019\u00e0 pr\u00e9sent consid\u00e9r\u00e9e comme trop dangereuse pour autoriser des renvois et qu\u2019il n\u2019existait pas de relations diplomatiques avec le r\u00e9gime de l\u2019ancien dirigeant Bachar al-Assad.<\/p>\n","protected":false},"excerpt":{"rendered":"Le gouvernement allemand a annonc\u00e9 ce vendredi 18\u00a0juillet avoir expuls\u00e9 81 exil\u00e9s afghans condamn\u00e9s par la justice, la&hellip;\n","protected":false},"author":2,"featured_media":255950,"comment_status":"","ping_status":"","sticky":false,"template":"","format":"standard","meta":{"footnotes":""},"categories":[1587],"tags":[17,11,39289,672,1804,16087,1805,1803,1777,674,26551,1801,3442,3289,12,5457,1802,104,13703],"class_list":{"0":"post-255949","1":"post","2":"type-post","3":"status-publish","4":"format-standard","5":"has-post-thumbnail","7":"category-allemagne","8":"tag-17","9":"tag-actualites","10":"tag-afghans","11":"tag-allemagne","12":"tag-bundesrepublik-deutschland","13":"tag-condamnes","14":"tag-de","15":"tag-deutschland","16":"tag-eu","17":"tag-europe","18":"tag-expulse","19":"tag-germany","20":"tag-lallemagne","21":"tag-leur","22":"tag-news","23":"tag-pays","24":"tag-republique-federale-dallemagne","25":"tag-societe","26":"tag-vers"},"share_on_mastodon":{"url":"https:\/\/pubeurope.com\/@fr\/114873367458834551","error":""},"_links":{"self":[{"href":"https:\/\/www.europesays.com\/fr\/wp-json\/wp\/v2\/posts\/255949","targetHints":{"allow":["GET"]}}],"collection":[{"href":"https:\/\/www.europesays.com\/fr\/wp-json\/wp\/v2\/posts"}],"about":[{"href":"https:\/\/www.europesays.com\/fr\/wp-json\/wp\/v2\/types\/post"}],"author":[{"embeddable":true,"href":"https:\/\/www.europesays.com\/fr\/wp-json\/wp\/v2\/users\/2"}],"replies":[{"embeddable":true,"href":"https:\/\/www.europesays.com\/fr\/wp-json\/wp\/v2\/comments?post=255949"}],"version-history":[{"count":0,"href":"https:\/\/www.europesays.com\/fr\/wp-json\/wp\/v2\/posts\/255949\/revisions"}],"wp:featuredmedia":[{"embeddable":true,"href":"https:\/\/www.europesays.com\/fr\/wp-json\/wp\/v2\/media\/255950"}],"wp:attachment":[{"href":"https:\/\/www.europesays.com\/fr\/wp-json\/wp\/v2\/media?parent=255949"}],"wp:term":[{"taxonomy":"category","embeddable":true,"href":"https:\/\/www.europesays.com\/fr\/wp-json\/wp\/v2\/categories?post=255949"},{"taxonomy":"post_tag","embeddable":true,"href":"https:\/\/www.europesays.com\/fr\/wp-json\/wp\/v2\/tags?post=255949"}],"curies":[{"name":"wp","href":"https:\/\/api.w.org\/{rel}","templated":true}]}}