{"id":255953,"date":"2025-07-18T08:48:10","date_gmt":"2025-07-18T08:48:10","guid":{"rendered":"https:\/\/www.europesays.com\/fr\/255953\/"},"modified":"2025-07-18T08:48:10","modified_gmt":"2025-07-18T08:48:10","slug":"plus-dentreprises-europeennes-sont-sous-pression-operationnelle-et-financiere","status":"publish","type":"post","link":"https:\/\/www.europesays.com\/fr\/255953\/","title":{"rendered":"Plus d&rsquo;entreprises europ\u00e9ennes sont sous pression op\u00e9rationnelle et financi\u00e8re"},"content":{"rendered":"<p>Les mauvaises nouvelles passent mieux quand on les annonce d&#8217;embl\u00e9e. Dans le cadre de la sant\u00e9 financi\u00e8re des entreprises europ\u00e9ennes, en 2024 et courant 2025, inutile de d\u00e9tourner le regard. \u00ab\u00a0La situation est inqui\u00e9tante \u00bb, estime Maxime Zarka, associ\u00e9 au Boston Consulting Group (BCG) et \u00e0 la t\u00eate de la practice fran\u00e7aise \u00ab Transform &amp; Special Situations \u00bb, qui traite avec les entreprises en proc\u00e9dure collective.<\/p>\n<p>Tous les ans, le BCG prend la temp\u00e9rature des entreprises europ\u00e9ennes en difficult\u00e9. La sant\u00e9 du bilan et la performance de pr\u00e8s de 2 000\u00a0ETI et grands groupes sont scrut\u00e9es avec attention.<\/p>\n<p>Selon la m\u00e9thodologie du cabinet de conseil, qui se penche sur une douzaine d&rsquo;indicateurs financiers et op\u00e9rationnels, pr\u00e8s de 6,3 % des entreprises europ\u00e9ennes font face \u00e0 d&rsquo;\u00e9normes pressions de restructuration en 2025. Sous-capitalis\u00e9es, sous-performantes, elles sont menac\u00e9es d&rsquo;extinction si elles ne se transforment pas. C&rsquo;est 0,4\u00a0point de plus qu&rsquo;en 2024, et 1\u00a0point de plus qu&rsquo;en 2023. Selon l&rsquo;\u00e9tude, cela repr\u00e9sente pr\u00e8s de 3,6\u00a0millions d&#8217;emplois, fragilis\u00e9s par la mauvaise sant\u00e9 financi\u00e8re de leurs employeurs, et pr\u00e8s de 317\u00a0milliards de dollars de produit int\u00e9rieur brut \u00e0 l&rsquo;\u00e9chelle europ\u00e9enne.<\/p>\n","protected":false},"excerpt":{"rendered":"Les mauvaises nouvelles passent mieux quand on les annonce d&#8217;embl\u00e9e. Dans le cadre de la sant\u00e9 financi\u00e8re des&hellip;\n","protected":false},"author":2,"featured_media":255954,"comment_status":"","ping_status":"","sticky":false,"template":"","format":"standard","meta":{"footnotes":""},"categories":[1586],"tags":[17,11,39599,33,1777,674,1779,5739,1011,27,12,39600,378,14363,25,3333,3107,1778,364],"class_list":{"0":"post-255953","1":"post","2":"type-post","3":"status-publish","4":"format-standard","5":"has-post-thumbnail","7":"category-europe","8":"tag-17","9":"tag-actualites","10":"tag-dentreprises","11":"tag-economie","12":"tag-eu","13":"tag-europe","14":"tag-european-union","15":"tag-europeennes","16":"tag-fr","17":"tag-france","18":"tag-news","19":"tag-operationnelle","20":"tag-plus","21":"tag-pression","22":"tag-republique-francaise","23":"tag-sont","24":"tag-sous","25":"tag-ue","26":"tag-union-europeenne"},"share_on_mastodon":{"url":"https:\/\/pubeurope.com\/@fr\/114873375380207806","error":""},"_links":{"self":[{"href":"https:\/\/www.europesays.com\/fr\/wp-json\/wp\/v2\/posts\/255953","targetHints":{"allow":["GET"]}}],"collection":[{"href":"https:\/\/www.europesays.com\/fr\/wp-json\/wp\/v2\/posts"}],"about":[{"href":"https:\/\/www.europesays.com\/fr\/wp-json\/wp\/v2\/types\/post"}],"author":[{"embeddable":true,"href":"https:\/\/www.europesays.com\/fr\/wp-json\/wp\/v2\/users\/2"}],"replies":[{"embeddable":true,"href":"https:\/\/www.europesays.com\/fr\/wp-json\/wp\/v2\/comments?post=255953"}],"version-history":[{"count":0,"href":"https:\/\/www.europesays.com\/fr\/wp-json\/wp\/v2\/posts\/255953\/revisions"}],"wp:featuredmedia":[{"embeddable":true,"href":"https:\/\/www.europesays.com\/fr\/wp-json\/wp\/v2\/media\/255954"}],"wp:attachment":[{"href":"https:\/\/www.europesays.com\/fr\/wp-json\/wp\/v2\/media?parent=255953"}],"wp:term":[{"taxonomy":"category","embeddable":true,"href":"https:\/\/www.europesays.com\/fr\/wp-json\/wp\/v2\/categories?post=255953"},{"taxonomy":"post_tag","embeddable":true,"href":"https:\/\/www.europesays.com\/fr\/wp-json\/wp\/v2\/tags?post=255953"}],"curies":[{"name":"wp","href":"https:\/\/api.w.org\/{rel}","templated":true}]}}