{"id":255961,"date":"2025-07-18T08:52:14","date_gmt":"2025-07-18T08:52:14","guid":{"rendered":"https:\/\/www.europesays.com\/fr\/255961\/"},"modified":"2025-07-18T08:52:14","modified_gmt":"2025-07-18T08:52:14","slug":"succes-populaire-et-sportif-au-grand-prix-de-lannemezan","status":"publish","type":"post","link":"https:\/\/www.europesays.com\/fr\/255961\/","title":{"rendered":"Succ\u00e8s populaire et sportif au Grand Prix de Lannemezan"},"content":{"rendered":"<p>\n                                                                    l&rsquo;essentiel<br \/>\n                                                                Une vue imprenable sur les Pyr\u00e9n\u00e9es, un parcours somptueux et des rendez-vous sportifs et festifs, le golf de Lannemezan a encore fait le plein.\n                            <\/p>\n<p data-end=\"255\" data-start=\"196\">Le Grand Prix de la Ville de Lannemezan, rendez-vous phare du calendrier golfique local, a une nouvelle fois r\u00e9uni une foule nombreuse sur les greens du club embl\u00e9matique du Plateau. L\u2019\u00e9v\u00e9nement, \u00e0 la fois convivial et comp\u00e9titif, a accueilli plus de 70 joueurs venus de toute la r\u00e9gion, ainsi que de nombreux partenaires et personnalit\u00e9s.<\/p>\n<p data-end=\"935\" data-start=\"598\">La ville de Lannemezan, partenaire historique du club, \u00e9tait repr\u00e9sent\u00e9e par son maire Bernard Plano, accompagn\u00e9 de son adjoint aux sports et aux associations, Jean-Marie Da Benta. Parmi les invit\u00e9s d\u2019honneur figurait \u00e9galement Pierre Berbizier, parrain de l\u2019\u00e9cole de golf, qui a salu\u00e9 l\u2019ambiance chaleureuse et festive de cette journ\u00e9e.<\/p>\n<p data-end=\"1365\" data-start=\"937\">\u00ab\u00a0C\u2019\u00e9tait un beau moment\u00a0\u00bb, confie Val\u00e9rie Lasserre, directrice adjointe du site. \u00ab\u00a0Nous avions \u00e0 nos c\u00f4t\u00e9s la ville, notre principal partenaire, ainsi que Laurent Dambax, qui a su mobiliser 74 partenaires, notamment locaux. Leur soutien est essentiel pour faire vivre ce type de manifestation.\u00a0\u00bb Plus qu\u2019un simple tournoi, l\u2019\u00e9v\u00e9nement s\u2019est transform\u00e9 en v\u00e9ritable f\u00eate du golf, rassemblant sportifs aguerris et passionn\u00e9s curieux.<\/p>\n<p data-end=\"1700\" data-start=\"1367\">C\u00f4t\u00e9 palmar\u00e8s, en premi\u00e8re s\u00e9rie hommes, Jean-Baptiste Almandoz s\u2019est impos\u00e9 en 1er Brut, tandis que Bernard Corchia s\u2019est distingu\u00e9 en 1er Net. En deuxi\u00e8me s\u00e9rie, les victoires sont revenues \u00e0 Serge Tapias (1er Brut) et Olivier Amalric (Net). Chez les dames, In\u00e8s Porfirio-Gelamur a remport\u00e9 le 1er Brut, et Babita Isaac le 1er Net.<\/p>\n<p>Samedi, c\u2019est la Coupe des Artisans<\/p>\n<p data-end=\"2104\" data-start=\"1702\">Port\u00e9 par cet \u00e9lan collectif, le club se tourne d\u00e9j\u00e0 vers son prochain grand rendez-vous\u00a0: la Coupe des Artisans, pr\u00e9vue ce samedi 19\u00a0juillet. \u00ab\u00a0C\u2019est organis\u00e9 pour les artisans, comme son nom l\u2019indique\u00a0\u00bb, explique Val\u00e9rie Lasserre. \u00ab\u00a0Ils viennent de Luchon, mais aussi d\u2019un large secteur alentour, \u00e0 l\u2019initiative de Jean-Baptiste Almandoz. Plus de 130 joueurs sont attendus, certains venant de Biarritz.\u00a0\u00bb<\/p>\n<p data-end=\"2368\" data-start=\"2106\">L\u2019\u00e9t\u00e9 s\u2019annonce donc anim\u00e9 \u00e0 Lannemezan, avec des comp\u00e9titions tous les week-ends et une ambiance toujours aussi accueillante. Le parcours, labellis\u00e9 et parfaitement entretenu, s\u00e9duit tant les golfeurs chevronn\u00e9s que les n\u00e9ophytes en qu\u00eate d\u2019un moment agr\u00e9able.<\/p>\n<p data-end=\"2496\" data-start=\"2370\">N\u2019h\u00e9sitez pas \u00e0 venir d\u00e9couvrir ce lieu unique, o\u00f9 sport, nature et convivialit\u00e9 se conjuguent pour offrir de belles \u00e9motions.<\/p>\n","protected":false},"excerpt":{"rendered":"l&rsquo;essentiel Une vue imprenable sur les Pyr\u00e9n\u00e9es, un parcours somptueux et des rendez-vous sportifs et festifs, le golf&hellip;\n","protected":false},"author":2,"featured_media":255962,"comment_status":"","ping_status":"","sticky":false,"template":"","format":"standard","meta":{"footnotes":""},"categories":[1418],"tags":[1011,27,1472,60],"class_list":{"0":"post-255961","1":"post","2":"type-post","3":"status-publish","4":"format-standard","5":"has-post-thumbnail","7":"category-golf","8":"tag-fr","9":"tag-france","10":"tag-golf","11":"tag-sports"},"share_on_mastodon":{"url":"https:\/\/pubeurope.com\/@fr\/114873391004382503","error":""},"_links":{"self":[{"href":"https:\/\/www.europesays.com\/fr\/wp-json\/wp\/v2\/posts\/255961","targetHints":{"allow":["GET"]}}],"collection":[{"href":"https:\/\/www.europesays.com\/fr\/wp-json\/wp\/v2\/posts"}],"about":[{"href":"https:\/\/www.europesays.com\/fr\/wp-json\/wp\/v2\/types\/post"}],"author":[{"embeddable":true,"href":"https:\/\/www.europesays.com\/fr\/wp-json\/wp\/v2\/users\/2"}],"replies":[{"embeddable":true,"href":"https:\/\/www.europesays.com\/fr\/wp-json\/wp\/v2\/comments?post=255961"}],"version-history":[{"count":0,"href":"https:\/\/www.europesays.com\/fr\/wp-json\/wp\/v2\/posts\/255961\/revisions"}],"wp:featuredmedia":[{"embeddable":true,"href":"https:\/\/www.europesays.com\/fr\/wp-json\/wp\/v2\/media\/255962"}],"wp:attachment":[{"href":"https:\/\/www.europesays.com\/fr\/wp-json\/wp\/v2\/media?parent=255961"}],"wp:term":[{"taxonomy":"category","embeddable":true,"href":"https:\/\/www.europesays.com\/fr\/wp-json\/wp\/v2\/categories?post=255961"},{"taxonomy":"post_tag","embeddable":true,"href":"https:\/\/www.europesays.com\/fr\/wp-json\/wp\/v2\/tags?post=255961"}],"curies":[{"name":"wp","href":"https:\/\/api.w.org\/{rel}","templated":true}]}}