{"id":255963,"date":"2025-07-18T08:54:09","date_gmt":"2025-07-18T08:54:09","guid":{"rendered":"https:\/\/www.europesays.com\/fr\/255963\/"},"modified":"2025-07-18T08:54:09","modified_gmt":"2025-07-18T08:54:09","slug":"codorniou-revient-sur-la-premiere-victoire-du-xv-de-france-en-nouvelle-zelande","status":"publish","type":"post","link":"https:\/\/www.europesays.com\/fr\/255963\/","title":{"rendered":"Codorniou revient sur la premi\u00e8re victoire du XV de France en Nouvelle-Z\u00e9lande"},"content":{"rendered":"<p>Le 14 juillet 1979, l\u2019\u00e9quipe de France de rugby s\u2019imposait pour la premi\u00e8re fois en Nouvelle-Z\u00e9lande. Didier Codorniou \u00e9tait de la partie. Pour Le Figaro, il se rem\u00e9more ce moment fabuleux.<\/p>\n<p class=\"fig-paragraph\">Les victoires du\u00a0<a href=\"http:\/\/www.lefigaro.fr\/sports\/rugby\/xv-de-france\/xv-de-france-slimani-de-retour-barre-enchaine-hastoy-a-la-baguette-la-composition-des-bleus-face-aux-all-blacks-20250717\" data-fig-type=\"NewsFlash\" data-gtm-custom-categorie=\"navigation\" data-gtm-custom-action=\"crossclick\" data-gtm-custom-label=\"Contextuel\" data-gtm-event=\"customEventSPE\" data-fig-domain=\"LEFIGARO\" target=\"_blank\" rel=\"noopener\">XV de France<\/a>\u00a0en\u00a0<a href=\"https:\/\/www.lefigaro.fr\/sports\/rugby\/coupe-du-monde\/les-all-blacks-mon-ideal-de-jeu-confessions-d-andre-boniface-legende-du-xv-de-france-20230927\" data-fig-type=\"Article\" data-gtm-custom-categorie=\"navigation\" data-gtm-custom-action=\"crossclick\" data-gtm-custom-label=\"Contextuel\" data-gtm-event=\"customEventSPE\" data-fig-domain=\"LEFIGARO\" target=\"_blank\" rel=\"noopener\">Nouvelle-Z\u00e9lande<\/a>\u00a0se comptent sur les doigts d\u2019une main. A quatre reprises, les Bleus sont parvenus \u00e0 battre les fameux et redoutables All Blacks (14 juillet 1979, 26 juin et 3 juillet 1994, 13 juin 2009). Ceux qui n\u2019ont pas invent\u00e9 ce jeu mais qui l\u2019ont r\u00e9invent\u00e9.\u00a0<a href=\"https:\/\/www.lefigaro.fr\/politique\/2017\/12\/20\/01002-20171220ARTFIG00231-didier-codorniou-d-une-melee-l-autre.php\" data-fig-type=\"Article\" data-gtm-custom-categorie=\"navigation\" data-gtm-custom-action=\"crossclick\" data-gtm-custom-label=\"Contextuel\" data-gtm-event=\"customEventSPE\" data-fig-domain=\"LEFIGARO\" target=\"_blank\" rel=\"noopener\">Didier Codorniou<\/a>, surnomm\u00e9 le \u00abPetit Prince\u00bb, faisait partie de la premi\u00e8re \u00e9quipe \u00e0 battre les hommes \u00e0 la foug\u00e8re argent\u00e9e sur leur terre (19-24). Alors \u00e2g\u00e9 de 21 ans, le trois-quarts centre se rem\u00e9more pour Le Figaro ce souvenir fabuleux. Non sans \u00e9motion.<\/p>\n<p class=\"fig-paragraph\"><strong>LE FIGARO. &#8211; Que vous reste-t-il de ce premier succ\u00e8s fran\u00e7ais en Nouvelle-Z\u00e9lande\u00a0?<\/strong><br \/><strong>Didier Codorniou\u00a0:<\/strong> Le 14 juillet 1979 est une date bien ancr\u00e9e dans ma m\u00e9moire. \u00c0 tel point qu\u2019en tant qu\u2019\u00e9lu local, je n\u2019oublie pas de mentionner cette date \u00e0 la fin de mes interventions. Il me reste des souvenirs incroyables avec cette \u00e9quipe rajeunie. Nous \u00e9tions des jeunes de 20 ou 21 ans pour la plupart. On partait \u00e0 l\u2019aventure pour une longue tourn\u00e9e d\u2019un mois et demi. Ce fut merveilleux.<\/p>\n<p>                                    <a class=\"fig-a11y-skip a11y-hidden\" href=\"#fig-a11y-skip-main-inarticle\"><br \/>\n        Passer la publicit\u00e9<br \/>\n    <\/a><\/p>\n<p class=\"fig-paragraph\"><strong>Vous souvenez-vous de l\u2019avant-match\u00a0?<\/strong><br \/>Je me souviens de la pression qu\u2019on avait eue entre le premier test-match \u00e0 Christchurch, o\u00f9 on avait nettement perdu (23-9), et la semaine qui en avait d\u00e9coul\u00e9.\u00a0<a href=\"http:\/\/www.lefigaro.fr\/sports\/rugby\/jean-pierre-rives-l-art-d-etre-heureux-20230331\" data-fig-type=\"Article\" data-gtm-custom-categorie=\"navigation\" data-gtm-custom-action=\"crossclick\" data-gtm-custom-label=\"Contextuel\" data-gtm-event=\"customEventSPE\" data-fig-domain=\"LEFIGARO\" target=\"_blank\" rel=\"noopener\">Jean-Pierre Rives<\/a>\u00a0n\u2019\u00e9tait pas tr\u00e8s bavard. Mais on sentait qu\u2019il \u00e9tait en col\u00e8re. On avait fait bloc autour de lui. En termes de coh\u00e9sion, c\u2019\u00e9tait fantastique. On \u00e9tait d\u00e9termin\u00e9. J\u2019ai le souvenir qu\u2019on avait pass\u00e9 une semaine intense, avec beaucoup de pression. On voulait essayer de faire un truc et on l\u2019a fait.<\/p>\n<p class=\"fig-paragraph\"><strong>Aviez-vous senti de la m\u00e9fiance dans les yeux des N\u00e9o-Z\u00e9landais\u00a0?<\/strong><br \/>En premi\u00e8re p\u00e9riode, les N\u00e9o-Z\u00e9landais ont \u00e9t\u00e9 pris sur l\u2019intensit\u00e9 et dans le jeu. Ils se sont r\u00e9veill\u00e9s en seconde p\u00e9riode. C\u2019\u00e9tait trop tard. Quoique, on aurait pu prendre un essai en toute fin de match mais mon ami Costes (Fr\u00e9d\u00e9ric, NDLR) a sauv\u00e9 la patrie. Il \u00e9tait un peu gringalet comme moi (rires). C\u2019est vrai que la seconde p\u00e9riode avait \u00e9t\u00e9 \u00e9prouvante, on a fait quelques fautes et on aurait pu perdre. Mais il y avait une coh\u00e9sion. On se regardait et on savait qu\u2019on allait faire quelque chose ce jour-l\u00e0. Je m\u2019en souviens comme si c\u2019\u00e9tait hier alors que c\u2019\u00e9tait il y a 46 ans.<\/p>\n<p class=\"fig-paragraph\"><strong>Vous f\u00eatiez votre deuxi\u00e8me s\u00e9lection, \u00e0 seulement 21 ans, vous marquez \u00e9galement un essai&#8230; D\u2019un point de vue personnel, cette rencontre fut particuli\u00e8re&#8230;<\/strong><br \/>J\u2019ai v\u00e9cu ma plus belle ann\u00e9e rugbystique en 1979. Cette ann\u00e9e-l\u00e0 a \u00e9t\u00e9 marqu\u00e9e par ce titre de champion de France avec Narbonne. J\u2019ai eu la chance de partir en Nouvelle-Z\u00e9lande et de les battre chez eux. Historique. Quand je rentre en France, je retrouve ma famille et mes amis. La m\u00e9diatisation n\u2019\u00e9tait plus la m\u00eame, c\u2019\u00e9tait particulier. Je sais que \u00e7a a beaucoup marqu\u00e9 les esprits. Les Fran\u00e7ais ont \u00e9t\u00e9 tr\u00e8s fiers de cette victoire. Et surtout, Roger Couderc et Pierre Albaladejo \u00e9taient en pleurs. Pour moi, \u00e7a m\u2019avait marqu\u00e9 de voir ces commentateurs qu\u2019on admirait quand on \u00e9tait jeunes dans cet \u00e9tat gr\u00e2ce \u00e0 nous.<\/p>\n<p class=\"fig-body-link\">\n            \u00c0 lire aussi<br \/>\n        <a class=\"fig-body-link__link fig-premium-mark\" href=\"http:\/\/www.lefigaro.fr\/sports\/rugby\/pierre-albaladejo-au-figaro-en-regardant-le-rugby-d-aujourd-hui-j-ai-peur-20241111\" target=\"_blank\" data-fig-type=\"Article\" rel=\"noopener\" data-gtm-custom-categorie=\"navigation\" data-gtm-custom-action=\"crossclick\" data-gtm-custom-label=\"Contextuel\" data-gtm-event=\"customEventSPE\" data-fig-domain=\"LEFIGARO\">Pierre Albaladejo au Figaro : \u00abEn regardant le rugby d\u2019aujourd\u2019hui, j\u2019ai peur\u00bb<br \/>\n    <\/a>\n<\/p>\n<p class=\"fig-paragraph\"><strong>Parlez-nous de cet essai que vous aviez marqu\u00e9&#8230;<\/strong><br \/>J\u2019ai toujours privil\u00e9gi\u00e9 le d\u00e9calage plut\u00f4t que l\u2019essai. Mon jeu \u00e9tait bas\u00e9 sur l\u2019inspiration, la gestuelle. Je n\u2019ai pas marqu\u00e9 beaucoup d\u2019essais dans ma carri\u00e8re\u00a0! Ce qui m\u2019importait le plus, c\u2019\u00e9tait de faire jouer le collectif. Ce qui m\u2019avait plu dans ce match, c\u2019\u00e9tait d\u2019\u00eatre \u00e0 l\u2019origine de quelques passes, de quelques cadrages d\u00e9bordements ou perc\u00e9es. Il est vrai que cet essai avait \u00e9t\u00e9 important dans le d\u00e9roulement du match.<\/p>\n<blockquote class=\"fig-quote&#10;    \">\n<p class=\"fig-quote__text\">On n\u2019avait pas dormi, on avait us\u00e9 et abus\u00e9 de toutes les folies que proposait la Nouvelle-Z\u00e9lande. Le lendemain, on est parti \u00e0 Tahiti, \u00e0 Papeete, pour arriver le 14 juillet. On avait \u00e9t\u00e9 accueillis comme des champions. On \u00e9tait reparti pour une semaine de folie. On \u00e9tait fatigu\u00e9 apr\u00e8s cette tourn\u00e9e et cette saison mais l\u2019aventure humaine \u00e9tait merveilleuse<\/p>\n<p>            Didier Codorniou, ancien trois-quarts centre du XV de France\n    <\/p><\/blockquote>\n<p class=\"fig-paragraph\"><strong>Et l\u2019apr\u00e8s-match, alors\u00a0?<\/strong><br \/>Je m\u2019en souviens, oui (sourire). J\u2019avais vol\u00e9 ou r\u00e9cup\u00e9r\u00e9, \u00e7a d\u00e9pend comment on le voit, un ballon que j\u2019avais fait signer par toute l\u2019\u00e9quipe et que j\u2019ai encore chez moi. C\u2019\u00e9tait un ballon en cuir de l\u2019\u00e9poque avec un lacet. On avait fait une f\u00eate m\u00e9morable. On n\u2019avait pas dormi, on avait us\u00e9 et abus\u00e9 de toutes les folies que proposait la Nouvelle-Z\u00e9lande. Le lendemain, on est parti \u00e0 Tahiti, \u00e0 Papeete, pour y arriver le&#8230; 14 juillet. On avait \u00e9t\u00e9 accueillis comme des champions. On \u00e9tait reparti pour une semaine de folie. On \u00e9tait fatigu\u00e9 apr\u00e8s cette tourn\u00e9e et cette saison mais l\u2019aventure humaine \u00e9tait merveilleuse. Pour tout vous avouer, j\u2019ai retrouv\u00e9 il y a deux trois jours une valise que je n\u2019avais pas ouverte depuis tr\u00e8s longtemps et j\u2019ai justement retrouv\u00e9 un tee-shirt avec la mention \u00abVIP\u00bb ramen\u00e9e de ce voyage (rires). Vous me faites plaisir en me questionnant sur cette ann\u00e9e-l\u00e0 parce que ce fut une ann\u00e9e incroyable. Il y avait de l\u2019\u00e9motion, de l\u2019amiti\u00e9 et de la fraternit\u00e9.<\/p>\n<p>    Jean-Pierre Rives, ici avec un maillot des All Blacks, apr\u00e8s la victoire fran\u00e7aise.<br \/>\n                Peter Bush \/ Icon Sport<\/p>\n<p>                                    <a class=\"fig-a11y-skip a11y-hidden\" href=\"#fig-a11y-skip-main-inarticle_mtf\"><br \/>\n        Passer la publicit\u00e9<br \/>\n    <\/a><\/p>\n<p class=\"fig-paragraph\"><strong>L\u2019\u00e9quipe de France ach\u00e8ve sa tourn\u00e9e d\u2019\u00e9t\u00e9 ce samedi en Nouvelle-Z\u00e9lande. Peut-on esp\u00e9rer le m\u00eame d\u00e9nouement que le v\u00f4tre, v\u00e9cu en 1979\u00a0?<\/strong><br \/>Les ann\u00e9es passent mais ne sont jamais les m\u00eames. Les cadres ne sont pas l\u00e0 mais ceux des All Blacks non plus. Ils ont aussi des bless\u00e9s et ont fait des changements. Nos joueurs sont en forme voire en grande forme pour certains. On peut les surprendre sur la vivacit\u00e9 et le rythme. J\u2019ai regard\u00e9 les deux tests, qui sont deux matchs compl\u00e8tement diff\u00e9rents. En m\u00eame temps, les All Blacks restent redoutables. Ils arrivent toujours \u00e0 faire des choses assez incroyables, mais il y a toujours l\u2019espoir de gagner ce troisi\u00e8me test-match. Ce qui serait bien pour cette belle \u00e9quipe qui a du talent et des joueurs de grande qualit\u00e9. Je pense que \u00e7a jouera sur le physique.<\/p>\n<p>    <a href=\"https:\/\/photo.lefigaro.fr\/sports\/rugby\/rugby-carter-kaino-nonu-kelleher-le-xv-des-neo-zelandais-qui-ont-evolue-en-france-20250710\" target=\"_blank\" rel=\"noopener\"><\/p>\n<p class=\"fig-slideshow__title\">\n                    Rugby\u00a0: Carter, Kaino, Nonu, Kelleher&#8230; Le XV des N\u00e9o-Z\u00e9landais qui ont \u00e9volu\u00e9 en France\n                <\/p>\n<p>Acc\u00e9der au diaporama (15)<\/p>\n<p>    <\/a><\/p>\n","protected":false},"excerpt":{"rendered":"Le 14 juillet 1979, l\u2019\u00e9quipe de France de rugby s\u2019imposait pour la premi\u00e8re fois en Nouvelle-Z\u00e9lande. Didier Codorniou&hellip;\n","protected":false},"author":2,"featured_media":255964,"comment_status":"","ping_status":"","sticky":false,"template":"","format":"standard","meta":{"footnotes":""},"categories":[1416],"tags":[2305,515,1011,27,33069,479,1468,60],"class_list":{"0":"post-255963","1":"post","2":"type-post","3":"status-publish","4":"format-standard","5":"has-post-thumbnail","7":"category-rugby","8":"tag-all-blacks","9":"tag-fabien-galthie","10":"tag-fr","11":"tag-france","12":"tag-gael-fickou","13":"tag-rugby","14":"tag-rugby-football","15":"tag-sports"},"share_on_mastodon":{"url":"https:\/\/pubeurope.com\/@fr\/114873398980430222","error":""},"_links":{"self":[{"href":"https:\/\/www.europesays.com\/fr\/wp-json\/wp\/v2\/posts\/255963","targetHints":{"allow":["GET"]}}],"collection":[{"href":"https:\/\/www.europesays.com\/fr\/wp-json\/wp\/v2\/posts"}],"about":[{"href":"https:\/\/www.europesays.com\/fr\/wp-json\/wp\/v2\/types\/post"}],"author":[{"embeddable":true,"href":"https:\/\/www.europesays.com\/fr\/wp-json\/wp\/v2\/users\/2"}],"replies":[{"embeddable":true,"href":"https:\/\/www.europesays.com\/fr\/wp-json\/wp\/v2\/comments?post=255963"}],"version-history":[{"count":0,"href":"https:\/\/www.europesays.com\/fr\/wp-json\/wp\/v2\/posts\/255963\/revisions"}],"wp:featuredmedia":[{"embeddable":true,"href":"https:\/\/www.europesays.com\/fr\/wp-json\/wp\/v2\/media\/255964"}],"wp:attachment":[{"href":"https:\/\/www.europesays.com\/fr\/wp-json\/wp\/v2\/media?parent=255963"}],"wp:term":[{"taxonomy":"category","embeddable":true,"href":"https:\/\/www.europesays.com\/fr\/wp-json\/wp\/v2\/categories?post=255963"},{"taxonomy":"post_tag","embeddable":true,"href":"https:\/\/www.europesays.com\/fr\/wp-json\/wp\/v2\/tags?post=255963"}],"curies":[{"name":"wp","href":"https:\/\/api.w.org\/{rel}","templated":true}]}}