{"id":255966,"date":"2025-07-18T08:57:11","date_gmt":"2025-07-18T08:57:11","guid":{"rendered":"https:\/\/www.europesays.com\/fr\/255966\/"},"modified":"2025-07-18T08:57:11","modified_gmt":"2025-07-18T08:57:11","slug":"miller-et-oliveira-toujours-dans-lexpectative-quant-a-leur-avenir","status":"publish","type":"post","link":"https:\/\/www.europesays.com\/fr\/255966\/","title":{"rendered":"Miller et Oliveira toujours dans l&rsquo;expectative quant \u00e0 leur avenir"},"content":{"rendered":"<p>On le sait, <a href=\"https:\/\/fr.motorsport.com\/motogp\/news\/toprak-razgatlioglu-pramac-yamaha-2026\/10731324\/\" target=\"_self\" rel=\"noopener\">l&rsquo;arriv\u00e9e prochaine de Toprak Razgatlioglu en MotoGP<\/a> met l&rsquo;un des actuels pilotes Pramac Racing sur la sellette. <a href=\"https:\/\/fr.motorsport.com\/driver\/jack-miller\/96423\/\" target=\"_blank\" rel=\"noopener\">Jack Miller<\/a> et <a href=\"https:\/\/fr.motorsport.com\/driver\/miguel-oliveira\/109382\/\" target=\"_blank\" rel=\"noopener\">Miguel Oliveira<\/a> se savent tous deux en pleine \u00e9valuation, alors qu&rsquo;ils n&rsquo;ont chacun que peu d&rsquo;exp\u00e9rience au guidon de la Yamaha, et le week-end de course qui se profile sera le dernier leur permettant de faire pencher la balance en leur faveur, Yamaha ayant indiqu\u00e9 qu&rsquo;une d\u00e9cision serait prise d&rsquo;ici au retour de la pause estivale.<\/p>\n<p>\u00ab\u00a0\u00c7a n&rsquo;est pas facile pour eux\u00a0\u00bb, admettait le team manager Gino Borsoi le week-end dernier au micro du site officiel du MotoGP, \u00ab\u00a0mais c&rsquo;est un moment dans lequel ils doivent montrer leur vitesse, ils ont besoin de faire du bon travail.\u00a0\u00bb<\/p>\n<p>\u00ab\u00a0Nous devons attendre apr\u00e8s la pause estivale pour prendre une d\u00e9cision. Je n&rsquo;ai pas l&rsquo;impression qu&rsquo;ils soient nerveux, ils sont tr\u00e8s concentr\u00e9s pour faire de leur mieux et obtenir les meilleurs r\u00e9sultats possibles. Nous les soutenons dans ce dont ils ont besoin parce qu&rsquo;ils ont besoin d&rsquo;obtenir des r\u00e9sultats \u00e0 la fois pour eux et pour nous, et ensuite nous pourrons prendre une d\u00e9cision.\u00a0\u00bb<\/p>\n<p>Miller au-dessus du lot face \u00e0 un Oliveira malchanceux<\/p>\n<p>\u00c0 en juger strictement par <a href=\"https:\/\/fr.motorsport.com\/motogp\/news\/championnat-marc-marquez-impossible-rattraper-10741888\/10741888\/\" target=\"_self\" rel=\"noopener\">le classement du championnat<\/a>, c&rsquo;est Miller qui a l&rsquo;avantage puisqu&rsquo;il a marqu\u00e9 40 points de plus que son co\u00e9quipier durant la premi\u00e8re moiti\u00e9 de la saison. Il est aussi entr\u00e9 cinq fois en Q2, ce que n&rsquo;a pas encore r\u00e9ussi Oliveira, et s&rsquo;est m\u00eame qualifi\u00e9 quatri\u00e8me en Tha\u00eflande.<\/p>\n<p>En course, l&rsquo;Australien a marqu\u00e9 deux fois des points au sprint et sept fois en course longue, atteignant dans les deux cas le cinqui\u00e8me rang comme meilleur r\u00e9sultat. Oliveira n&rsquo;a pas encore fait mieux que 11e en sprint et 13e le dimanche. N\u00e9anmoins, un \u00e9l\u00e9ment peut modifier la lecture de ces donn\u00e9es brutes, et c&rsquo;est la blessure qui a tenu le Portugais \u00e9loign\u00e9 pendant trois Grands Prix.<\/p>\n<p>\u00ab\u00a0Le fait que Yamaha veuille retarder dans la saison sa d\u00e9cision finale sur le line-up me montre clairement qu&rsquo;ils ne sont pas s\u00fbrs \u00e0 100%. Je pense que chaque opportunit\u00e9 qu&rsquo;on a de montrer ce que notre pilotage peut faire sur la moto et o\u00f9 on en est, c&rsquo;est un gros plus\u00a0\u00bb, observe aujourd&rsquo;hui Oliveira, alors que d\u00e9bute ce dernier week-end pr\u00e9c\u00e9dant la tr\u00eave.<\/p>\n<p>\u00ab\u00a0Je suis relax par rapport \u00e0 \u00e7a\u00a0\u00bb, expliquait le Portugais il y a quelques jours, en Allemagne. \u00ab\u00a0Enfin, relax au sens o\u00f9 je donne le meilleur de moi-m\u00eame, je fais le plus d&rsquo;efforts possibles pour montrer mon potentiel et ce que peux apporter \u00e0 Yamaha, et c&rsquo;est tout.\u00a0\u00bb<\/p>\n<p>   <img decoding=\"async\" draggable=\"false\" src=\"https:\/\/www.europesays.com\/fr\/wp-content\/uploads\/2025\/07\/miguel-oliveira-pramac-racing.jpg\" alt=\"La blessure de Miguel Oliveira en Argentine a pes\u00e9 lourd sur sa saison.\" width=\"1200\" height=\"800\" loading=\"lazy\"\/> <\/p>\n<p class=\"title\">La blessure de Miguel Oliveira en Argentine a pes\u00e9 lourd sur sa saison.<\/p>\n<p class=\"photographer\">Photo de: Gold and Goose Photography \/ LAT Images \/ via Getty Images<\/p>\n<p>\u00ab\u00a0Depuis qu&rsquo;on a eu la nouvelle de Toprak chez Pramac, l&rsquo;approche a \u00e9t\u00e9 d&rsquo;essayer de transformer cette pression suppl\u00e9mentaire en vitesse et en potentiel\u00a0\u00bb, a-t-il ajout\u00e9 aupr\u00e8s du site officiel du MotoGP. \u00ab\u00a0C&rsquo;est vrai que j&rsquo;ai d\u00fb me d\u00e9p\u00eacher un peu plus que ce \u00e0 quoi je pensais \u00e0 cause des d\u00e9lais et du fait que j&rsquo;ai manqu\u00e9 des courses en ayant \u00e9t\u00e9 bless\u00e9. Je me suis peut-\u00eatre mis plus de poids que ce que j&rsquo;aurais d\u00fb mais je pense que mon potentiel est l\u00e0 et que j&rsquo;ai beaucoup \u00e0 apporter \u00e0 Yamaha, et c&rsquo;est exactement ce que je veux faire.\u00a0\u00bb<\/p>\n<p>Aujourd&rsquo;hui dans une bonne dynamique, Oliveira semble peu \u00e0 peu prendre ses marques, mais force est de constater qu&rsquo;il aura eu peu de temps pour faire ses preuves. \u00ab\u00a0Je sais que la tendance est positive et je sais que je suis rapide\u00a0\u00bb, a-t-il r\u00e9agi \u00e0 cette remarque. \u00ab\u00a0\u00c7a n&rsquo;est pas que le temps manque \u00e0 pr\u00e9sent, mais j&rsquo;aurais clairement aim\u00e9 avoir les cinq courses que j&rsquo;ai manqu\u00e9es pour blessure [trois GP complets et une course longue en r\u00e9alit\u00e9, ndlr]. Mais bon, je ne les ai pas eues, et je pense aussi que \u00e7a p\u00e8se dans la d\u00e9cision. Esp\u00e9rons que \u00e7a soit pour le mieux.\u00a0\u00bb<\/p>\n<p>\u00ab\u00a0Je ne ressens pas de pression particuli\u00e8re parce que c&rsquo;est Brno ou que c&rsquo;est la derni\u00e8re course avant la pause estivale. J&rsquo;ai juste le sentiment de devoir montrer ce que je peux faire \u00e0 chaque s\u00e9ance et je vais aussi essayer d&rsquo;appr\u00e9cier ce processus, \u00e7a n&rsquo;est pas facile mais on va essayer.\u00a0\u00bb<\/p>\n<blockquote>\n<p>La question est juste de savoir si on en a assez montr\u00e9 ou pas.<\/p>\n<\/blockquote>\n<p>Interrog\u00e9 aujourd&rsquo;hui, Jack Miller a pour sa part indiqu\u00e9 ne pas avoir d&rsquo;indications suppl\u00e9mentaires quant \u00e0 son avenir. \u00ab\u00a0Pour le moment, non, pas de nouvelles, rien \u00e0 partager avec vous\u00a0\u00bb, a-t-il r\u00e9pondu. \u00ab\u00a0C&rsquo;est un jeu d&rsquo;attente. \u00c9videmment, comme je l&rsquo;ai toujours dit, je maintiens ma d\u00e9termination \u00e0 \u00eatre ici, c&rsquo;est mon objectif. Mais on va attendre de voir s&rsquo;ils veulent de moi ou non. C&rsquo;est la plus grande question.\u00a0\u00bb<\/p>\n<p>\u00ab\u00a0Je suis content ici, chez Yamaha. Ce sont des gens avec lesquels il est fantastique de travailler, j&rsquo;appr\u00e9cie vraiment cet environnement et je crois dans le projet. La question est juste de savoir si on en a assez montr\u00e9 ou pas\u00a0\u00bb, a ajout\u00e9 le pilote australien.<\/p>\n<p>Comme celui de Miller, le nom d&rsquo;Oliveira est parfois associ\u00e9 au WorldSBK par quelques sp\u00e9culations, mais les deux pilotes continuent de marteler leur volont\u00e9 de rester en Grand Prix. \u00ab\u00a0Pour le moment, j&rsquo;attends juste une r\u00e9ponse et ensuite on verra si je dois regarder ailleurs. Pour le moment, je n&rsquo;ai pas regard\u00e9, je n&rsquo;ai parl\u00e9 \u00e0 personne et je me concentre uniquement sur Yamaha en MotoGP\u00a0\u00bb, indiquait notamment le Portugais le week-end dernier.<\/p>\n<p>Lire aussi :<\/p>\n<p>Dans cet article<\/p>\n<p>Soyez le premier inform\u00e9 et souscrivez aux alertes mails pour recevoir les infos en temps r\u00e9el<\/p>\n<p>    S&rsquo;abonner aux alertes de news<\/p>\n","protected":false},"excerpt":{"rendered":"On le sait, l&rsquo;arriv\u00e9e prochaine de Toprak Razgatlioglu en MotoGP met l&rsquo;un des actuels pilotes Pramac Racing sur&hellip;\n","protected":false},"author":2,"featured_media":255967,"comment_status":"","ping_status":"","sticky":false,"template":"","format":"standard","meta":{"footnotes":""},"categories":[1413],"tags":[1011,27,12836,3594,1457,1456,1458,3593,60],"class_list":{"0":"post-255966","1":"post","2":"type-post","3":"status-publish","4":"format-standard","5":"has-post-thumbnail","7":"category-moto","8":"tag-fr","9":"tag-france","10":"tag-jack-miller","11":"tag-miguel-oliveira","12":"tag-moto","13":"tag-motocycle","14":"tag-motogp","15":"tag-pramac-racing","16":"tag-sports"},"share_on_mastodon":{"url":"https:\/\/pubeurope.com\/@fr\/114873410953700510","error":""},"_links":{"self":[{"href":"https:\/\/www.europesays.com\/fr\/wp-json\/wp\/v2\/posts\/255966","targetHints":{"allow":["GET"]}}],"collection":[{"href":"https:\/\/www.europesays.com\/fr\/wp-json\/wp\/v2\/posts"}],"about":[{"href":"https:\/\/www.europesays.com\/fr\/wp-json\/wp\/v2\/types\/post"}],"author":[{"embeddable":true,"href":"https:\/\/www.europesays.com\/fr\/wp-json\/wp\/v2\/users\/2"}],"replies":[{"embeddable":true,"href":"https:\/\/www.europesays.com\/fr\/wp-json\/wp\/v2\/comments?post=255966"}],"version-history":[{"count":0,"href":"https:\/\/www.europesays.com\/fr\/wp-json\/wp\/v2\/posts\/255966\/revisions"}],"wp:featuredmedia":[{"embeddable":true,"href":"https:\/\/www.europesays.com\/fr\/wp-json\/wp\/v2\/media\/255967"}],"wp:attachment":[{"href":"https:\/\/www.europesays.com\/fr\/wp-json\/wp\/v2\/media?parent=255966"}],"wp:term":[{"taxonomy":"category","embeddable":true,"href":"https:\/\/www.europesays.com\/fr\/wp-json\/wp\/v2\/categories?post=255966"},{"taxonomy":"post_tag","embeddable":true,"href":"https:\/\/www.europesays.com\/fr\/wp-json\/wp\/v2\/tags?post=255966"}],"curies":[{"name":"wp","href":"https:\/\/api.w.org\/{rel}","templated":true}]}}