{"id":255976,"date":"2025-07-18T09:02:10","date_gmt":"2025-07-18T09:02:10","guid":{"rendered":"https:\/\/www.europesays.com\/fr\/255976\/"},"modified":"2025-07-18T09:02:10","modified_gmt":"2025-07-18T09:02:10","slug":"montcuq-en-quercy-blanc-les-batraciens-dans-lobjectif-de-bernard-roux","status":"publish","type":"post","link":"https:\/\/www.europesays.com\/fr\/255976\/","title":{"rendered":"Montcuq-en-Quercy-Blanc. Les batraciens dans l\u2019objectif de Bernard Roux"},"content":{"rendered":"<p>C\u2019est au printemps, \u00e0 la saison des amours, que le photographe lotois Bernard Roux s\u2019est install\u00e9 avec son mat\u00e9riel photographique sur la plage des lacs de Saint-Namphaise pour immortaliser sur la pellicule les batraciens, grenouilles, libellules et demoiselles, ayant \u00e9lu domicile dans ces lieux. Son appareil directement pos\u00e9 au sol, au ras de l\u2019eau, ce grand amoureux de la nature adepte de macrophotographie a d\u00fb se mettre \u00e0 plat ventre afin de saisir de superbes images de ces animaux \u00e9mergeant du milieu aquatique ou en train de s\u2019accoupler.<\/p>\n<p>Une s\u00e9lection de 30 clich\u00e9s compose l\u2019exposition qui est actuellement en place \u00e0 la m\u00e9diath\u00e8que intercommunale de Montcuq jusqu\u2019au 26 juillet. Les visiteurs, dont plusieurs groupes d\u2019enfants du centre de loisirs, ont pu s\u2019\u00e9merveiller devant l\u2019esth\u00e9tisme de ces photos. La splendeur des couleurs, la finesse des d\u00e9tails et la ma\u00eetrise de la mise au point font preuve d\u2019une technique photographique particuli\u00e8rement s\u00fbre : nettet\u00e9 du sujet au premier plan, travail sur les jeux de lumi\u00e8re et les transparences, contrastes saisissants, cadrages impeccables, flou des arri\u00e8re-plans sur lesquels les rayons de lumi\u00e8re forment des cercles, tout d\u00e9montre un grand savoir-faire et un sens artistique affirm\u00e9. Bernard Roux travaille avec un Canon et diff\u00e9rents objectifs. \u00ab\u00a0Le plus dur, c\u2019est le tirage\u00a0\u00bb, conc\u00e8de-t-il. Il avoue jeter une grande quantit\u00e9 de photos pour n\u2019en garder qu\u2019une infime partie, celles qu\u2019il juge r\u00e9ussies, et le choix est parfois difficile.<\/p>\n<p>Exposition visible aux heures d\u2019ouverture de la m\u00e9diath\u00e8que. Elle sera ensuite install\u00e9e \u00e0 la m\u00e9diath\u00e8que de Gramat.<\/p>\n","protected":false},"excerpt":{"rendered":"C\u2019est au printemps, \u00e0 la saison des amours, que le photographe lotois Bernard Roux s\u2019est install\u00e9 avec son&hellip;\n","protected":false},"author":2,"featured_media":255977,"comment_status":"","ping_status":"","sticky":false,"template":"","format":"standard","meta":{"footnotes":""},"categories":[1358],"tags":[1348,1384,1385,1386,58,59,1011,27],"class_list":{"0":"post-255976","1":"post","2":"type-post","3":"status-publish","4":"format-standard","5":"has-post-thumbnail","7":"category-arts-et-design","8":"tag-arts","9":"tag-arts-and-design","10":"tag-arts-et-design","11":"tag-design","12":"tag-divertissement","13":"tag-entertainment","14":"tag-fr","15":"tag-france"},"share_on_mastodon":{"url":"https:\/\/pubeurope.com\/@fr\/114873430623423903","error":""},"_links":{"self":[{"href":"https:\/\/www.europesays.com\/fr\/wp-json\/wp\/v2\/posts\/255976","targetHints":{"allow":["GET"]}}],"collection":[{"href":"https:\/\/www.europesays.com\/fr\/wp-json\/wp\/v2\/posts"}],"about":[{"href":"https:\/\/www.europesays.com\/fr\/wp-json\/wp\/v2\/types\/post"}],"author":[{"embeddable":true,"href":"https:\/\/www.europesays.com\/fr\/wp-json\/wp\/v2\/users\/2"}],"replies":[{"embeddable":true,"href":"https:\/\/www.europesays.com\/fr\/wp-json\/wp\/v2\/comments?post=255976"}],"version-history":[{"count":0,"href":"https:\/\/www.europesays.com\/fr\/wp-json\/wp\/v2\/posts\/255976\/revisions"}],"wp:featuredmedia":[{"embeddable":true,"href":"https:\/\/www.europesays.com\/fr\/wp-json\/wp\/v2\/media\/255977"}],"wp:attachment":[{"href":"https:\/\/www.europesays.com\/fr\/wp-json\/wp\/v2\/media?parent=255976"}],"wp:term":[{"taxonomy":"category","embeddable":true,"href":"https:\/\/www.europesays.com\/fr\/wp-json\/wp\/v2\/categories?post=255976"},{"taxonomy":"post_tag","embeddable":true,"href":"https:\/\/www.europesays.com\/fr\/wp-json\/wp\/v2\/tags?post=255976"}],"curies":[{"name":"wp","href":"https:\/\/api.w.org\/{rel}","templated":true}]}}