{"id":255978,"date":"2025-07-18T09:03:09","date_gmt":"2025-07-18T09:03:09","guid":{"rendered":"https:\/\/www.europesays.com\/fr\/255978\/"},"modified":"2025-07-18T09:03:09","modified_gmt":"2025-07-18T09:03:09","slug":"pourquoi-mein-kampf-ne-tombera-pas-de-sitot-aux-oubliettes-de-lhistoire","status":"publish","type":"post","link":"https:\/\/www.europesays.com\/fr\/255978\/","title":{"rendered":"Pourquoi \u00ab\u00a0Mein Kampf\u00a0\u00bb ne tombera pas de sit\u00f4t aux oubliettes de l\u2019Histoire"},"content":{"rendered":"<p>C\u2019est l\u2019un des <a href=\"https:\/\/www.20minutes.fr\/arts-stars\/livres\/\" target=\"_blank\" class=\"color-ultramarine c-link\" rel=\"noopener\">livres <\/a>les plus tabous de la p\u00e9riode contemporaine. <a href=\"https:\/\/www.20minutes.fr\/dossier\/mein_kampf\" target=\"_blank\" class=\"color-ultramarine c-link\" rel=\"noopener\">Mein Kampf<\/a>, le livre dans lequel <a href=\"https:\/\/www.20minutes.fr\/dossier\/adolf_hitler\" target=\"_blank\" class=\"color-ultramarine c-link\" rel=\"noopener\">Adolf Hitler<\/a> expose sa \u00ab\u00a0vision du monde\u00a0\u00bb et son id\u00e9ologie empreinte de haine, de <a href=\"https:\/\/www.20minutes.fr\/dossier\/racisme\" target=\"_blank\" class=\"color-ultramarine c-link\" rel=\"noopener\">racisme<\/a>, d\u2019<a href=\"https:\/\/www.20minutes.fr\/dossier\/antisemitisme\" target=\"_blank\" class=\"color-ultramarine c-link\" rel=\"noopener\">antis\u00e9mitisme<\/a> et de <a href=\"https:\/\/www.20minutes.fr\/dossier\/nationalisme\" target=\"_blank\" class=\"color-ultramarine c-link\" rel=\"noopener\">nationalisme<\/a>, a \u00e9t\u00e9 publi\u00e9 pour la premi\u00e8re fois le 18\u00a0juillet 1925. Cent ans apr\u00e8s, l\u2019ouvrage suscite toujours de vives r\u00e9actions et controverses, certains appelant \u00e0 son retrait des rayons, d\u2019autres soulignant son importance historique. Quoi qu\u2019il en soit, il ne laisse pas indiff\u00e9rent, et heureusement.<\/p>\n<\/p>\n<p>Contrairement \u00e0 la croyance r\u00e9pandue, Mein Kampf n\u2019a donc jamais \u00e9t\u00e9 interdit \u00e0 la vente en France pour l\u2019id\u00e9ologie qu\u2019il v\u00e9hiculait. Jusqu\u2019en\u00a02016, ann\u00e9e o\u00f9 il est entr\u00e9 dans le domaine public, une seule \u00e9dition \u00e9tait en circulation en France\u00a0: une traduction non autoris\u00e9e parue en\u00a01934 aux Nouvelles \u00e9ditions latines, attaqu\u00e9e en justice par Hitler et les ayants droit de l\u2019ouvrage original, le minist\u00e8re des Finances bavarois. Si aucune autre \u00e9dition n\u2019a circul\u00e9, c\u2019est donc avant tout car le ce dernier refusait toute nouvelle \u00e9dition, m\u00eame critique.<\/p>\n<p>Un livre massivement en circulation<\/p>\n<p>La seule mesure prise en France a \u00e9t\u00e9 \u00ab\u00a0l\u2019introduction d\u2019un avant-propos d\u2019une dizaine de pages mettant en garde le lecteur contre les dangers de l\u2019id\u00e9ologie hitl\u00e9rienne\u00a0\u00bb en\u00a01978, pr\u00e9cise Florent Brayard, historien, directeur de recherche au CNRS, membre du Centre de recherches historiques de l\u2019EHESS (Ecole des hautes \u00e9tudes en sciences sociales). Celle-ci faisait suite \u00e0 une action en justice de Serge Klarsfeld entre autres. L\u2019ouvrage \u00e9tait pour le reste \u00ab\u00a0vendu l\u00e9galement et on pouvait le commander en <a href=\"https:\/\/www.20minutes.fr\/dossier\/librairie\" target=\"_blank\" class=\"color-ultramarine c-link\" rel=\"noopener\">librairie\u00a0<\/a>\u00bb, poursuit-il.<\/p>\n<p>Depuis\u00a02016 et son entr\u00e9e dans le domaine public, Mein Kampf a \u00e9t\u00e9 r\u00e9\u00e9dit\u00e9 en France et est disponible sur les grandes plateformes de vente, au milieu des autres livres. Florent Brayard rappelle aussi \u00ab\u00a0qu\u2019il suffit de trois clics sur <a href=\"https:\/\/www.20minutes.fr\/dossier\/internet\" target=\"_blank\" class=\"color-ultramarine c-link\" rel=\"noopener\">Internet <\/a>pour t\u00e9l\u00e9charger une version PDF\u00a0\u00bb. De ce fait, l\u2019ouvrage \u00ab\u00a0est massivement en circulation partout dans le monde depuis les ann\u00e9es\u00a01990\u00a0\u00bb.<\/p>\n<p>Un livre \u00ab\u00a0qui fait partie de notre pass\u00e9\u00a0\u00bb<\/p>\n<p>C\u2019est ce qui a conduit l\u2019historien \u00e0 participer \u00e0 l\u2019\u00e9laboration du livre Historiciser le mal (\u00e9d. Fayard, 2021), une version de Mein Kampf pr\u00e9sentant analyse critique, mise en contexte et d\u00e9construction ligne par ligne de l\u2019ouvrage de Hitler. \u00ab\u00a0Puisque Mein Kampf est d\u00e9j\u00e0 en circulation, autant faire en sorte que ce soit dans une bonne \u00e9dition, c\u2019est-\u00e0-dire une \u00e9dition critique\u00a0\u00bb, justifie le sp\u00e9cialiste. Bien loin de l\u2019\u00e9dition d\u2019origine, qui s\u2019est vendue \u00e0 plus de 12\u00a0millions d\u2019exemplaires entre\u00a01925 et\u00a01945 en <a href=\"https:\/\/www.20minutes.fr\/dossier\/allemagne\" target=\"_blank\" class=\"color-ultramarine c-link\" rel=\"noopener\">Allemagne<\/a>.<\/p>\n<p>D\u2019autant que ce livre \u00ab\u00a0est une source fondamentale pour l\u2019H<a href=\"https:\/\/www.20minutes.fr\/dossier\/histoire\" target=\"_blank\" class=\"color-ultramarine c-link\" rel=\"noopener\">istoire<\/a>, appuie Florent Brayard. Le <a href=\"https:\/\/www.20minutes.fr\/monde\/nazisme\/\" target=\"_blank\" class=\"color-ultramarine c-link\" rel=\"noopener\">nazisme <\/a>a \u00e9t\u00e9 la pire exp\u00e9rience du XXe\u00a0si\u00e8cle, la plus criminelle et la plus barbare, et Mein Kampf permet de mieux comprendre le myst\u00e8re de l\u2019\u00e9volution de cette soci\u00e9t\u00e9 criminelle.\u00a0\u00bb Insistant bien sur le fait que cet ouvrage soit \u00ab\u00a0ennuyeux, raciste\u00a0\u00bb et \u00ab\u00a0[promeuve] une id\u00e9ologie naus\u00e9abonde\u00a0\u00bb, l\u2019historien rappelle qu\u2019il \u00ab\u00a0fait partie de notre pass\u00e9, et on ne peut pas s\u00e9lectionner ce qu\u2019on souhaiterait mettre en avant dans notre pass\u00e9, ni faire comme si Mein Kampf n\u2019a pas exist\u00e9\u00a0\u00bb.<\/p>\n<p>Un ouvrage \u00ab\u00a0d\u2019actualit\u00e9\u00a0\u00bb<\/p>\n<p>Et si l\u2019ouvrage fait toujours parler de lui, c\u2019est parce que \u00ab\u00a0les ignominies antis\u00e9mites qu\u2019on y trouve sont toujours aussi r\u00e9voltantes aujourd\u2019hui qu\u2019il y a cent ans, pointe l\u2019historien. Si une autre personne reprenait aujourd\u2019hui en son nom les horreurs que Hitler peut dire sur les juifs, les Polonais, les Tsiganes\u00a0etc., il serait condamn\u00e9, et ce serait juste\u00a0\u00bb.<\/p>\n<p>C\u2019est pour cette raison que le livre du dictateur n\u2019est pas pr\u00e8s de tomber dans les oubliettes de l\u2019Histoire\u00a0: \u00ab\u00a0Je pense qu\u2019il s\u2019\u00e9coulera encore des si\u00e8cles avant qu\u2019on oublie la <a href=\"https:\/\/www.20minutes.fr\/dossier\/shoah\" target=\"_blank\" class=\"color-ultramarine c-link\" rel=\"noopener\">Shoah<\/a>, et tant qu\u2019on se souvient de la Shoah, Mein Kampf est un livre d\u2019actualit\u00e9\u00a0\u00bb, pr\u00e9voit Florent Brayard. Un ouvrage d\u2019autant plus d\u2019actualit\u00e9 que les man\u0153uvres politiques en vogue actuellement dans le monde &#8211; l\u2019historien cite notamment les <a href=\"https:\/\/www.20minutes.fr\/monde\/etats-unis\/\" target=\"_blank\" class=\"color-ultramarine c-link\" rel=\"noopener\">Etats-Unis<\/a> \u2013, en premier lieu \u00ab\u00a0l\u2019usage massif du mensonge\u00a0\u00bb et la rh\u00e9torique \u00ab\u00a0de l\u2019\u00e9lection vol\u00e9e\u00a0\u00bb, sont \u00ab\u00a0la preuve qu\u2019on ne peut malheureusement pas refermer le pass\u00e9 et se dire qu\u2019on s\u2019en fiche parce que c\u2019\u00e9tait il y a un si\u00e8cle\u00a0\u00bb, avertit Florent Brayard.<\/p>\n","protected":false},"excerpt":{"rendered":"C\u2019est l\u2019un des livres les plus tabous de la p\u00e9riode contemporaine. Mein Kampf, le livre dans lequel Adolf&hellip;\n","protected":false},"author":2,"featured_media":255979,"comment_status":"","ping_status":"","sticky":false,"template":"","format":"standard","meta":{"footnotes":""},"categories":[1357],"tags":[47,19146,672,6155,1379,58,59,1011,27,937,1380,39601,280,27898,16684,10162,10775,104],"class_list":{"0":"post-255978","1":"post","2":"type-post","3":"status-publish","4":"format-standard","5":"has-post-thumbnail","7":"category-livres","8":"tag-actualite","9":"tag-adolf-hitler","10":"tag-allemagne","11":"tag-antisemitisme","12":"tag-books","13":"tag-divertissement","14":"tag-entertainment","15":"tag-fr","16":"tag-france","17":"tag-histoire","18":"tag-livres","19":"tag-mein-kampf","20":"tag-memoire","21":"tag-nationalisme","22":"tag-nazisme","23":"tag-racisme","24":"tag-shoah","25":"tag-societe"},"share_on_mastodon":{"url":"https:\/\/pubeurope.com\/@fr\/114873434390005543","error":""},"_links":{"self":[{"href":"https:\/\/www.europesays.com\/fr\/wp-json\/wp\/v2\/posts\/255978","targetHints":{"allow":["GET"]}}],"collection":[{"href":"https:\/\/www.europesays.com\/fr\/wp-json\/wp\/v2\/posts"}],"about":[{"href":"https:\/\/www.europesays.com\/fr\/wp-json\/wp\/v2\/types\/post"}],"author":[{"embeddable":true,"href":"https:\/\/www.europesays.com\/fr\/wp-json\/wp\/v2\/users\/2"}],"replies":[{"embeddable":true,"href":"https:\/\/www.europesays.com\/fr\/wp-json\/wp\/v2\/comments?post=255978"}],"version-history":[{"count":0,"href":"https:\/\/www.europesays.com\/fr\/wp-json\/wp\/v2\/posts\/255978\/revisions"}],"wp:featuredmedia":[{"embeddable":true,"href":"https:\/\/www.europesays.com\/fr\/wp-json\/wp\/v2\/media\/255979"}],"wp:attachment":[{"href":"https:\/\/www.europesays.com\/fr\/wp-json\/wp\/v2\/media?parent=255978"}],"wp:term":[{"taxonomy":"category","embeddable":true,"href":"https:\/\/www.europesays.com\/fr\/wp-json\/wp\/v2\/categories?post=255978"},{"taxonomy":"post_tag","embeddable":true,"href":"https:\/\/www.europesays.com\/fr\/wp-json\/wp\/v2\/tags?post=255978"}],"curies":[{"name":"wp","href":"https:\/\/api.w.org\/{rel}","templated":true}]}}