{"id":255980,"date":"2025-07-18T09:04:18","date_gmt":"2025-07-18T09:04:18","guid":{"rendered":"https:\/\/www.europesays.com\/fr\/255980\/"},"modified":"2025-07-18T09:04:18","modified_gmt":"2025-07-18T09:04:18","slug":"le-late-show-de-stephen-colbert-programme-phare-de-la-tele-americaine-va-disparaitre","status":"publish","type":"post","link":"https:\/\/www.europesays.com\/fr\/255980\/","title":{"rendered":"Le \u00ab\u00a0Late Show\u00a0\u00bb de Stephen Colbert, programme phare de la t\u00e9l\u00e9 am\u00e9ricaine, va dispara\u00eetre"},"content":{"rendered":"<p>        <img decoding=\"async\" loading=\"lazy\" src=\"https:\/\/www.europesays.com\/fr\/wp-content\/uploads\/2025\/07\/6c640db_upload-1-1ugdzev2e83g-capture-d-a-cran-2025-07-18-083402.png\"  width=\"728\" height=\"410\" alt=\"Le \u00ab\u00a0Late Show\u00a0\u00bb de Stephen Colbert, programme phare de la t\u00e9l\u00e9 am\u00e9ricaine, dispara\u00eet\"\/>  <\/p>\n<p>Capture Instagram @colbertlateshow<\/p>\n<p>Le \u00ab\u00a0Late Show\u00a0\u00bb de Stephen Colbert, programme phare de la t\u00e9l\u00e9 am\u00e9ricaine, dispara\u00eet<\/p>\n<p class=\"asset asset-text\">ETATS-UNIS &#8211; La fin d\u2019une \u00e9poque. L\u2019\u00e9mission am\u00e9ricaine <a href=\"https:\/\/www.huffingtonpost.fr\/actualites\/article\/video-donald-trump-en-dessin-anime-pour-le-late-show-de-stephen-colbert_74694.html\" target=\"_blank\" rel=\"noopener\">The Late Show with Stephen Colbert<\/a> va tirer sa r\u00e9v\u00e9rence en mai\u00a02026, a annonc\u00e9 la cha\u00eene CBS jeudi 17\u00a0juillet. Personne ne reprendra le flambeau, \u00e0 la grande tristesse du <a href=\"https:\/\/www.huffingtonpost.fr\/culture\/article\/sous-somnifere-sean-penn-allume-une-cigarette-sur-le-plateau-de-stephen-colbert_120435.html\" target=\"_blank\" rel=\"noopener\">pr\u00e9sentateur<\/a>.<\/p>\n<p class=\"asset asset-text\">\u00ab\u00a0Nous consid\u00e9rons Stephen Colbert comme irrempla\u00e7able et mettrons fin \u00e0 la franchise The Late Show en mai\u00a02026\u00a0\u00bb, ont d\u00e9clar\u00e9 les dirigeants de CBS dans un communiqu\u00e9, cit\u00e9 notamment par <a href=\"https:\/\/variety.com\/2025\/tv\/news\/cbs-cancel-late-show-stephen-colbert-financial-decision-1236464356\/\" target=\"_blank\" rel=\"noopener\" title=\"Nouvelle fen\u00eatre\">Variety<\/a>. \u00ab\u00a0Nous sommes fiers que Stephen ait choisi CBS comme domicile. Lui et l\u2019\u00e9mission resteront dans le panth\u00e9on des grands noms de la t\u00e9l\u00e9vision\u00a0de fin de soir\u00e9e\u00a0\u00bb.<\/p>\n<p class=\"asset asset-text\">Cette d\u00e9cision est \u00ab\u00a0purement financi\u00e8re, prise dans un contexte difficile pour les \u00e9missions de fin de soir\u00e9e. Elle n\u2019a aucun lien avec la performance de l\u2019\u00e9mission, son contenu ou d\u2019autres affaires concernant Paramount\u00a0\u00bb, ont-ils ajout\u00e9.<\/p>\n<p>    \u00ab\u00a0C\u2019est un travail fantastique\u00a0\u00bb    <\/p>\n<p class=\"asset asset-text\">Stephen Colbert, qui animait l\u2019\u00e9mission depuis 2015, a r\u00e9v\u00e9l\u00e9 lors de l\u2019\u00e9pisode diffus\u00e9 jeudi soir qu\u2019il avait appris la nouvelle la veille. Il s\u2019est dit attrist\u00e9 que personne ne reprenne le flambeau et que \u00ab\u00a0tout \u00e7a disparaisse\u00a0\u00bb.<\/p>\n<p class=\"asset asset-text\">\u00ab\u00a0Laissez-moi vous dire, c\u2019est un travail fantastique, et j\u2019aurais souhait\u00e9 que quelqu\u2019un d\u2019autre le poursuive\u00a0\u00bb, a-t-il dit face \u00e0 la cam\u00e9ra.<\/p>\n<p> La lecture de ce contenu est susceptible d\u2019entra\u00eener un d\u00e9p\u00f4t de cookies de la part de l\u2019op\u00e9rateur tiers qui l\u2019h\u00e9berge. Compte-tenu des choix que vous avez exprim\u00e9s en mati\u00e8re de d\u00e9p\u00f4t de cookies, nous avons bloqu\u00e9 l\u2019affichage de ce contenu. Si vous souhaitez y acc\u00e9der, vous devez accepter la cat\u00e9gorie de cookies \u201cContenus tiers\u201d en cliquant sur le bouton ci-dessous. <\/p>\n<p> Lire la Vid\u00e9o        <\/p>\n<p class=\"asset asset-text\">\u00ab\u00a0Je tiens \u00e0 dire que les gens de CBS ont \u00e9t\u00e9 de formidables partenaires. Je suis tr\u00e8s reconnaissant envers le r\u00e9seau Tiffany de m\u2019avoir offert cette chaise et ce magnifique th\u00e9\u00e2tre que je peux appeler mon chez-moi. Et bien s\u00fbr, je suis reconnaissant envers vous, le public, qui nous accompagnez chaque soir, ici, l\u00e0-bas, partout dans le monde.\u00a0\u00bb<\/p>\n<p>    Une d\u00e9cision politique\u00a0?    <\/p>\n<p class=\"asset asset-text\">Sauf que cette annulation interroge, puisqu\u2019elle intervient deux semaines apr\u00e8s que Paramount, la maison m\u00e8re de CBS, <a href=\"https:\/\/www.huffingtonpost.fr\/international\/article\/paramount-va-verser-16-millions-de-dollars-a-donald-trump-pour-solder-un-differend-sur-la-campagne_252095.html\" target=\"_blank\" rel=\"noopener\">a vers\u00e9 16\u00a0millions de dollars \u00e0 la future biblioth\u00e8que pr\u00e9sidentielle <\/a>pour solder un contentieux judiciaire avec\u00a0Donald Trump. Celui-ci accusait la cha\u00eene d\u2019avoir \u00e9dit\u00e9 une entrevue de\u00a0Kamala Harris\u00a0pour la valoriser.<\/p>\n<p class=\"asset asset-text\">Stephen Colbert, connu pour ses critiques acides et acerbes \u00e0 l\u2019\u00e9gard du r\u00e9publicain, avait qualifi\u00e9 ce versement de \u00ab\u00a0super gros pot-de-vin\u00a0\u00bb.<\/p>\n<p class=\"asset asset-text\">Le s\u00e9nateur californien Adam Schiff a soulev\u00e9 cette question juste apr\u00e8s \u00eatre pass\u00e9 dans l\u2019\u00e9mission de jeudi. \u00ab\u00a0Je viens tout juste de terminer l\u2019enregistrement avec Stephen Colbert, qui a annonc\u00e9 l\u2019annulation de son \u00e9mission. Si Paramount et CBS ont mis fin au\u00a0Late Show\u00a0pour des raisons politiques, le public a le droit de le savoir. Et il m\u00e9rite mieux\u00a0\u00bb, a-t-il \u00e9crit sur X.<\/p>\n<p> La lecture de ce contenu est susceptible d\u2019entra\u00eener un d\u00e9p\u00f4t de cookies de la part de l\u2019op\u00e9rateur tiers qui l\u2019h\u00e9berge. Compte-tenu des choix que vous avez exprim\u00e9s en mati\u00e8re de d\u00e9p\u00f4t de cookies, nous avons bloqu\u00e9 l\u2019affichage de ce contenu. Si vous souhaitez y acc\u00e9der, vous devez accepter la cat\u00e9gorie de cookies \u201cContenus tiers\u201d en cliquant sur le bouton ci-dessous. <\/p>\n<p> Lire la Vid\u00e9o        <\/p>\n<p class=\"asset asset-text\">Idem du c\u00f4t\u00e9 de la s\u00e9natrice d\u00e9mocrate Elizabeth Warren\u00a0: \u00ab\u00a0CBS a annul\u00e9 l\u2019\u00e9mission de Colbert seulement TROIS JOURS apr\u00e8s que Colbert a interpell\u00e9 la soci\u00e9t\u00e9 m\u00e8re de CBS, Paramount, pour son accord de 16\u00a0millions de dollars avec Trump &#8211; un accord qui ressemble \u00e0 de la corruption.\u00a0\u00bb<\/p>\n<p> La lecture de ce contenu est susceptible d\u2019entra\u00eener un d\u00e9p\u00f4t de cookies de la part de l\u2019op\u00e9rateur tiers qui l\u2019h\u00e9berge. Compte-tenu des choix que vous avez exprim\u00e9s en mati\u00e8re de d\u00e9p\u00f4t de cookies, nous avons bloqu\u00e9 l\u2019affichage de ce contenu. Si vous souhaitez y acc\u00e9der, vous devez accepter la cat\u00e9gorie de cookies \u201cContenus tiers\u201d en cliquant sur le bouton ci-dessous. <\/p>\n<p> Lire la Vid\u00e9o        <\/p>\n<p class=\"asset asset-text\">\u00ab\u00a0L\u2019Am\u00e9rique m\u00e9rite de savoir si son \u00e9mission a \u00e9t\u00e9 annul\u00e9e pour des raisons politiques. Regardez et partagez son message.\u00a0\u00bb, a-t-elle ajout\u00e9. Quant \u00e0 Jimmy Kimmel, pr\u00e9sentateur de l\u2019autre \u00e9mission humoristique phare aux \u00c9tats-Unis le Late Night Show, il n\u2019a pas \u00e9t\u00e9 tendre envers la cha\u00eene\u00a0: \u00ab\u00a0Va te faire voir CBS.\u00a0\u00bb<\/p>\n","protected":false},"excerpt":{"rendered":"Capture Instagram @colbertlateshow Le \u00ab\u00a0Late Show\u00a0\u00bb de Stephen Colbert, programme phare de la t\u00e9l\u00e9 am\u00e9ricaine, dispara\u00eet ETATS-UNIS &#8211;&hellip;\n","protected":false},"author":2,"featured_media":255981,"comment_status":"","ping_status":"","sticky":false,"template":"","format":"standard","meta":{"footnotes":""},"categories":[1356],"tags":[58,59,73,1011,27,14,39602,252,1364],"class_list":{"0":"post-255980","1":"post","2":"type-post","3":"status-publish","4":"format-standard","5":"has-post-thumbnail","7":"category-television","8":"tag-divertissement","9":"tag-entertainment","10":"tag-etats-unis","11":"tag-fr","12":"tag-france","13":"tag-international","14":"tag-stephen-colbert","15":"tag-television","16":"tag-tv"},"share_on_mastodon":{"url":"https:\/\/pubeurope.com\/@fr\/114873438389244128","error":""},"_links":{"self":[{"href":"https:\/\/www.europesays.com\/fr\/wp-json\/wp\/v2\/posts\/255980","targetHints":{"allow":["GET"]}}],"collection":[{"href":"https:\/\/www.europesays.com\/fr\/wp-json\/wp\/v2\/posts"}],"about":[{"href":"https:\/\/www.europesays.com\/fr\/wp-json\/wp\/v2\/types\/post"}],"author":[{"embeddable":true,"href":"https:\/\/www.europesays.com\/fr\/wp-json\/wp\/v2\/users\/2"}],"replies":[{"embeddable":true,"href":"https:\/\/www.europesays.com\/fr\/wp-json\/wp\/v2\/comments?post=255980"}],"version-history":[{"count":0,"href":"https:\/\/www.europesays.com\/fr\/wp-json\/wp\/v2\/posts\/255980\/revisions"}],"wp:featuredmedia":[{"embeddable":true,"href":"https:\/\/www.europesays.com\/fr\/wp-json\/wp\/v2\/media\/255981"}],"wp:attachment":[{"href":"https:\/\/www.europesays.com\/fr\/wp-json\/wp\/v2\/media?parent=255980"}],"wp:term":[{"taxonomy":"category","embeddable":true,"href":"https:\/\/www.europesays.com\/fr\/wp-json\/wp\/v2\/categories?post=255980"},{"taxonomy":"post_tag","embeddable":true,"href":"https:\/\/www.europesays.com\/fr\/wp-json\/wp\/v2\/tags?post=255980"}],"curies":[{"name":"wp","href":"https:\/\/api.w.org\/{rel}","templated":true}]}}