{"id":255982,"date":"2025-07-18T09:05:16","date_gmt":"2025-07-18T09:05:16","guid":{"rendered":"https:\/\/www.europesays.com\/fr\/255982\/"},"modified":"2025-07-18T09:05:16","modified_gmt":"2025-07-18T09:05:16","slug":"le-lac-kir-accueille-un-nouveau-festival","status":"publish","type":"post","link":"https:\/\/www.europesays.com\/fr\/255982\/","title":{"rendered":"le lac Kir accueille un nouveau festival"},"content":{"rendered":"<p>\u00ab\u00a0Une apr\u00e8s-midi 100\u00a0% K-pop mix\u00e9e \u00e0 une bataille d\u2019eau g\u00e9ante\u00a0!\u00a0\u00bb\u00a0: voil\u00e0 comment K-Project pr\u00e9sente son H2K Water Festival pr\u00e9vu ce samedi (de midi \u00e0 20 heures) \u00e0 la pointe ouest du lac Kir (vers le cabaret Odyss\u00e9o). \u00ab\u00a0Notre association a \u00e9t\u00e9 cr\u00e9\u00e9e fin 2023 pour promouvoir la K-pop et r\u00e9unir des passionn\u00e9s autour d\u2019\u00e9v\u00e9nements. Apr\u00e8s un grand concours qualificatif pour la Coupe de danse K-pop, c\u2019est la deuxi\u00e8me plus importante manifestation qu\u2019on organise\u00a0\u00bb, d\u00e9crit Emma Cordier, la tr\u00e9sori\u00e8re de l\u2019association dijonnaise.<\/p>\n<p>Le principe de ce premier H2K Water Festival est directement inspir\u00e9 de celui du <a href=\"https:\/\/www.waterbombfestival.com\/\" target=\"_blank\" rel=\"noopener\">Waterbomb, n\u00e9 \u00e0 S\u00e9oul en 2015<\/a> \u00a0: des performances sur sc\u00e8ne (assur\u00e9es notamment par le groupe de danse K-pop dijonnais Witchers et les artistes multicasquettes Sai Ko et Th\u00e9o), de la restauration (avec le salon dijonnais Manga-T) et surtout\u2026 des jeux d\u2019eau\u00a0!<\/p>\n<p>  \u00ab\u00a0S\u2019amuser, se rafra\u00eechir et se rassembler autour de la K-pop\u00a0\u00bb<\/p>\n<p>\u00ab\u00a0Les danseurs auront la possibilit\u00e9 d\u2019arroser et de se faire arroser par le public lors de leur show, il y aura une zone d\u00e9di\u00e9e pour faire des batailles d\u2019eau\u2026 \u00c7a permet de s\u2019amuser, de se rafra\u00eechir et de se rassembler autour de la K-pop\u00a0\u00bb, d\u00e9veloppe l\u2019adh\u00e9rente. Les personnes poss\u00e9dant un pistolet \u00e0 eau sont donc invit\u00e9es \u00e0 le ramener, mais il sera aussi possible d\u2019en avoir sur place \u00e0 3\u00a0\u20ac. L\u2019acc\u00e8s \u00e0 l\u2019\u00e9v\u00e9nement co\u00fbte 3\u00a0\u20ac pour les moins de 26 ans et 4\u00a0\u20ac pour les autres, les billets pouvant \u00eatre achet\u00e9s <a href=\"https:\/\/www.helloasso.com\/associations\/k-project-dijon\/evenements\/h2k-water-festival\" target=\"_blank\" rel=\"noopener\">en ligne sur le site HelloAsso<\/a> ou directement le jour J, sur place.<\/p>\n<p>Outre les membres de l\u2019association K-Project, ce festival mobilise une dizaine de b\u00e9n\u00e9voles et b\u00e9n\u00e9ficie du soutien de la Ville de Dijon, qui pr\u00eate notamment le mat\u00e9riel dont la sc\u00e8ne.<\/p>\n<p class=\"note\">Infos sur la page Instagram k_projectdijon<\/p>\n","protected":false},"excerpt":{"rendered":"\u00ab\u00a0Une apr\u00e8s-midi 100\u00a0% K-pop mix\u00e9e \u00e0 une bataille d\u2019eau g\u00e9ante\u00a0!\u00a0\u00bb\u00a0: voil\u00e0 comment K-Project pr\u00e9sente son H2K Water Festival&hellip;\n","protected":false},"author":2,"featured_media":255983,"comment_status":"","ping_status":"","sticky":false,"template":"","format":"standard","meta":{"footnotes":""},"categories":[1355],"tags":[2931,1687,2930,8587,58,8588,59,3326,107,1011,27,1757,1361,873,3140],"class_list":{"0":"post-255982","1":"post","2":"type-post","3":"status-publish","4":"format-standard","5":"has-post-thumbnail","7":"category-musique","8":"tag-cote-dor","9":"tag-culture-loisirs","10":"tag-dijon","11":"tag-dijon-ville","12":"tag-divertissement","13":"tag-edition-dijon-et-son-agglomeration","14":"tag-entertainment","15":"tag-fete-locale","16":"tag-fil-info","17":"tag-fr","18":"tag-france","19":"tag-insolite","20":"tag-music","21":"tag-musique","22":"tag-spectacle"},"share_on_mastodon":{"url":"https:\/\/pubeurope.com\/@fr\/114873442211420327","error":""},"_links":{"self":[{"href":"https:\/\/www.europesays.com\/fr\/wp-json\/wp\/v2\/posts\/255982","targetHints":{"allow":["GET"]}}],"collection":[{"href":"https:\/\/www.europesays.com\/fr\/wp-json\/wp\/v2\/posts"}],"about":[{"href":"https:\/\/www.europesays.com\/fr\/wp-json\/wp\/v2\/types\/post"}],"author":[{"embeddable":true,"href":"https:\/\/www.europesays.com\/fr\/wp-json\/wp\/v2\/users\/2"}],"replies":[{"embeddable":true,"href":"https:\/\/www.europesays.com\/fr\/wp-json\/wp\/v2\/comments?post=255982"}],"version-history":[{"count":0,"href":"https:\/\/www.europesays.com\/fr\/wp-json\/wp\/v2\/posts\/255982\/revisions"}],"wp:featuredmedia":[{"embeddable":true,"href":"https:\/\/www.europesays.com\/fr\/wp-json\/wp\/v2\/media\/255983"}],"wp:attachment":[{"href":"https:\/\/www.europesays.com\/fr\/wp-json\/wp\/v2\/media?parent=255982"}],"wp:term":[{"taxonomy":"category","embeddable":true,"href":"https:\/\/www.europesays.com\/fr\/wp-json\/wp\/v2\/categories?post=255982"},{"taxonomy":"post_tag","embeddable":true,"href":"https:\/\/www.europesays.com\/fr\/wp-json\/wp\/v2\/tags?post=255982"}],"curies":[{"name":"wp","href":"https:\/\/api.w.org\/{rel}","templated":true}]}}