{"id":255990,"date":"2025-07-18T09:09:09","date_gmt":"2025-07-18T09:09:09","guid":{"rendered":"https:\/\/www.europesays.com\/fr\/255990\/"},"modified":"2025-07-18T09:09:09","modified_gmt":"2025-07-18T09:09:09","slug":"merci-la-vie-pour-ce-cadeau-jordan-mouillerac-le-bebe-est-ne-lacolyte-de-lenie-devoile-le-prenom-et-la-premiere-photo","status":"publish","type":"post","link":"https:\/\/www.europesays.com\/fr\/255990\/","title":{"rendered":"\u00ab\u00a0Merci la vie pour ce cadeau\u00a0\u00bb, Jordan Mouillerac : le b\u00e9b\u00e9 est n\u00e9, l\u2019acolyte de L\u00e9nie d\u00e9voile le pr\u00e9nom et la premi\u00e8re photo"},"content":{"rendered":"<p>      R\u00e9sum\u00e9<\/p>\n<p>Jordan Mouillerac et Jessica ont accueilli leur fille Noa, un moment charg\u00e9 d\u2019\u00e9motion apr\u00e8s une grossesse difficile, marquant une nouvelle \u00e9tape pour le couple et leur famille.<\/p>\n<p>        Sommaire<\/p>\n<p><strong>C&rsquo;est une ann\u00e9e riche en rebondissements pour Jordan Mouillerac<\/strong>. En avril dernier, le c\u00e9l\u00e8bre chor\u00e9graphe de Danse avec les stars a remport\u00e9 la quatorzi\u00e8me \u00e9dition de l&rsquo;\u00e9mission gr\u00e2ce \u00e0 son duo avec L\u00e9nie. <\/p>\n<p>Pendant trois mois, les deux complices ont mis le feu au parquet du programme culte anim\u00e9 par Camille Combal. Une pers\u00e9v\u00e9rance qui a port\u00e9 ses fruits. <\/p>\n<p>Et si tout roule c\u00f4t\u00e9 pro, l&rsquo;artiste de 31 ans est tout aussi \u00e9panouie dans sa vie personnelle. Depuis quelques ann\u00e9es,<strong> il file en effet le parfait amour avec Jessica. <\/strong><\/p>\n<p>Plus amoureux que jamais, le couple vient m\u00eame de passer un cap dans sa relation. <strong><a href=\"https:\/\/www.public.fr\/danse-avec-les-stars-quelques-heures-apres-avoir-officialise-avec-lenie-jordan-mouillerac-annonce-larrivee-dun-bebe\" target=\"_blank\" rel=\"noopener\">Les deux tourtereaux sont r\u00e9cemment devenus parents<\/a> !<\/strong><\/p>\n<p>Jordan Mouillerac papa pour la premi\u00e8re fois<\/p>\n<p>Ce jeudi 17 juillet 2025, Jordan Mouillerac s&rsquo;est empar\u00e9 de ses <a href=\"https:\/\/www.instagram.com\/jordanmouillerac\/\" target=\"_blank\" rel=\"noreferrer noopener\">r\u00e9seaux sociaux<\/a> afin d&rsquo;annoncer une grande nouvelle \u00e0 ses abonn\u00e9s.<\/p>\n<p>\u00ab\u00a0<strong>Noa, notre fille, notre plus belle victoire, est n\u00e9e ce 9 juillet. Merci la vie pour ce cadeau, nous t\u2019avons tant attendue. Ton arriv\u00e9e scelle notre plus belle aventure : notre famille. Nous t\u2019aimons bien plus que les mots<\/strong>\u00ab\u00a0, a-t-il \u00e9crit sur Instagram tout en d\u00e9voilant quelques clich\u00e9s de sa petite merveille. Une publication qui a suscit\u00e9 de vives r\u00e9actions. <\/p>\n<p>Si Aliz\u00e9e Bois a tenu \u00e0 f\u00e9liciter son acolyte, Fauve Hautot s&rsquo;est content\u00e9e d&rsquo;un petit c\u0153ur en commentaire, tandis que Denitsa Ikonomova, elle, s&rsquo;est \u00e9merveill\u00e9e devant les adorables cheveux du b\u00e9b\u00e9.<\/p>\n<p>Une grossesse compliqu\u00e9e<\/p>\n<p>Une chose est s\u00fbre, c&rsquo;est que Jordan Mouillerac et Jessica sont sur un petit nuage depuis la naissance du b\u00e9b\u00e9. Un bonheur d&rsquo;autant plus pr\u00e9cieux apr\u00e8s <a href=\"https:\/\/www.public.fr\/jordan-mouillerac-danse-avec-les-stars-bientot-papa-doutes-peurs-sa-compagne-fait-de-nouvelles-confidences-sur-sa-grossesse-compliquee\" target=\"_blank\" rel=\"noopener\">une grossesse particuli\u00e8rement \u00e9prouvante<\/a> pour la jeune maman. <\/p>\n<p>\u00ab\u00a0<strong>Cette grossesse a \u00e9t\u00e9 extr\u00eamement anxiog\u00e8ne, pleine de doutes, de peurs, de rendez-vous m\u00e9dicaux, de hauts et de bas<\/strong>\u00ab\u00a0, confiait la jolie brune quelques jours avant l&rsquo;accouchement. <\/p>\n<p>L&rsquo;\u00e9preuve a \u00e9t\u00e9 si difficile que son compagnon avait m\u00eame envisag\u00e9 de quitter l&rsquo;aventure Danse avec les stars pour rester aux c\u00f4t\u00e9s de sa ch\u00e9rie.<\/p>\n<p>La production a donc <strong>adapt\u00e9 le planning du chor\u00e9graphe<\/strong> pour lui permettre de soutenir Jessica, <a href=\"https:\/\/www.public.fr\/danse-avec-les-stars-grosse-inquietude-apres-lhospitalisation-de-la-compagne-de-jordan-mouillerac\" target=\"_blank\" rel=\"noopener\">hospitalis\u00e9e durant sa grossesse<\/a>, tout en s&rsquo;occupant de Lara, la fille de cette derni\u00e8re. <\/p>\n<p>Un beau r\u00f4le de beau-papa qu&rsquo;il a pleinement assum\u00e9, avant de profiter \u00e0 quatre de leur nouvelle vie de famille.<\/p>\n<p>      Mentionn\u00e9s dans cet article<\/p>\n<p>\u00c0 lire aussi<\/p>\n<p><script async src=\"\/\/www.instagram.com\/embed.js\"><\/script><\/p>\n","protected":false},"excerpt":{"rendered":"R\u00e9sum\u00e9 Jordan Mouillerac et Jessica ont accueilli leur fille Noa, un moment charg\u00e9 d\u2019\u00e9motion apr\u00e8s une grossesse difficile,&hellip;\n","protected":false},"author":2,"featured_media":255991,"comment_status":"","ping_status":"","sticky":false,"template":"","format":"standard","meta":{"footnotes":""},"categories":[8],"tags":[194,58,59,1011,27,198],"class_list":{"0":"post-255990","1":"post","2":"type-post","3":"status-publish","4":"format-standard","5":"has-post-thumbnail","7":"category-divertissement","8":"tag-danse-avec-les-stars","9":"tag-divertissement","10":"tag-entertainment","11":"tag-fr","12":"tag-france","13":"tag-naissance"},"share_on_mastodon":{"url":"https:\/\/pubeurope.com\/@fr\/114873457950989986","error":""},"_links":{"self":[{"href":"https:\/\/www.europesays.com\/fr\/wp-json\/wp\/v2\/posts\/255990","targetHints":{"allow":["GET"]}}],"collection":[{"href":"https:\/\/www.europesays.com\/fr\/wp-json\/wp\/v2\/posts"}],"about":[{"href":"https:\/\/www.europesays.com\/fr\/wp-json\/wp\/v2\/types\/post"}],"author":[{"embeddable":true,"href":"https:\/\/www.europesays.com\/fr\/wp-json\/wp\/v2\/users\/2"}],"replies":[{"embeddable":true,"href":"https:\/\/www.europesays.com\/fr\/wp-json\/wp\/v2\/comments?post=255990"}],"version-history":[{"count":0,"href":"https:\/\/www.europesays.com\/fr\/wp-json\/wp\/v2\/posts\/255990\/revisions"}],"wp:featuredmedia":[{"embeddable":true,"href":"https:\/\/www.europesays.com\/fr\/wp-json\/wp\/v2\/media\/255991"}],"wp:attachment":[{"href":"https:\/\/www.europesays.com\/fr\/wp-json\/wp\/v2\/media?parent=255990"}],"wp:term":[{"taxonomy":"category","embeddable":true,"href":"https:\/\/www.europesays.com\/fr\/wp-json\/wp\/v2\/categories?post=255990"},{"taxonomy":"post_tag","embeddable":true,"href":"https:\/\/www.europesays.com\/fr\/wp-json\/wp\/v2\/tags?post=255990"}],"curies":[{"name":"wp","href":"https:\/\/api.w.org\/{rel}","templated":true}]}}