{"id":255997,"date":"2025-07-18T09:13:13","date_gmt":"2025-07-18T09:13:13","guid":{"rendered":"https:\/\/www.europesays.com\/fr\/255997\/"},"modified":"2025-07-18T09:13:13","modified_gmt":"2025-07-18T09:13:13","slug":"un-nouveau-feu-a-marseille-celui-de-martigues-pas-maitrise-les-flammes-fixees-a-broceliande-et-en-ardeche-liberation","status":"publish","type":"post","link":"https:\/\/www.europesays.com\/fr\/255997\/","title":{"rendered":"un nouveau feu \u00e0 Marseille, celui de Martigues pas ma\u00eetris\u00e9, les flammes \u00abfix\u00e9es\u00bb \u00e0 Broc\u00e9liande et en Ard\u00e8che \u2013 Lib\u00e9ration"},"content":{"rendered":"<p class=\"sc-ksZaOG ehjQrN text-element\">Dix jours apr\u00e8s <a href=\"https:\/\/www.liberation.fr\/societe\/incendie-a-marseille-des-centaines-de-pompiers-mobilises-pour-defendre-la-ville-20250708_ECGJOVKI6BDGDPXTHWSK6J6SQQ\/\" target=\"_blank\" rel=\"noreferrer noopener\" title=\"https:\/\/www.liberation.fr\/societe\/incendie-a-marseille-des-centaines-de-pompiers-mobilises-pour-defendre-la-ville-20250708_ECGJOVKI6BDGDPXTHWSK6J6SQQ\/\">l\u2019important incendie de Marseille<\/a>, un nouveau d\u00e9part a eu lieu ce vendredi 18\u00a0juillet dans deuxi\u00e8me ville de France. Un autre brasier fait rage non loin la m\u00e9tropole des Bouches-du-Rh\u00f4ne, \u00e0 Martigues. Deux autres sont en revanche fix\u00e9s par les pompiers, dans la for\u00eat de Broc\u00e9liande en Bretagne et en Ard\u00e8che dans le massif des C\u00e9vennes. Les trois d\u00e9parts de feu ont eu lieu jeudi.<\/p>\n<p class=\"sc-ksZaOG ehjQrN text-element\">Un nouvel incendie, pr\u00e9sent\u00e9 comme \u00abassez violent\u00bb par le journal local <a href=\"https:\/\/www.laprovence.com\/article\/faits-divers-justice\/71875832290836\/marseille-un-violent-incendie-en-cours-entre-le-roy-despagne-et-sormiou\" target=\"_blank\" rel=\"noreferrer noopener\" title=\"https:\/\/www.laprovence.com\/article\/faits-divers-justice\/71875832290836\/marseille-un-violent-incendie-en-cours-entre-le-roy-despagne-et-sormiou\">la Provence<\/a>, s\u2019est d\u00e9clar\u00e9 ce vendredi \u00e0 Marseille, dans le 9e arrondissement, au sud-ouest de la ville. Les pompiers sont sur place, on ignore encore l\u2019ampleur du sinistre.<\/p>\n<p class=\"sc-ksZaOG ehjQrN text-element\">L\u2019incendie qui a d\u00e9but\u00e9 jeudi en vers 19 heures sur la commune de Martigues, \u00e0 une quarantaine de kilom\u00e8tres au nord-ouest de Marseille, n\u2019\u00e9tait toujours pas \u00abma\u00eetris\u00e9\u00bb ce vendredi au lever du jour, apr\u00e8s avoir parcouru 240 hectares. \u00abN\u00e9anmoins, la situation est en nette am\u00e9lioration, en raison notamment du taux d\u2019humidit\u00e9 s\u2019\u00e9levant \u00e0 40\u00a0% et de l\u2019inflexion du vent\u00bb, pr\u00e9cisait la pr\u00e9fecture dans son dernier point de situation, \u00e0 6h30.<\/p>\n<p class=\"sc-ksZaOG ehjQrN text-element\">Un tr\u00e8s important dispositif, pr\u00e8s de 1\u00a0000 sapeurs-pompiers, est d\u00e9ploy\u00e9 pour l\u2019affronter, a annonc\u00e9 la pr\u00e9fecture. Ils sont appuy\u00e9s par 320 engins terrestres, et des moyens a\u00e9riens. La veille au soir, neuf avions &#8211; <a href=\"https:\/\/www.liberation.fr\/environnement\/climat\/bombardiers-dash-pompiers-mobilisables-surveillance-accrue-quel-arsenal-pour-la-lutte-contre-les-incendies-20250709_7NUC6V3VMZBFVA3B47PTIR4KBQ\/\" target=\"_blank\" rel=\"noreferrer noopener\" title=\"https:\/\/www.liberation.fr\/environnement\/climat\/bombardiers-dash-pompiers-mobilisables-surveillance-accrue-quel-arsenal-pour-la-lutte-contre-les-incendies-20250709_7NUC6V3VMZBFVA3B47PTIR4KBQ\/\">sept Canadair et deux Dash<\/a> &#8211; et deux h\u00e9licopt\u00e8res bombardiers d\u2019eau avaient \u00e9t\u00e9 d\u00e9ploy\u00e9s pour lutter contre les flammes. \u00abJamais un feu n\u2019avait mobilis\u00e9 autant de moyens\u00bb cette ann\u00e9e dans le d\u00e9partement, avait assur\u00e9 jeudi soir le sous-pr\u00e9fet de l\u2019arrondissement d\u2019Aix-en-Provence, Bruno Cassette, lors d\u2019un point presse sur place \u00e0 Martigues.<\/p>\n<p class=\"sc-ksZaOG ehjQrN text-element\">Si aucune victime n\u2019est \u00e0 regretter, except\u00e9s deux pompiers l\u00e9g\u00e8rement bless\u00e9s, 104 personnes ont \u00e9t\u00e9 \u00e9vacu\u00e9es. Des mesures de confinement sont aussi activ\u00e9es pour deux hameaux.<\/p>\n<p class=\"sc-ksZaOG ehjQrN text-element\">La commune de Martigues avait d\u00e9j\u00e0 \u00e9t\u00e9 frapp\u00e9e par un violent incendie, le 4\u00a0ao\u00fbt 2020, qui avait parcouru 1\u00a0000 hectares et compl\u00e8tement ravag\u00e9 deux villages-vacances. Des \u00e9vacuations avaient alors \u00e9t\u00e9 effectu\u00e9es par la mer, par bateaux.<\/p>\n<p class=\"sc-ksZaOG ehjQrN text-element\">L\u2019important incendie qui s\u2019est d\u00e9clar\u00e9 jeudi apr\u00e8s-midi en plein coeur de la mythique for\u00eat de Broc\u00e9liande, \u00e0 l\u2019ouest de Rennes, a \u00e9t\u00e9 annonc\u00e9 comme <a href=\"https:\/\/www.liberation.fr\/environnement\/climat\/incendies-que-veut-dire-un-feu-fixe-circonscrit-maitrise-ou-noye-20220715_RFDP7QP5FRAPRGIAZQE5DIYQWU\/\" target=\"_blank\" rel=\"noreferrer noopener\" title=\"https:\/\/www.liberation.fr\/environnement\/climat\/incendies-que-veut-dire-un-feu-fixe-circonscrit-maitrise-ou-noye-20220715_RFDP7QP5FRAPRGIAZQE5DIYQWU\/\">\u00abfix\u00e9\u00bb, c\u2019est-\u00e0-dire que les pompiers ont stopp\u00e9 sa progression<\/a>, \u00e0 23\u00a0h\u00a030 par la pr\u00e9fecture. Une centaine d\u2019hectares de v\u00e9g\u00e9tation ont \u00e9t\u00e9 d\u00e9truits. Au total, plus de 335 pompiers venus du Morbihan et d\u2019Ille-et-Vilaine, de nombreux moyens terrestres ainsi notamment que deux avions bombardiers d\u2019eau ont \u00e9t\u00e9 mobilis\u00e9s.<\/p>\n<p class=\"sc-ksZaOG ehjQrN text-element\">\u00abA l\u2019heure o\u00f9 je vous parle, le feu est fix\u00e9, a expliqu\u00e9 jeudi soir le lieutenant-colonel Patrice Feneon, des pompiers d\u2019Ille-et-Vilaine. \u00abNous allons passer la nuit \u00e0 \u00e9teindre tous les foyers que nous identifions avec des drones notamment\u00bb, avait-il soulign\u00e9. \u00abLa propagation du feu est facilit\u00e9e par la s\u00e9cheresse de la v\u00e9g\u00e9tation et des vents marqu\u00e9s\u00bb, a affirm\u00e9 la pr\u00e9fecture, selon qui aucune habitation n\u2019a n\u00e9anmoins \u00e9t\u00e9 menac\u00e9e.<\/p>\n<p class=\"sc-ksZaOG ehjQrN text-element\">Mais plusieurs routes d\u00e9partementales ont \u00e9t\u00e9 coup\u00e9es et il est demand\u00e9 \u00e0 la population d\u2019\u00e9viter le secteur et de faciliter l\u2019acc\u00e8s des secours. Suite \u00e0 cet incendie, la pr\u00e9fecture d\u2019Ille-et-Vilaine a lanc\u00e9 un appel \u00e0 la prudence et pris un arr\u00eat\u00e9 d\u2019interdiction temporaire d\u2019acc\u00e8s des massifs bois\u00e9s et landes des communes \u00e0 risque jusqu\u2019\u00e0 vendredi soir.<\/p>\n<p class=\"sc-ksZaOG ehjQrN text-element\">La for\u00eat de Broc\u00e9liande, tr\u00e8s pris\u00e9e des touristes en cette p\u00e9riode de l\u2019ann\u00e9e, <a href=\"https:\/\/www.liberation.fr\/societe\/incendie-en-foret-de-broceliande-ca-peut-repartir-autour-de-nous-a-nimporte-quel-moment-20220813_BAA4UFCBSBFIJP2ODHBUNOVJGY\/\" target=\"_blank\" rel=\"noreferrer noopener\" title=\"https:\/\/www.liberation.fr\/societe\/incendie-en-foret-de-broceliande-ca-peut-repartir-autour-de-nous-a-nimporte-quel-moment-20220813_BAA4UFCBSBFIJP2ODHBUNOVJGY\/\">avait connu de tr\u00e8s importants incendies en ao\u00fbt\u00a02022<\/a>. Quelque 400 hectares de la for\u00eat de Merlin l\u2019enchanteur avaient \u00e9t\u00e9 d\u00e9truits par les flammes, sur les 9\u00a0000 sur laquelle elle s\u2019\u00e9tend.<\/p>\n<p class=\"sc-ksZaOG ehjQrN text-element\">Un incendie en cours dans les C\u00e9vennes ard\u00e9choises lui aussi \u00e9t\u00e9 annonc\u00e9 comme \u00abfix\u00e9\u00bb, jeudi soir par le commandant des op\u00e9rations de secours sur place, Lionel Lepaulmierdes secours, au micro de <a href=\"https:\/\/www.bfmtv.com\/meteo\/video-incendie-en-ardeche-desormais-fixe-le-feu-a-ravage-31-hectares-de-terrain_VN-202507170595.html\" target=\"_blank\" rel=\"noreferrer noopener\" title=\"https:\/\/www.bfmtv.com\/meteo\/video-incendie-en-ardeche-desormais-fixe-le-feu-a-ravage-31-hectares-de-terrain_VN-202507170595.html\">BFM<\/a>. \u00abL\u2019incendie s\u2019est calm\u00e9\u00bb, a-t-il abond\u00e9, apr\u00e8s un dur combat contre les flammes \u00abdans une zone escarp\u00e9e\u00bb.<\/p>\n<p class=\"sc-ksZaOG ehjQrN text-element\">\u00abLe feu est circonscrit mais reste sous haute surveillance et un groupe est toujours mobilis\u00e9 pour noyer les lisi\u00e8res avant que la temp\u00e9rature n\u2019augmente et que le vent reparte cet apr\u00e8s-midi\u00bb, a pr\u00e9cis\u00e9 un responsable de la pr\u00e9fecture.<\/p>\n<p class=\"sc-ksZaOG ehjQrN text-element\">Le sinistre a parcouru pr\u00e8s de 40 hectares, d\u2019apr\u00e8s la pr\u00e9fecture du d\u00e9partement, qui affirme toutefois qu\u2019aucune habitation ni point sensible ne se trouve \u00e0 proximit\u00e9. Une centaine de sapeurs-pompiers ont \u00e9t\u00e9 mobilis\u00e9s, et 53 engins engag\u00e9s, ainsi que deux avions Dash de la S\u00e9curit\u00e9 civile, un h\u00e9licopt\u00e8re bombardier d\u2019eau, deux avions de reconnaissance et un h\u00e9licopt\u00e8re de coordination.<\/p>\n<p class=\"sc-ksZaOG ehjQrN text-element\">C\u2019est \u00able premier incendie de la saison\u00bb, a soulign\u00e9 la pr\u00e9fecture. L\u2019Ard\u00e8che \u00e9tait class\u00e9e <a href=\"https:\/\/www.liberation.fr\/environnement\/climat\/incendie-trois-departements-en-vigilance-rouge-mercredi-20250715_GIUBZCTK4FGARF4BLWOTC4UHYE\/\" target=\"_blank\" rel=\"noreferrer noopener\" title=\"https:\/\/www.liberation.fr\/environnement\/climat\/incendie-trois-departements-en-vigilance-rouge-mercredi-20250715_GIUBZCTK4FGARF4BLWOTC4UHYE\/\">en vigilance jaune jeudi<\/a>, orange mercredi, pour les feux de for\u00eat. Selon le d\u00e9partement, l\u2019incendie a d\u00e9marr\u00e9 au passage d\u2019une \u00e9pareuse, une machine permettant de d\u00e9broussailler les bords de route.<\/p>\n<p class=\"sc-ksZaOG ehjQrN text-element\">Les conditions m\u00e9t\u00e9orologiques \u00abdevraient \u00eatre plus favorables\u00bb dans les heures \u00e0 venir pour venir \u00e0 bout de l\u2019incendie, estime la pr\u00e9fecture.<\/p>\n<p class=\"sc-ksZaOG ehjQrN text-element\"><b>Mise \u00e0 jour\u00a0: <\/b>\u00e0 10h06, avec l\u2019ajout d\u2019un nouveau feu \u00e0 Marseille.<\/p>\n<blockquote cite=\\\"https:\/\/graph.facebook.com\/100057696791709\/posts\/1350774436855770\/\\\" class=\\\"fb-xfbml-parse-ignore\\\">\n<p>\ud83d\udd25\u26a0\ufe0f Feu de v\u00e9g\u00e9tation &#8211; Marseille\\n\\n9h55 : Le feu s&#039;est propag\u00e9 en bas de pente. Aid\u00e9 par la faible \u00e9nergie d&#039;activation&#8230;<\/p>\n<p>Publi\u00e9e par <a href=\\\"https:\/\/www.facebook.com\/FIRECHASER13\\\">Fire Chaser 13<\/a> sur&nbsp;<a href=\\\"https:\/\/graph.facebook.com\/100057696791709\/posts\/1350774436855770\/\\\">Vendredi 18 juillet 2025<\/a><\/p><\/blockquote>\n<p>\u00ab\u00a0,\u00a0\u00bbtype\u00a0\u00bb:\u00a0\u00bbfacebook-post\u00a0\u00bb,\u00a0\u00bbversion\u00a0\u00bb:\u00a0\u00bb1.0&Prime;,\u00a0\u00bbwidth\u00a0\u00bb:552,\u00a0\u00bb_id\u00a0\u00bb:\u00a0\u00bbhttps:\/\/www.facebook.com\/FIRECHASER13\/posts\/1350774436855770?ref=embed_post\u00a0\u00bb,\u00a0\u00bblocale\u00a0\u00bb:\u00a0\u00bbfr_FR\u00a0\u00bb},\u00a0\u00bbreferent\u00a0\u00bb:{\u00ab\u00a0id\u00a0\u00bb:\u00a0\u00bbhttps:\/\/www.facebook.com\/FIRECHASER13\/posts\/1350774436855770?ref=embed_post\u00a0\u00bb,\u00a0\u00bbprovider\u00a0\u00bb:\u00a0\u00bbhttps:\/\/graph.facebook.com\/v8.0\/oembed_post?url=\u00a0\u00bb,\u00a0\u00bbreferent_properties\u00a0\u00bb:{\u00ab\u00a0locale\u00a0\u00bb:\u00a0\u00bbfr_FR\u00a0\u00bb},\u00a0\u00bbservice\u00a0\u00bb:\u00a0\u00bboembed\u00a0\u00bb,\u00a0\u00bbtype\u00a0\u00bb:\u00a0\u00bbfacebook-post\u00a0\u00bb}},{\u00ab\u00a0_id\u00a0\u00bb:\u00a0\u00bb5B4AXP55BJEEZC7QPVLI42CFO4&Prime;,\u00a0\u00bbadditional_properties\u00a0\u00bb:{},\u00a0\u00bbcontent\u00a0\u00bb:\u00a0\u00bbA Martigues, le feu pas ma\u00eetris\u00e9 mais sur la bonne voie\u00a0\u00bb,\u00a0\u00bblevel\u00a0\u00bb:2,\u00a0\u00bbtype\u00a0\u00bb:\u00a0\u00bbheader\u00a0\u00bb},{\u00ab\u00a0_id\u00a0\u00bb:\u00a0\u00bbJ7AK2PE5S5BJDGWQEP7RF6T47U\u00a0\u00bb,\u00a0\u00bbadditional_properties\u00a0\u00bb:{},\u00a0\u00bbcontent\u00a0\u00bb:\u00a0\u00bbL\u2019incendie qui a d\u00e9but\u00e9 jeudi en vers 19 heures sur la commune de Martigues, \u00e0 une quarantaine de kilom\u00e8tres au nord-ouest de Marseille, n\u2019\u00e9tait toujours pas \u00abma\u00eetris\u00e9\u00bb ce vendredi au lever du jour, apr\u00e8s avoir parcouru 240 hectares. \u00abN\u00e9anmoins, la situation est en nette am\u00e9lioration, en raison notamment du taux d\u2019humidit\u00e9 s\u2019\u00e9levant \u00e0 40&nbsp;% et de l\u2019inflexion du vent\u00bb, pr\u00e9cisait la pr\u00e9fecture dans son dernier point de situation, \u00e0 6h30.\u00a0\u00bb,\u00a0\u00bbtype\u00a0\u00bb:\u00a0\u00bbtext\u00a0\u00bb},{\u00ab\u00a0_id\u00a0\u00bb:\u00a0\u00bbY3BOCY3G75DV3CVNK7IKGD6ESQ\u00a0\u00bb,\u00a0\u00bbadditional_properties\u00a0\u00bb:{},\u00a0\u00bbcontent\u00a0\u00bb:\u00a0\u00bbUn tr\u00e8s important dispositif, pr\u00e8s de 1&nbsp;000 sapeurs-pompiers, est d\u00e9ploy\u00e9 pour l\u2019affronter, a annonc\u00e9 la pr\u00e9fecture. Ils sont appuy\u00e9s par 320 engins terrestres, et des moyens a\u00e9riens. La veille au soir, neuf avions &#8211; <a href=\\\"https:\/\/www.liberation.fr\/environnement\/climat\/bombardiers-dash-pompiers-mobilisables-surveillance-accrue-quel-arsenal-pour-la-lutte-contre-les-incendies-20250709_7NUC6V3VMZBFVA3B47PTIR4KBQ\/\\\" target=\\\"_blank\\\" rel=\\\"noreferrer\\\" title=\\\"https:\/\/www.liberation.fr\/environnement\/climat\/bombardiers-dash-pompiers-mobilisables-surveillance-accrue-quel-arsenal-pour-la-lutte-contre-les-incendies-20250709_7NUC6V3VMZBFVA3B47PTIR4KBQ\/\\\">sept Canadair et deux Dash<\/a> &#8211; et deux h\u00e9licopt\u00e8res bombardiers d\u2019eau avaient \u00e9t\u00e9 d\u00e9ploy\u00e9s pour lutter contre les flammes. \u00abJamais un feu n\u2019avait mobilis\u00e9 autant de moyens\u00bb cette ann\u00e9e dans le d\u00e9partement, avait assur\u00e9 jeudi soir le sous-pr\u00e9fet de l\u2019arrondissement d\u2019Aix-en-Provence, Bruno Cassette, lors d\u2019un point presse sur place \u00e0 Martigues.\u00a0\u00bb,\u00a0\u00bbtype\u00a0\u00bb:\u00a0\u00bbtext\u00a0\u00bb},{\u00ab\u00a0_id\u00a0\u00bb:\u00a0\u00bbDOLMQAXUG5BMRLVSPFUZ42WY4U\u00a0\u00bb,\u00a0\u00bbitems\u00a0\u00bb:[{\u00ab\u00a0_id\u00a0\u00bb:\u00a0\u00bb7VOIWR2WMZGCDNXWD75LVZ4GSE\u00a0\u00bb,\u00a0\u00bbadditional_properties\u00a0\u00bb:{\u00ab\u00a0nofollow\u00a0\u00bb:false,\u00a0\u00bbopenInNewTab\u00a0\u00bb:false,\u00a0\u00bbsponsored\u00a0\u00bb:false},\u00a0\u00bbcontent\u00a0\u00bb:\u00a0\u00bb\u00abIl suffit d\u2019une braise et \u00e7a part\u00bb : dans les Alpes-Maritimes, des gardes forestiers saisonniers alertent sur les risques d\u2019incendie\u00a0\u00bb,\u00a0\u00bbdescription\u00a0\u00bb:{\u00ab\u00a0_id\u00a0\u00bb:\u00a0\u00bbA7TUCK3LJZBMNFONT2OICVIW5M\u00a0\u00bb,\u00a0\u00bbcontent\u00a0\u00bb:\u00a0\u00bb\u00a0\u00bb,\u00a0\u00bbtype\u00a0\u00bb:\u00a0\u00bbtext\u00a0\u00bb},\u00a0\u00bbtype\u00a0\u00bb:\u00a0\u00bbinterstitial_link\u00a0\u00bb,\u00a0\u00bburl\u00a0\u00bb:\u00a0\u00bbhttps:\/\/www.liberation.fr\/environnement\/climat\/il-suffit-dune-braise-et-ca-part-dans-les-alpes-maritimes-des-gardes-forestiers-saisonniers-alertent-sur-les-risques-dincendie-20250709_JN5JGFJSN5ASPJOKPCOQOJYY6U\/\u00a0\u00bb}],\u00a0\u00bbsubtype\u00a0\u00bb:\u00a0\u00bbtitle_only\u00a0\u00bb,\u00a0\u00bbtitle\u00a0\u00bb:\u00a0\u00bbReportage\u00a0\u00bb,\u00a0\u00bbtype\u00a0\u00bb:\u00a0\u00bblink_list\u00a0\u00bb},{\u00ab\u00a0_id\u00a0\u00bb:\u00a0\u00bbOMRECOY44NGF7IQOT7P43XVPDU\u00a0\u00bb,\u00a0\u00bbadditional_properties\u00a0\u00bb:{},\u00a0\u00bbcontent\u00a0\u00bb:\u00a0\u00bbSi aucune victime n\u2019est \u00e0 regretter, except\u00e9s deux pompiers l\u00e9g\u00e8rement bless\u00e9s, 104 personnes ont \u00e9t\u00e9 \u00e9vacu\u00e9es. Des mesures de confinement sont aussi activ\u00e9es pour deux hameaux.\u00a0\u00bb,\u00a0\u00bbtype\u00a0\u00bb:\u00a0\u00bbtext\u00a0\u00bb},{\u00ab\u00a0_id\u00a0\u00bb:\u00a0\u00bbQJKDNX3YXVFMFOQLCYLOISPJJU\u00a0\u00bb,\u00a0\u00bbadditional_properties\u00a0\u00bb:{},\u00a0\u00bbcontent\u00a0\u00bb:\u00a0\u00bbLa commune de Martigues avait d\u00e9j\u00e0 \u00e9t\u00e9 frapp\u00e9e par un violent incendie, le 4&nbsp;ao\u00fbt 2020, qui avait parcouru 1&nbsp;000 hectares et compl\u00e8tement ravag\u00e9 deux villages-vacances. Des \u00e9vacuations avaient alors \u00e9t\u00e9 effectu\u00e9es par la mer, par bateaux.\u00a0\u00bb,\u00a0\u00bbtype\u00a0\u00bb:\u00a0\u00bbtext\u00a0\u00bb},{\u00ab\u00a0_id\u00a0\u00bb:\u00a0\u00bbTM7RRRUXUZDBPN2PS4KR2ANZSY\u00a0\u00bb,\u00a0\u00bbadditional_properties\u00a0\u00bb:{},\u00a0\u00bbcontent\u00a0\u00bb:\u00a0\u00bbA Broc\u00e9liande, les flammes ne progressent plus\u00a0\u00bb,\u00a0\u00bblevel\u00a0\u00bb:2,\u00a0\u00bbtype\u00a0\u00bb:\u00a0\u00bbheader\u00a0\u00bb},{\u00ab\u00a0_id\u00a0\u00bb:\u00a0\u00bbJYQ7FMKLLVBLRHJFNSHYNJPQCI\u00a0\u00bb,\u00a0\u00bbadditional_properties\u00a0\u00bb:{},\u00a0\u00bbcontent\u00a0\u00bb:\u00a0\u00bbL\u2019important incendie qui s\u2019est d\u00e9clar\u00e9 jeudi apr\u00e8s-midi en plein coeur de la mythique for\u00eat de Broc\u00e9liande, \u00e0 l\u2019ouest de Rennes, a \u00e9t\u00e9 annonc\u00e9 comme <a href=\\\"https:\/\/www.liberation.fr\/environnement\/climat\/incendies-que-veut-dire-un-feu-fixe-circonscrit-maitrise-ou-noye-20220715_RFDP7QP5FRAPRGIAZQE5DIYQWU\/\\\" target=\\\"_blank\\\" rel=\\\"noreferrer\\\" title=\\\"https:\/\/www.liberation.fr\/environnement\/climat\/incendies-que-veut-dire-un-feu-fixe-circonscrit-maitrise-ou-noye-20220715_RFDP7QP5FRAPRGIAZQE5DIYQWU\/\\\">\u00abfix\u00e9\u00bb, c\u2019est-\u00e0-dire que les pompiers ont stopp\u00e9 sa progression<\/a>, \u00e0 23&nbsp;h&nbsp;30 par la pr\u00e9fecture. Une centaine d\u2019hectares de v\u00e9g\u00e9tation ont \u00e9t\u00e9 d\u00e9truits. Au total, plus de 335 pompiers venus du Morbihan et d\u2019Ille-et-Vilaine, de nombreux moyens terrestres ainsi notamment que deux avions bombardiers d\u2019eau ont \u00e9t\u00e9 mobilis\u00e9s.\u00a0\u00bb,\u00a0\u00bbtype\u00a0\u00bb:\u00a0\u00bbtext\u00a0\u00bb},{\u00ab\u00a0_id\u00a0\u00bb:\u00a0\u00bbSLM5LXBKYRDE5I2UD3L657ZN5M\u00a0\u00bb,\u00a0\u00bbadditional_properties\u00a0\u00bb:{},\u00a0\u00bbcontent\u00a0\u00bb:\u00a0\u00bb\u00abA l\u2019heure o\u00f9 je vous parle, le feu est fix\u00e9, a expliqu\u00e9 jeudi soir le lieutenant-colonel Patrice Feneon, des pompiers d\u2019Ille-et-Vilaine. \u00abNous allons passer la nuit \u00e0 \u00e9teindre tous les foyers que nous identifions avec des drones notamment\u00bb, avait-il soulign\u00e9. \u00abLa propagation du feu est facilit\u00e9e par la s\u00e9cheresse de la v\u00e9g\u00e9tation et des vents marqu\u00e9s\u00bb, a affirm\u00e9 la pr\u00e9fecture, selon qui aucune habitation n\u2019a n\u00e9anmoins \u00e9t\u00e9 menac\u00e9e.\u00a0\u00bb,\u00a0\u00bbtype\u00a0\u00bb:\u00a0\u00bbtext\u00a0\u00bb},{\u00ab\u00a0_id\u00a0\u00bb:\u00a0\u00bb4JOOWD6ZBNEL5OUAU5RLMQ5LAY\u00a0\u00bb,\u00a0\u00bbadditional_properties\u00a0\u00bb:{\u00ab\u00a0countryId\u00a0\u00bb:74,\u00a0\u00bbfullSizeResizeUrl\u00a0\u00bb:\u00a0\u00bb\/resizer\/v2\/4JOOWD6ZBNEL5OUAU5RLMQ5LAY.jpg?auth=64b39114b8711a8883a337bcd182ce3dcb0f63f00ca3f25c330d6f02388eca28&Prime;,\u00a0\u00bbgalleries\u00a0\u00bb:[],\u00a0\u00bbingestionMethod\u00a0\u00bb:\u00a0\u00bbmanual\u00a0\u00bb,\u00a0\u00bbiptc_source\u00a0\u00bb:\u00a0\u00bbAFP\u00a0\u00bb,\u00a0\u00bbiptc_title\u00a0\u00bb:\u00a0\u00bbSTF\u00a0\u00bb,\u00a0\u00bbkeywords\u00a0\u00bb:[\u00ab\u00a0essential\u00a0\u00bb,\u00a0\u00bbhorizontal\u00a0\u00bb,\u00a0\u00bbtopshots\u00a0\u00bb],\u00a0\u00bbmime_type\u00a0\u00bb:\u00a0\u00bbimage\/jpeg\u00a0\u00bb,\u00a0\u00bboriginalName\u00a0\u00bb:\u00a0\u00bb000_674F9HB.jpg\u00a0\u00bb,\u00a0\u00bboriginalUrl\u00a0\u00bb:\u00a0\u00bbhttps:\/\/cloudfront-eu-central-1.images.arcpublishing.com\/liberation\/4JOOWD6ZBNEL5OUAU5RLMQ5LAY.jpg\u00a0\u00bb,\u00a0\u00bbproxyUrl\u00a0\u00bb:\u00a0\u00bb\/resizer\/v2\/4JOOWD6ZBNEL5OUAU5RLMQ5LAY.jpg?auth=64b39114b8711a8883a337bcd182ce3dcb0f63f00ca3f25c330d6f02388eca28&Prime;,\u00a0\u00bbpublished\u00a0\u00bb:true,\u00a0\u00bbresizeUrl\u00a0\u00bb:\u00a0\u00bb\/resizer\/v2\/4JOOWD6ZBNEL5OUAU5RLMQ5LAY.jpg?auth=64b39114b8711a8883a337bcd182ce3dcb0f63f00ca3f25c330d6f02388eca28&Prime;,\u00a0\u00bbrestricted\u00a0\u00bb:false,\u00a0\u00bbtakenOn\u00a0\u00bb:\u00a0\u00bb2025-07-17T20:18:58Z\u00a0\u00bb,\u00a0\u00bbthumbnailResizeUrl\u00a0\u00bb:\u00a0\u00bb\/resizer\/v2\/4JOOWD6ZBNEL5OUAU5RLMQ5LAY.jpg?auth=64b39114b8711a8883a337bcd182ce3dcb0f63f00ca3f25c330d6f02388eca28&#038;width=300&Prime;,\u00a0\u00bbversion\u00a0\u00bb:2,\u00a0\u00bbtemplate_id\u00a0\u00bb:183,\u00a0\u00bblink\u00a0\u00bb:\u00a0\u00bb\u00a0\u00bb},\u00a0\u00bbaddress\u00a0\u00bb:{\u00ab\u00a0locality\u00a0\u00bb:\u00a0\u00bbMauron\u00a0\u00bb,\u00a0\u00bbregion\u00a0\u00bb:\u00a0\u00bbMorbihan\u00a0\u00bb,\u00a0\u00bbcountry_name\u00a0\u00bb:\u00a0\u00bbFRA\u00a0\u00bb},\u00a0\u00bbauth\u00a0\u00bb:{\u00ab\u00a01&Prime;:\u00a0\u00bb64b39114b8711a8883a337bcd182ce3dcb0f63f00ca3f25c330d6f02388eca28&Prime;},\u00a0\u00bbcaption\u00a0\u00bb:\u00a0\u00bbDans la for\u00eat de Broc\u00e9liande, jeudi 17 juillet 2025. \u00ab\u00a0,\u00a0\u00bbcopyright\u00a0\u00bb:\u00a0\u00bbAFP or licensors\u00a0\u00bb,\u00a0\u00bbcreated_date\u00a0\u00bb:\u00a0\u00bb2025-07-18T06:21:27Z\u00a0\u00bb,\u00a0\u00bbcredits\u00a0\u00bb:{\u00ab\u00a0affiliation\u00a0\u00bb:[{\u00ab\u00a0name\u00a0\u00bb:\u00a0\u00bbAFP\u00a0\u00bb,\u00a0\u00bbtype\u00a0\u00bb:\u00a0\u00bbauthor\u00a0\u00bb}],\u00a0\u00bbby\u00a0\u00bb:[{\u00ab\u00a0byline\u00a0\u00bb:\u00a0\u00bbDamien Meyer\u00a0\u00bb,\u00a0\u00bbname\u00a0\u00bb:\u00a0\u00bbDamien Meyer\u00a0\u00bb,\u00a0\u00bbtype\u00a0\u00bb:\u00a0\u00bbauthor\u00a0\u00bb}]},\u00a0\u00bbfocal_point\u00a0\u00bb:{\u00ab\u00a0x\u00a0\u00bb:5056,\u00a0\u00bby\u00a0\u00bb:2906},\u00a0\u00bbgeo\u00a0\u00bb:{},\u00a0\u00bbheight\u00a0\u00bb:5504,\u00a0\u00bbimage_type\u00a0\u00bb:\u00a0\u00bbphotograph\u00a0\u00bb,\u00a0\u00bblast_updated_date\u00a0\u00bb:\u00a0\u00bb2025-07-18T06:38:29Z\u00a0\u00bb,\u00a0\u00bblicensable\u00a0\u00bb:false,\u00a0\u00bbowner\u00a0\u00bb:{\u00ab\u00a0id\u00a0\u00bb:\u00a0\u00bbliberation\u00a0\u00bb,\u00a0\u00bbsponsored\u00a0\u00bb:false},\u00a0\u00bbslug\u00a0\u00bb:\u00a0\u00bbFRANCE-FIRE-FOREST\u00a0\u00bb,\u00a0\u00bbsource\u00a0\u00bb:{\u00ab\u00a0additional_properties\u00a0\u00bb:{\u00ab\u00a0editor\u00a0\u00bb:\u00a0\u00bbphoto center\u00a0\u00bb},\u00a0\u00bbedit_url\u00a0\u00bb:\u00a0\u00bb\u00a0\u00bb,\u00a0\u00bbsystem\u00a0\u00bb:\u00a0\u00bbphoto center\u00a0\u00bb},\u00a0\u00bbsubtitle\u00a0\u00bb:\u00a0\u00bb\u00a0\u00bb,\u00a0\u00bbtaxonomy\u00a0\u00bb:{\u00ab\u00a0associated_tasks\u00a0\u00bb:[]},\u00a0\u00bbtype\u00a0\u00bb:\u00a0\u00bbimage\u00a0\u00bb,\u00a0\u00bburl\u00a0\u00bb:\u00a0\u00bbhttps:\/\/cloudfront-eu-central-1.images.arcpublishing.com\/liberation\/4JOOWD6ZBNEL5OUAU5RLMQ5LAY.jpg\u00a0\u00bb,\u00a0\u00bbversion\u00a0\u00bb:\u00a0\u00bb0.10.9&Prime;,\u00a0\u00bbwidth\u00a0\u00bb:8256,\u00a0\u00bbsyndication\u00a0\u00bb:{},\u00a0\u00bbcreditIPTC\u00a0\u00bb:\u00a0\u00bbAFP\u00a0\u00bb,\u00a0\u00bbcountry_name\u00a0\u00bb:\u00a0\u00bbFrance\u00a0\u00bb,\u00a0\u00bbresized_params\u00a0\u00bb:[{\u00ab\u00a0url\u00a0\u00bb:\u00a0\u00bbresizer\/cFKUOWQjn_KnQktYopNoPk5JK2Q=\/84&#215;0\/filters:format(jpg):quality(70):focal(5051&#215;2901:5061&#215;2911)\/cloudfront-eu-central-1.images.arcpublishing.com\/liberation\/4JOOWD6ZBNEL5OUAU5RLMQ5LAY.jpg\u00a0\u00bb,\u00a0\u00bbwidth\u00a0\u00bb:84,\u00a0\u00bbheight\u00a0\u00bb:0},{\u00ab\u00a0url\u00a0\u00bb:\u00a0\u00bbresizer\/iGTDUmYo6bV5u-hTxNpB4DSPwx4=\/105&#215;0\/filters:format(jpg):quality(70):focal(5051&#215;2901:5061&#215;2911)\/cloudfront-eu-central-1.images.arcpublishing.com\/liberation\/4JOOWD6ZBNEL5OUAU5RLMQ5LAY.jpg\u00a0\u00bb,\u00a0\u00bbwidth\u00a0\u00bb:105,\u00a0\u00bbheight\u00a0\u00bb:0},{\u00ab\u00a0url\u00a0\u00bb:\u00a0\u00bbresizer\/uHxsWQWi_7-J9-xZjNlWyTVXPQY=\/158&#215;0\/filters:format(jpg):quality(70):focal(5051&#215;2901:5061&#215;2911)\/cloudfront-eu-central-1.images.arcpublishing.com\/liberation\/4JOOWD6ZBNEL5OUAU5RLMQ5LAY.jpg\u00a0\u00bb,\u00a0\u00bbwidth\u00a0\u00bb:158,\u00a0\u00bbheight\u00a0\u00bb:0},{\u00ab\u00a0url\u00a0\u00bb:\u00a0\u00bbresizer\/ZIpsMuGHFujVBUlzZbZMhopcTYk=\/274&#215;0\/filters:format(jpg):quality(70):focal(5051&#215;2901:5061&#215;2911)\/cloudfront-eu-central-1.images.arcpublishing.com\/liberation\/4JOOWD6ZBNEL5OUAU5RLMQ5LAY.jpg\u00a0\u00bb,\u00a0\u00bbwidth\u00a0\u00bb:274,\u00a0\u00bbheight\u00a0\u00bb:0},{\u00ab\u00a0url\u00a0\u00bb:\u00a0\u00bbresizer\/0R8M8YBw2TUvzy6JObPRy6XdPQI=\/377&#215;0\/filters:format(jpg):quality(70):focal(5051&#215;2901:5061&#215;2911)\/cloudfront-eu-central-1.images.arcpublishing.com\/liberation\/4JOOWD6ZBNEL5OUAU5RLMQ5LAY.jpg\u00a0\u00bb,\u00a0\u00bbwidth\u00a0\u00bb:377,\u00a0\u00bbheight\u00a0\u00bb:0},{\u00ab\u00a0url\u00a0\u00bb:\u00a0\u00bbresizer\/_sWlPt-yyp24_bCBL10os3wcfkw=\/400&#215;0\/filters:format(jpg):quality(70):focal(5051&#215;2901:5061&#215;2911)\/cloudfront-eu-central-1.images.arcpublishing.com\/liberation\/4JOOWD6ZBNEL5OUAU5RLMQ5LAY.jpg\u00a0\u00bb,\u00a0\u00bbwidth\u00a0\u00bb:400,\u00a0\u00bbheight\u00a0\u00bb:0},{\u00ab\u00a0url\u00a0\u00bb:\u00a0\u00bbresizer\/hWijLhZxopkbOnKtYwlN3L7OP20=\/600&#215;0\/filters:format(jpg):quality(70):focal(5051&#215;2901:5061&#215;2911)\/cloudfront-eu-central-1.images.arcpublishing.com\/liberation\/4JOOWD6ZBNEL5OUAU5RLMQ5LAY.jpg\u00a0\u00bb,\u00a0\u00bbwidth\u00a0\u00bb:600,\u00a0\u00bbheight\u00a0\u00bb:0},{\u00ab\u00a0url\u00a0\u00bb:\u00a0\u00bbresizer\/piCMTWH5zt5iESuQZRr6X_SDzZs=\/768&#215;0\/filters:format(jpg):quality(70):focal(5051&#215;2901:5061&#215;2911)\/cloudfront-eu-central-1.images.arcpublishing.com\/liberation\/4JOOWD6ZBNEL5OUAU5RLMQ5LAY.jpg\u00a0\u00bb,\u00a0\u00bbwidth\u00a0\u00bb:768,\u00a0\u00bbheight\u00a0\u00bb:0},{\u00ab\u00a0url\u00a0\u00bb:\u00a0\u00bbresizer\/EHI8Kx_4EJ-F7YVWszz_MW6QhGM=\/800&#215;0\/filters:format(jpg):quality(70):focal(5051&#215;2901:5061&#215;2911)\/cloudfront-eu-central-1.images.arcpublishing.com\/liberation\/4JOOWD6ZBNEL5OUAU5RLMQ5LAY.jpg\u00a0\u00bb,\u00a0\u00bbwidth\u00a0\u00bb:800,\u00a0\u00bbheight\u00a0\u00bb:0},{\u00ab\u00a0url\u00a0\u00bb:\u00a0\u00bbresizer\/T054PHE2iLov2LEoFncr5Z-7EbI=\/1024&#215;0\/filters:format(jpg):quality(70):focal(5051&#215;2901:5061&#215;2911)\/cloudfront-eu-central-1.images.arcpublishing.com\/liberation\/4JOOWD6ZBNEL5OUAU5RLMQ5LAY.jpg\u00a0\u00bb,\u00a0\u00bbwidth\u00a0\u00bb:1024,\u00a0\u00bbheight\u00a0\u00bb:0},{\u00ab\u00a0url\u00a0\u00bb:\u00a0\u00bbresizer\/b8TK0t_k5XvLgxRnDxUZCN4w5PA=\/1200&#215;0\/filters:format(jpg):quality(70):focal(5051&#215;2901:5061&#215;2911)\/cloudfront-eu-central-1.images.arcpublishing.com\/liberation\/4JOOWD6ZBNEL5OUAU5RLMQ5LAY.jpg\u00a0\u00bb,\u00a0\u00bbwidth\u00a0\u00bb:1200,\u00a0\u00bbheight\u00a0\u00bb:0},{\u00ab\u00a0url\u00a0\u00bb:\u00a0\u00bbresizer\/2kqbzg9eYVLzLIqBIjeLzfbt-pc=\/1440&#215;0\/filters:format(jpg):quality(70):focal(5051&#215;2901:5061&#215;2911)\/cloudfront-eu-central-1.images.arcpublishing.com\/liberation\/4JOOWD6ZBNEL5OUAU5RLMQ5LAY.jpg\u00a0\u00bb,\u00a0\u00bbwidth\u00a0\u00bb:1440,\u00a0\u00bbheight\u00a0\u00bb:0},{\u00ab\u00a0url\u00a0\u00bb:\u00a0\u00bbresizer\/KYyrI9a0LH3gndLu4z29u5rypd4=\/1600&#215;0\/filters:format(jpg):quality(70):focal(5051&#215;2901:5061&#215;2911)\/cloudfront-eu-central-1.images.arcpublishing.com\/liberation\/4JOOWD6ZBNEL5OUAU5RLMQ5LAY.jpg\u00a0\u00bb,\u00a0\u00bbwidth\u00a0\u00bb:1600,\u00a0\u00bbheight\u00a0\u00bb:0}]},{\u00ab\u00a0_id\u00a0\u00bb:\u00a0\u00bbBJ6YEEJJRVH3BHB75UO53C7YKE\u00a0\u00bb,\u00a0\u00bbadditional_properties\u00a0\u00bb:{},\u00a0\u00bbcontent\u00a0\u00bb:\u00a0\u00bbMais plusieurs routes d\u00e9partementales ont \u00e9t\u00e9 coup\u00e9es et il est demand\u00e9 \u00e0 la population d\u2019\u00e9viter le secteur et de faciliter l\u2019acc\u00e8s des secours. Suite \u00e0 cet incendie, la pr\u00e9fecture d\u2019Ille-et-Vilaine a lanc\u00e9 un appel \u00e0 la prudence et pris un arr\u00eat\u00e9 d\u2019interdiction temporaire d\u2019acc\u00e8s des massifs bois\u00e9s et landes des communes \u00e0 risque jusqu\u2019\u00e0 vendredi soir.\u00a0\u00bb,\u00a0\u00bbtype\u00a0\u00bb:\u00a0\u00bbtext\u00a0\u00bb},{\u00ab\u00a0_id\u00a0\u00bb:\u00a0\u00bbXH2YSXPHYZBKXAR4ESUC6KYHDY\u00a0\u00bb,\u00a0\u00bbadditional_properties\u00a0\u00bb:{},\u00a0\u00bbcontent\u00a0\u00bb:\u00a0\u00bbLa for\u00eat de Broc\u00e9liande, tr\u00e8s pris\u00e9e des touristes en cette p\u00e9riode de l\u2019ann\u00e9e, <a href=\\\"https:\/\/www.liberation.fr\/societe\/incendie-en-foret-de-broceliande-ca-peut-repartir-autour-de-nous-a-nimporte-quel-moment-20220813_BAA4UFCBSBFIJP2ODHBUNOVJGY\/\\\" target=\\\"_blank\\\" rel=\\\"noreferrer\\\" title=\\\"https:\/\/www.liberation.fr\/societe\/incendie-en-foret-de-broceliande-ca-peut-repartir-autour-de-nous-a-nimporte-quel-moment-20220813_BAA4UFCBSBFIJP2ODHBUNOVJGY\/\\\">avait connu de tr\u00e8s importants incendies en ao\u00fbt&nbsp;2022<\/a>. Quelque 400 hectares de la for\u00eat de Merlin l\u2019enchanteur avaient \u00e9t\u00e9 d\u00e9truits par les flammes, sur les 9&nbsp;000 sur laquelle elle s\u2019\u00e9tend.\u00a0\u00bb,\u00a0\u00bbtype\u00a0\u00bb:\u00a0\u00bbtext\u00a0\u00bb},{\u00ab\u00a0_id\u00a0\u00bb:\u00a0\u00bbZJYCZ73UB5B2VILNLQURYDXHTE\u00a0\u00bb,\u00a0\u00bbadditional_properties\u00a0\u00bb:{},\u00a0\u00bbcontent\u00a0\u00bb:\u00a0\u00bbEn Ard\u00e8che, le feu sous contr\u00f4le\u00a0\u00bb,\u00a0\u00bblevel\u00a0\u00bb:2,\u00a0\u00bbtype\u00a0\u00bb:\u00a0\u00bbheader\u00a0\u00bb},{\u00ab\u00a0_id\u00a0\u00bb:\u00a0\u00bbL55NSXHCKVA7RNNA4YZ63Y4BP4&Prime;,\u00a0\u00bbadditional_properties\u00a0\u00bb:{},\u00a0\u00bbcontent\u00a0\u00bb:\u00a0\u00bbUn incendie en cours dans les C\u00e9vennes ard\u00e9choises lui aussi \u00e9t\u00e9 annonc\u00e9 comme \u00abfix\u00e9\u00bb, jeudi soir par le commandant des op\u00e9rations de secours sur place, Lionel Lepaulmierdes secours, au micro de <a href=\\\"https:\/\/www.bfmtv.com\/meteo\/video-incendie-en-ardeche-desormais-fixe-le-feu-a-ravage-31-hectares-de-terrain_VN-202507170595.html\\\" target=\\\"_blank\\\" rel=\\\"noreferrer\\\" title=\\\"https:\/\/www.bfmtv.com\/meteo\/video-incendie-en-ardeche-desormais-fixe-le-feu-a-ravage-31-hectares-de-terrain_VN-202507170595.html\\\">BFM<\/a>. \u00abL\u2019incendie s\u2019est calm\u00e9\u00bb, a-t-il abond\u00e9, apr\u00e8s un dur combat contre les flammes \u00abdans une zone escarp\u00e9e\u00bb.\u00a0\u00bb,\u00a0\u00bbtype\u00a0\u00bb:\u00a0\u00bbtext\u00a0\u00bb},{\u00ab\u00a0_id\u00a0\u00bb:\u00a0\u00bbTYMPA4PYJNEN5CJYWL6TPAHYKE\u00a0\u00bb,\u00a0\u00bbadditional_properties\u00a0\u00bb:{},\u00a0\u00bbcontent\u00a0\u00bb:\u00a0\u00bb\u00abLe feu est circonscrit mais reste sous haute surveillance et un groupe est toujours mobilis\u00e9 pour noyer les lisi\u00e8res avant que la temp\u00e9rature n\u2019augmente et que le vent reparte cet apr\u00e8s-midi\u00bb, a pr\u00e9cis\u00e9 un responsable de la pr\u00e9fecture.\u00a0\u00bb,\u00a0\u00bbtype\u00a0\u00bb:\u00a0\u00bbtext\u00a0\u00bb},{\u00ab\u00a0_id\u00a0\u00bb:\u00a0\u00bbBD3HRQ4P4NFM5KWIMR2IB2PVNA\u00a0\u00bb,\u00a0\u00bbitems\u00a0\u00bb:[{\u00ab\u00a0_id\u00a0\u00bb:\u00a0\u00bb3HHWBCNZY5FDLCCWMEXNCFR6XE\u00a0\u00bb,\u00a0\u00bbadditional_properties\u00a0\u00bb:{\u00ab\u00a0nofollow\u00a0\u00bb:false,\u00a0\u00bbopenInNewTab\u00a0\u00bb:false,\u00a0\u00bbsponsored\u00a0\u00bb:false},\u00a0\u00bbcontent\u00a0\u00bb:\u00a0\u00bbFace aux incendies, o\u00f9 en est le renouvellement des douze Canadair vieillissants promis par Emmanuel Macron ?\u00a0\u00bb,\u00a0\u00bbdescription\u00a0\u00bb:{\u00ab\u00a0_id\u00a0\u00bb:\u00a0\u00bbZHQD2GJJJVBMLJXIPGEYIPFASY\u00a0\u00bb,\u00a0\u00bbcontent\u00a0\u00bb:\u00a0\u00bb\u00a0\u00bb,\u00a0\u00bbtype\u00a0\u00bb:\u00a0\u00bbtext\u00a0\u00bb},\u00a0\u00bbtype\u00a0\u00bb:\u00a0\u00bbinterstitial_link\u00a0\u00bb,\u00a0\u00bburl\u00a0\u00bb:\u00a0\u00bbhttps:\/\/www.liberation.fr\/checknews\/face-aux-incendies-ou-en-est-le-renouvellement-des-douze-canadair-vieillissants-promis-par-emmanuel-macron-20250709_BI7SK7BXTFCJ7NZILQ4ARPABBI\/\u00a0\u00bb}],\u00a0\u00bbsubtype\u00a0\u00bb:\u00a0\u00bbtitle_only\u00a0\u00bb,\u00a0\u00bbtitle\u00a0\u00bb:\u00a0\u00bbA lire aussi\u00a0\u00bb,\u00a0\u00bbtype\u00a0\u00bb:\u00a0\u00bblink_list\u00a0\u00bb},{\u00ab\u00a0_id\u00a0\u00bb:\u00a0\u00bbC2YRLNHINVDS7GXYCKJZD3E6TY\u00a0\u00bb,\u00a0\u00bbadditional_properties\u00a0\u00bb:{},\u00a0\u00bbcontent\u00a0\u00bb:\u00a0\u00bbLe sinistre a parcouru pr\u00e8s de 40 hectares, d\u2019apr\u00e8s la pr\u00e9fecture du d\u00e9partement, qui affirme toutefois qu\u2019aucune habitation ni point sensible ne se trouve \u00e0 proximit\u00e9. Une centaine de sapeurs-pompiers ont \u00e9t\u00e9 mobilis\u00e9s, et 53 engins engag\u00e9s, ainsi que deux avions Dash de la S\u00e9curit\u00e9 civile, un h\u00e9licopt\u00e8re bombardier d\u2019eau, deux avions de reconnaissance et un h\u00e9licopt\u00e8re de coordination.\u00a0\u00bb,\u00a0\u00bbtype\u00a0\u00bb:\u00a0\u00bbtext\u00a0\u00bb},{\u00ab\u00a0_id\u00a0\u00bb:\u00a0\u00bbCXU7IQE4P5DTLFPDV6LOQL3QEY\u00a0\u00bb,\u00a0\u00bbadditional_properties\u00a0\u00bb:{},\u00a0\u00bbcontent\u00a0\u00bb:\u00a0\u00bbC\u2019est \u00able premier incendie de la saison\u00bb, a soulign\u00e9 la pr\u00e9fecture. L\u2019Ard\u00e8che \u00e9tait class\u00e9e <a href=\\\"https:\/\/www.liberation.fr\/environnement\/climat\/incendie-trois-departements-en-vigilance-rouge-mercredi-20250715_GIUBZCTK4FGARF4BLWOTC4UHYE\/\\\" target=\\\"_blank\\\" rel=\\\"noreferrer\\\" title=\\\"https:\/\/www.liberation.fr\/environnement\/climat\/incendie-trois-departements-en-vigilance-rouge-mercredi-20250715_GIUBZCTK4FGARF4BLWOTC4UHYE\/\\\">en vigilance jaune jeudi<\/a>, orange mercredi, pour les feux de for\u00eat. Selon le d\u00e9partement, l\u2019incendie a d\u00e9marr\u00e9 au passage d\u2019une \u00e9pareuse, une machine permettant de d\u00e9broussailler les bords de route.\u00a0\u00bb,\u00a0\u00bbtype\u00a0\u00bb:\u00a0\u00bbtext\u00a0\u00bb},{\u00ab\u00a0_id\u00a0\u00bb:\u00a0\u00bbRDGNUND3DRF3BLG3DUJSPCZ5QM\u00a0\u00bb,\u00a0\u00bbadditional_properties\u00a0\u00bb:{},\u00a0\u00bbcontent\u00a0\u00bb:\u00a0\u00bbLes conditions m\u00e9t\u00e9orologiques \u00abdevraient \u00eatre plus favorables\u00bb dans les heures \u00e0 venir pour venir \u00e0 bout de l\u2019incendie, estime la pr\u00e9fecture.\u00a0\u00bb,\u00a0\u00bbtype\u00a0\u00bb:\u00a0\u00bbtext\u00a0\u00bb},{\u00ab\u00a0_id\u00a0\u00bb:\u00a0\u00bb5LTME4GZVJBXDEHFI3CPVV6CZU\u00a0\u00bb,\u00a0\u00bbadditional_properties\u00a0\u00bb:{},\u00a0\u00bbcontent\u00a0\u00bb:\u00a0\u00bb<b>Mise \u00e0 jour&nbsp;: <\/b>\u00e0 10h06, avec l\u2019ajout d\u2019un nouveau feu \u00e0 Marseille.\u00a0\u00bb,\u00a0\u00bbtype\u00a0\u00bb:\u00a0\u00bbtext\u00a0\u00bb}],\u00a0\u00bbcontent_restrictions\u00a0\u00bb:{\u00ab\u00a0content_code\u00a0\u00bb:\u00a0\u00bbouvert\u00a0\u00bb},\u00a0\u00bbcreated_date\u00a0\u00bb:\u00a0\u00bb2025-07-18T06:07:06.804Z\u00a0\u00bb,\u00a0\u00bbcredits\u00a0\u00bb:{\u00ab\u00a0by\u00a0\u00bb:[{\u00ab\u00a0_id\u00a0\u00bb:\u00a0\u00bb13090&Prime;,\u00a0\u00bbtype\u00a0\u00bb:\u00a0\u00bbauthor\u00a0\u00bb,\u00a0\u00bbversion\u00a0\u00bb:\u00a0\u00bb0.5.8&Prime;,\u00a0\u00bbname\u00a0\u00bb:\u00a0\u00bb LIBERATION\u00a0\u00bb,\u00a0\u00bbslug\u00a0\u00bb:\u00a0\u00bbliberation\u00a0\u00bb,\u00a0\u00bbsocial_links\u00a0\u00bb:[{\u00ab\u00a0site\u00a0\u00bb:\u00a0\u00bbemail\u00a0\u00bb,\u00a0\u00bburl\u00a0\u00bb:\u00a0\u00bb\u00a0\u00bb}],\u00a0\u00bbsocialLinks\u00a0\u00bb:[{\u00ab\u00a0site\u00a0\u00bb:\u00a0\u00bbemail\u00a0\u00bb,\u00a0\u00bburl\u00a0\u00bb:\u00a0\u00bb\u00a0\u00bb,\u00a0\u00bbdeprecated\u00a0\u00bb:true,\u00a0\u00bbdeprecation_msg\u00a0\u00bb:\u00a0\u00bbPlease use social_links.\u00a0\u00bb}],\u00a0\u00bbadditional_properties\u00a0\u00bb:{\u00ab\u00a0original\u00a0\u00bb:{\u00ab\u00a0_id\u00a0\u00bb:\u00a0\u00bb13090&Prime;,\u00a0\u00bbbyline\u00a0\u00bb:\u00a0\u00bb LIBERATION\u00a0\u00bb,\u00a0\u00bbfirstName\u00a0\u00bb:\u00a0\u00bb\u00a0\u00bb,\u00a0\u00bblastName\u00a0\u00bb:\u00a0\u00bbLIBERATION\u00a0\u00bb,\u00a0\u00bbrole\u00a0\u00bb:\u00a0\u00bb\u00a0\u00bb,\u00a0\u00bbemail\u00a0\u00bb:\u00a0\u00bb\u00a0\u00bb,\u00a0\u00bbslug\u00a0\u00bb:\u00a0\u00bbliberation\u00a0\u00bb,\u00a0\u00bbbooks\u00a0\u00bb:[],\u00a0\u00bbpodcasts\u00a0\u00bb:[],\u00a0\u00bbeducation\u00a0\u00bb:[],\u00a0\u00bbawards\u00a0\u00bb:[],\u00a0\u00bblast_updated_date\u00a0\u00bb:\u00a0\u00bb2021-01-16T15:59:59.938Z\u00a0\u00bb}},\u00a0\u00bbresized_params\u00a0\u00bb:[]},{\u00ab\u00a0_id\u00a0\u00bb:\u00a0\u00bb2005&Prime;,\u00a0\u00bbtype\u00a0\u00bb:\u00a0\u00bbauthor\u00a0\u00bb,\u00a0\u00bbversion\u00a0\u00bb:\u00a0\u00bb0.5.8&Prime;,\u00a0\u00bbname\u00a0\u00bb:\u00a0\u00bb AFP\u00a0\u00bb,\u00a0\u00bbslug\u00a0\u00bb:\u00a0\u00bbafp\u00a0\u00bb,\u00a0\u00bbsocial_links\u00a0\u00bb:[{\u00ab\u00a0site\u00a0\u00bb:\u00a0\u00bbemail\u00a0\u00bb,\u00a0\u00bburl\u00a0\u00bb:\u00a0\u00bbafp@imp.libe.com\u00a0\u00bb}],\u00a0\u00bbsocialLinks\u00a0\u00bb:[{\u00ab\u00a0site\u00a0\u00bb:\u00a0\u00bbemail\u00a0\u00bb,\u00a0\u00bburl\u00a0\u00bb:\u00a0\u00bbafp@imp.libe.com\u00a0\u00bb,\u00a0\u00bbdeprecated\u00a0\u00bb:true,\u00a0\u00bbdeprecation_msg\u00a0\u00bb:\u00a0\u00bbPlease use social_links.\u00a0\u00bb}],\u00a0\u00bbadditional_properties\u00a0\u00bb:{\u00ab\u00a0original\u00a0\u00bb:{\u00ab\u00a0_id\u00a0\u00bb:\u00a0\u00bb2005&Prime;,\u00a0\u00bbbyline\u00a0\u00bb:\u00a0\u00bb AFP\u00a0\u00bb,\u00a0\u00bbfirstName\u00a0\u00bb:\u00a0\u00bb\u00a0\u00bb,\u00a0\u00bblastName\u00a0\u00bb:\u00a0\u00bbAFP\u00a0\u00bb,\u00a0\u00bbrole\u00a0\u00bb:\u00a0\u00bb\u00a0\u00bb,\u00a0\u00bbemail\u00a0\u00bb:\u00a0\u00bbafp@imp.libe.com\u00a0\u00bb,\u00a0\u00bbslug\u00a0\u00bb:\u00a0\u00bbafp\u00a0\u00bb,\u00a0\u00bbbooks\u00a0\u00bb:[],\u00a0\u00bbpodcasts\u00a0\u00bb:[],\u00a0\u00bbeducation\u00a0\u00bb:[],\u00a0\u00bbawards\u00a0\u00bb:[],\u00a0\u00bblast_updated_date\u00a0\u00bb:\u00a0\u00bb2021-01-16T15:12:57.209Z\u00a0\u00bb}},\u00a0\u00bbresized_params\u00a0\u00bb:[]}]},\u00a0\u00bbdescription\u00a0\u00bb:{\u00ab\u00a0basic\u00a0\u00bb:\u00a0\u00bbLes pompiers sont \u00e0 pied d\u2019\u0153uvre ce vendredi contre trois foyers diff\u00e9rents. Le plus important, \u00e0 Martigues pr\u00e8s de Marseille, a d\u00e9j\u00e0 br\u00fbl\u00e9 plus de 200 hectares. Mais la situation devrait s\u2019am\u00e9liorer gr\u00e2ce \u00e0 une m\u00e9t\u00e9o plus favorable.\u00a0\u00bb},\u00a0\u00bbdisplay_date\u00a0\u00bb:\u00a0\u00bb2025-07-18T08:06:20.484Z\u00a0\u00bb,\u00a0\u00bbdistributor\u00a0\u00bb:{\u00ab\u00a0category\u00a0\u00bb:\u00a0\u00bbstaff\u00a0\u00bb,\u00a0\u00bbname\u00a0\u00bb:\u00a0\u00bbliberation\u00a0\u00bb,\u00a0\u00bbsubcategory\u00a0\u00bb:\u00a0\u00bb\u00a0\u00bb},\u00a0\u00bbfirst_publish_date\u00a0\u00bb:\u00a0\u00bb2025-07-18T06:38:29.629Z\u00a0\u00bb,\u00a0\u00bbheadlines\u00a0\u00bb:{\u00ab\u00a0basic\u00a0\u00bb:\u00a0\u00bbIncendies\u00a0: un nouveau feu \u00e0 Marseille, celui de Martigues pas ma\u00eetris\u00e9, les flammes \u00abfix\u00e9es\u00bb \u00e0 Broc\u00e9liande et en Ard\u00e8che\u00a0\u00bb,\u00a0\u00bbmeta_title\u00a0\u00bb:\u00a0\u00bb\u00a0\u00bb,\u00a0\u00bbmobile\u00a0\u00bb:\u00a0\u00bb\u00a0\u00bb,\u00a0\u00bbnative\u00a0\u00bb:\u00a0\u00bb\u00a0\u00bb,\u00a0\u00bbprint\u00a0\u00bb:\u00a0\u00bb\u00a0\u00bb,\u00a0\u00bbtablet\u00a0\u00bb:\u00a0\u00bb\u00a0\u00bb,\u00a0\u00bbweb\u00a0\u00bb:\u00a0\u00bb\u00a0\u00bb},\u00a0\u00bblabel\u00a0\u00bb:{\u00ab\u00a0basic\u00a0\u00bb:{\u00ab\u00a0display\u00a0\u00bb:true,\u00a0\u00bbtext\u00a0\u00bb:\u00a0\u00bbFoyers\u00a0\u00bb}},\u00a0\u00bblast_updated_date\u00a0\u00bb:\u00a0\u00bb2025-07-18T08:06:20.648Z\u00a0\u00bb,\u00a0\u00bbowner\u00a0\u00bb:{\u00ab\u00a0id\u00a0\u00bb:\u00a0\u00bbliberation\u00a0\u00bb,\u00a0\u00bbsponsored\u00a0\u00bb:false},\u00a0\u00bbplanning\u00a0\u00bb:{\u00ab\u00a0scheduling\u00a0\u00bb:{\u00ab\u00a0planned_publish_date\u00a0\u00bb:\u00a0\u00bb2025-07-18T06:09:00.000Z\u00a0\u00bb},\u00a0\u00bbstory_length\u00a0\u00bb:{\u00ab\u00a0character_count_actual\u00a0\u00bb:5171,\u00a0\u00bbinch_count_actual\u00a0\u00bb:6,\u00a0\u00bbline_count_actual\u00a0\u00bb:38,\u00a0\u00bbword_count_actual\u00a0\u00bb:822}},\u00a0\u00bbpromo_items\u00a0\u00bb:{\u00ab\u00a0basic\u00a0\u00bb:{\u00ab\u00a0_id\u00a0\u00bb:\u00a0\u00bbH7FV2CRXJFC65PEBXDLHHIXWPE\u00a0\u00bb,\u00a0\u00bbadditional_properties\u00a0\u00bb:{\u00ab\u00a0countryId\u00a0\u00bb:74,\u00a0\u00bbfullSizeResizeUrl\u00a0\u00bb:\u00a0\u00bb\/resizer\/v2\/H7FV2CRXJFC65PEBXDLHHIXWPE.jpg?auth=ce9a265b356c09b834af3fa32d21b159bb75c63966ae264b156940b6f36bfd6b\u00a0\u00bb,\u00a0\u00bbgalleries\u00a0\u00bb:[],\u00a0\u00bbingestionMethod\u00a0\u00bb:\u00a0\u00bbmanual\u00a0\u00bb,\u00a0\u00bbiptc_job_identifier\u00a0\u00bb:\u00a0\u00bbHL-LAUFFRET-89356&Prime;,\u00a0\u00bbiptc_source\u00a0\u00bb:\u00a0\u00bbHans Lucas\u00a0\u00bb,\u00a0\u00bbiptc_title\u00a0\u00bb:\u00a0\u00bbOTHER\u00a0\u00bb,\u00a0\u00bbkeywords\u00a0\u00bb:[\u00ab\u00a0affected area\u00a0\u00bb,\u00a0\u00bbbataillon de marins-pompiers\u00a0\u00bb,\u00a0\u00bbburned hectares\u00a0\u00bb,\u00a0\u00bbcanicule\u00a0\u00bb,\u00a0\u00bbcivil protection\u00a0\u00bb,\u00a0\u00bbclimate change\u00a0\u00bb,\u00a0\u00bbdry vegetation\u00a0\u00bb,\u00a0\u00bbfeu de foret\u00a0\u00bb,\u00a0\u00bbfire\u00a0\u00bb,\u00a0\u00bbfirefighter\u00a0\u00bb,\u00a0\u00bbfirefighter (professional)\u00a0\u00bb,\u00a0\u00bbfirefighting\u00a0\u00bb,\u00a0\u00bbheatwave\u00a0\u00bb,\u00a0\u00bbhectares brules\u00a0\u00bb,\u00a0\u00bbhorizontal\u00a0\u00bb,\u00a0\u00bbincendie\u00a0\u00bb,\u00a0\u00bbintervention\u00a0\u00bb,\u00a0\u00bblutte contre le feu\u00a0\u00bb,\u00a0\u00bbmarine firefighters battalion\u00a0\u00bb,\u00a0\u00bbpompier\u00a0\u00bb,\u00a0\u00bbprotection civile\u00a0\u00bb,\u00a0\u00bbrechauffement climatique\u00a0\u00bb,\u00a0\u00bbrescue\u00a0\u00bb,\u00a0\u00bbsapeur-pompier\u00a0\u00bb,\u00a0\u00bbsecours\u00a0\u00bb,\u00a0\u00bbstrong wind\u00a0\u00bb,\u00a0\u00bbvegetation seche\u00a0\u00bb,\u00a0\u00bbvent fort\u00a0\u00bb,\u00a0\u00bbwildfire\u00a0\u00bb,\u00a0\u00bbzone sinistree\u00a0\u00bb],\u00a0\u00bbmime_type\u00a0\u00bb:\u00a0\u00bbimage\/jpeg\u00a0\u00bb,\u00a0\u00bboriginalName\u00a0\u00bb:\u00a0\u00bb080_HL_LAUFFRET_2834861.jpg\u00a0\u00bb,\u00a0\u00bboriginalUrl\u00a0\u00bb:\u00a0\u00bbhttps:\/\/cloudfront-eu-central-1.images.arcpublishing.com\/liberation\/H7FV2CRXJFC65PEBXDLHHIXWPE.jpg\u00a0\u00bb,\u00a0\u00bbproxyUrl\u00a0\u00bb:\u00a0\u00bb\/resizer\/v2\/H7FV2CRXJFC65PEBXDLHHIXWPE.jpg?auth=ce9a265b356c09b834af3fa32d21b159bb75c63966ae264b156940b6f36bfd6b\u00a0\u00bb,\u00a0\u00bbpublished\u00a0\u00bb:true,\u00a0\u00bbresizeUrl\u00a0\u00bb:\u00a0\u00bb\/resizer\/v2\/H7FV2CRXJFC65PEBXDLHHIXWPE.jpg?auth=ce9a265b356c09b834af3fa32d21b159bb75c63966ae264b156940b6f36bfd6b\u00a0\u00bb,\u00a0\u00bbrestricted\u00a0\u00bb:false,\u00a0\u00bbtakenOn\u00a0\u00bb:\u00a0\u00bb2025-07-17T23:14:19Z\u00a0\u00bb,\u00a0\u00bbthumbnailResizeUrl\u00a0\u00bb:\u00a0\u00bb\/resizer\/v2\/H7FV2CRXJFC65PEBXDLHHIXWPE.jpg?auth=ce9a265b356c09b834af3fa32d21b159bb75c63966ae264b156940b6f36bfd6b&#038;width=300&Prime;,\u00a0\u00bbusage_instructions\u00a0\u00bb:\u00a0\u00bbRESTRICTED TO EDITORIAL USE\u00a0\u00bb,\u00a0\u00bbversion\u00a0\u00bb:3,\u00a0\u00bbtemplate_id\u00a0\u00bb:183},\u00a0\u00bbaddress\u00a0\u00bb:{\u00ab\u00a0locality\u00a0\u00bb:\u00a0\u00bbMartigues\u00a0\u00bb,\u00a0\u00bbregion\u00a0\u00bb:\u00a0\u00bbBouches-du-Rh\ufffdne\u00a0\u00bb,\u00a0\u00bbcountry_name\u00a0\u00bb:\u00a0\u00bbFRA\u00a0\u00bb},\u00a0\u00bbauth\u00a0\u00bb:{\u00ab\u00a01&Prime;:\u00a0\u00bbce9a265b356c09b834af3fa32d21b159bb75c63966ae264b156940b6f36bfd6b\u00a0\u00bb},\u00a0\u00bbcaption\u00a0\u00bb:\u00a0\u00bbA Martigues dans la nuit du jeudi 17 au vendredi 18 juillet 2025.\u00a0\u00bb,\u00a0\u00bbcopyright\u00a0\u00bb:\u00a0\u00bbLilian Auffret \/ Hans Lucas\u00a0\u00bb,\u00a0\u00bbcreated_date\u00a0\u00bb:\u00a0\u00bb2025-07-18T06:07:54Z\u00a0\u00bb,\u00a0\u00bbcredits\u00a0\u00bb:{\u00ab\u00a0affiliation\u00a0\u00bb:[{\u00ab\u00a0name\u00a0\u00bb:\u00a0\u00bbHans Lucas. AFP\u00a0\u00bb,\u00a0\u00bbtype\u00a0\u00bb:\u00a0\u00bbauthor\u00a0\u00bb}],\u00a0\u00bbby\u00a0\u00bb:[{\u00ab\u00a0byline\u00a0\u00bb:\u00a0\u00bbLilian Auffret\u00a0\u00bb,\u00a0\u00bbname\u00a0\u00bb:\u00a0\u00bbLilian Auffret \u00ab\u00a0,\u00a0\u00bbtype\u00a0\u00bb:\u00a0\u00bbauthor\u00a0\u00bb}]},\u00a0\u00bbfocal_point\u00a0\u00bb:{\u00ab\u00a0x\u00a0\u00bb:2487,\u00a0\u00bby\u00a0\u00bb:2311},\u00a0\u00bbgeo\u00a0\u00bb:{},\u00a0\u00bbheight\u00a0\u00bb:3291,\u00a0\u00bbimage_type\u00a0\u00bb:\u00a0\u00bbphotograph\u00a0\u00bb,\u00a0\u00bblast_updated_date\u00a0\u00bb:\u00a0\u00bb2025-07-18T06:38:29Z\u00a0\u00bb,\u00a0\u00bblicensable\u00a0\u00bb:false,\u00a0\u00bbowner\u00a0\u00bb:{\u00ab\u00a0id\u00a0\u00bb:\u00a0\u00bbliberation\u00a0\u00bb,\u00a0\u00bbsponsored\u00a0\u00bb:false},\u00a0\u00bbslug\u00a0\u00bb:\u00a0\u00bbFRANCE-FIRE-MARTIGUES-FIREFIGHTER\u00a0\u00bb,\u00a0\u00bbsource\u00a0\u00bb:{\u00ab\u00a0additional_properties\u00a0\u00bb:{\u00ab\u00a0editor\u00a0\u00bb:\u00a0\u00bbphoto center\u00a0\u00bb},\u00a0\u00bbedit_url\u00a0\u00bb:\u00a0\u00bb\u00a0\u00bb,\u00a0\u00bbsystem\u00a0\u00bb:\u00a0\u00bbphoto center\u00a0\u00bb},\u00a0\u00bbtaxonomy\u00a0\u00bb:{\u00ab\u00a0associated_tasks\u00a0\u00bb:[]},\u00a0\u00bbtype\u00a0\u00bb:\u00a0\u00bbimage\u00a0\u00bb,\u00a0\u00bburl\u00a0\u00bb:\u00a0\u00bbhttps:\/\/cloudfront-eu-central-1.images.arcpublishing.com\/liberation\/H7FV2CRXJFC65PEBXDLHHIXWPE.jpg\u00a0\u00bb,\u00a0\u00bbversion\u00a0\u00bb:\u00a0\u00bb0.10.9&Prime;,\u00a0\u00bbwidth\u00a0\u00bb:4936,\u00a0\u00bbsyndication\u00a0\u00bb:{},\u00a0\u00bbcreditIPTC\u00a0\u00bb:\u00a0\u00bbHans Lucas via AFP\u00a0\u00bb,\u00a0\u00bbcountry_name\u00a0\u00bb:\u00a0\u00bbFrance\u00a0\u00bb,\u00a0\u00bbresized_params\u00a0\u00bb:[{\u00ab\u00a0url\u00a0\u00bb:\u00a0\u00bbresizer\/7uSENaOw5HIJVeD17QN4BzbRP0M=\/84&#215;0\/filters:format(jpg):quality(70):focal(2482&#215;2306:2492&#215;2316)\/cloudfront-eu-central-1.images.arcpublishing.com\/liberation\/H7FV2CRXJFC65PEBXDLHHIXWPE.jpg\u00a0\u00bb,\u00a0\u00bbwidth\u00a0\u00bb:84,\u00a0\u00bbheight\u00a0\u00bb:0},{\u00ab\u00a0url\u00a0\u00bb:\u00a0\u00bbresizer\/kaRGei8dKs9qYXNZChzvZ2joI-4=\/105&#215;0\/filters:format(jpg):quality(70):focal(2482&#215;2306:2492&#215;2316)\/cloudfront-eu-central-1.images.arcpublishing.com\/liberation\/H7FV2CRXJFC65PEBXDLHHIXWPE.jpg\u00a0\u00bb,\u00a0\u00bbwidth\u00a0\u00bb:105,\u00a0\u00bbheight\u00a0\u00bb:0},{\u00ab\u00a0url\u00a0\u00bb:\u00a0\u00bbresizer\/JjnCsNHkVnAphXcSSLxlaaTLVok=\/158&#215;0\/filters:format(jpg):quality(70):focal(2482&#215;2306:2492&#215;2316)\/cloudfront-eu-central-1.images.arcpublishing.com\/liberation\/H7FV2CRXJFC65PEBXDLHHIXWPE.jpg\u00a0\u00bb,\u00a0\u00bbwidth\u00a0\u00bb:158,\u00a0\u00bbheight\u00a0\u00bb:0},{\u00ab\u00a0url\u00a0\u00bb:\u00a0\u00bbresizer\/icGI77jsRAUze0T-_Fm43O1L02M=\/274&#215;0\/filters:format(jpg):quality(70):focal(2482&#215;2306:2492&#215;2316)\/cloudfront-eu-central-1.images.arcpublishing.com\/liberation\/H7FV2CRXJFC65PEBXDLHHIXWPE.jpg\u00a0\u00bb,\u00a0\u00bbwidth\u00a0\u00bb:274,\u00a0\u00bbheight\u00a0\u00bb:0},{\u00ab\u00a0url\u00a0\u00bb:\u00a0\u00bbresizer\/rkgHaDD6qR5m6oNHzDMo90g7suo=\/377&#215;0\/filters:format(jpg):quality(70):focal(2482&#215;2306:2492&#215;2316)\/cloudfront-eu-central-1.images.arcpublishing.com\/liberation\/H7FV2CRXJFC65PEBXDLHHIXWPE.jpg\u00a0\u00bb,\u00a0\u00bbwidth\u00a0\u00bb:377,\u00a0\u00bbheight\u00a0\u00bb:0},{\u00ab\u00a0url\u00a0\u00bb:\u00a0\u00bbresizer\/MsKpCmir2v-vN8JT5ZKRE-KM5t8=\/400&#215;0\/filters:format(jpg):quality(70):focal(2482&#215;2306:2492&#215;2316)\/cloudfront-eu-central-1.images.arcpublishing.com\/liberation\/H7FV2CRXJFC65PEBXDLHHIXWPE.jpg\u00a0\u00bb,\u00a0\u00bbwidth\u00a0\u00bb:400,\u00a0\u00bbheight\u00a0\u00bb:0},{\u00ab\u00a0url\u00a0\u00bb:\u00a0\u00bbresizer\/ZP1vABaAPp0da8klbQ56mn1ndLI=\/600&#215;0\/filters:format(jpg):quality(70):focal(2482&#215;2306:2492&#215;2316)\/cloudfront-eu-central-1.images.arcpublishing.com\/liberation\/H7FV2CRXJFC65PEBXDLHHIXWPE.jpg\u00a0\u00bb,\u00a0\u00bbwidth\u00a0\u00bb:600,\u00a0\u00bbheight\u00a0\u00bb:0},{\u00ab\u00a0url\u00a0\u00bb:\u00a0\u00bbresizer\/B_OxeddoXS9EdYi7h1YLYITCwgY=\/768&#215;0\/filters:format(jpg):quality(70):focal(2482&#215;2306:2492&#215;2316)\/cloudfront-eu-central-1.images.arcpublishing.com\/liberation\/H7FV2CRXJFC65PEBXDLHHIXWPE.jpg\u00a0\u00bb,\u00a0\u00bbwidth\u00a0\u00bb:768,\u00a0\u00bbheight\u00a0\u00bb:0},{\u00ab\u00a0url\u00a0\u00bb:\u00a0\u00bbresizer\/OAiSBw26fjYPf6w-dXWedMIAtzU=\/800&#215;0\/filters:format(jpg):quality(70):focal(2482&#215;2306:2492&#215;2316)\/cloudfront-eu-central-1.images.arcpublishing.com\/liberation\/H7FV2CRXJFC65PEBXDLHHIXWPE.jpg\u00a0\u00bb,\u00a0\u00bbwidth\u00a0\u00bb:800,\u00a0\u00bbheight\u00a0\u00bb:0},{\u00ab\u00a0url\u00a0\u00bb:\u00a0\u00bbresizer\/dsK51fD1js-KjXC8cXTIg4f_gsE=\/1024&#215;0\/filters:format(jpg):quality(70):focal(2482&#215;2306:2492&#215;2316)\/cloudfront-eu-central-1.images.arcpublishing.com\/liberation\/H7FV2CRXJFC65PEBXDLHHIXWPE.jpg\u00a0\u00bb,\u00a0\u00bbwidth\u00a0\u00bb:1024,\u00a0\u00bbheight\u00a0\u00bb:0},{\u00ab\u00a0url\u00a0\u00bb:\u00a0\u00bbresizer\/MJgQAfpRNNO-qEbCo649iLggZPE=\/1200&#215;0\/filters:format(jpg):quality(70):focal(2482&#215;2306:2492&#215;2316)\/cloudfront-eu-central-1.images.arcpublishing.com\/liberation\/H7FV2CRXJFC65PEBXDLHHIXWPE.jpg\u00a0\u00bb,\u00a0\u00bbwidth\u00a0\u00bb:1200,\u00a0\u00bbheight\u00a0\u00bb:0},{\u00ab\u00a0url\u00a0\u00bb:\u00a0\u00bbresizer\/UlAWVhlevg0G2gNbChpMTNNijW0=\/1440&#215;0\/filters:format(jpg):quality(70):focal(2482&#215;2306:2492&#215;2316)\/cloudfront-eu-central-1.images.arcpublishing.com\/liberation\/H7FV2CRXJFC65PEBXDLHHIXWPE.jpg\u00a0\u00bb,\u00a0\u00bbwidth\u00a0\u00bb:1440,\u00a0\u00bbheight\u00a0\u00bb:0},{\u00ab\u00a0url\u00a0\u00bb:\u00a0\u00bbresizer\/0w708ZBLxH6iozmMvz-d-FI7P-8=\/1600&#215;0\/filters:format(jpg):quality(70):focal(2482&#215;2306:2492&#215;2316)\/cloudfront-eu-central-1.images.arcpublishing.com\/liberation\/H7FV2CRXJFC65PEBXDLHHIXWPE.jpg\u00a0\u00bb,\u00a0\u00bbwidth\u00a0\u00bb:1600,\u00a0\u00bbheight\u00a0\u00bb:0}]}},\u00a0\u00bbpublish_date\u00a0\u00bb:\u00a0\u00bb2025-07-18T08:06:20.484Z\u00a0\u00bb,\u00a0\u00bbrelated_content\u00a0\u00bb:{\u00ab\u00a0basic\u00a0\u00bb:[],\u00a0\u00bbclonedChildren\u00a0\u00bb:[],\u00a0\u00bbclonedFromParent\u00a0\u00bb:[]},\u00a0\u00bbslug\u00a0\u00bb:\u00a0\u00bbactu, serviceactu\u00a0\u00bb,\u00a0\u00bbsource\u00a0\u00bb:{\u00ab\u00a0name\u00a0\u00bb:\u00a0\u00bbliberation\u00a0\u00bb,\u00a0\u00bbsource_type\u00a0\u00bb:\u00a0\u00bbstaff\u00a0\u00bb,\u00a0\u00bbsystem\u00a0\u00bb:\u00a0\u00bbcomposer\u00a0\u00bb},\u00a0\u00bbsubheadlines\u00a0\u00bb:{\u00ab\u00a0basic\u00a0\u00bb:\u00a0\u00bbLes pompiers sont \u00e0 pied d\u2019\u0153uvre ce vendredi 18\u00a0juillet contre quatre foyers diff\u00e9rents. Le plus important, \u00e0 Martigues pr\u00e8s de Marseille, a d\u00e9j\u00e0 br\u00fbl\u00e9 plus de 200 hectares. Mais la situation devrait s\u2019am\u00e9liorer gr\u00e2ce \u00e0 une m\u00e9t\u00e9o plus favorable.\u00a0\u00bb},\u00a0\u00bbsubtype\u00a0\u00bb:\u00a0\u00bbnews\u00a0\u00bb,\u00a0\u00bbtaxonomy\u00a0\u00bb:{\u00ab\u00a0primary_section\u00a0\u00bb:{\u00ab\u00a0_id\u00a0\u00bb:\u00a0\u00bb\/societe\u00a0\u00bb,\u00a0\u00bb_website\u00a0\u00bb:\u00a0\u00bbliberation\u00a0\u00bb,\u00a0\u00bbtype\u00a0\u00bb:\u00a0\u00bbsection\u00a0\u00bb,\u00a0\u00bbversion\u00a0\u00bb:\u00a0\u00bb0.6.0&Prime;,\u00a0\u00bbname\u00a0\u00bb:\u00a0\u00bbSoci\u00e9t\u00e9\u00a0\u00bb,\u00a0\u00bbdescription\u00a0\u00bb:\u00a0\u00bbActualit\u00e9 soci\u00e9t\u00e9 &#8211; tout savoir sur les derni\u00e8res infos soci\u00e9t\u00e9 avec Lib\u00e9ration : droits des femmes, \u00e9ducation, police-justice, sant\u00e9, logement&#8230;\u00a0\u00bb,\u00a0\u00bbpath\u00a0\u00bb:\u00a0\u00bb\/societe\u00a0\u00bb,\u00a0\u00bbparent_id\u00a0\u00bb:\u00a0\u00bbhttps:\/\/www.liberation.fr\/\u00a0\u00bb,\u00a0\u00bbparent\u00a0\u00bb:{\u00ab\u00a0default\u00a0\u00bb:\u00a0\u00bbhttps:\/\/www.liberation.fr\/\u00a0\u00bb},\u00a0\u00bbadditional_properties\u00a0\u00bb:{\u00ab\u00a0original\u00a0\u00bb:{\u00ab\u00a0_id\u00a0\u00bb:\u00a0\u00bb\/societe\u00a0\u00bb,\u00a0\u00bbsite\u00a0\u00bb:{\u00ab\u00a0site_tagline\u00a0\u00bb:null,\u00a0\u00bbsite_url\u00a0\u00bb:null,\u00a0\u00bbsite_title\u00a0\u00bb:\u00a0\u00bbToute l\u2019actualit\u00e9 Soci\u00e9t\u00e9 avec Lib\u00e9ration &#8211; Lib\u00e9ration\u00a0\u00bb,\u00a0\u00bbsite_about\u00a0\u00bb:null,\u00a0\u00bbpagebuilder_path_for_native_apps\u00a0\u00bb:null,\u00a0\u00bbsite_description\u00a0\u00bb:\u00a0\u00bbActualit\u00e9 soci\u00e9t\u00e9 &#8211; tout savoir sur les derni\u00e8res infos soci\u00e9t\u00e9 avec Lib\u00e9ration : droits des femmes, \u00e9ducation, police-justice, sant\u00e9, logement&#8230;\u00a0\u00bb,\u00a0\u00bbsite_keywords\u00a0\u00bb:null},\u00a0\u00bbsite_topper\u00a0\u00bb:{\u00ab\u00a0site_logo_image\u00a0\u00bb:null},\u00a0\u00bbsocial\u00a0\u00bb:{\u00ab\u00a0twitter\u00a0\u00bb:null,\u00a0\u00bbfacebook\u00a0\u00bb:null,\u00a0\u00bbrss\u00a0\u00bb:null,\u00a0\u00bbinstagram\u00a0\u00bb:null},\u00a0\u00bbnavigation\u00a0\u00bb:{\u00ab\u00a0nav_title\u00a0\u00bb:null},\u00a0\u00bb_admin\u00a0\u00bb:{\u00ab\u00a0alias_ids\u00a0\u00bb:[\u00ab\u00a0\/societe\u00a0\u00bb,\u00a0\u00bb11&Prime;]},\u00a0\u00bb_website\u00a0\u00bb:\u00a0\u00bbliberation\u00a0\u00bb,\u00a0\u00bbname\u00a0\u00bb:\u00a0\u00bbSoci\u00e9t\u00e9\u00a0\u00bb,\u00a0\u00bborder\u00a0\u00bb:{\u00ab\u00a0burgermenu\u00a0\u00bb:1009,\u00a0\u00bbdefault\u00a0\u00bb:1005,\u00a0\u00bbheadernav\u00a0\u00bb:1007,\u00a0\u00bbamp-menu\u00a0\u00bb:1004,\u00a0\u00bbfooter2&Prime;:1001},\u00a0\u00bbparent\u00a0\u00bb:{\u00ab\u00a0default\u00a0\u00bb:\u00a0\u00bbhttps:\/\/www.liberation.fr\/\u00a0\u00bb,\u00a0\u00bbburgermenu\u00a0\u00bb:\u00a0\u00bbhttps:\/\/www.liberation.fr\/\u00a0\u00bb,\u00a0\u00bbfooter\u00a0\u00bb:null,\u00a0\u00bbheadernav\u00a0\u00bb:\u00a0\u00bbhttps:\/\/www.liberation.fr\/\u00a0\u00bb,\u00a0\u00bbamp-menu\u00a0\u00bb:\u00a0\u00bbhttps:\/\/www.liberation.fr\/\u00a0\u00bb,\u00a0\u00bbfooter2&Prime;:\u00a0\u00bbhttps:\/\/www.liberation.fr\/\u00a0\u00bb},\u00a0\u00bbancestors\u00a0\u00bb:{\u00ab\u00a0default\u00a0\u00bb:[\u00ab\u00a0https:\/\/www.liberation.fr\/\u00a0\u00bb],\u00a0\u00bbburgermenu\u00a0\u00bb:[\u00ab\u00a0https:\/\/www.liberation.fr\/\u00a0\u00bb],\u00a0\u00bbfooter\u00a0\u00bb:[],\u00a0\u00bbheadernav\u00a0\u00bb:[\u00ab\u00a0https:\/\/www.liberation.fr\/\u00a0\u00bb],\u00a0\u00bbamp-menu\u00a0\u00bb:[\u00ab\u00a0https:\/\/www.liberation.fr\/\u00a0\u00bb],\u00a0\u00bbfooter2&Prime;:[\u00ab\u00a0https:\/\/www.liberation.fr\/\u00a0\u00bb]},\u00a0\u00bbinactive\u00a0\u00bb:false,\u00a0\u00bbnode_type\u00a0\u00bb:\u00a0\u00bbsection\u00a0\u00bb}}},\u00a0\u00bbsections\u00a0\u00bb:[{\u00ab\u00a0_id\u00a0\u00bb:\u00a0\u00bb\/societe\u00a0\u00bb,\u00a0\u00bb_website\u00a0\u00bb:\u00a0\u00bbliberation\u00a0\u00bb,\u00a0\u00bbtype\u00a0\u00bb:\u00a0\u00bbsection\u00a0\u00bb,\u00a0\u00bbversion\u00a0\u00bb:\u00a0\u00bb0.6.0&Prime;,\u00a0\u00bbname\u00a0\u00bb:\u00a0\u00bbSoci\u00e9t\u00e9\u00a0\u00bb,\u00a0\u00bbdescription\u00a0\u00bb:\u00a0\u00bbActualit\u00e9 soci\u00e9t\u00e9 &#8211; tout savoir sur les derni\u00e8res infos soci\u00e9t\u00e9 avec Lib\u00e9ration : droits des femmes, \u00e9ducation, police-justice, sant\u00e9, logement&#8230;\u00a0\u00bb,\u00a0\u00bbpath\u00a0\u00bb:\u00a0\u00bb\/societe\u00a0\u00bb,\u00a0\u00bbparent_id\u00a0\u00bb:\u00a0\u00bbhttps:\/\/www.liberation.fr\/\u00a0\u00bb,\u00a0\u00bbparent\u00a0\u00bb:{\u00ab\u00a0default\u00a0\u00bb:\u00a0\u00bbhttps:\/\/www.liberation.fr\/\u00a0\u00bb},\u00a0\u00bbadditional_properties\u00a0\u00bb:{\u00ab\u00a0original\u00a0\u00bb:{\u00ab\u00a0_id\u00a0\u00bb:\u00a0\u00bb\/societe\u00a0\u00bb,\u00a0\u00bbsite\u00a0\u00bb:{\u00ab\u00a0site_tagline\u00a0\u00bb:null,\u00a0\u00bbsite_url\u00a0\u00bb:null,\u00a0\u00bbsite_title\u00a0\u00bb:\u00a0\u00bbToute l\u2019actualit\u00e9 Soci\u00e9t\u00e9 avec Lib\u00e9ration &#8211; Lib\u00e9ration\u00a0\u00bb,\u00a0\u00bbsite_about\u00a0\u00bb:null,\u00a0\u00bbpagebuilder_path_for_native_apps\u00a0\u00bb:null,\u00a0\u00bbsite_description\u00a0\u00bb:\u00a0\u00bbActualit\u00e9 soci\u00e9t\u00e9 &#8211; tout savoir sur les derni\u00e8res infos soci\u00e9t\u00e9 avec Lib\u00e9ration : droits des femmes, \u00e9ducation, police-justice, sant\u00e9, logement&#8230;\u00a0\u00bb,\u00a0\u00bbsite_keywords\u00a0\u00bb:null},\u00a0\u00bbsite_topper\u00a0\u00bb:{\u00ab\u00a0site_logo_image\u00a0\u00bb:null},\u00a0\u00bbsocial\u00a0\u00bb:{\u00ab\u00a0twitter\u00a0\u00bb:null,\u00a0\u00bbfacebook\u00a0\u00bb:null,\u00a0\u00bbrss\u00a0\u00bb:null,\u00a0\u00bbinstagram\u00a0\u00bb:null},\u00a0\u00bbnavigation\u00a0\u00bb:{\u00ab\u00a0nav_title\u00a0\u00bb:null},\u00a0\u00bb_admin\u00a0\u00bb:{\u00ab\u00a0alias_ids\u00a0\u00bb:[\u00ab\u00a0\/societe\u00a0\u00bb,\u00a0\u00bb11&Prime;]},\u00a0\u00bb_website\u00a0\u00bb:\u00a0\u00bbliberation\u00a0\u00bb,\u00a0\u00bbname\u00a0\u00bb:\u00a0\u00bbSoci\u00e9t\u00e9\u00a0\u00bb,\u00a0\u00bborder\u00a0\u00bb:{\u00ab\u00a0burgermenu\u00a0\u00bb:1009,\u00a0\u00bbdefault\u00a0\u00bb:1005,\u00a0\u00bbheadernav\u00a0\u00bb:1007,\u00a0\u00bbamp-menu\u00a0\u00bb:1004,\u00a0\u00bbfooter2&Prime;:1001},\u00a0\u00bbparent\u00a0\u00bb:{\u00ab\u00a0default\u00a0\u00bb:\u00a0\u00bbhttps:\/\/www.liberation.fr\/\u00a0\u00bb,\u00a0\u00bbburgermenu\u00a0\u00bb:\u00a0\u00bbhttps:\/\/www.liberation.fr\/\u00a0\u00bb,\u00a0\u00bbfooter\u00a0\u00bb:null,\u00a0\u00bbheadernav\u00a0\u00bb:\u00a0\u00bbhttps:\/\/www.liberation.fr\/\u00a0\u00bb,\u00a0\u00bbamp-menu\u00a0\u00bb:\u00a0\u00bbhttps:\/\/www.liberation.fr\/\u00a0\u00bb,\u00a0\u00bbfooter2&Prime;:\u00a0\u00bbhttps:\/\/www.liberation.fr\/\u00a0\u00bb},\u00a0\u00bbancestors\u00a0\u00bb:{\u00ab\u00a0default\u00a0\u00bb:[\u00ab\u00a0https:\/\/www.liberation.fr\/\u00a0\u00bb],\u00a0\u00bbburgermenu\u00a0\u00bb:[\u00ab\u00a0https:\/\/www.liberation.fr\/\u00a0\u00bb],\u00a0\u00bbfooter\u00a0\u00bb:[],\u00a0\u00bbheadernav\u00a0\u00bb:[\u00ab\u00a0https:\/\/www.liberation.fr\/\u00a0\u00bb],\u00a0\u00bbamp-menu\u00a0\u00bb:[\u00ab\u00a0https:\/\/www.liberation.fr\/\u00a0\u00bb],\u00a0\u00bbfooter2&Prime;:[\u00ab\u00a0https:\/\/www.liberation.fr\/\u00a0\u00bb]},\u00a0\u00bbinactive\u00a0\u00bb:false,\u00a0\u00bbnode_type\u00a0\u00bb:\u00a0\u00bbsection\u00a0\u00bb}},\u00a0\u00bb_website_section_id\u00a0\u00bb:\u00a0\u00bbliberation.\/societe\u00a0\u00bb}],\u00a0\u00bbtags\u00a0\u00bb:[{\u00ab\u00a0description\u00a0\u00bb:\u00a0\u00bbIncendies\u00a0\u00bb,\u00a0\u00bbslug\u00a0\u00bb:\u00a0\u00bbincendie\u00a0\u00bb,\u00a0\u00bbtext\u00a0\u00bb:\u00a0\u00bbIncendies\u00a0\u00bb},{\u00ab\u00a0description\u00a0\u00bb:\u00a0\u00bbProvence-Alpes-C\u00f4te d&rsquo;Azur\u00a0\u00bb,\u00a0\u00bbslug\u00a0\u00bb:\u00a0\u00bbprovence-alpes-cote-d-azur\u00a0\u00bb,\u00a0\u00bbtext\u00a0\u00bb:\u00a0\u00bbProvence-Alpes-C\u00f4te d&rsquo;Azur\u00a0\u00bb},{\u00ab\u00a0description\u00a0\u00bb:\u00a0\u00bbBretagne\u00a0\u00bb,\u00a0\u00bbslug\u00a0\u00bb:\u00a0\u00bbbretagne\u00a0\u00bb,\u00a0\u00bbtext\u00a0\u00bb:\u00a0\u00bbBretagne\u00a0\u00bb}]},\u00a0\u00bbtype\u00a0\u00bb:\u00a0\u00bbstory\u00a0\u00bb,\u00a0\u00bbwebsites\u00a0\u00bb:{\u00ab\u00a0liberation\u00a0\u00bb:{\u00ab\u00a0website_section\u00a0\u00bb:{\u00ab\u00a0_id\u00a0\u00bb:\u00a0\u00bb\/societe\u00a0\u00bb,\u00a0\u00bb_website\u00a0\u00bb:\u00a0\u00bbliberation\u00a0\u00bb,\u00a0\u00bbtype\u00a0\u00bb:\u00a0\u00bbsection\u00a0\u00bb,\u00a0\u00bbversion\u00a0\u00bb:\u00a0\u00bb0.6.0&Prime;,\u00a0\u00bbname\u00a0\u00bb:\u00a0\u00bbSoci\u00e9t\u00e9\u00a0\u00bb,\u00a0\u00bbdescription\u00a0\u00bb:\u00a0\u00bbActualit\u00e9 soci\u00e9t\u00e9 &#8211; tout savoir sur les derni\u00e8res infos soci\u00e9t\u00e9 avec Lib\u00e9ration : droits des femmes, \u00e9ducation, police-justice, sant\u00e9, logement&#8230;\u00a0\u00bb,\u00a0\u00bbpath\u00a0\u00bb:\u00a0\u00bb\/societe\u00a0\u00bb,\u00a0\u00bbparent_id\u00a0\u00bb:\u00a0\u00bbhttps:\/\/www.liberation.fr\/\u00a0\u00bb,\u00a0\u00bbparent\u00a0\u00bb:{\u00ab\u00a0default\u00a0\u00bb:\u00a0\u00bbhttps:\/\/www.liberation.fr\/\u00a0\u00bb},\u00a0\u00bbadditional_properties\u00a0\u00bb:{\u00ab\u00a0original\u00a0\u00bb:{\u00ab\u00a0_id\u00a0\u00bb:\u00a0\u00bb\/societe\u00a0\u00bb,\u00a0\u00bbsite\u00a0\u00bb:{\u00ab\u00a0site_tagline\u00a0\u00bb:null,\u00a0\u00bbsite_url\u00a0\u00bb:null,\u00a0\u00bbsite_title\u00a0\u00bb:\u00a0\u00bbToute l\u2019actualit\u00e9 Soci\u00e9t\u00e9 avec Lib\u00e9ration &#8211; Lib\u00e9ration\u00a0\u00bb,\u00a0\u00bbsite_about\u00a0\u00bb:null,\u00a0\u00bbpagebuilder_path_for_native_apps\u00a0\u00bb:null,\u00a0\u00bbsite_description\u00a0\u00bb:\u00a0\u00bbActualit\u00e9 soci\u00e9t\u00e9 &#8211; tout savoir sur les derni\u00e8res infos soci\u00e9t\u00e9 avec Lib\u00e9ration : droits des femmes, \u00e9ducation, police-justice, sant\u00e9, logement&#8230;\u00a0\u00bb,\u00a0\u00bbsite_keywords\u00a0\u00bb:null},\u00a0\u00bbsite_topper\u00a0\u00bb:{\u00ab\u00a0site_logo_image\u00a0\u00bb:null},\u00a0\u00bbsocial\u00a0\u00bb:{\u00ab\u00a0twitter\u00a0\u00bb:null,\u00a0\u00bbfacebook\u00a0\u00bb:null,\u00a0\u00bbrss\u00a0\u00bb:null,\u00a0\u00bbinstagram\u00a0\u00bb:null},\u00a0\u00bbnavigation\u00a0\u00bb:{\u00ab\u00a0nav_title\u00a0\u00bb:null},\u00a0\u00bb_admin\u00a0\u00bb:{\u00ab\u00a0alias_ids\u00a0\u00bb:[\u00ab\u00a0\/societe\u00a0\u00bb,\u00a0\u00bb11&Prime;]},\u00a0\u00bb_website\u00a0\u00bb:\u00a0\u00bbliberation\u00a0\u00bb,\u00a0\u00bbname\u00a0\u00bb:\u00a0\u00bbSoci\u00e9t\u00e9\u00a0\u00bb,\u00a0\u00bborder\u00a0\u00bb:{\u00ab\u00a0burgermenu\u00a0\u00bb:1009,\u00a0\u00bbdefault\u00a0\u00bb:1005,\u00a0\u00bbheadernav\u00a0\u00bb:1007,\u00a0\u00bbamp-menu\u00a0\u00bb:1004,\u00a0\u00bbfooter2&Prime;:1001},\u00a0\u00bbparent\u00a0\u00bb:{\u00ab\u00a0default\u00a0\u00bb:\u00a0\u00bbhttps:\/\/www.liberation.fr\/\u00a0\u00bb,\u00a0\u00bbburgermenu\u00a0\u00bb:\u00a0\u00bbhttps:\/\/www.liberation.fr\/\u00a0\u00bb,\u00a0\u00bbfooter\u00a0\u00bb:null,\u00a0\u00bbheadernav\u00a0\u00bb:\u00a0\u00bbhttps:\/\/www.liberation.fr\/\u00a0\u00bb,\u00a0\u00bbamp-menu\u00a0\u00bb:\u00a0\u00bbhttps:\/\/www.liberation.fr\/\u00a0\u00bb,\u00a0\u00bbfooter2&Prime;:\u00a0\u00bbhttps:\/\/www.liberation.fr\/\u00a0\u00bb},\u00a0\u00bbancestors\u00a0\u00bb:{\u00ab\u00a0default\u00a0\u00bb:[\u00ab\u00a0https:\/\/www.liberation.fr\/\u00a0\u00bb],\u00a0\u00bbburgermenu\u00a0\u00bb:[\u00ab\u00a0https:\/\/www.liberation.fr\/\u00a0\u00bb],\u00a0\u00bbfooter\u00a0\u00bb:[],\u00a0\u00bbheadernav\u00a0\u00bb:[\u00ab\u00a0https:\/\/www.liberation.fr\/\u00a0\u00bb],\u00a0\u00bbamp-menu\u00a0\u00bb:[\u00ab\u00a0https:\/\/www.liberation.fr\/\u00a0\u00bb],\u00a0\u00bbfooter2&Prime;:[\u00ab\u00a0https:\/\/www.liberation.fr\/\u00a0\u00bb]},\u00a0\u00bbinactive\u00a0\u00bb:false,\u00a0\u00bbnode_type\u00a0\u00bb:\u00a0\u00bbsection\u00a0\u00bb}},\u00a0\u00bb_website_section_id\u00a0\u00bb:\u00a0\u00bbliberation.\/societe\u00a0\u00bb},\u00a0\u00bbwebsite_url\u00a0\u00bb:\u00a0\u00bbhttps:\/\/www.liberation.fr\/societe\/incendies-les-flammes-toujours-pas-maitrisees-a-martigues-mais-les-feux-de-broceliande-et-dardeche-sont-fixes-20250718_T3CMXLUQXVACFHUFFGKOJSPE2Q\/\u00a0\u00bb}},\u00a0\u00bbcanonical_url\u00a0\u00bb:\u00a0\u00bbhttps:\/\/www.liberation.fr\/societe\/incendies-les-flammes-toujours-pas-maitrisees-a-martigues-mais-les-feux-de-broceliande-et-dardeche-sont-fixes-20250718_T3CMXLUQXVACFHUFFGKOJSPE2Q\/\u00a0\u00bb,\u00a0\u00bbwebsite\u00a0\u00bb:\u00a0\u00bbliberation\u00a0\u00bb,\u00a0\u00bbwebsite_url\u00a0\u00bb:\u00a0\u00bbhttps:\/\/www.liberation.fr\/societe\/incendies-les-flammes-toujours-pas-maitrisees-a-martigues-mais-les-feux-de-broceliande-et-dardeche-sont-fixes-20250718_T3CMXLUQXVACFHUFFGKOJSPE2Q\/\u00a0\u00bb,\u00a0\u00bbnewsletterImages\u00a0\u00bb:{\u00ab\u00a0lead_art\u00a0\u00bb:null,\u00a0\u00bbbasic\u00a0\u00bb:\u00a0\u00bbhttps:\/\/www.liberation.fr\/resizer\/v2\/H7FV2CRXJFC65PEBXDLHHIXWPE.jpg?auth=ce9a265b356c09b834af3fa32d21b159bb75c63966ae264b156940b6f36bfd6b&#038;quality=70&#038;width=600&#038;height=600&#038;focal=2487%2C2311&Prime;},\u00a0\u00bbnewsletterImages600x400&Prime;:{\u00ab\u00a0lead_art\u00a0\u00bb:null,\u00a0\u00bbbasic\u00a0\u00bb:\u00a0\u00bbhttps:\/\/www.liberation.fr\/resizer\/v2\/H7FV2CRXJFC65PEBXDLHHIXWPE.jpg?auth=ce9a265b356c09b834af3fa32d21b159bb75c63966ae264b156940b6f36bfd6b&#038;quality=70&#038;width=600&#038;height=400&#038;focal=2487%2C2311&Prime;},\u00a0\u00bbnewsletterImagesRealSize\u00a0\u00bb:{\u00ab\u00a0lead_art\u00a0\u00bb:null,\u00a0\u00bbbasic\u00a0\u00bb:\u00a0\u00bbhttps:\/\/www.liberation.fr\/resizer\/v2\/H7FV2CRXJFC65PEBXDLHHIXWPE.jpg?auth=ce9a265b356c09b834af3fa32d21b159bb75c63966ae264b156940b6f36bfd6b&#038;quality=70&#038;width=600&#038;focal=2487%2C2311&Prime;},\u00a0\u00bbtwitterImage\u00a0\u00bb:{\u00ab\u00a0lead_art\u00a0\u00bb:null,\u00a0\u00bbbasic\u00a0\u00bb:\u00a0\u00bbhttps:\/\/www.liberation.fr\/resizer\/v2\/H7FV2CRXJFC65PEBXDLHHIXWPE.jpg?auth=ce9a265b356c09b834af3fa32d21b159bb75c63966ae264b156940b6f36bfd6b&#038;quality=70&#038;width=1200&#038;height=630&#038;focal=2487%2C2311&Prime;}};Fusion.globalContentConfig={\u00ab\u00a0source\u00a0\u00bb:\u00a0\u00bbpaywalled-article\u00a0\u00bb,\u00a0\u00bbquery\u00a0\u00bb:{\u00ab\u00a0uri\u00a0\u00bb:\u00a0\u00bbhttps:\/\/www.liberation.fr\/societe\/incendies-les-flammes-toujours-pas-maitrisees-a-martigues-mais-les-feux-de-broceliande-et-dardeche-sont-fixes-20250718_T3CMXLUQXVACFHUFFGKOJSPE2Q\/\u00a0\u00bb,\u00a0\u00bbwebsite_url\u00a0\u00bb:\u00a0\u00bbhttps:\/\/www.liberation.fr\/societe\/incendies-les-flammes-toujours-pas-maitrisees-a-martigues-mais-les-feux-de-broceliande-et-dardeche-sont-fixes-20250718_T3CMXLUQXVACFHUFFGKOJSPE2Q\/\u00a0\u00bb,\u00a0\u00bbarc-site\u00a0\u00bb:\u00a0\u00bbliberation\u00a0\u00bb}};Fusion.lastModified=1752829905422;Fusion.contentCache={\u00ab\u00a0site-service-hierarchy\u00a0\u00bb:{\u00ab\u00a0{\\\u00a0\u00bbhierarchy\\\u00a0\u00bb:\\\u00a0\u00bbburgermenu\\\u00a0\u00bb}\u00a0\u00bb:{\u00ab\u00a0data\u00a0\u00bb:{\u00ab\u00a0children\u00a0\u00bb:[{\u00ab\u00a0_id\u00a0\u00bb:\u00a0\u00bblink-75QFY2QJQN2395TPPTEURDJKW0&Prime;,\u00a0\u00bbchildren\u00a0\u00bb:[],\u00a0\u00bbdisplay_name\u00a0\u00bb:\u00a0\u00bbAccueil\u00a0\u00bb,\u00a0\u00bburl\u00a0\u00bb:\u00a0\u00bbhttps:\/\/www.liberation.fr\/\u00a0\u00bb},{\u00ab\u00a0_id\u00a0\u00bb:\u00a0\u00bb\/politique\u00a0\u00bb,\u00a0\u00bbchildren\u00a0\u00bb:[{\u00ab\u00a0_id\u00a0\u00bb:\u00a0\u00bblink-LTR3F26SOVBPNJMNOZJ554WMYE\u00a0\u00bb,\u00a0\u00bbdisplay_name\u00a0\u00bb:\u00a0\u00bbGouvernement Bayrou\u00a0\u00bb,\u00a0\u00bburl\u00a0\u00bb:\u00a0\u00bbhttps:\/\/www.liberation.fr\/dossier\/gouvernement\/\u00a0\u00bb},{\u00ab\u00a0_id\u00a0\u00bb:\u00a0\u00bblink-W6DJCC2655AIVCQUBUJ4II2J7A\u00a0\u00bb,\u00a0\u00bbdisplay_name\u00a0\u00bb:\u00a0\u00bbExtr\u00eame droite\u00a0\u00bb,\u00a0\u00bburl\u00a0\u00bb:\u00a0\u00bbhttps:\/\/www.liberation.fr\/tags\/extreme-droite\/\u00a0\u00bb},{\u00ab\u00a0_id\u00a0\u00bb:\u00a0\u00bblink-ATWUFAQLZRHX7NVTTTKC4NTACM\u00a0\u00bb,\u00a0\u00bbdisplay_name\u00a0\u00bb:\u00a0\u00bbNouveau Front populaire\u00a0\u00bb,\u00a0\u00bburl\u00a0\u00bb:\u00a0\u00bbhttps:\/\/www.liberation.fr\/tags\/front-populaire\/\u00a0\u00bb},{\u00ab\u00a0_id\u00a0\u00bb:\u00a0\u00bblink-PEJBNVUDNJBDBG57AQ63TZHIIM\u00a0\u00bb,\u00a0\u00bbdisplay_name\u00a0\u00bb:\u00a0\u00bbRassemblement national\u00a0\u00bb,\u00a0\u00bburl\u00a0\u00bb:\u00a0\u00bbhttps:\/\/www.liberation.fr\/tags\/rn\/\u00a0\u00bb},{\u00ab\u00a0_id\u00a0\u00bb:\u00a0\u00bb\/politique\/elections\u00a0\u00bb,\u00a0\u00bbname\u00a0\u00bb:\u00a0\u00bbElections\u00a0\u00bb}],\u00a0\u00bbname\u00a0\u00bb:\u00a0\u00bbPolitique\u00a0\u00bb},{\u00ab\u00a0_id\u00a0\u00bb:\u00a0\u00bb\/international\u00a0\u00bb,\u00a0\u00bbchildren\u00a0\u00bb:[{\u00ab\u00a0_id\u00a0\u00bb:\u00a0\u00bb\/international\/europe\u00a0\u00bb,\u00a0\u00bbname\u00a0\u00bb:\u00a0\u00bbEurope\u00a0\u00bb},{\u00ab\u00a0_id\u00a0\u00bb:\u00a0\u00bb\/international\/amerique\u00a0\u00bb,\u00a0\u00bbname\u00a0\u00bb:\u00a0\u00bbAm\u00e9rique\u00a0\u00bb},{\u00ab\u00a0_id\u00a0\u00bb:\u00a0\u00bb\/international\/afrique\u00a0\u00bb,\u00a0\u00bbname\u00a0\u00bb:\u00a0\u00bbAfrique\u00a0\u00bb},{\u00ab\u00a0_id\u00a0\u00bb:\u00a0\u00bb\/international\/moyen-orient\u00a0\u00bb,\u00a0\u00bbname\u00a0\u00bb:\u00a0\u00bbMoyen-Orient\u00a0\u00bb},{\u00ab\u00a0_id\u00a0\u00bb:\u00a0\u00bb\/international\/asie-pacifique\u00a0\u00bb,\u00a0\u00bbname\u00a0\u00bb:\u00a0\u00bbAsie Pacifique\u00a0\u00bb}],\u00a0\u00bbname\u00a0\u00bb:\u00a0\u00bbInternational\u00a0\u00bb},{\u00ab\u00a0_id\u00a0\u00bb:\u00a0\u00bb\/checknews\u00a0\u00bb,\u00a0\u00bbchildren\u00a0\u00bb:[{\u00ab\u00a0_id\u00a0\u00bb:\u00a0\u00bblink-J2W4TXZXVVFFTGDVN2SRQIQTKM\u00a0\u00bb,\u00a0\u00bbdisplay_name\u00a0\u00bb:\u00a0\u00bbPoser une question \u00e0 nos journalistes\u00a0\u00bb,\u00a0\u00bburl\u00a0\u00bb:\u00a0\u00bbhttps:\/\/www.liberation.fr\/checknews-questions\/\u00a0\u00bb}],\u00a0\u00bbname\u00a0\u00bb:\u00a0\u00bbCheckNews\u00a0\u00bb},{\u00ab\u00a0_id\u00a0\u00bb:\u00a0\u00bb\/culture\u00a0\u00bb,\u00a0\u00bbchildren\u00a0\u00bb:[{\u00ab\u00a0_id\u00a0\u00bb:\u00a0\u00bblink-IJXVKLAYAFD2PLRGCZBJRSLXGA\u00a0\u00bb,\u00a0\u00bbdisplay_name\u00a0\u00bb:\u00a0\u00bbFestival d&rsquo;Avignon\u00a0\u00bb,\u00a0\u00bburl\u00a0\u00bb:\u00a0\u00bbhttps:\/\/www.liberation.fr\/tags\/festival-d-avignon\/\u00a0\u00bb},{\u00ab\u00a0_id\u00a0\u00bb:\u00a0\u00bb\/culture\/arts\u00a0\u00bb,\u00a0\u00bbname\u00a0\u00bb:\u00a0\u00bbArts\u00a0\u00bb},{\u00ab\u00a0_id\u00a0\u00bb:\u00a0\u00bb\/culture\/cinema\u00a0\u00bb,\u00a0\u00bbname\u00a0\u00bb:\u00a0\u00bbCin\u00e9ma\u00a0\u00bb},{\u00ab\u00a0_id\u00a0\u00bb:\u00a0\u00bb\/culture\/jeux-video\u00a0\u00bb,\u00a0\u00bbname\u00a0\u00bb:\u00a0\u00bbJeux vid\u00e9o\u00a0\u00bb},{\u00ab\u00a0_id\u00a0\u00bb:\u00a0\u00bb\/culture\/musique\u00a0\u00bb,\u00a0\u00bbname\u00a0\u00bb:\u00a0\u00bbMusique\u00a0\u00bb},{\u00ab\u00a0_id\u00a0\u00bb:\u00a0\u00bb\/culture\/photographie\u00a0\u00bb,\u00a0\u00bbname\u00a0\u00bb:\u00a0\u00bbPhotographie\u00a0\u00bb},{\u00ab\u00a0_id\u00a0\u00bb:\u00a0\u00bb\/culture\/livres\u00a0\u00bb,\u00a0\u00bbname\u00a0\u00bb:\u00a0\u00bbLivres\u00a0\u00bb},{\u00ab\u00a0_id\u00a0\u00bb:\u00a0\u00bb\/culture\/bd\u00a0\u00bb,\u00a0\u00bbname\u00a0\u00bb:\u00a0\u00bbBD\u00a0\u00bb},{\u00ab\u00a0_id\u00a0\u00bb:\u00a0\u00bblink-PYKRJHIK3NBW3IMOPOCB64D6CI\u00a0\u00bb,\u00a0\u00bbdisplay_name\u00a0\u00bb:\u00a0\u00bbPolars et thrillers\u00a0\u00bb,\u00a0\u00bburl\u00a0\u00bb:\u00a0\u00bbhttps:\/\/www.liberation.fr\/tags\/romans-policiers-polars-et-thrillers\/\u00a0\u00bb},{\u00ab\u00a0_id\u00a0\u00bb:\u00a0\u00bb\/culture\/scenes\u00a0\u00bb,\u00a0\u00bbname\u00a0\u00bb:\u00a0\u00bbTh\u00e9\u00e2tre et sc\u00e8nes\u00a0\u00bb},{\u00ab\u00a0_id\u00a0\u00bb:\u00a0\u00bb\/culture\/series\u00a0\u00bb,\u00a0\u00bbname\u00a0\u00bb:\u00a0\u00bbS\u00e9ries\u00a0\u00bb},{\u00ab\u00a0_id\u00a0\u00bb:\u00a0\u00bblink-TO3DMXNNQJH5VHG44GZQOOX6VI\u00a0\u00bb,\u00a0\u00bbdisplay_name\u00a0\u00bb:\u00a0\u00bbLes s\u00e9lections Culture de Lib\u00e9\u00a0\u00bb,\u00a0\u00bburl\u00a0\u00bb:\u00a0\u00bbhttps:\/\/www.liberation.fr\/selections-culture\/\u00a0\u00bb}],\u00a0\u00bbname\u00a0\u00bb:\u00a0\u00bbCulture\u00a0\u00bb},{\u00ab\u00a0_id\u00a0\u00bb:\u00a0\u00bblink-246HYMKRCVB4ZJ4HZUNLTTQUBQ\u00a0\u00bb,\u00a0\u00bbchildren\u00a0\u00bb:[],\u00a0\u00bbdisplay_name\u00a0\u00bb:\u00a0\u00bbLes s\u00e9lections Culture de Lib\u00e9\u00a0\u00bb,\u00a0\u00bburl\u00a0\u00bb:\u00a0\u00bbhttps:\/\/www.liberation.fr\/selections-culture\/\u00a0\u00bb},{\u00ab\u00a0_id\u00a0\u00bb:\u00a0\u00bb\/environnement\u00a0\u00bb,\u00a0\u00bbchildren\u00a0\u00bb:[{\u00ab\u00a0_id\u00a0\u00bb:\u00a0\u00bb\/environnement\/animaux\u00a0\u00bb,\u00a0\u00bbname\u00a0\u00bb:\u00a0\u00bbAnimaux\u00a0\u00bb},{\u00ab\u00a0_id\u00a0\u00bb:\u00a0\u00bb\/environnement\/agriculture\u00a0\u00bb,\u00a0\u00bbname\u00a0\u00bb:\u00a0\u00bbAgriculture\u00a0\u00bb},{\u00ab\u00a0_id\u00a0\u00bb:\u00a0\u00bb\/environnement\/alimentation\u00a0\u00bb,\u00a0\u00bbname\u00a0\u00bb:\u00a0\u00bbAlimentation\u00a0\u00bb},{\u00ab\u00a0_id\u00a0\u00bb:\u00a0\u00bb\/environnement\/biodiversite\u00a0\u00bb,\u00a0\u00bbname\u00a0\u00bb:\u00a0\u00bbBiodiversit\u00e9\u00a0\u00bb},{\u00ab\u00a0_id\u00a0\u00bb:\u00a0\u00bb\/environnement\/climat\u00a0\u00bb,\u00a0\u00bbname\u00a0\u00bb:\u00a0\u00bbClimat\u00a0\u00bb},{\u00ab\u00a0_id\u00a0\u00bb:\u00a0\u00bb\/environnement\/nucleaire\u00a0\u00bb,\u00a0\u00bbname\u00a0\u00bb:\u00a0\u00bbNucl\u00e9aire\u00a0\u00bb},{\u00ab\u00a0_id\u00a0\u00bb:\u00a0\u00bb\/environnement\/pollution\u00a0\u00bb,\u00a0\u00bbname\u00a0\u00bb:\u00a0\u00bbPollution\u00a0\u00bb}],\u00a0\u00bbname\u00a0\u00bb:\u00a0\u00bbEnvironnement\u00a0\u00bb},{\u00ab\u00a0_id\u00a0\u00bb:\u00a0\u00bb\/idees-et-debats\u00a0\u00bb,\u00a0\u00bbchildren\u00a0\u00bb:[{\u00ab\u00a0_id\u00a0\u00bb:\u00a0\u00bb\/idees-et-debats\/opinions\u00a0\u00bb,\u00a0\u00bbname\u00a0\u00bb:\u00a0\u00bbOpinions\u00a0\u00bb},{\u00ab\u00a0_id\u00a0\u00bb:\u00a0\u00bb\/idees-et-debats\/editorial\u00a0\u00bb,\u00a0\u00bbname\u00a0\u00bb:\u00a0\u00bbEditorial\u00a0\u00bb},{\u00ab\u00a0_id\u00a0\u00bb:\u00a0\u00bb\/idees-et-debats\/tribunes\u00a0\u00bb,\u00a0\u00bbname\u00a0\u00bb:\u00a0\u00bbTribunes\u00a0\u00bb}],\u00a0\u00bbname\u00a0\u00bb:\u00a0\u00bbId\u00e9es et D\u00e9bats\u00a0\u00bb},{\u00ab\u00a0_id\u00a0\u00bb:\u00a0\u00bb\/societe\u00a0\u00bb,\u00a0\u00bbchildren\u00a0\u00bb:[{\u00ab\u00a0_id\u00a0\u00bb:\u00a0\u00bb\/societe\/police-justice\u00a0\u00bb,\u00a0\u00bbname\u00a0\u00bb:\u00a0\u00bbPolice \/ Justice\u00a0\u00bb},{\u00ab\u00a0_id\u00a0\u00bb:\u00a0\u00bb\/societe\/droits-des-femmes\u00a0\u00bb,\u00a0\u00bbname\u00a0\u00bb:\u00a0\u00bbDroits des femmes\u00a0\u00bb},{\u00ab\u00a0_id\u00a0\u00bb:\u00a0\u00bb\/societe\/education\u00a0\u00bb,\u00a0\u00bbname\u00a0\u00bb:\u00a0\u00bbEducation\u00a0\u00bb},{\u00ab\u00a0_id\u00a0\u00bb:\u00a0\u00bb\/societe\/familles\u00a0\u00bb,\u00a0\u00bbname\u00a0\u00bb:\u00a0\u00bbFamilles\u00a0\u00bb},{\u00ab\u00a0_id\u00a0\u00bb:\u00a0\u00bb\/societe\/logement\u00a0\u00bb,\u00a0\u00bbname\u00a0\u00bb:\u00a0\u00bbLogement\u00a0\u00bb},{\u00ab\u00a0_id\u00a0\u00bb:\u00a0\u00bb\/societe\/religions\u00a0\u00bb,\u00a0\u00bbname\u00a0\u00bb:\u00a0\u00bbReligions\u00a0\u00bb},{\u00ab\u00a0_id\u00a0\u00bb:\u00a0\u00bb\/societe\/sante\u00a0\u00bb,\u00a0\u00bbname\u00a0\u00bb:\u00a0\u00bbSant\u00e9\u00a0\u00bb},{\u00ab\u00a0_id\u00a0\u00bb:\u00a0\u00bb\/societe\/ville\u00a0\u00bb,\u00a0\u00bbname\u00a0\u00bb:\u00a0\u00bbVille\u00a0\u00bb},{\u00ab\u00a0_id\u00a0\u00bb:\u00a0\u00bb\/societe\/sexualite-et-genres\u00a0\u00bb,\u00a0\u00bbname\u00a0\u00bb:\u00a0\u00bbSexualit\u00e9s et genres\u00a0\u00bb},{\u00ab\u00a0_id\u00a0\u00bb:\u00a0\u00bb\/societe\/immigration\u00a0\u00bb,\u00a0\u00bbname\u00a0\u00bb:\u00a0\u00bbImmigration\u00a0\u00bb}],\u00a0\u00bbname\u00a0\u00bb:\u00a0\u00bbSoci\u00e9t\u00e9\u00a0\u00bb},{\u00ab\u00a0_id\u00a0\u00bb:\u00a0\u00bblink-2QV6MFWETVHFXLTSKW5RS2WVUM\u00a0\u00bb,\u00a0\u00bbchildren\u00a0\u00bb:[],\u00a0\u00bbdisplay_name\u00a0\u00bb:\u00a0\u00bbEnqu\u00eates\u00a0\u00bb,\u00a0\u00bburl\u00a0\u00bb:\u00a0\u00bbhttps:\/\/www.liberation.fr\/enquetes\/\u00a0\u00bb},{\u00ab\u00a0_id\u00a0\u00bb:\u00a0\u00bblink-6YRRL6US6JAV3FCOKQEZXVDJE4&Prime;,\u00a0\u00bbchildren\u00a0\u00bb:[],\u00a0\u00bbdisplay_name\u00a0\u00bb:\u00a0\u00bb\u00c7a va mieux en le lisant\u00a0\u00bb,\u00a0\u00bburl\u00a0\u00bb:\u00a0\u00bbhttps:\/\/www.liberation.fr\/tags\/ca-va-mieux-lisant\/\u00a0\u00bb},{\u00ab\u00a0_id\u00a0\u00bb:\u00a0\u00bblink-W7R2BXQURZEN7CQE6JHDFC7HHM\u00a0\u00bb,\u00a0\u00bbchildren\u00a0\u00bb:[],\u00a0\u00bbdisplay_name\u00a0\u00bb:\u00a0\u00bbT\u00e9moignages\u00a0\u00bb,\u00a0\u00bburl\u00a0\u00bb:\u00a0\u00bbhttps:\/\/www.liberation.fr\/temoignages\/\u00a0\u00bb},{\u00ab\u00a0_id\u00a0\u00bb:\u00a0\u00bb\/economie\u00a0\u00bb,\u00a0\u00bbchildren\u00a0\u00bb:[{\u00ab\u00a0_id\u00a0\u00bb:\u00a0\u00bb\/economie\/medias\u00a0\u00bb,\u00a0\u00bbname\u00a0\u00bb:\u00a0\u00bbM\u00e9dias\u00a0\u00bb},{\u00ab\u00a0_id\u00a0\u00bb:\u00a0\u00bb\/economie\/social\u00a0\u00bb,\u00a0\u00bbname\u00a0\u00bb:\u00a0\u00bbSocial\u00a0\u00bb},{\u00ab\u00a0_id\u00a0\u00bb:\u00a0\u00bb\/economie\/transports\u00a0\u00bb,\u00a0\u00bbname\u00a0\u00bb:\u00a0\u00bbTransports\u00a0\u00bb},{\u00ab\u00a0_id\u00a0\u00bb:\u00a0\u00bb\/economie\/economie-numerique\u00a0\u00bb,\u00a0\u00bbname\u00a0\u00bb:\u00a0\u00bbEconomie num\u00e9rique\u00a0\u00bb}],\u00a0\u00bbname\u00a0\u00bb:\u00a0\u00bbEconomie\u00a0\u00bb},{\u00ab\u00a0_id\u00a0\u00bb:\u00a0\u00bb\/lifestyle\u00a0\u00bb,\u00a0\u00bbchildren\u00a0\u00bb:[{\u00ab\u00a0_id\u00a0\u00bb:\u00a0\u00bb\/lifestyle\/beaute\u00a0\u00bb,\u00a0\u00bbname\u00a0\u00bb:\u00a0\u00bbBeaut\u00e9\u00a0\u00bb},{\u00ab\u00a0_id\u00a0\u00bb:\u00a0\u00bb\/lifestyle\/design\u00a0\u00bb,\u00a0\u00bbname\u00a0\u00bb:\u00a0\u00bbDesign\u00a0\u00bb},{\u00ab\u00a0_id\u00a0\u00bb:\u00a0\u00bb\/lifestyle\/gastronomie\u00a0\u00bb,\u00a0\u00bbname\u00a0\u00bb:\u00a0\u00bbGastronomie\u00a0\u00bb},{\u00ab\u00a0_id\u00a0\u00bb:\u00a0\u00bb\/lifestyle\/hightech\u00a0\u00bb,\u00a0\u00bbname\u00a0\u00bb:\u00a0\u00bbHigh tech\u00a0\u00bb},{\u00ab\u00a0_id\u00a0\u00bb:\u00a0\u00bb\/lifestyle\/mode\u00a0\u00bb,\u00a0\u00bbname\u00a0\u00bb:\u00a0\u00bbMode\u00a0\u00bb},{\u00ab\u00a0_id\u00a0\u00bb:\u00a0\u00bb\/lifestyle\/voyages\u00a0\u00bb,\u00a0\u00bbname\u00a0\u00bb:\u00a0\u00bbVoyages\u00a0\u00bb},{\u00ab\u00a0_id\u00a0\u00bb:\u00a0\u00bb\/lifestyle\/consommation\u00a0\u00bb,\u00a0\u00bbname\u00a0\u00bb:\u00a0\u00bbConsommation\u00a0\u00bb},{\u00ab\u00a0_id\u00a0\u00bb:\u00a0\u00bb\/lifestyle\/intimites\u00a0\u00bb,\u00a0\u00bbname\u00a0\u00bb:\u00a0\u00bbIntimit\u00e9s\u00a0\u00bb},{\u00ab\u00a0_id\u00a0\u00bb:\u00a0\u00bb\/lifestyle\/parentalites\u00a0\u00bb,\u00a0\u00bbname\u00a0\u00bb:\u00a0\u00bbParentalit\u00e9s\u00a0\u00bb},{\u00ab\u00a0_id\u00a0\u00bb:\u00a0\u00bblink-IRBRAAYPD5FHDJDA6EUBRW4YGM\u00a0\u00bb,\u00a0\u00bbdisplay_name\u00a0\u00bb:\u00a0\u00bbSports\u00a0\u00bb,\u00a0\u00bburl\u00a0\u00bb:\u00a0\u00bbhttps:\/\/www.liberation.fr\/sports\/\u00a0\u00bb},{\u00ab\u00a0_id\u00a0\u00bb:\u00a0\u00bblink-GQX3YRV2END2TIQ5C762P26FDM\u00a0\u00bb,\u00a0\u00bbdisplay_name\u00a0\u00bb:\u00a0\u00bbLes Tops de Lib\u00e9\u00a0\u00bb,\u00a0\u00bburl\u00a0\u00bb:\u00a0\u00bbhttps:\/\/www.liberation.fr\/dossier\/tops-de-libe\/\u00a0\u00bb}],\u00a0\u00bbname\u00a0\u00bb:\u00a0\u00bbLifestyle\u00a0\u00bb},{\u00ab\u00a0_id\u00a0\u00bb:\u00a0\u00bblink-0GZ387067T0Y3D40HAQUYUNZVW\u00a0\u00bb,\u00a0\u00bbchildren\u00a0\u00bb:[],\u00a0\u00bbdisplay_name\u00a0\u00bb:\u00a0\u00bbEn images\u00a0\u00bb,\u00a0\u00bburl\u00a0\u00bb:\u00a0\u00bbhttps:\/\/www.liberation.fr\/en-images\/\u00a0\u00bb},{\u00ab\u00a0_id\u00a0\u00bb:\u00a0\u00bblink-3XLEWBXEJZCURBKPGS5JDRH62Q\u00a0\u00bb,\u00a0\u00bbchildren\u00a0\u00bb:[],\u00a0\u00bbdisplay_name\u00a0\u00bb:\u00a0\u00bbData du jour\u00a0\u00bb,\u00a0\u00bburl\u00a0\u00bb:\u00a0\u00bbhttps:\/\/www.liberation.fr\/dossier\/data-matin\/\u00a0\u00bb},{\u00ab\u00a0_id\u00a0\u00bb:\u00a0\u00bblink-XKBPLDQUQVABVM65OZKDBXUXWE\u00a0\u00bb,\u00a0\u00bbchildren\u00a0\u00bb:[],\u00a0\u00bbdisplay_name\u00a0\u00bb:\u00a0\u00bbLes Tops de Lib\u00e9\u00a0\u00bb,\u00a0\u00bburl\u00a0\u00bb:\u00a0\u00bbhttps:\/\/www.liberation.fr\/dossier\/tops-de-libe\/\u00a0\u00bb},{\u00ab\u00a0_id\u00a0\u00bb:\u00a0\u00bb\/portraits\u00a0\u00bb,\u00a0\u00bbchildren\u00a0\u00bb:[],\u00a0\u00bbname\u00a0\u00bb:\u00a0\u00bbPortraits\u00a0\u00bb},{\u00ab\u00a0_id\u00a0\u00bb:\u00a0\u00bb\/sports\u00a0\u00bb,\u00a0\u00bbchildren\u00a0\u00bb:[{\u00ab\u00a0_id\u00a0\u00bb:\u00a0\u00bb\/sports\/football\u00a0\u00bb,\u00a0\u00bbname\u00a0\u00bb:\u00a0\u00bbFootball\u00a0\u00bb},{\u00ab\u00a0_id\u00a0\u00bb:\u00a0\u00bb\/sports\/cyclisme\u00a0\u00bb,\u00a0\u00bbname\u00a0\u00bb:\u00a0\u00bbCyclisme\u00a0\u00bb},{\u00ab\u00a0_id\u00a0\u00bb:\u00a0\u00bb\/sports\/tennis\u00a0\u00bb,\u00a0\u00bbname\u00a0\u00bb:\u00a0\u00bbTennis\u00a0\u00bb},{\u00ab\u00a0_id\u00a0\u00bb:\u00a0\u00bb\/sports\/rugby\u00a0\u00bb,\u00a0\u00bbname\u00a0\u00bb:\u00a0\u00bbRugby\u00a0\u00bb},{\u00ab\u00a0_id\u00a0\u00bb:\u00a0\u00bb\/sports\/sports-mecaniques\u00a0\u00bb,\u00a0\u00bbname\u00a0\u00bb:\u00a0\u00bbSports m\u00e9caniques\u00a0\u00bb},{\u00ab\u00a0_id\u00a0\u00bb:\u00a0\u00bb\/sports\/jeux-olympiques\u00a0\u00bb,\u00a0\u00bbname\u00a0\u00bb:\u00a0\u00bbJeux olympiques et paralympiques\u00a0\u00bb}],\u00a0\u00bbname\u00a0\u00bb:\u00a0\u00bbSports\u00a0\u00bb},{\u00ab\u00a0_id\u00a0\u00bb:\u00a0\u00bb\/forums\u00a0\u00bb,\u00a0\u00bbchildren\u00a0\u00bb:[],\u00a0\u00bbname\u00a0\u00bb:\u00a0\u00bbForums &#038; \u00e9v\u00e9nements\u00a0\u00bb},{\u00ab\u00a0_id\u00a0\u00bb:\u00a0\u00bb\/sciences\u00a0\u00bb,\u00a0\u00bbchildren\u00a0\u00bb:[{\u00ab\u00a0_id\u00a0\u00bb:\u00a0\u00bb\/sciences\/archeologie\u00a0\u00bb,\u00a0\u00bbname\u00a0\u00bb:\u00a0\u00bbArch\u00e9ologie et pal\u00e9ontologie\u00a0\u00bb},{\u00ab\u00a0_id\u00a0\u00bb:\u00a0\u00bb\/sciences\/biologie\u00a0\u00bb,\u00a0\u00bbname\u00a0\u00bb:\u00a0\u00bbBiologie\u00a0\u00bb},{\u00ab\u00a0_id\u00a0\u00bb:\u00a0\u00bb\/sciences\/espace\u00a0\u00bb,\u00a0\u00bbname\u00a0\u00bb:\u00a0\u00bbEspace\u00a0\u00bb},{\u00ab\u00a0_id\u00a0\u00bb:\u00a0\u00bb\/sciences\/histoire\u00a0\u00bb,\u00a0\u00bbname\u00a0\u00bb:\u00a0\u00bbHistoire\u00a0\u00bb},{\u00ab\u00a0_id\u00a0\u00bb:\u00a0\u00bb\/sciences\/technologie-innovation\u00a0\u00bb,\u00a0\u00bbname\u00a0\u00bb:\u00a0\u00bbTechnologie et innovation\u00a0\u00bb}],\u00a0\u00bbname\u00a0\u00bb:\u00a0\u00bbSciences\u00a0\u00bb},{\u00ab\u00a0_id\u00a0\u00bb:\u00a0\u00bblink-E7Y4ZGRMURDNTPGTPR2J6DSMVA\u00a0\u00bb,\u00a0\u00bbchildren\u00a0\u00bb:[],\u00a0\u00bbdisplay_name\u00a0\u00bb:\u00a0\u00bbLes playlists de Lib\u00e9\u00a0\u00bb,\u00a0\u00bburl\u00a0\u00bb:\u00a0\u00bbhttps:\/\/www.liberation.fr\/playlists-de-libe\/\u00a0\u00bb},{\u00ab\u00a0_id\u00a0\u00bb:\u00a0\u00bblink-SVKCCJFMTJAGJOK2ZMRFJ2VEKY\u00a0\u00bb,\u00a0\u00bbchildren\u00a0\u00bb:[],\u00a0\u00bbdisplay_name\u00a0\u00bb:\u00a0\u00bbNos dossiers\u00a0\u00bb,\u00a0\u00bburl\u00a0\u00bb:\u00a0\u00bbhttps:\/\/www.liberation.fr\/nos-dossiers\/\u00a0\u00bb},{\u00ab\u00a0_id\u00a0\u00bb:\u00a0\u00bb\/plus\u00a0\u00bb,\u00a0\u00bbchildren\u00a0\u00bb:[{\u00ab\u00a0_id\u00a0\u00bb:\u00a0\u00bb\/plus\/speciaux-cahier-ete\u00a0\u00bb,\u00a0\u00bbname\u00a0\u00bb:\u00a0\u00bbS\u00e9ries d&rsquo;\u00e9t\u00e9\u00a0\u00bb},{\u00ab\u00a0_id\u00a0\u00bb:\u00a0\u00bb\/plus\/numeros-speciaux\u00a0\u00bb,\u00a0\u00bbname\u00a0\u00bb:\u00a0\u00bbNum\u00e9ros sp\u00e9ciaux\u00a0\u00bb},{\u00ab\u00a0_id\u00a0\u00bb:\u00a0\u00bblink-CEST3Y6WSVCNBFWNCPZRBNO2J4&Prime;,\u00a0\u00bbdisplay_name\u00a0\u00bb:\u00a0\u00bbLes 50 ans de Lib\u00e9\u00a0\u00bb,\u00a0\u00bburl\u00a0\u00bb:\u00a0\u00bbhttps:\/\/www.liberation.fr\/dossier\/50-ans-liberation\/\u00a0\u00bb},{\u00ab\u00a0_id\u00a0\u00bb:\u00a0\u00bblink-CKVXXOOCUJGE5CTLINUTAVCEVY\u00a0\u00bb,\u00a0\u00bbdisplay_name\u00a0\u00bb:\u00a0\u00bbNos 50 combats\u00a0\u00bb,\u00a0\u00bburl\u00a0\u00bb:\u00a0\u00bbhttps:\/\/www.liberation.fr\/50-ans-50-combats\/\u00a0\u00bb}],\u00a0\u00bbname\u00a0\u00bb:\u00a0\u00bbPlus\u00a0\u00bb},{\u00ab\u00a0_id\u00a0\u00bb:\u00a0\u00bb\/archives\u00a0\u00bb,\u00a0\u00bbchildren\u00a0\u00bb:[{\u00ab\u00a0_id\u00a0\u00bb:\u00a0\u00bblink-K3RVIEFT5ZAJXJCHB7VUOPBUOE\u00a0\u00bb,\u00a0\u00bbdisplay_name\u00a0\u00bb:\u00a0\u00bb2025&Prime;,\u00a0\u00bburl\u00a0\u00bb:\u00a0\u00bbhttps:\/\/www.liberation.fr\/archives\/2025\/\u00a0\u00bb},{\u00ab\u00a0_id\u00a0\u00bb:\u00a0\u00bblink-HW6KZ7W4BVB7ZC2MUGELWSNMM4&Prime;,\u00a0\u00bbdisplay_name\u00a0\u00bb:\u00a0\u00bb2024&Prime;,\u00a0\u00bburl\u00a0\u00bb:\u00a0\u00bbhttps:\/\/www.liberation.fr\/archives\/2024\/\u00a0\u00bb},{\u00ab\u00a0_id\u00a0\u00bb:\u00a0\u00bblink-86U6ZQ3TGD6J38B3B0UD714BEM\u00a0\u00bb,\u00a0\u00bbdisplay_name\u00a0\u00bb:\u00a0\u00bb2023&Prime;,\u00a0\u00bburl\u00a0\u00bb:\u00a0\u00bbhttps:\/\/www.liberation.fr\/archives\/2023\/\u00a0\u00bb},{\u00ab\u00a0_id\u00a0\u00bb:\u00a0\u00bblink-TTAP7N6QVX4HX8KUYPNK8C8T2G\u00a0\u00bb,\u00a0\u00bbdisplay_name\u00a0\u00bb:\u00a0\u00bb2022&Prime;,\u00a0\u00bburl\u00a0\u00bb:\u00a0\u00bbhttps:\/\/www.liberation.fr\/archives\/2022\/\u00a0\u00bb},{\u00ab\u00a0_id\u00a0\u00bb:\u00a0\u00bblink-61DDUK20NX12HEYXG66F2U5D3W\u00a0\u00bb,\u00a0\u00bbdisplay_name\u00a0\u00bb:\u00a0\u00bb2021&Prime;,\u00a0\u00bburl\u00a0\u00bb:\u00a0\u00bbhttps:\/\/www.liberation.fr\/archives\/2021\/\u00a0\u00bb},{\u00ab\u00a0_id\u00a0\u00bb:\u00a0\u00bblink-TOFSORLNGZBOLDQTXPC2QY3WM4&Prime;,\u00a0\u00bbdisplay_name\u00a0\u00bb:\u00a0\u00bbToutes les archives\u00a0\u00bb,\u00a0\u00bburl\u00a0\u00bb:\u00a0\u00bbhttps:\/\/www.liberation.fr\/archives\/\u00a0\u00bb}],\u00a0\u00bbname\u00a0\u00bb:\u00a0\u00bbArchives\u00a0\u00bb},{\u00ab\u00a0_id\u00a0\u00bb:\u00a0\u00bblink-Y33KT60FFD0HZ90R7MF9EZKWHM\u00a0\u00bb,\u00a0\u00bbchildren\u00a0\u00bb:[],\u00a0\u00bbdisplay_name\u00a0\u00bb:\u00a0\u00bbOffrir Lib\u00e9\u00a0\u00bb,\u00a0\u00bburl\u00a0\u00bb:\u00a0\u00bbhttps:\/\/formulaire.liberation.fr\/offrir_abo?source=menu\u00a0\u00bb},{\u00ab\u00a0_id\u00a0\u00bb:\u00a0\u00bblink-8EYG0HFTT17Q56ZMF4F2MY2NU8&Prime;,\u00a0\u00bbchildren\u00a0\u00bb:[],\u00a0\u00bbdisplay_name\u00a0\u00bb:\u00a0\u00bbEv\u00e9nements Lib\u00e9\u00a0\u00bb,\u00a0\u00bburl\u00a0\u00bb:\u00a0\u00bbhttps:\/\/offre.liberation.fr\/evenements\/\u00a0\u00bb},{\u00ab\u00a0_id\u00a0\u00bb:\u00a0\u00bblink-WBU2ETVFYD7N129EAHEDEXM14R\u00a0\u00bb,\u00a0\u00bbchildren\u00a0\u00bb:[],\u00a0\u00bbdisplay_name\u00a0\u00bb:\u00a0\u00bbLes newsletters\u00a0\u00bb,\u00a0\u00bburl\u00a0\u00bb:\u00a0\u00bbhttps:\/\/www.liberation.fr\/newsletters\/\u00a0\u00bb},{\u00ab\u00a0_id\u00a0\u00bb:\u00a0\u00bblink-47HCX2GSRFGNRNEC4UURQT5S3I\u00a0\u00bb,\u00a0\u00bbchildren\u00a0\u00bb:[],\u00a0\u00bbdisplay_name\u00a0\u00bb:\u00a0\u00bbFaire un don (d\u00e9ductible des imp\u00f4ts)\u00a0\u00bb,\u00a0\u00bburl\u00a0\u00bb:\u00a0\u00bbhttps:\/\/www.liberation.fr\/faire-un-don\/\u00a0\u00bb},{\u00ab\u00a0_id\u00a0\u00bb:\u00a0\u00bblink-HBNY4B6XEH5C57Q0W2W0AVVRDW\u00a0\u00bb,\u00a0\u00bbchildren\u00a0\u00bb:[],\u00a0\u00bbdisplay_name\u00a0\u00bb:\u00a0\u00bbPetites annonces\u00a0\u00bb,\u00a0\u00bburl\u00a0\u00bb:\u00a0\u00bbhttps:\/\/petites-annonces.liberation.fr\/\u00a0\u00bb},{\u00ab\u00a0_id\u00a0\u00bb:\u00a0\u00bblink-HJTF0JBDM90710PFG5H51GYAF8&Prime;,\u00a0\u00bbchildren\u00a0\u00bb:[],\u00a0\u00bbdisplay_name\u00a0\u00bb:\u00a0\u00bbAnnonces l\u00e9gales\u00a0\u00bb,\u00a0\u00bburl\u00a0\u00bb:\u00a0\u00bbhttps:\/\/annonces-legales.liberation.fr\/\u00a0\u00bb},{\u00ab\u00a0_id\u00a0\u00bb:\u00a0\u00bblink-WQR3ZCK32ZBXZIHPYAYJUNRT7Q\u00a0\u00bb,\u00a0\u00bbchildren\u00a0\u00bb:[],\u00a0\u00bbdisplay_name\u00a0\u00bb:\u00a0\u00bbConjugaison\u00a0\u00bb,\u00a0\u00bburl\u00a0\u00bb:\u00a0\u00bbhttps:\/\/conjugaison.liberation.fr\/\u00a0\u00bb}],\u00a0\u00bb_id\u00a0\u00bb:\u00a0\u00bbhttps:\/\/www.liberation.fr\/\u00a0\u00bb},\u00a0\u00bbexpires\u00a0\u00bb:1752829920831,\u00a0\u00bblastModified\u00a0\u00bb:1752829620797},\u00a0\u00bb{\\\u00a0\u00bbhierarchy\\\u00a0\u00bb:\\\u00a0\u00bbheadernav\\\u00a0\u00bb}\u00a0\u00bb:{\u00ab\u00a0data\u00a0\u00bb:{\u00ab\u00a0_id\u00a0\u00bb:\u00a0\u00bbhttps:\/\/www.liberation.fr\/\u00a0\u00bb,\u00a0\u00bb_website\u00a0\u00bb:\u00a0\u00bbliberation\u00a0\u00bb,\u00a0\u00bbname\u00a0\u00bb:\u00a0\u00bbLiberation\u00a0\u00bb,\u00a0\u00bbinactive\u00a0\u00bb:false,\u00a0\u00bbparent\u00a0\u00bb:null,\u00a0\u00bbancestors\u00a0\u00bb:null,\u00a0\u00bborder\u00a0\u00bb:null,\u00a0\u00bbnode_type\u00a0\u00bb:\u00a0\u00bbsection\u00a0\u00bb,\u00a0\u00bbchildren\u00a0\u00bb:[{\u00ab\u00a0_id\u00a0\u00bb:\u00a0\u00bb\/politique\u00a0\u00bb,\u00a0\u00bbsite\u00a0\u00bb:{\u00ab\u00a0site_tagline\u00a0\u00bb:null,\u00a0\u00bbsite_url\u00a0\u00bb:null,\u00a0\u00bbsite_title\u00a0\u00bb:\u00a0\u00bbToute l&rsquo;actualit\u00e9 Politique en continu avec Lib\u00e9ration\u00a0\u00bb,\u00a0\u00bbsite_about\u00a0\u00bb:null,\u00a0\u00bbpagebuilder_path_for_native_apps\u00a0\u00bb:null,\u00a0\u00bbsite_description\u00a0\u00bb:\u00a0\u00bbL&rsquo;info politique \u00e0 suivre avec Lib\u00e9ration : actualit\u00e9s des partis, la gestion du gouvernement, les \u00e9lections, les r\u00e9formes, l&rsquo;activit\u00e9 \u00e0 l&rsquo;Assembl\u00e9e nationale et au S\u00e9nat&#8230;\u00a0\u00bb,\u00a0\u00bbsite_keywords\u00a0\u00bb:null},\u00a0\u00bbsite_topper\u00a0\u00bb:{\u00ab\u00a0site_logo_image\u00a0\u00bb:null},\u00a0\u00bbsocial\u00a0\u00bb:{\u00ab\u00a0twitter\u00a0\u00bb:null,\u00a0\u00bbfacebook\u00a0\u00bb:null,\u00a0\u00bbrss\u00a0\u00bb:null,\u00a0\u00bbinstagram\u00a0\u00bb:null},\u00a0\u00bbnavigation\u00a0\u00bb:{\u00ab\u00a0nav_title\u00a0\u00bb:\u00a0\u00bbPolitique\u00a0\u00bb},\u00a0\u00bb_admin\u00a0\u00bb:{\u00ab\u00a0alias_ids\u00a0\u00bb:[\u00ab\u00a0\/politique\u00a0\u00bb,\u00a0\u00bb100666&Prime;]},\u00a0\u00bb_website\u00a0\u00bb:\u00a0\u00bbliberation\u00a0\u00bb,\u00a0\u00bbname\u00a0\u00bb:\u00a0\u00bbPolitique\u00a0\u00bb,\u00a0\u00bborder\u00a0\u00bb:{\u00ab\u00a0default\u00a0\u00bb:1003,\u00a0\u00bbamp-menu\u00a0\u00bb:1003,\u00a0\u00bbburgermenu\u00a0\u00bb:1002,\u00a0\u00bbaccueil-tag-block\u00a0\u00bb:1001,\u00a0\u00bbfooter2&Prime;:2001,\u00a0\u00bbheadernav\u00a0\u00bb:1001},\u00a0\u00bbparent\u00a0\u00bb:{\u00ab\u00a0default\u00a0\u00bb:\u00a0\u00bbhttps:\/\/www.liberation.fr\/\u00a0\u00bb,\u00a0\u00bbamp-menu\u00a0\u00bb:\u00a0\u00bbhttps:\/\/www.liberation.fr\/\u00a0\u00bb,\u00a0\u00bbfooter-nav-bar\u00a0\u00bb:null,\u00a0\u00bbburgermenu\u00a0\u00bb:\u00a0\u00bbhttps:\/\/www.liberation.fr\/\u00a0\u00bb,\u00a0\u00bbfooter\u00a0\u00bb:null,\u00a0\u00bbaccueil-tag-block\u00a0\u00bb:\u00a0\u00bbhttps:\/\/www.liberation.fr\/\u00a0\u00bb,\u00a0\u00bbTest\u00a0\u00bb:null,\u00a0\u00bbheadernav\u00a0\u00bb:\u00a0\u00bbhttps:\/\/www.liberation.fr\/\u00a0\u00bb,\u00a0\u00bbfooter2&Prime;:\u00a0\u00bb\/idees-et-debats\u00a0\u00bb},\u00a0\u00bbancestors\u00a0\u00bb:{\u00ab\u00a0default\u00a0\u00bb:[\u00ab\u00a0https:\/\/www.liberation.fr\/\u00a0\u00bb],\u00a0\u00bbamp-menu\u00a0\u00bb:[\u00ab\u00a0https:\/\/www.liberation.fr\/\u00a0\u00bb],\u00a0\u00bbfooter-nav-bar\u00a0\u00bb:[],\u00a0\u00bbburgermenu\u00a0\u00bb:[\u00ab\u00a0https:\/\/www.liberation.fr\/\u00a0\u00bb],\u00a0\u00bbfooter\u00a0\u00bb:[],\u00a0\u00bbaccueil-tag-block\u00a0\u00bb:[\u00ab\u00a0https:\/\/www.liberation.fr\/\u00a0\u00bb],\u00a0\u00bbTest\u00a0\u00bb:[],\u00a0\u00bbheadernav\u00a0\u00bb:[\u00ab\u00a0https:\/\/www.liberation.fr\/\u00a0\u00bb],\u00a0\u00bbfooter2&Prime;:[\u00ab\u00a0\/idees-et-debats\u00a0\u00bb]},\u00a0\u00bbinactive\u00a0\u00bb:false,\u00a0\u00bbnode_type\u00a0\u00bb:\u00a0\u00bbsection\u00a0\u00bb,\u00a0\u00bbchildren\u00a0\u00bb:[]},{\u00ab\u00a0_id\u00a0\u00bb:\u00a0\u00bb\/international\u00a0\u00bb,\u00a0\u00bb_website\u00a0\u00bb:\u00a0\u00bbliberation\u00a0\u00bb,\u00a0\u00bbname\u00a0\u00bb:\u00a0\u00bbInternational\u00a0\u00bb,\u00a0\u00bbinactive\u00a0\u00bb:false,\u00a0\u00bbancestors\u00a0\u00bb:{\u00ab\u00a0default\u00a0\u00bb:[\u00ab\u00a0https:\/\/www.liberation.fr\/\u00a0\u00bb],\u00a0\u00bbamp-menu\u00a0\u00bb:[\u00ab\u00a0https:\/\/www.liberation.fr\/\u00a0\u00bb],\u00a0\u00bbburgermenu\u00a0\u00bb:[\u00ab\u00a0https:\/\/www.liberation.fr\/\u00a0\u00bb],\u00a0\u00bbheadernav\u00a0\u00bb:[\u00ab\u00a0https:\/\/www.liberation.fr\/\u00a0\u00bb],\u00a0\u00bbfooter\u00a0\u00bb:[],\u00a0\u00bbfooter2&Prime;:[]},\u00a0\u00bbparent\u00a0\u00bb:{\u00ab\u00a0default\u00a0\u00bb:\u00a0\u00bbhttps:\/\/www.liberation.fr\/\u00a0\u00bb,\u00a0\u00bbamp-menu\u00a0\u00bb:\u00a0\u00bbhttps:\/\/www.liberation.fr\/\u00a0\u00bb,\u00a0\u00bbburgermenu\u00a0\u00bb:\u00a0\u00bbhttps:\/\/www.liberation.fr\/\u00a0\u00bb,\u00a0\u00bbheadernav\u00a0\u00bb:\u00a0\u00bbhttps:\/\/www.liberation.fr\/\u00a0\u00bb,\u00a0\u00bbfooter\u00a0\u00bb:null,\u00a0\u00bbfooter2&Prime;:\u00a0\u00bbhttps:\/\/www.liberation.fr\/\u00a0\u00bb},\u00a0\u00bborder\u00a0\u00bb:{\u00ab\u00a0amp-menu\u00a0\u00bb:1006,\u00a0\u00bbburgermenu\u00a0\u00bb:1003,\u00a0\u00bbdefault\u00a0\u00bb:1006,\u00a0\u00bbheadernav\u00a0\u00bb:1002,\u00a0\u00bbfooter2&Prime;:1003},\u00a0\u00bb_admin\u00a0\u00bb:{\u00ab\u00a0alias_ids\u00a0\u00bb:[\u00ab\u00a0https:\/\/www.liberation.fr\/international\/\u00a0\u00bb,\u00a0\u00bb10&Prime;]},\u00a0\u00bbnavigation\u00a0\u00bb:{\u00ab\u00a0nav_title\u00a0\u00bb:null},\u00a0\u00bbsite\u00a0\u00bb:{\u00ab\u00a0pagebuilder_path_for_native_apps\u00a0\u00bb:null,\u00a0\u00bbsite_about\u00a0\u00bb:null,\u00a0\u00bbsite_description\u00a0\u00bb:\u00a0\u00bbLib\u00e9ration d\u00e9crypte pour vous toutes les actualit\u00e9s mondiales en continu : nos enqu\u00eates, interviews, vid\u00e9os et infos dans le monde par nos journalistes et correspondants.\u00a0\u00bb,\u00a0\u00bbsite_keywords\u00a0\u00bb:null,\u00a0\u00bbsite_tagline\u00a0\u00bb:null,\u00a0\u00bbsite_title\u00a0\u00bb:\u00a0\u00bbInternational : actualit\u00e9s et infos en direct dans le monde &#8211; Lib\u00e9ration\u00a0\u00bb,\u00a0\u00bbsite_url\u00a0\u00bb:null},\u00a0\u00bbsite_topper\u00a0\u00bb:{\u00ab\u00a0site_logo_image\u00a0\u00bb:null},\u00a0\u00bbsocial\u00a0\u00bb:{\u00ab\u00a0facebook\u00a0\u00bb:null,\u00a0\u00bbinstagram\u00a0\u00bb:null,\u00a0\u00bbrss\u00a0\u00bb:null,\u00a0\u00bbtwitter\u00a0\u00bb:null},\u00a0\u00bbnode_type\u00a0\u00bb:\u00a0\u00bbsection\u00a0\u00bb,\u00a0\u00bbchildren\u00a0\u00bb:[{\u00ab\u00a0_id\u00a0\u00bb:\u00a0\u00bb\/international\/europe\u00a0\u00bb,\u00a0\u00bbsite\u00a0\u00bb:{\u00ab\u00a0site_tagline\u00a0\u00bb:null,\u00a0\u00bbsite_url\u00a0\u00bb:null,\u00a0\u00bbsite_title\u00a0\u00bb:\u00a0\u00bbEurope : actualit\u00e9s et infos sur le continent europ\u00e9en &#8211; Lib\u00e9ration\u00a0\u00bb,\u00a0\u00bbpagebuilder_path_for_native_apps\u00a0\u00bb:null,\u00a0\u00bbsite_about\u00a0\u00bb:null,\u00a0\u00bbsite_description\u00a0\u00bb:\u00a0\u00bbRetrouvez toute l&rsquo;actualit\u00e9 politique et \u00e9conomique en Europe sur Lib\u00e9ration : Allemagne, Espagne, Italie, Belgique, Gr\u00e8ce, Hongrie, Ukraine&#8230;\u00a0\u00bb,\u00a0\u00bbsite_keywords\u00a0\u00bb:null},\u00a0\u00bbsite_topper\u00a0\u00bb:{\u00ab\u00a0site_logo_image\u00a0\u00bb:null},\u00a0\u00bbsocial\u00a0\u00bb:{\u00ab\u00a0twitter\u00a0\u00bb:null,\u00a0\u00bbfacebook\u00a0\u00bb:null,\u00a0\u00bbrss\u00a0\u00bb:null,\u00a0\u00bbinstagram\u00a0\u00bb:null},\u00a0\u00bbnavigation\u00a0\u00bb:{\u00ab\u00a0nav_title\u00a0\u00bb:\u00a0\u00bbEurope\u00a0\u00bb},\u00a0\u00bb_admin\u00a0\u00bb:{\u00ab\u00a0alias_ids\u00a0\u00bb:[\u00ab\u00a0\/international\/europe\u00a0\u00bb,\u00a0\u00bb200024&Prime;]},\u00a0\u00bb_website\u00a0\u00bb:\u00a0\u00bbliberation\u00a0\u00bb,\u00a0\u00bbname\u00a0\u00bb:\u00a0\u00bbEurope\u00a0\u00bb,\u00a0\u00bborder\u00a0\u00bb:{\u00ab\u00a0default\u00a0\u00bb:2001,\u00a0\u00bbheadernav\u00a0\u00bb:2001,\u00a0\u00bbburgermenu\u00a0\u00bb:2001,\u00a0\u00bbamp-menu\u00a0\u00bb:2001,\u00a0\u00bbfooter2&Prime;:2001},\u00a0\u00bbparent\u00a0\u00bb:{\u00ab\u00a0default\u00a0\u00bb:\u00a0\u00bb\/international\u00a0\u00bb,\u00a0\u00bbheadernav\u00a0\u00bb:\u00a0\u00bb\/international\u00a0\u00bb,\u00a0\u00bbburgermenu\u00a0\u00bb:\u00a0\u00bb\/international\u00a0\u00bb,\u00a0\u00bbamp-menu\u00a0\u00bb:\u00a0\u00bb\/international\u00a0\u00bb,\u00a0\u00bbfooter\u00a0\u00bb:null,\u00a0\u00bbfooter2&Prime;:\u00a0\u00bb\/international\u00a0\u00bb},\u00a0\u00bbancestors\u00a0\u00bb:{\u00ab\u00a0default\u00a0\u00bb:[\u00ab\u00a0\/international\u00a0\u00bb],\u00a0\u00bbheadernav\u00a0\u00bb:[\u00ab\u00a0https:\/\/www.liberation.fr\/\u00a0\u00bb,\u00a0\u00bb\/international\u00a0\u00bb],\u00a0\u00bbburgermenu\u00a0\u00bb:[\u00ab\u00a0https:\/\/www.liberation.fr\/\u00a0\u00bb,\u00a0\u00bb\/international\u00a0\u00bb],\u00a0\u00bbamp-menu\u00a0\u00bb:[\u00ab\u00a0https:\/\/www.liberation.fr\/\u00a0\u00bb,\u00a0\u00bb\/international\u00a0\u00bb],\u00a0\u00bbfooter\u00a0\u00bb:[],\u00a0\u00bbfooter2&Prime;:[\u00ab\u00a0\/international\u00a0\u00bb]},\u00a0\u00bbinactive\u00a0\u00bb:false,\u00a0\u00bbnode_type\u00a0\u00bb:\u00a0\u00bbsection\u00a0\u00bb,\u00a0\u00bbchildren\u00a0\u00bb:[]},{\u00ab\u00a0_id\u00a0\u00bb:\u00a0\u00bb\/international\/amerique\u00a0\u00bb,\u00a0\u00bbsite\u00a0\u00bb:{\u00ab\u00a0site_tagline\u00a0\u00bb:null,\u00a0\u00bbsite_url\u00a0\u00bb:null,\u00a0\u00bbsite_title\u00a0\u00bb:\u00a0\u00bbAm\u00e9rique : actualit\u00e9s sur le continent am\u00e9ricain &#8211; Lib\u00e9ration\u00a0\u00bb,\u00a0\u00bbpagebuilder_path_for_native_apps\u00a0\u00bb:null,\u00a0\u00bbsite_about\u00a0\u00bb:null,\u00a0\u00bbsite_description\u00a0\u00bb:\u00a0\u00bbAcc\u00e9dez aux derni\u00e8res informations sur les pays de l&rsquo;Am\u00e9rique du Nord et du Sud : Etats-Unis, Mexique, Br\u00e9sil, Canada, Chili, Venezuela&#8230;\u00a0\u00bb,\u00a0\u00bbsite_keywords\u00a0\u00bb:null},\u00a0\u00bbsite_topper\u00a0\u00bb:{\u00ab\u00a0site_logo_image\u00a0\u00bb:null},\u00a0\u00bbsocial\u00a0\u00bb:{\u00ab\u00a0twitter\u00a0\u00bb:null,\u00a0\u00bbfacebook\u00a0\u00bb:null,\u00a0\u00bbrss\u00a0\u00bb:null,\u00a0\u00bbinstagram\u00a0\u00bb:null},\u00a0\u00bbnavigation\u00a0\u00bb:{\u00ab\u00a0nav_title\u00a0\u00bb:\u00a0\u00bbAm\u00e9rique\u00a0\u00bb},\u00a0\u00bb_admin\u00a0\u00bb:{\u00ab\u00a0alias_ids\u00a0\u00bb:[\u00ab\u00a0\/international\/amerique\u00a0\u00bb,\u00a0\u00bb200022&Prime;]},\u00a0\u00bb_website\u00a0\u00bb:\u00a0\u00bbliberation\u00a0\u00bb,\u00a0\u00bbname\u00a0\u00bb:\u00a0\u00bbAm\u00e9rique\u00a0\u00bb,\u00a0\u00bborder\u00a0\u00bb:{\u00ab\u00a0default\u00a0\u00bb:2002,\u00a0\u00bbheadernav\u00a0\u00bb:2002,\u00a0\u00bbburgermenu\u00a0\u00bb:2002,\u00a0\u00bbamp-menu\u00a0\u00bb:2002,\u00a0\u00bbfooter2&Prime;:2002},\u00a0\u00bbparent\u00a0\u00bb:{\u00ab\u00a0default\u00a0\u00bb:\u00a0\u00bb\/international\u00a0\u00bb,\u00a0\u00bbheadernav\u00a0\u00bb:\u00a0\u00bb\/international\u00a0\u00bb,\u00a0\u00bbburgermenu\u00a0\u00bb:\u00a0\u00bb\/international\u00a0\u00bb,\u00a0\u00bbamp-menu\u00a0\u00bb:\u00a0\u00bb\/international\u00a0\u00bb,\u00a0\u00bbfooter\u00a0\u00bb:null,\u00a0\u00bbfooter2&Prime;:\u00a0\u00bb\/international\u00a0\u00bb},\u00a0\u00bbancestors\u00a0\u00bb:{\u00ab\u00a0default\u00a0\u00bb:[\u00ab\u00a0\/international\u00a0\u00bb],\u00a0\u00bbheadernav\u00a0\u00bb:[\u00ab\u00a0https:\/\/www.liberation.fr\/\u00a0\u00bb,\u00a0\u00bb\/international\u00a0\u00bb],\u00a0\u00bbburgermenu\u00a0\u00bb:[\u00ab\u00a0https:\/\/www.liberation.fr\/\u00a0\u00bb,\u00a0\u00bb\/international\u00a0\u00bb],\u00a0\u00bbamp-menu\u00a0\u00bb:[\u00ab\u00a0https:\/\/www.liberation.fr\/\u00a0\u00bb,\u00a0\u00bb\/international\u00a0\u00bb],\u00a0\u00bbfooter\u00a0\u00bb:[],\u00a0\u00bbfooter2&Prime;:[\u00ab\u00a0\/international\u00a0\u00bb]},\u00a0\u00bbinactive\u00a0\u00bb:false,\u00a0\u00bbnode_type\u00a0\u00bb:\u00a0\u00bbsection\u00a0\u00bb,\u00a0\u00bbchildren\u00a0\u00bb:[]},{\u00ab\u00a0_id\u00a0\u00bb:\u00a0\u00bb\/international\/afrique\u00a0\u00bb,\u00a0\u00bbsite\u00a0\u00bb:{\u00ab\u00a0site_tagline\u00a0\u00bb:null,\u00a0\u00bbsite_url\u00a0\u00bb:null,\u00a0\u00bbsite_title\u00a0\u00bb:\u00a0\u00bbAfrique &#8211; actualit\u00e9s et infos sur le continent africain &#8211; Lib\u00e9ration\u00a0\u00bb,\u00a0\u00bbpagebuilder_path_for_native_apps\u00a0\u00bb:null,\u00a0\u00bbsite_about\u00a0\u00bb:null,\u00a0\u00bbsite_description\u00a0\u00bb:\u00a0\u00bbRetrouvez les derni\u00e8res infos politiques, \u00e9conomiques et sociales des pays du continent africain : Mali, Niger, Tunisie, Maroc, Libye, Rwanda&#8230;\u00a0\u00bb,\u00a0\u00bbsite_keywords\u00a0\u00bb:null},\u00a0\u00bbsite_topper\u00a0\u00bb:{\u00ab\u00a0site_logo_image\u00a0\u00bb:null},\u00a0\u00bbsocial\u00a0\u00bb:{\u00ab\u00a0twitter\u00a0\u00bb:null,\u00a0\u00bbfacebook\u00a0\u00bb:null,\u00a0\u00bbrss\u00a0\u00bb:null,\u00a0\u00bbinstagram\u00a0\u00bb:null},\u00a0\u00bbnavigation\u00a0\u00bb:{\u00ab\u00a0nav_title\u00a0\u00bb:\u00a0\u00bbAfrique\u00a0\u00bb},\u00a0\u00bb_admin\u00a0\u00bb:{\u00ab\u00a0alias_ids\u00a0\u00bb:[\u00ab\u00a0https:\/\/www.liberation.fr\/international\/afrique\/\u00a0\u00bb,\u00a0\u00bb200021&Prime;]},\u00a0\u00bb_website\u00a0\u00bb:\u00a0\u00bbliberation\u00a0\u00bb,\u00a0\u00bbname\u00a0\u00bb:\u00a0\u00bbAfrique\u00a0\u00bb,\u00a0\u00bborder\u00a0\u00bb:{\u00ab\u00a0default\u00a0\u00bb:2003,\u00a0\u00bbheadernav\u00a0\u00bb:2003,\u00a0\u00bbburgermenu\u00a0\u00bb:2003,\u00a0\u00bbamp-menu\u00a0\u00bb:2003,\u00a0\u00bbfooter2&Prime;:2003},\u00a0\u00bbparent\u00a0\u00bb:{\u00ab\u00a0default\u00a0\u00bb:\u00a0\u00bb\/international\u00a0\u00bb,\u00a0\u00bbheadernav\u00a0\u00bb:\u00a0\u00bb\/international\u00a0\u00bb,\u00a0\u00bbburgermenu\u00a0\u00bb:\u00a0\u00bb\/international\u00a0\u00bb,\u00a0\u00bbamp-menu\u00a0\u00bb:\u00a0\u00bb\/international\u00a0\u00bb,\u00a0\u00bbfooter\u00a0\u00bb:null,\u00a0\u00bbfooter2&Prime;:\u00a0\u00bb\/international\u00a0\u00bb},\u00a0\u00bbancestors\u00a0\u00bb:{\u00ab\u00a0default\u00a0\u00bb:[\u00ab\u00a0\/international\u00a0\u00bb],\u00a0\u00bbheadernav\u00a0\u00bb:[\u00ab\u00a0https:\/\/www.liberation.fr\/\u00a0\u00bb,\u00a0\u00bb\/international\u00a0\u00bb],\u00a0\u00bbburgermenu\u00a0\u00bb:[\u00ab\u00a0https:\/\/www.liberation.fr\/\u00a0\u00bb,\u00a0\u00bb\/international\u00a0\u00bb],\u00a0\u00bbamp-menu\u00a0\u00bb:[\u00ab\u00a0https:\/\/www.liberation.fr\/\u00a0\u00bb,\u00a0\u00bb\/international\u00a0\u00bb],\u00a0\u00bbfooter\u00a0\u00bb:[],\u00a0\u00bbfooter2&Prime;:[\u00ab\u00a0\/international\u00a0\u00bb]},\u00a0\u00bbinactive\u00a0\u00bb:false,\u00a0\u00bbnode_type\u00a0\u00bb:\u00a0\u00bbsection\u00a0\u00bb,\u00a0\u00bbchildren\u00a0\u00bb:[]},{\u00ab\u00a0_id\u00a0\u00bb:\u00a0\u00bb\/international\/moyen-orient\u00a0\u00bb,\u00a0\u00bbsite\u00a0\u00bb:{\u00ab\u00a0site_tagline\u00a0\u00bb:null,\u00a0\u00bbsite_url\u00a0\u00bb:null,\u00a0\u00bbsite_title\u00a0\u00bb:\u00a0\u00bbMoyen-Orient : actualit\u00e9s et infos sur la r\u00e9gion &#8211; Lib\u00e9ration\u00a0\u00bb,\u00a0\u00bbpagebuilder_path_for_native_apps\u00a0\u00bb:null,\u00a0\u00bbsite_about\u00a0\u00bb:null,\u00a0\u00bbsite_description\u00a0\u00bb:\u00a0\u00bbRetrouvez toute l&rsquo;actualit\u00e9 politique et \u00e9conomique des pays du Moyen-Orient sur Lib\u00e9ration : Irak, Iran, Isra\u00ebl, Jordanie, Palestine, Arabie Saoudite&#8230;\u00a0\u00bb,\u00a0\u00bbsite_keywords\u00a0\u00bb:null},\u00a0\u00bbsite_topper\u00a0\u00bb:{\u00ab\u00a0site_logo_image\u00a0\u00bb:null},\u00a0\u00bbsocial\u00a0\u00bb:{\u00ab\u00a0twitter\u00a0\u00bb:null,\u00a0\u00bbfacebook\u00a0\u00bb:null,\u00a0\u00bbrss\u00a0\u00bb:null,\u00a0\u00bbinstagram\u00a0\u00bb:null},\u00a0\u00bbnavigation\u00a0\u00bb:{\u00ab\u00a0nav_title\u00a0\u00bb:\u00a0\u00bbMoyen-Orient\u00a0\u00bb},\u00a0\u00bb_admin\u00a0\u00bb:{\u00ab\u00a0alias_ids\u00a0\u00bb:[\u00ab\u00a0\/international\/moyen-orient\u00a0\u00bb,\u00a0\u00bb200025&Prime;]},\u00a0\u00bb_website\u00a0\u00bb:\u00a0\u00bbliberation\u00a0\u00bb,\u00a0\u00bbname\u00a0\u00bb:\u00a0\u00bbMoyen-Orient\u00a0\u00bb,\u00a0\u00bborder\u00a0\u00bb:{\u00ab\u00a0default\u00a0\u00bb:2004,\u00a0\u00bbheadernav\u00a0\u00bb:2004,\u00a0\u00bbburgermenu\u00a0\u00bb:2004,\u00a0\u00bbamp-menu\u00a0\u00bb:2004,\u00a0\u00bbfooter2&Prime;:2004},\u00a0\u00bbparent\u00a0\u00bb:{\u00ab\u00a0default\u00a0\u00bb:\u00a0\u00bb\/international\u00a0\u00bb,\u00a0\u00bbheadernav\u00a0\u00bb:\u00a0\u00bb\/international\u00a0\u00bb,\u00a0\u00bbburgermenu\u00a0\u00bb:\u00a0\u00bb\/international\u00a0\u00bb,\u00a0\u00bbamp-menu\u00a0\u00bb:\u00a0\u00bb\/international\u00a0\u00bb,\u00a0\u00bbfooter\u00a0\u00bb:null,\u00a0\u00bbfooter2&Prime;:\u00a0\u00bb\/international\u00a0\u00bb},\u00a0\u00bbancestors\u00a0\u00bb:{\u00ab\u00a0default\u00a0\u00bb:[\u00ab\u00a0\/international\u00a0\u00bb],\u00a0\u00bbheadernav\u00a0\u00bb:[\u00ab\u00a0https:\/\/www.liberation.fr\/\u00a0\u00bb,\u00a0\u00bb\/international\u00a0\u00bb],\u00a0\u00bbburgermenu\u00a0\u00bb:[\u00ab\u00a0https:\/\/www.liberation.fr\/\u00a0\u00bb,\u00a0\u00bb\/international\u00a0\u00bb],\u00a0\u00bbamp-menu\u00a0\u00bb:[\u00ab\u00a0https:\/\/www.liberation.fr\/\u00a0\u00bb,\u00a0\u00bb\/international\u00a0\u00bb],\u00a0\u00bbfooter\u00a0\u00bb:[],\u00a0\u00bbfooter2&Prime;:[\u00ab\u00a0\/international\u00a0\u00bb]},\u00a0\u00bbinactive\u00a0\u00bb:false,\u00a0\u00bbnode_type\u00a0\u00bb:\u00a0\u00bbsection\u00a0\u00bb,\u00a0\u00bbchildren\u00a0\u00bb:[]},{\u00ab\u00a0_id\u00a0\u00bb:\u00a0\u00bb\/international\/asie-pacifique\u00a0\u00bb,\u00a0\u00bbsite\u00a0\u00bb:{\u00ab\u00a0site_tagline\u00a0\u00bb:null,\u00a0\u00bbsite_url\u00a0\u00bb:null,\u00a0\u00bbsite_title\u00a0\u00bb:\u00a0\u00bbAsie Pacifique : actualit\u00e9 politique et \u00e9conomique &#8211; Lib\u00e9ration\u00a0\u00bb,\u00a0\u00bbpagebuilder_path_for_native_apps\u00a0\u00bb:null,\u00a0\u00bbsite_about\u00a0\u00bb:null,\u00a0\u00bbsite_description\u00a0\u00bb:\u00a0\u00bbRetrouvez toute l&rsquo;actualit\u00e9 politique et \u00e9conomique de l&rsquo;Asie Pacifique sur Lib\u00e9ration : Chine, Inde, Pakistan, Indon\u00e9sie, Australie, Nouvelle-Z\u00e9lande&#8230;\u00a0\u00bb,\u00a0\u00bbsite_keywords\u00a0\u00bb:null},\u00a0\u00bbsite_topper\u00a0\u00bb:{\u00ab\u00a0site_logo_image\u00a0\u00bb:null},\u00a0\u00bbsocial\u00a0\u00bb:{\u00ab\u00a0twitter\u00a0\u00bb:null,\u00a0\u00bbfacebook\u00a0\u00bb:null,\u00a0\u00bbrss\u00a0\u00bb:null,\u00a0\u00bbinstagram\u00a0\u00bb:null},\u00a0\u00bbnavigation\u00a0\u00bb:{\u00ab\u00a0nav_title\u00a0\u00bb:\u00a0\u00bbAsie Pacifique\u00a0\u00bb},\u00a0\u00bb_admin\u00a0\u00bb:{\u00ab\u00a0alias_ids\u00a0\u00bb:[\u00ab\u00a0\/international\/asie-pacifique\u00a0\u00bb,\u00a0\u00bb200023&Prime;]},\u00a0\u00bb_website\u00a0\u00bb:\u00a0\u00bbliberation\u00a0\u00bb,\u00a0\u00bbname\u00a0\u00bb:\u00a0\u00bbAsie Pacifique\u00a0\u00bb,\u00a0\u00bborder\u00a0\u00bb:{\u00ab\u00a0default\u00a0\u00bb:2005,\u00a0\u00bbheadernav\u00a0\u00bb:2005,\u00a0\u00bbburgermenu\u00a0\u00bb:2005,\u00a0\u00bbamp-menu\u00a0\u00bb:2005,\u00a0\u00bbfooter2&Prime;:2005},\u00a0\u00bbparent\u00a0\u00bb:{\u00ab\u00a0default\u00a0\u00bb:\u00a0\u00bb\/international\u00a0\u00bb,\u00a0\u00bbheadernav\u00a0\u00bb:\u00a0\u00bb\/international\u00a0\u00bb,\u00a0\u00bbburgermenu\u00a0\u00bb:\u00a0\u00bb\/international\u00a0\u00bb,\u00a0\u00bbamp-menu\u00a0\u00bb:\u00a0\u00bb\/international\u00a0\u00bb,\u00a0\u00bbfooter\u00a0\u00bb:null,\u00a0\u00bbfooter2&Prime;:\u00a0\u00bb\/international\u00a0\u00bb},\u00a0\u00bbancestors\u00a0\u00bb:{\u00ab\u00a0default\u00a0\u00bb:[\u00ab\u00a0\/international\u00a0\u00bb],\u00a0\u00bbheadernav\u00a0\u00bb:[\u00ab\u00a0https:\/\/www.liberation.fr\/\u00a0\u00bb,\u00a0\u00bb\/international\u00a0\u00bb],\u00a0\u00bbburgermenu\u00a0\u00bb:[\u00ab\u00a0https:\/\/www.liberation.fr\/\u00a0\u00bb,\u00a0\u00bb\/international\u00a0\u00bb],\u00a0\u00bbamp-menu\u00a0\u00bb:[\u00ab\u00a0https:\/\/www.liberation.fr\/\u00a0\u00bb,\u00a0\u00bb\/international\u00a0\u00bb],\u00a0\u00bbfooter\u00a0\u00bb:[],\u00a0\u00bbfooter2&Prime;:[\u00ab\u00a0\/international\u00a0\u00bb]},\u00a0\u00bbinactive\u00a0\u00bb:false,\u00a0\u00bbnode_type\u00a0\u00bb:\u00a0\u00bbsection\u00a0\u00bb,\u00a0\u00bbchildren\u00a0\u00bb:[]}]},{\u00ab\u00a0_id\u00a0\u00bb:\u00a0\u00bb\/idees-et-debats\u00a0\u00bb,\u00a0\u00bbsite\u00a0\u00bb:{\u00ab\u00a0site_tagline\u00a0\u00bb:null,\u00a0\u00bbsite_url\u00a0\u00bb:null,\u00a0\u00bbsite_title\u00a0\u00bb:\u00a0\u00bbId\u00e9es &#038; D\u00e9bats : nos tribunes et chroniques &#8211; Lib\u00e9ration\u00a0\u00bb,\u00a0\u00bbpagebuilder_path_for_native_apps\u00a0\u00bb:null,\u00a0\u00bbsite_about\u00a0\u00bb:null,\u00a0\u00bbsite_description\u00a0\u00bb:\u00a0\u00bbRetrouvez toutes les tribunes, id\u00e9es et d\u00e9bats, \u00e9ditoriaux de Lib\u00e9ration.\u00a0\u00bb,\u00a0\u00bbsite_keywords\u00a0\u00bb:null},\u00a0\u00bbsite_topper\u00a0\u00bb:{\u00ab\u00a0site_logo_image\u00a0\u00bb:null},\u00a0\u00bbsocial\u00a0\u00bb:{\u00ab\u00a0twitter\u00a0\u00bb:null,\u00a0\u00bbfacebook\u00a0\u00bb:null,\u00a0\u00bbrss\u00a0\u00bb:null,\u00a0\u00bbinstagram\u00a0\u00bb:null},\u00a0\u00bbnavigation\u00a0\u00bb:{\u00ab\u00a0nav_title\u00a0\u00bb:\u00a0\u00bbId\u00e9es et D\u00e9bats\u00a0\u00bb},\u00a0\u00bb_admin\u00a0\u00bb:{\u00ab\u00a0alias_ids\u00a0\u00bb:[\u00ab\u00a0\/idees-et-debats\u00a0\u00bb,\u00a0\u00bb18&Prime;]},\u00a0\u00bb_website\u00a0\u00bb:\u00a0\u00bbliberation\u00a0\u00bb,\u00a0\u00bbname\u00a0\u00bb:\u00a0\u00bbId\u00e9es et D\u00e9bats\u00a0\u00bb,\u00a0\u00bborder\u00a0\u00bb:{\u00ab\u00a0burgermenu\u00a0\u00bb:1008,\u00a0\u00bbheadernav\u00a0\u00bb:1003,\u00a0\u00bbamp-menu\u00a0\u00bb:1005,\u00a0\u00bbfooter2&Prime;:1002,\u00a0\u00bbdefault\u00a0\u00bb:1001},\u00a0\u00bbparent\u00a0\u00bb:{\u00ab\u00a0default\u00a0\u00bb:\u00a0\u00bbhttps:\/\/www.liberation.fr\/\u00a0\u00bb,\u00a0\u00bbburgermenu\u00a0\u00bb:\u00a0\u00bbhttps:\/\/www.liberation.fr\/\u00a0\u00bb,\u00a0\u00bbheadernav\u00a0\u00bb:\u00a0\u00bbhttps:\/\/www.liberation.fr\/\u00a0\u00bb,\u00a0\u00bbamp-menu\u00a0\u00bb:\u00a0\u00bbhttps:\/\/www.liberation.fr\/\u00a0\u00bb,\u00a0\u00bbfooter\u00a0\u00bb:null,\u00a0\u00bbfooter2&Prime;:\u00a0\u00bbhttps:\/\/www.liberation.fr\/\u00a0\u00bb},\u00a0\u00bbancestors\u00a0\u00bb:{\u00ab\u00a0default\u00a0\u00bb:[\u00ab\u00a0https:\/\/www.liberation.fr\/\u00a0\u00bb],\u00a0\u00bbburgermenu\u00a0\u00bb:[\u00ab\u00a0https:\/\/www.liberation.fr\/\u00a0\u00bb],\u00a0\u00bbheadernav\u00a0\u00bb:[\u00ab\u00a0https:\/\/www.liberation.fr\/\u00a0\u00bb],\u00a0\u00bbamp-menu\u00a0\u00bb:[\u00ab\u00a0https:\/\/www.liberation.fr\/\u00a0\u00bb],\u00a0\u00bbfooter\u00a0\u00bb:[],\u00a0\u00bbfooter2&Prime;:[]},\u00a0\u00bbinactive\u00a0\u00bb:false,\u00a0\u00bbnode_type\u00a0\u00bb:\u00a0\u00bbsection\u00a0\u00bb,\u00a0\u00bbchildren\u00a0\u00bb:[]},{\u00ab\u00a0_id\u00a0\u00bb:\u00a0\u00bb\/culture\u00a0\u00bb,\u00a0\u00bbsite\u00a0\u00bb:{\u00ab\u00a0site_tagline\u00a0\u00bb:null,\u00a0\u00bbsite_url\u00a0\u00bb:null,\u00a0\u00bbsite_title\u00a0\u00bb:\u00a0\u00bbCulture, livres, tendances, mode, cin\u00e9ma, musique&#8230; &#8211; Lib\u00e9ration\u00a0\u00bb,\u00a0\u00bbsite_about\u00a0\u00bb:null,\u00a0\u00bbpagebuilder_path_for_native_apps\u00a0\u00bb:null,\u00a0\u00bbsite_description\u00a0\u00bb:\u00a0\u00bbRetrouvez toute l&rsquo;actualit\u00e9 culturelle avec Lib\u00e9ration : cin\u00e9ma, musique, livres, photographie, sc\u00e8nes et arts, les infos sur les s\u00e9ries ou encore sur les jeux vid\u00e9os.\u00a0\u00bb,\u00a0\u00bbsite_keywords\u00a0\u00bb:null},\u00a0\u00bbsite_topper\u00a0\u00bb:{\u00ab\u00a0site_logo_image\u00a0\u00bb:null},\u00a0\u00bbsocial\u00a0\u00bb:{\u00ab\u00a0twitter\u00a0\u00bb:null,\u00a0\u00bbfacebook\u00a0\u00bb:null,\u00a0\u00bbrss\u00a0\u00bb:null,\u00a0\u00bbinstagram\u00a0\u00bb:null},\u00a0\u00bbnavigation\u00a0\u00bb:{\u00ab\u00a0nav_title\u00a0\u00bb:null},\u00a0\u00bb_admin\u00a0\u00bb:{\u00ab\u00a0alias_ids\u00a0\u00bb:[\u00ab\u00a0\/culture\u00a0\u00bb,\u00a0\u00bb54&Prime;]},\u00a0\u00bb_website\u00a0\u00bb:\u00a0\u00bbliberation\u00a0\u00bb,\u00a0\u00bbname\u00a0\u00bb:\u00a0\u00bbCulture\u00a0\u00bb,\u00a0\u00bborder\u00a0\u00bb:{\u00ab\u00a0burgermenu\u00a0\u00bb:1005,\u00a0\u00bbdefault\u00a0\u00bb:1008,\u00a0\u00bbheadernav\u00a0\u00bb:1004,\u00a0\u00bbamp-menu\u00a0\u00bb:1010,\u00a0\u00bbfooter2&Prime;:1005},\u00a0\u00bbparent\u00a0\u00bb:{\u00ab\u00a0default\u00a0\u00bb:\u00a0\u00bbhttps:\/\/www.liberation.fr\/\u00a0\u00bb,\u00a0\u00bbburgermenu\u00a0\u00bb:\u00a0\u00bbhttps:\/\/www.liberation.fr\/\u00a0\u00bb,\u00a0\u00bbfooter\u00a0\u00bb:null,\u00a0\u00bbheadernav\u00a0\u00bb:\u00a0\u00bbhttps:\/\/www.liberation.fr\/\u00a0\u00bb,\u00a0\u00bbamp-menu\u00a0\u00bb:\u00a0\u00bbhttps:\/\/www.liberation.fr\/\u00a0\u00bb,\u00a0\u00bbfooter2&Prime;:\u00a0\u00bbhttps:\/\/www.liberation.fr\/\u00a0\u00bb},\u00a0\u00bbancestors\u00a0\u00bb:{\u00ab\u00a0default\u00a0\u00bb:[\u00ab\u00a0https:\/\/www.liberation.fr\/\u00a0\u00bb],\u00a0\u00bbburgermenu\u00a0\u00bb:[\u00ab\u00a0https:\/\/www.liberation.fr\/\u00a0\u00bb],\u00a0\u00bbfooter\u00a0\u00bb:[],\u00a0\u00bbheadernav\u00a0\u00bb:[\u00ab\u00a0https:\/\/www.liberation.fr\/\u00a0\u00bb],\u00a0\u00bbamp-menu\u00a0\u00bb:[\u00ab\u00a0https:\/\/www.liberation.fr\/\u00a0\u00bb],\u00a0\u00bbfooter2&Prime;:[\u00ab\u00a0https:\/\/www.liberation.fr\/\u00a0\u00bb]},\u00a0\u00bbinactive\u00a0\u00bb:false,\u00a0\u00bbnode_type\u00a0\u00bb:\u00a0\u00bbsection\u00a0\u00bb,\u00a0\u00bbchildren\u00a0\u00bb:[{\u00ab\u00a0_id\u00a0\u00bb:\u00a0\u00bb\/culture\/cinema\u00a0\u00bb,\u00a0\u00bbsite\u00a0\u00bb:{\u00ab\u00a0site_tagline\u00a0\u00bb:null,\u00a0\u00bbsite_url\u00a0\u00bb:null,\u00a0\u00bbsite_title\u00a0\u00bb:\u00a0\u00bbToute l&rsquo;actualit\u00e9 du cin\u00e9ma avec Lib\u00e9ration\u00a0\u00bb,\u00a0\u00bbpagebuilder_path_for_native_apps\u00a0\u00bb:null,\u00a0\u00bbsite_about\u00a0\u00bb:null,\u00a0\u00bbsite_description\u00a0\u00bb:\u00a0\u00bbRetrouvez toute l&rsquo;actualit\u00e9 du cin\u00e9ma : sorties cin\u00e9ma, critiques de films, tournages, blockbusters&#8230;\u00a0\u00bb,\u00a0\u00bbsite_keywords\u00a0\u00bb:null},\u00a0\u00bbsite_topper\u00a0\u00bb:{\u00ab\u00a0site_logo_image\u00a0\u00bb:null},\u00a0\u00bbsocial\u00a0\u00bb:{\u00ab\u00a0twitter\u00a0\u00bb:null,\u00a0\u00bbfacebook\u00a0\u00bb:null,\u00a0\u00bbrss\u00a0\u00bb:null,\u00a0\u00bbinstagram\u00a0\u00bb:null},\u00a0\u00bbnavigation\u00a0\u00bb:{\u00ab\u00a0nav_title\u00a0\u00bb:\u00a0\u00bbCin\u00e9ma\u00a0\u00bb},\u00a0\u00bb_admin\u00a0\u00bb:{\u00ab\u00a0alias_ids\u00a0\u00bb:[\u00ab\u00a0\/culture\/cinema\u00a0\u00bb,\u00a0\u00bb58&Prime;]},\u00a0\u00bb_website\u00a0\u00bb:\u00a0\u00bbliberation\u00a0\u00bb,\u00a0\u00bbname\u00a0\u00bb:\u00a0\u00bbCin\u00e9ma\u00a0\u00bb,\u00a0\u00bborder\u00a0\u00bb:{\u00ab\u00a0burgermenu\u00a0\u00bb:2003,\u00a0\u00bbamp-menu\u00a0\u00bb:2002,\u00a0\u00bbheadernav\u00a0\u00bb:2001,\u00a0\u00bbdefault\u00a0\u00bb:2003},\u00a0\u00bbparent\u00a0\u00bb:{\u00ab\u00a0default\u00a0\u00bb:\u00a0\u00bb\/culture\u00a0\u00bb,\u00a0\u00bbburgermenu\u00a0\u00bb:\u00a0\u00bb\/culture\u00a0\u00bb,\u00a0\u00bbfooter\u00a0\u00bb:null,\u00a0\u00bbheadernav\u00a0\u00bb:\u00a0\u00bb\/culture\u00a0\u00bb,\u00a0\u00bbamp-menu\u00a0\u00bb:\u00a0\u00bb\/culture\u00a0\u00bb,\u00a0\u00bbfooter2&Prime;:\u00a0\u00bb\/culture\u00a0\u00bb},\u00a0\u00bbancestors\u00a0\u00bb:{\u00ab\u00a0default\u00a0\u00bb:[\u00ab\u00a0\/culture\u00a0\u00bb,\u00a0\u00bbhttps:\/\/www.liberation.fr\/\u00a0\u00bb],\u00a0\u00bbburgermenu\u00a0\u00bb:[\u00ab\u00a0\/culture\u00a0\u00bb,\u00a0\u00bbhttps:\/\/www.liberation.fr\/\u00a0\u00bb],\u00a0\u00bbfooter\u00a0\u00bb:[],\u00a0\u00bbheadernav\u00a0\u00bb:[\u00ab\u00a0\/culture\u00a0\u00bb,\u00a0\u00bbhttps:\/\/www.liberation.fr\/\u00a0\u00bb],\u00a0\u00bbamp-menu\u00a0\u00bb:[\u00ab\u00a0https:\/\/www.liberation.fr\/\u00a0\u00bb,\u00a0\u00bb\/culture\u00a0\u00bb],\u00a0\u00bbfooter2&Prime;:[\u00ab\u00a0https:\/\/www.liberation.fr\/\u00a0\u00bb,\u00a0\u00bb\/culture\u00a0\u00bb]},\u00a0\u00bbinactive\u00a0\u00bb:false,\u00a0\u00bbnode_type\u00a0\u00bb:\u00a0\u00bbsection\u00a0\u00bb,\u00a0\u00bbchildren\u00a0\u00bb:[]},{\u00ab\u00a0_id\u00a0\u00bb:\u00a0\u00bb\/culture\/musique\u00a0\u00bb,\u00a0\u00bbsite\u00a0\u00bb:{\u00ab\u00a0site_tagline\u00a0\u00bb:null,\u00a0\u00bbsite_url\u00a0\u00bb:null,\u00a0\u00bbsite_title\u00a0\u00bb:\u00a0\u00bbToute l&rsquo;actualit\u00e9 de la musique avec Lib\u00e9ration\u00a0\u00bb,\u00a0\u00bbpagebuilder_path_for_native_apps\u00a0\u00bb:null,\u00a0\u00bbsite_about\u00a0\u00bb:null,\u00a0\u00bbsite_description\u00a0\u00bb:\u00a0\u00bbL&rsquo;actualit\u00e9 musicale : sorties albums, critiques musicales, playlists et podcasts. Ecoutez les sessions live exclusives en vid\u00e9o et en audio.\u00a0\u00bb,\u00a0\u00bbsite_keywords\u00a0\u00bb:null},\u00a0\u00bbsite_topper\u00a0\u00bb:{\u00ab\u00a0site_logo_image\u00a0\u00bb:null},\u00a0\u00bbsocial\u00a0\u00bb:{\u00ab\u00a0twitter\u00a0\u00bb:null,\u00a0\u00bbfacebook\u00a0\u00bb:null,\u00a0\u00bbrss\u00a0\u00bb:null,\u00a0\u00bbinstagram\u00a0\u00bb:null},\u00a0\u00bbnavigation\u00a0\u00bb:{\u00ab\u00a0nav_title\u00a0\u00bb:\u00a0\u00bbMusique\u00a0\u00bb},\u00a0\u00bb_admin\u00a0\u00bb:{\u00ab\u00a0alias_ids\u00a0\u00bb:[\u00ab\u00a0\/culture\/musique\u00a0\u00bb,\u00a0\u00bb59&Prime;]},\u00a0\u00bb_website\u00a0\u00bb:\u00a0\u00bbliberation\u00a0\u00bb,\u00a0\u00bbname\u00a0\u00bb:\u00a0\u00bbMusique\u00a0\u00bb,\u00a0\u00bborder\u00a0\u00bb:{\u00ab\u00a0burgermenu\u00a0\u00bb:2005,\u00a0\u00bbamp-menu\u00a0\u00bb:2004,\u00a0\u00bbheadernav\u00a0\u00bb:2002,\u00a0\u00bbdefault\u00a0\u00bb:2004},\u00a0\u00bbparent\u00a0\u00bb:{\u00ab\u00a0default\u00a0\u00bb:\u00a0\u00bb\/culture\u00a0\u00bb,\u00a0\u00bbburgermenu\u00a0\u00bb:\u00a0\u00bb\/culture\u00a0\u00bb,\u00a0\u00bbfooter\u00a0\u00bb:null,\u00a0\u00bbheadernav\u00a0\u00bb:\u00a0\u00bb\/culture\u00a0\u00bb,\u00a0\u00bbamp-menu\u00a0\u00bb:\u00a0\u00bb\/culture\u00a0\u00bb,\u00a0\u00bbfooter2&Prime;:\u00a0\u00bb\/culture\u00a0\u00bb},\u00a0\u00bbancestors\u00a0\u00bb:{\u00ab\u00a0default\u00a0\u00bb:[\u00ab\u00a0\/culture\u00a0\u00bb,\u00a0\u00bbhttps:\/\/www.liberation.fr\/\u00a0\u00bb],\u00a0\u00bbburgermenu\u00a0\u00bb:[\u00ab\u00a0\/culture\u00a0\u00bb,\u00a0\u00bbhttps:\/\/www.liberation.fr\/\u00a0\u00bb],\u00a0\u00bbfooter\u00a0\u00bb:[],\u00a0\u00bbheadernav\u00a0\u00bb:[\u00ab\u00a0\/culture\u00a0\u00bb,\u00a0\u00bbhttps:\/\/www.liberation.fr\/\u00a0\u00bb],\u00a0\u00bbamp-menu\u00a0\u00bb:[\u00ab\u00a0https:\/\/www.liberation.fr\/\u00a0\u00bb,\u00a0\u00bb\/culture\u00a0\u00bb],\u00a0\u00bbfooter2&Prime;:[\u00ab\u00a0https:\/\/www.liberation.fr\/\u00a0\u00bb,\u00a0\u00bb\/culture\u00a0\u00bb]},\u00a0\u00bbinactive\u00a0\u00bb:false,\u00a0\u00bbnode_type\u00a0\u00bb:\u00a0\u00bbsection\u00a0\u00bb,\u00a0\u00bbchildren\u00a0\u00bb:[]},{\u00ab\u00a0_id\u00a0\u00bb:\u00a0\u00bb\/culture\/livres\u00a0\u00bb,\u00a0\u00bbsite\u00a0\u00bb:{\u00ab\u00a0site_tagline\u00a0\u00bb:null,\u00a0\u00bbsite_url\u00a0\u00bb:null,\u00a0\u00bbsite_title\u00a0\u00bb:\u00a0\u00bbLivres : toute l&rsquo;actualit\u00e9 litt\u00e9raire avec Lib\u00e9ration\u00a0\u00bb,\u00a0\u00bbpagebuilder_path_for_native_apps\u00a0\u00bb:null,\u00a0\u00bbsite_about\u00a0\u00bb:null,\u00a0\u00bbsite_description\u00a0\u00bb:\u00a0\u00bbRetrouvez toute l&rsquo;actualit\u00e9 litt\u00e9raire : critiques et nouveaut\u00e9s livres, le cahier livres, nos rencontres et interviews d&rsquo;auteurs.\u00a0\u00bb,\u00a0\u00bbsite_keywords\u00a0\u00bb:null},\u00a0\u00bbsite_topper\u00a0\u00bb:{\u00ab\u00a0site_logo_image\u00a0\u00bb:null},\u00a0\u00bbsocial\u00a0\u00bb:{\u00ab\u00a0twitter\u00a0\u00bb:null,\u00a0\u00bbfacebook\u00a0\u00bb:null,\u00a0\u00bbrss\u00a0\u00bb:null,\u00a0\u00bbinstagram\u00a0\u00bb:null},\u00a0\u00bbnavigation\u00a0\u00bb:{\u00ab\u00a0nav_title\u00a0\u00bb:\u00a0\u00bbLivres\u00a0\u00bb},\u00a0\u00bb_admin\u00a0\u00bb:{\u00ab\u00a0alias_ids\u00a0\u00bb:[\u00ab\u00a0\/culture\/livres\u00a0\u00bb,\u00a0\u00bb60&Prime;]},\u00a0\u00bb_website\u00a0\u00bb:\u00a0\u00bbliberation\u00a0\u00bb,\u00a0\u00bbname\u00a0\u00bb:\u00a0\u00bbLivres\u00a0\u00bb,\u00a0\u00bborder\u00a0\u00bb:{\u00ab\u00a0burgermenu\u00a0\u00bb:2007,\u00a0\u00bbdefault\u00a0\u00bb:2007,\u00a0\u00bbheadernav\u00a0\u00bb:2003,\u00a0\u00bbamp-menu\u00a0\u00bb:2006,\u00a0\u00bbfooter2&Prime;:2003},\u00a0\u00bbparent\u00a0\u00bb:{\u00ab\u00a0default\u00a0\u00bb:\u00a0\u00bb\/culture\u00a0\u00bb,\u00a0\u00bbburgermenu\u00a0\u00bb:\u00a0\u00bb\/culture\u00a0\u00bb,\u00a0\u00bbfooter\u00a0\u00bb:null,\u00a0\u00bbheadernav\u00a0\u00bb:\u00a0\u00bb\/culture\u00a0\u00bb,\u00a0\u00bbamp-menu\u00a0\u00bb:\u00a0\u00bb\/culture\u00a0\u00bb,\u00a0\u00bbfooter2&Prime;:\u00a0\u00bb\/culture\u00a0\u00bb},\u00a0\u00bbancestors\u00a0\u00bb:{\u00ab\u00a0default\u00a0\u00bb:[\u00ab\u00a0\/culture\u00a0\u00bb,\u00a0\u00bbhttps:\/\/www.liberation.fr\/\u00a0\u00bb],\u00a0\u00bbburgermenu\u00a0\u00bb:[\u00ab\u00a0\/culture\u00a0\u00bb,\u00a0\u00bbhttps:\/\/www.liberation.fr\/\u00a0\u00bb],\u00a0\u00bbfooter\u00a0\u00bb:[],\u00a0\u00bbheadernav\u00a0\u00bb:[\u00ab\u00a0\/culture\u00a0\u00bb,\u00a0\u00bbhttps:\/\/www.liberation.fr\/\u00a0\u00bb],\u00a0\u00bbamp-menu\u00a0\u00bb:[\u00ab\u00a0https:\/\/www.liberation.fr\/\u00a0\u00bb,\u00a0\u00bb\/culture\u00a0\u00bb],\u00a0\u00bbfooter2&Prime;:[\u00ab\u00a0https:\/\/www.liberation.fr\/\u00a0\u00bb,\u00a0\u00bb\/culture\u00a0\u00bb]},\u00a0\u00bbinactive\u00a0\u00bb:false,\u00a0\u00bbnode_type\u00a0\u00bb:\u00a0\u00bbsection\u00a0\u00bb,\u00a0\u00bbchildren\u00a0\u00bb:[]},{\u00ab\u00a0_id\u00a0\u00bb:\u00a0\u00bb\/culture\/scenes\u00a0\u00bb,\u00a0\u00bb_website\u00a0\u00bb:\u00a0\u00bbliberation\u00a0\u00bb,\u00a0\u00bbname\u00a0\u00bb:\u00a0\u00bbTh\u00e9\u00e2tre et sc\u00e8nes\u00a0\u00bb,\u00a0\u00bbinactive\u00a0\u00bb:false,\u00a0\u00bbancestors\u00a0\u00bb:{\u00ab\u00a0default\u00a0\u00bb:[\u00ab\u00a0\/culture\u00a0\u00bb,\u00a0\u00bbhttps:\/\/www.liberation.fr\/\u00a0\u00bb],\u00a0\u00bbburgermenu\u00a0\u00bb:[\u00ab\u00a0\/culture\u00a0\u00bb,\u00a0\u00bbhttps:\/\/www.liberation.fr\/\u00a0\u00bb],\u00a0\u00bbheadernav\u00a0\u00bb:[\u00ab\u00a0\/culture\u00a0\u00bb,\u00a0\u00bbhttps:\/\/www.liberation.fr\/\u00a0\u00bb],\u00a0\u00bbamp-menu\u00a0\u00bb:[\u00ab\u00a0https:\/\/www.liberation.fr\/\u00a0\u00bb,\u00a0\u00bb\/culture\u00a0\u00bb],\u00a0\u00bbfooter\u00a0\u00bb:[],\u00a0\u00bbfooter2&Prime;:[\u00ab\u00a0https:\/\/www.liberation.fr\/\u00a0\u00bb,\u00a0\u00bb\/culture\u00a0\u00bb]},\u00a0\u00bbparent\u00a0\u00bb:{\u00ab\u00a0default\u00a0\u00bb:\u00a0\u00bb\/culture\u00a0\u00bb,\u00a0\u00bbburgermenu\u00a0\u00bb:\u00a0\u00bb\/culture\u00a0\u00bb,\u00a0\u00bbheadernav\u00a0\u00bb:\u00a0\u00bb\/culture\u00a0\u00bb,\u00a0\u00bbamp-menu\u00a0\u00bb:\u00a0\u00bb\/culture\u00a0\u00bb,\u00a0\u00bbfooter\u00a0\u00bb:null,\u00a0\u00bbfooter2&Prime;:\u00a0\u00bb\/culture\u00a0\u00bb},\u00a0\u00bborder\u00a0\u00bb:{\u00ab\u00a0burgermenu\u00a0\u00bb:2010,\u00a0\u00bbdefault\u00a0\u00bb:2009,\u00a0\u00bbheadernav\u00a0\u00bb:2004,\u00a0\u00bbamp-menu\u00a0\u00bb:2008,\u00a0\u00bbfooter2&Prime;:2004},\u00a0\u00bb_admin\u00a0\u00bb:{\u00ab\u00a0alias_ids\u00a0\u00bb:[\u00ab\u00a0\/culture\/scenes\u00a0\u00bb,\u00a0\u00bb28&Prime;]},\u00a0\u00bbnavigation\u00a0\u00bb:{\u00ab\u00a0nav_title\u00a0\u00bb:\u00a0\u00bbSc\u00e8nes\u00a0\u00bb},\u00a0\u00bbsite\u00a0\u00bb:{\u00ab\u00a0pagebuilder_path_for_native_apps\u00a0\u00bb:null,\u00a0\u00bbsite_about\u00a0\u00bb:null,\u00a0\u00bbsite_description\u00a0\u00bb:\u00a0\u00bbRetrouvez toute l&rsquo;actualit\u00e9 du th\u00e9\u00e2tre et du spectacle : nouveaut\u00e9s et critiques de pi\u00e8ces de th\u00e9\u00e2tre, ballets, danse, nos interviews d&rsquo;auteurs et pr\u00e9sentation des Festival&#8230;\u00a0\u00bb,\u00a0\u00bbsite_keywords\u00a0\u00bb:null,\u00a0\u00bbsite_tagline\u00a0\u00bb:null,\u00a0\u00bbsite_title\u00a0\u00bb:\u00a0\u00bbSc\u00e8nes : toute l&rsquo;actualit\u00e9 du th\u00e9\u00e2tre et du spectacle &#8211; Lib\u00e9ration\u00a0\u00bb,\u00a0\u00bbsite_url\u00a0\u00bb:null},\u00a0\u00bbsite_topper\u00a0\u00bb:{\u00ab\u00a0site_logo_image\u00a0\u00bb:null},\u00a0\u00bbsocial\u00a0\u00bb:{\u00ab\u00a0facebook\u00a0\u00bb:null,\u00a0\u00bbinstagram\u00a0\u00bb:null,\u00a0\u00bbrss\u00a0\u00bb:null,\u00a0\u00bbtwitter\u00a0\u00bb:null},\u00a0\u00bbnode_type\u00a0\u00bb:\u00a0\u00bbsection\u00a0\u00bb,\u00a0\u00bbchildren\u00a0\u00bb:[]},{\u00ab\u00a0_id\u00a0\u00bb:\u00a0\u00bb\/culture\/arts\u00a0\u00bb,\u00a0\u00bbsite\u00a0\u00bb:{\u00ab\u00a0site_tagline\u00a0\u00bb:null,\u00a0\u00bbsite_url\u00a0\u00bb:null,\u00a0\u00bbsite_title\u00a0\u00bb:\u00a0\u00bbArts : actualit\u00e9s et informations &#8211; Lib\u00e9ration\u00a0\u00bb,\u00a0\u00bbpagebuilder_path_for_native_apps\u00a0\u00bb:null,\u00a0\u00bbsite_about\u00a0\u00bb:null,\u00a0\u00bbsite_description\u00a0\u00bb:\u00a0\u00bbRetrouvez toute l&rsquo;actualit\u00e9 sur les arts avec Lib\u00e9ration : expositions, peintures, art contemporain&#8230;\u00a0\u00bb,\u00a0\u00bbsite_keywords\u00a0\u00bb:null},\u00a0\u00bbsite_topper\u00a0\u00bb:{\u00ab\u00a0site_logo_image\u00a0\u00bb:null},\u00a0\u00bbsocial\u00a0\u00bb:{\u00ab\u00a0twitter\u00a0\u00bb:null,\u00a0\u00bbfacebook\u00a0\u00bb:null,\u00a0\u00bbrss\u00a0\u00bb:null,\u00a0\u00bbinstagram\u00a0\u00bb:null},\u00a0\u00bbnavigation\u00a0\u00bb:{\u00ab\u00a0nav_title\u00a0\u00bb:\u00a0\u00bbArts\u00a0\u00bb},\u00a0\u00bb_admin\u00a0\u00bb:{\u00ab\u00a0alias_ids\u00a0\u00bb:[\u00ab\u00a0\/culture\/arts\u00a0\u00bb,\u00a0\u00bb99964&Prime;]},\u00a0\u00bb_website\u00a0\u00bb:\u00a0\u00bbliberation\u00a0\u00bb,\u00a0\u00bbname\u00a0\u00bb:\u00a0\u00bbArts\u00a0\u00bb,\u00a0\u00bborder\u00a0\u00bb:{\u00ab\u00a0burgermenu\u00a0\u00bb:2002,\u00a0\u00bbdefault\u00a0\u00bb:2010,\u00a0\u00bbheadernav\u00a0\u00bb:2005,\u00a0\u00bbamp-menu\u00a0\u00bb:2001,\u00a0\u00bbfooter2&Prime;:2005},\u00a0\u00bbparent\u00a0\u00bb:{\u00ab\u00a0default\u00a0\u00bb:\u00a0\u00bb\/culture\u00a0\u00bb,\u00a0\u00bbburgermenu\u00a0\u00bb:\u00a0\u00bb\/culture\u00a0\u00bb,\u00a0\u00bbheadernav\u00a0\u00bb:\u00a0\u00bb\/culture\u00a0\u00bb,\u00a0\u00bbamp-menu\u00a0\u00bb:\u00a0\u00bb\/culture\u00a0\u00bb,\u00a0\u00bbfooter\u00a0\u00bb:null,\u00a0\u00bbfooter2&Prime;:\u00a0\u00bb\/culture\u00a0\u00bb},\u00a0\u00bbancestors\u00a0\u00bb:{\u00ab\u00a0default\u00a0\u00bb:[\u00ab\u00a0\/culture\u00a0\u00bb,\u00a0\u00bbhttps:\/\/www.liberation.fr\/\u00a0\u00bb],\u00a0\u00bbburgermenu\u00a0\u00bb:[\u00ab\u00a0\/culture\u00a0\u00bb,\u00a0\u00bbhttps:\/\/www.liberation.fr\/\u00a0\u00bb],\u00a0\u00bbheadernav\u00a0\u00bb:[\u00ab\u00a0\/culture\u00a0\u00bb,\u00a0\u00bbhttps:\/\/www.liberation.fr\/\u00a0\u00bb],\u00a0\u00bbamp-menu\u00a0\u00bb:[\u00ab\u00a0https:\/\/www.liberation.fr\/\u00a0\u00bb,\u00a0\u00bb\/culture\u00a0\u00bb],\u00a0\u00bbfooter\u00a0\u00bb:[],\u00a0\u00bbfooter2&Prime;:[\u00ab\u00a0https:\/\/www.liberation.fr\/\u00a0\u00bb,\u00a0\u00bb\/culture\u00a0\u00bb]},\u00a0\u00bbinactive\u00a0\u00bb:false,\u00a0\u00bbnode_type\u00a0\u00bb:\u00a0\u00bbsection\u00a0\u00bb,\u00a0\u00bbchildren\u00a0\u00bb:[{\u00ab\u00a0_id\u00a0\u00bb:\u00a0\u00bb\/culture\/arts\/art-contemporain\u00a0\u00bb,\u00a0\u00bbsite\u00a0\u00bb:{\u00ab\u00a0site_title\u00a0\u00bb:\u00a0\u00bbArt contemporain : actualit\u00e9s et informations &#8211; Lib\u00e9ration\u00a0\u00bb,\u00a0\u00bbsite_about\u00a0\u00bb:null,\u00a0\u00bbsite_tagline\u00a0\u00bb:null,\u00a0\u00bbpagebuilder_path_for_native_apps\u00a0\u00bb:null,\u00a0\u00bbsite_url\u00a0\u00bb:null,\u00a0\u00bbsite_description\u00a0\u00bb:\u00a0\u00bbRetrouvez toute l&rsquo;actualit\u00e9 sur l&rsquo;art contemporain avec Lib\u00e9ration.\u00a0\u00bb,\u00a0\u00bbsite_keywords\u00a0\u00bb:null},\u00a0\u00bbsocial\u00a0\u00bb:{\u00ab\u00a0facebook\u00a0\u00bb:null,\u00a0\u00bbinstagram\u00a0\u00bb:null,\u00a0\u00bbrss\u00a0\u00bb:null,\u00a0\u00bbtwitter\u00a0\u00bb:null},\u00a0\u00bbsite_topper\u00a0\u00bb:{\u00ab\u00a0site_logo_image\u00a0\u00bb:null},\u00a0\u00bbnavigation\u00a0\u00bb:{\u00ab\u00a0nav_title\u00a0\u00bb:\u00a0\u00bbArt contemporain\u00a0\u00bb},\u00a0\u00bb_admin\u00a0\u00bb:{\u00ab\u00a0alias_ids\u00a0\u00bb:[\u00ab\u00a0\/culture\/arts\/art-contemporain\u00a0\u00bb,\u00a0\u00bb200046&Prime;]},\u00a0\u00bb_website\u00a0\u00bb:\u00a0\u00bbliberation\u00a0\u00bb,\u00a0\u00bbname\u00a0\u00bb:\u00a0\u00bbArt contemporain\u00a0\u00bb,\u00a0\u00bborder\u00a0\u00bb:{\u00ab\u00a0burgermenu\u00a0\u00bb:3001},\u00a0\u00bbparent\u00a0\u00bb:{\u00ab\u00a0default\u00a0\u00bb:\u00a0\u00bb\/culture\/arts\u00a0\u00bb,\u00a0\u00bbheadernav\u00a0\u00bb:\u00a0\u00bb\/culture\/arts\u00a0\u00bb,\u00a0\u00bbburgermenu\u00a0\u00bb:\u00a0\u00bb\/culture\/arts\u00a0\u00bb,\u00a0\u00bbfooter\u00a0\u00bb:null,\u00a0\u00bbfooter2&Prime;:\u00a0\u00bb\/culture\/arts\u00a0\u00bb},\u00a0\u00bbancestors\u00a0\u00bb:{\u00ab\u00a0default\u00a0\u00bb:[\u00ab\u00a0https:\/\/www.liberation.fr\/\u00a0\u00bb,\u00a0\u00bb\/culture\u00a0\u00bb,\u00a0\u00bb\/culture\/arts\u00a0\u00bb],\u00a0\u00bbheadernav\u00a0\u00bb:[\u00ab\u00a0https:\/\/www.liberation.fr\/\u00a0\u00bb,\u00a0\u00bb\/culture\u00a0\u00bb,\u00a0\u00bb\/culture\/arts\u00a0\u00bb],\u00a0\u00bbburgermenu\u00a0\u00bb:[\u00ab\u00a0https:\/\/www.liberation.fr\/\u00a0\u00bb,\u00a0\u00bb\/culture\u00a0\u00bb,\u00a0\u00bb\/culture\/arts\u00a0\u00bb],\u00a0\u00bbfooter\u00a0\u00bb:[],\u00a0\u00bbfooter2&Prime;:[\u00ab\u00a0https:\/\/www.liberation.fr\/\u00a0\u00bb,\u00a0\u00bb\/culture\u00a0\u00bb,\u00a0\u00bb\/culture\/arts\u00a0\u00bb]},\u00a0\u00bbinactive\u00a0\u00bb:false,\u00a0\u00bbnode_type\u00a0\u00bb:\u00a0\u00bbsection\u00a0\u00bb,\u00a0\u00bbchildren\u00a0\u00bb:[]}]},{\u00ab\u00a0_id\u00a0\u00bb:\u00a0\u00bb\/culture\/series\u00a0\u00bb,\u00a0\u00bbsite\u00a0\u00bb:{\u00ab\u00a0site_tagline\u00a0\u00bb:null,\u00a0\u00bbsite_url\u00a0\u00bb:null,\u00a0\u00bbsite_title\u00a0\u00bb:\u00a0\u00bbS\u00e9ries TV : critiques, s\u00e9lections et actus &#8211; Lib\u00e9ration\u00a0\u00bb,\u00a0\u00bbpagebuilder_path_for_native_apps\u00a0\u00bb:null,\u00a0\u00bbsite_about\u00a0\u00bb:null,\u00a0\u00bbsite_description\u00a0\u00bb:\u00a0\u00bbRetrouvez toute l&rsquo;actualit\u00e9 sur les s\u00e9ries TV, critiques, nouveaut\u00e9s ainsi que les s\u00e9lections de Lib\u00e9ration.\u00a0\u00bb,\u00a0\u00bbsite_keywords\u00a0\u00bb:null},\u00a0\u00bbsite_topper\u00a0\u00bb:{\u00ab\u00a0site_logo_image\u00a0\u00bb:null},\u00a0\u00bbsocial\u00a0\u00bb:{\u00ab\u00a0twitter\u00a0\u00bb:null,\u00a0\u00bbfacebook\u00a0\u00bb:null,\u00a0\u00bbrss\u00a0\u00bb:null,\u00a0\u00bbinstagram\u00a0\u00bb:null},\u00a0\u00bbnavigation\u00a0\u00bb:{\u00ab\u00a0nav_title\u00a0\u00bb:\u00a0\u00bbS\u00e9ries\u00a0\u00bb},\u00a0\u00bb_admin\u00a0\u00bb:{\u00ab\u00a0alias_ids\u00a0\u00bb:[\u00ab\u00a0\/culture\/series\u00a0\u00bb,\u00a0\u00bb200005&Prime;]},\u00a0\u00bb_website\u00a0\u00bb:\u00a0\u00bbliberation\u00a0\u00bb,\u00a0\u00bbname\u00a0\u00bb:\u00a0\u00bbS\u00e9ries\u00a0\u00bb,\u00a0\u00bborder\u00a0\u00bb:{\u00ab\u00a0burgermenu\u00a0\u00bb:2011,\u00a0\u00bbdefault\u00a0\u00bb:2011,\u00a0\u00bbheadernav\u00a0\u00bb:2006,\u00a0\u00bbamp-menu\u00a0\u00bb:2009,\u00a0\u00bbfooter2&Prime;:2007},\u00a0\u00bbparent\u00a0\u00bb:{\u00ab\u00a0default\u00a0\u00bb:\u00a0\u00bb\/culture\u00a0\u00bb,\u00a0\u00bbburgermenu\u00a0\u00bb:\u00a0\u00bb\/culture\u00a0\u00bb,\u00a0\u00bbheadernav\u00a0\u00bb:\u00a0\u00bb\/culture\u00a0\u00bb,\u00a0\u00bbamp-menu\u00a0\u00bb:\u00a0\u00bb\/culture\u00a0\u00bb,\u00a0\u00bbfooter\u00a0\u00bb:null,\u00a0\u00bbfooter2&Prime;:\u00a0\u00bb\/culture\u00a0\u00bb},\u00a0\u00bbancestors\u00a0\u00bb:{\u00ab\u00a0default\u00a0\u00bb:[\u00ab\u00a0\/culture\u00a0\u00bb,\u00a0\u00bbhttps:\/\/www.liberation.fr\/\u00a0\u00bb],\u00a0\u00bbburgermenu\u00a0\u00bb:[\u00ab\u00a0\/culture\u00a0\u00bb,\u00a0\u00bbhttps:\/\/www.liberation.fr\/\u00a0\u00bb],\u00a0\u00bbheadernav\u00a0\u00bb:[\u00ab\u00a0\/culture\u00a0\u00bb,\u00a0\u00bbhttps:\/\/www.liberation.fr\/\u00a0\u00bb],\u00a0\u00bbamp-menu\u00a0\u00bb:[\u00ab\u00a0https:\/\/www.liberation.fr\/\u00a0\u00bb,\u00a0\u00bb\/culture\u00a0\u00bb],\u00a0\u00bbfooter\u00a0\u00bb:[],\u00a0\u00bbfooter2&Prime;:[\u00ab\u00a0https:\/\/www.liberation.fr\/\u00a0\u00bb,\u00a0\u00bb\/culture\u00a0\u00bb]},\u00a0\u00bbinactive\u00a0\u00bb:false,\u00a0\u00bbnode_type\u00a0\u00bb:\u00a0\u00bbsection\u00a0\u00bb,\u00a0\u00bbchildren\u00a0\u00bb:[]},{\u00ab\u00a0_id\u00a0\u00bb:\u00a0\u00bb\/culture\/jeux-video\u00a0\u00bb,\u00a0\u00bbsite\u00a0\u00bb:{\u00ab\u00a0site_tagline\u00a0\u00bb:null,\u00a0\u00bbsite_url\u00a0\u00bb:null,\u00a0\u00bbsite_title\u00a0\u00bb:\u00a0\u00bbToute l&rsquo;actualit\u00e9 des jeux vid\u00e9o &#8211; Lib\u00e9ration\u00a0\u00bb,\u00a0\u00bbpagebuilder_path_for_native_apps\u00a0\u00bb:null,\u00a0\u00bbsite_about\u00a0\u00bb:null,\u00a0\u00bbsite_description\u00a0\u00bb:\u00a0\u00bbRetrouvez toute l&rsquo;actualit\u00e9 sur les jeux vid\u00e9o avec Lib\u00e9ration.\u00a0\u00bb,\u00a0\u00bbsite_keywords\u00a0\u00bb:null},\u00a0\u00bbsite_topper\u00a0\u00bb:{\u00ab\u00a0site_logo_image\u00a0\u00bb:null},\u00a0\u00bbsocial\u00a0\u00bb:{\u00ab\u00a0twitter\u00a0\u00bb:null,\u00a0\u00bbfacebook\u00a0\u00bb:null,\u00a0\u00bbrss\u00a0\u00bb:null,\u00a0\u00bbinstagram\u00a0\u00bb:null},\u00a0\u00bbnavigation\u00a0\u00bb:{\u00ab\u00a0nav_title\u00a0\u00bb:\u00a0\u00bbJeux vid\u00e9o\u00a0\u00bb},\u00a0\u00bb_admin\u00a0\u00bb:{\u00ab\u00a0alias_ids\u00a0\u00bb:[\u00ab\u00a0\/culture\/jeux-video\u00a0\u00bb,\u00a0\u00bb200006&Prime;]},\u00a0\u00bb_website\u00a0\u00bb:\u00a0\u00bbliberation\u00a0\u00bb,\u00a0\u00bbname\u00a0\u00bb:\u00a0\u00bbJeux vid\u00e9o\u00a0\u00bb,\u00a0\u00bborder\u00a0\u00bb:{\u00ab\u00a0burgermenu\u00a0\u00bb:2004,\u00a0\u00bbdefault\u00a0\u00bb:2012,\u00a0\u00bbheadernav\u00a0\u00bb:2007,\u00a0\u00bbamp-menu\u00a0\u00bb:2003,\u00a0\u00bbfooter2&Prime;:2008},\u00a0\u00bbparent\u00a0\u00bb:{\u00ab\u00a0default\u00a0\u00bb:\u00a0\u00bb\/culture\u00a0\u00bb,\u00a0\u00bbburgermenu\u00a0\u00bb:\u00a0\u00bb\/culture\u00a0\u00bb,\u00a0\u00bbheadernav\u00a0\u00bb:\u00a0\u00bb\/culture\u00a0\u00bb,\u00a0\u00bbamp-menu\u00a0\u00bb:\u00a0\u00bb\/culture\u00a0\u00bb,\u00a0\u00bbfooter\u00a0\u00bb:null,\u00a0\u00bbfooter2&Prime;:\u00a0\u00bb\/culture\u00a0\u00bb},\u00a0\u00bbancestors\u00a0\u00bb:{\u00ab\u00a0default\u00a0\u00bb:[\u00ab\u00a0\/culture\u00a0\u00bb,\u00a0\u00bbhttps:\/\/www.liberation.fr\/\u00a0\u00bb],\u00a0\u00bbburgermenu\u00a0\u00bb:[\u00ab\u00a0\/culture\u00a0\u00bb,\u00a0\u00bbhttps:\/\/www.liberation.fr\/\u00a0\u00bb],\u00a0\u00bbheadernav\u00a0\u00bb:[\u00ab\u00a0\/culture\u00a0\u00bb,\u00a0\u00bbhttps:\/\/www.liberation.fr\/\u00a0\u00bb],\u00a0\u00bbamp-menu\u00a0\u00bb:[\u00ab\u00a0https:\/\/www.liberation.fr\/\u00a0\u00bb,\u00a0\u00bb\/culture\u00a0\u00bb],\u00a0\u00bbfooter\u00a0\u00bb:[],\u00a0\u00bbfooter2&Prime;:[\u00ab\u00a0https:\/\/www.liberation.fr\/\u00a0\u00bb,\u00a0\u00bb\/culture\u00a0\u00bb]},\u00a0\u00bbinactive\u00a0\u00bb:false,\u00a0\u00bbnode_type\u00a0\u00bb:\u00a0\u00bbsection\u00a0\u00bb,\u00a0\u00bbchildren\u00a0\u00bb:[]},{\u00ab\u00a0_id\u00a0\u00bb:\u00a0\u00bblink-QKLVECHFYRF7RALCHUEXUKCIYU\u00a0\u00bb,\u00a0\u00bb_website\u00a0\u00bb:\u00a0\u00bbliberation\u00a0\u00bb,\u00a0\u00bbdisplay_name\u00a0\u00bb:\u00a0\u00bbPolars et thrillers\u00a0\u00bb,\u00a0\u00bburl\u00a0\u00bb:\u00a0\u00bbhttps:\/\/www.liberation.fr\/tags\/romans-policiers-polars-et-thrillers\/\u00a0\u00bb,\u00a0\u00bbparent\u00a0\u00bb:{\u00ab\u00a0headernav\u00a0\u00bb:\u00a0\u00bb\/culture\u00a0\u00bb},\u00a0\u00bborder\u00a0\u00bb:{\u00ab\u00a0headernav\u00a0\u00bb:2008},\u00a0\u00bbnode_type\u00a0\u00bb:\u00a0\u00bblink\u00a0\u00bb,\u00a0\u00bbchildren\u00a0\u00bb:[]}]},{\u00ab\u00a0_id\u00a0\u00bb:\u00a0\u00bblink-ZBACY3EGOZCCTDADARMV2KBJQU\u00a0\u00bb,\u00a0\u00bb_website\u00a0\u00bb:\u00a0\u00bbliberation\u00a0\u00bb,\u00a0\u00bbdisplay_name\u00a0\u00bb:\u00a0\u00bbFestival d&rsquo;Avignon\u00a0\u00bb,\u00a0\u00bburl\u00a0\u00bb:\u00a0\u00bbhttps:\/\/www.liberation.fr\/tags\/festival-d-avignon\/\u00a0\u00bb,\u00a0\u00bbparent\u00a0\u00bb:{\u00ab\u00a0headernav\u00a0\u00bb:\u00a0\u00bbhttps:\/\/www.liberation.fr\/\u00a0\u00bb},\u00a0\u00bborder\u00a0\u00bb:{\u00ab\u00a0headernav\u00a0\u00bb:1005},\u00a0\u00bbnode_type\u00a0\u00bb:\u00a0\u00bblink\u00a0\u00bb,\u00a0\u00bbchildren\u00a0\u00bb:[]},{\u00ab\u00a0_id\u00a0\u00bb:\u00a0\u00bb\/checknews\u00a0\u00bb,\u00a0\u00bbsite\u00a0\u00bb:{\u00ab\u00a0site_tagline\u00a0\u00bb:null,\u00a0\u00bbsite_url\u00a0\u00bb:\u00a0\u00bb\u00a0\u00bb,\u00a0\u00bbsite_title\u00a0\u00bb:\u00a0\u00bbChecknews\u00a0\u00bb,\u00a0\u00bbsite_about\u00a0\u00bb:null,\u00a0\u00bbpagebuilder_path_for_native_apps\u00a0\u00bb:null,\u00a0\u00bbsite_description\u00a0\u00bb:\u00a0\u00bbPour mieux comprendre l&rsquo;actualit\u00e9, Lib\u00e9ration lance CheckNews, un nouveau type de moteur de recherche g\u00e9r\u00e9 par des journalistes. Posez vos questions, nous prendrons le temps d&rsquo;enqu\u00eater avant de vous r\u00e9pondre.\u00a0\u00bb,\u00a0\u00bbsite_keywords\u00a0\u00bb:null},\u00a0\u00bbsite_topper\u00a0\u00bb:{\u00ab\u00a0site_logo_image\u00a0\u00bb:\u00a0\u00bbhttps:\/\/cloudfront-eu-central-1.images.arcpublishing.com\/sandbox.liberation\/3GC5ULE5BNG2HFCF7GSPG2EVWA.jpg\u00a0\u00bb},\u00a0\u00bbsocial\u00a0\u00bb:{\u00ab\u00a0twitter\u00a0\u00bb:null,\u00a0\u00bbfacebook\u00a0\u00bb:null,\u00a0\u00bbrss\u00a0\u00bb:null,\u00a0\u00bbinstagram\u00a0\u00bb:null},\u00a0\u00bbnavigation\u00a0\u00bb:{\u00ab\u00a0nav_title\u00a0\u00bb:\u00a0\u00bbChecknews\u00a0\u00bb},\u00a0\u00bb_admin\u00a0\u00bb:{\u00ab\u00a0alias_ids\u00a0\u00bb:[\u00ab\u00a0\/checknews\u00a0\u00bb,\u00a0\u00bb100893&Prime;]},\u00a0\u00bb_website\u00a0\u00bb:\u00a0\u00bbliberation\u00a0\u00bb,\u00a0\u00bbname\u00a0\u00bb:\u00a0\u00bbCheckNews\u00a0\u00bb,\u00a0\u00bborder\u00a0\u00bb:{\u00ab\u00a0default\u00a0\u00bb:1011,\u00a0\u00bbburgermenu\u00a0\u00bb:1004,\u00a0\u00bbheadernav\u00a0\u00bb:1006,\u00a0\u00bbamp-menu\u00a0\u00bb:1002,\u00a0\u00bbfooter2&Prime;:1008},\u00a0\u00bbparent\u00a0\u00bb:{\u00ab\u00a0default\u00a0\u00bb:\u00a0\u00bbhttps:\/\/www.liberation.fr\/\u00a0\u00bb,\u00a0\u00bbburgermenu\u00a0\u00bb:\u00a0\u00bbhttps:\/\/www.liberation.fr\/\u00a0\u00bb,\u00a0\u00bbheadernav\u00a0\u00bb:\u00a0\u00bbhttps:\/\/www.liberation.fr\/\u00a0\u00bb,\u00a0\u00bbfooter\u00a0\u00bb:null,\u00a0\u00bbamp-menu\u00a0\u00bb:\u00a0\u00bbhttps:\/\/www.liberation.fr\/\u00a0\u00bb,\u00a0\u00bbfooter2&Prime;:\u00a0\u00bbhttps:\/\/www.liberation.fr\/\u00a0\u00bb},\u00a0\u00bbancestors\u00a0\u00bb:{\u00ab\u00a0default\u00a0\u00bb:[\u00ab\u00a0https:\/\/www.liberation.fr\/\u00a0\u00bb],\u00a0\u00bbburgermenu\u00a0\u00bb:[\u00ab\u00a0https:\/\/www.liberation.fr\/\u00a0\u00bb],\u00a0\u00bbheadernav\u00a0\u00bb:[\u00ab\u00a0https:\/\/www.liberation.fr\/\u00a0\u00bb],\u00a0\u00bbfooter\u00a0\u00bb:[],\u00a0\u00bbamp-menu\u00a0\u00bb:[\u00ab\u00a0https:\/\/www.liberation.fr\/\u00a0\u00bb],\u00a0\u00bbfooter2&Prime;:[\u00ab\u00a0https:\/\/www.liberation.fr\/\u00a0\u00bb]},\u00a0\u00bbinactive\u00a0\u00bb:false,\u00a0\u00bbnode_type\u00a0\u00bb:\u00a0\u00bbsection\u00a0\u00bb,\u00a0\u00bbchildren\u00a0\u00bb:[]},{\u00ab\u00a0_id\u00a0\u00bb:\u00a0\u00bb\/societe\u00a0\u00bb,\u00a0\u00bbsite\u00a0\u00bb:{\u00ab\u00a0site_tagline\u00a0\u00bb:null,\u00a0\u00bbsite_url\u00a0\u00bb:null,\u00a0\u00bbsite_title\u00a0\u00bb:\u00a0\u00bbToute l\u2019actualit\u00e9 Soci\u00e9t\u00e9 avec Lib\u00e9ration &#8211; Lib\u00e9ration\u00a0\u00bb,\u00a0\u00bbsite_about\u00a0\u00bb:null,\u00a0\u00bbpagebuilder_path_for_native_apps\u00a0\u00bb:null,\u00a0\u00bbsite_description\u00a0\u00bb:\u00a0\u00bbActualit\u00e9 soci\u00e9t\u00e9 &#8211; tout savoir sur les derni\u00e8res infos soci\u00e9t\u00e9 avec Lib\u00e9ration : droits des femmes, \u00e9ducation, police-justice, sant\u00e9, logement&#8230;\u00a0\u00bb,\u00a0\u00bbsite_keywords\u00a0\u00bb:null},\u00a0\u00bbsite_topper\u00a0\u00bb:{\u00ab\u00a0site_logo_image\u00a0\u00bb:null},\u00a0\u00bbsocial\u00a0\u00bb:{\u00ab\u00a0twitter\u00a0\u00bb:null,\u00a0\u00bbfacebook\u00a0\u00bb:null,\u00a0\u00bbrss\u00a0\u00bb:null,\u00a0\u00bbinstagram\u00a0\u00bb:null},\u00a0\u00bbnavigation\u00a0\u00bb:{\u00ab\u00a0nav_title\u00a0\u00bb:null},\u00a0\u00bb_admin\u00a0\u00bb:{\u00ab\u00a0alias_ids\u00a0\u00bb:[\u00ab\u00a0\/societe\u00a0\u00bb,\u00a0\u00bb11&Prime;]},\u00a0\u00bb_website\u00a0\u00bb:\u00a0\u00bbliberation\u00a0\u00bb,\u00a0\u00bbname\u00a0\u00bb:\u00a0\u00bbSoci\u00e9t\u00e9\u00a0\u00bb,\u00a0\u00bborder\u00a0\u00bb:{\u00ab\u00a0burgermenu\u00a0\u00bb:1009,\u00a0\u00bbdefault\u00a0\u00bb:1005,\u00a0\u00bbheadernav\u00a0\u00bb:1007,\u00a0\u00bbamp-menu\u00a0\u00bb:1004,\u00a0\u00bbfooter2&Prime;:1001},\u00a0\u00bbparent\u00a0\u00bb:{\u00ab\u00a0default\u00a0\u00bb:\u00a0\u00bbhttps:\/\/www.liberation.fr\/\u00a0\u00bb,\u00a0\u00bbburgermenu\u00a0\u00bb:\u00a0\u00bbhttps:\/\/www.liberation.fr\/\u00a0\u00bb,\u00a0\u00bbfooter\u00a0\u00bb:null,\u00a0\u00bbheadernav\u00a0\u00bb:\u00a0\u00bbhttps:\/\/www.liberation.fr\/\u00a0\u00bb,\u00a0\u00bbamp-menu\u00a0\u00bb:\u00a0\u00bbhttps:\/\/www.liberation.fr\/\u00a0\u00bb,\u00a0\u00bbfooter2&Prime;:\u00a0\u00bbhttps:\/\/www.liberation.fr\/\u00a0\u00bb},\u00a0\u00bbancestors\u00a0\u00bb:{\u00ab\u00a0default\u00a0\u00bb:[\u00ab\u00a0https:\/\/www.liberation.fr\/\u00a0\u00bb],\u00a0\u00bbburgermenu\u00a0\u00bb:[\u00ab\u00a0https:\/\/www.liberation.fr\/\u00a0\u00bb],\u00a0\u00bbfooter\u00a0\u00bb:[],\u00a0\u00bbheadernav\u00a0\u00bb:[\u00ab\u00a0https:\/\/www.liberation.fr\/\u00a0\u00bb],\u00a0\u00bbamp-menu\u00a0\u00bb:[\u00ab\u00a0https:\/\/www.liberation.fr\/\u00a0\u00bb],\u00a0\u00bbfooter2&Prime;:[\u00ab\u00a0https:\/\/www.liberation.fr\/\u00a0\u00bb]},\u00a0\u00bbinactive\u00a0\u00bb:false,\u00a0\u00bbnode_type\u00a0\u00bb:\u00a0\u00bbsection\u00a0\u00bb,\u00a0\u00bbchildren\u00a0\u00bb:[{\u00ab\u00a0_id\u00a0\u00bb:\u00a0\u00bb\/societe\/education\u00a0\u00bb,\u00a0\u00bbsite\u00a0\u00bb:{\u00ab\u00a0site_tagline\u00a0\u00bb:null,\u00a0\u00bbsite_url\u00a0\u00bb:null,\u00a0\u00bbsite_title\u00a0\u00bb:\u00a0\u00bbEducation : informations et actualit\u00e9s &#8211; Lib\u00e9ration\u00a0\u00bb,\u00a0\u00bbpagebuilder_path_for_native_apps\u00a0\u00bb:null,\u00a0\u00bbsite_about\u00a0\u00bb:null,\u00a0\u00bbsite_description\u00a0\u00bb:\u00a0\u00bbRetrouvez ici tous les articles de Lib\u00e9ration concernant l&rsquo;\u00e9ducation : infos, reportages, analyses, interviews, tribunes&#8230;\u00a0\u00bb,\u00a0\u00bbsite_keywords\u00a0\u00bb:null},\u00a0\u00bbsite_topper\u00a0\u00bb:{\u00ab\u00a0site_logo_image\u00a0\u00bb:null},\u00a0\u00bbsocial\u00a0\u00bb:{\u00ab\u00a0twitter\u00a0\u00bb:null,\u00a0\u00bbfacebook\u00a0\u00bb:null,\u00a0\u00bbrss\u00a0\u00bb:null,\u00a0\u00bbinstagram\u00a0\u00bb:null},\u00a0\u00bbnavigation\u00a0\u00bb:{\u00ab\u00a0nav_title\u00a0\u00bb:\u00a0\u00bbEducation\u00a0\u00bb},\u00a0\u00bb_admin\u00a0\u00bb:{\u00ab\u00a0alias_ids\u00a0\u00bb:[\u00ab\u00a0\/societe\/education\u00a0\u00bb,\u00a0\u00bb200032&Prime;]},\u00a0\u00bb_website\u00a0\u00bb:\u00a0\u00bbliberation\u00a0\u00bb,\u00a0\u00bbname\u00a0\u00bb:\u00a0\u00bbEducation\u00a0\u00bb,\u00a0\u00bborder\u00a0\u00bb:{\u00ab\u00a0burgermenu\u00a0\u00bb:2003,\u00a0\u00bbheadernav\u00a0\u00bb:2001,\u00a0\u00bbamp-menu\u00a0\u00bb:2003,\u00a0\u00bbfooter2&Prime;:2005,\u00a0\u00bbdefault\u00a0\u00bb:2002},\u00a0\u00bbparent\u00a0\u00bb:{\u00ab\u00a0default\u00a0\u00bb:\u00a0\u00bb\/societe\u00a0\u00bb,\u00a0\u00bbfooter\u00a0\u00bb:null,\u00a0\u00bbheadernav\u00a0\u00bb:\u00a0\u00bb\/societe\u00a0\u00bb,\u00a0\u00bbburgermenu\u00a0\u00bb:\u00a0\u00bb\/societe\u00a0\u00bb,\u00a0\u00bbamp-menu\u00a0\u00bb:\u00a0\u00bb\/societe\u00a0\u00bb,\u00a0\u00bbfooter2&Prime;:\u00a0\u00bb\/societe\u00a0\u00bb},\u00a0\u00bbancestors\u00a0\u00bb:{\u00ab\u00a0default\u00a0\u00bb:[\u00ab\u00a0https:\/\/www.liberation.fr\/\u00a0\u00bb,\u00a0\u00bb\/societe\u00a0\u00bb],\u00a0\u00bbfooter\u00a0\u00bb:[],\u00a0\u00bbheadernav\u00a0\u00bb:[\u00ab\u00a0https:\/\/www.liberation.fr\/\u00a0\u00bb,\u00a0\u00bb\/societe\u00a0\u00bb],\u00a0\u00bbburgermenu\u00a0\u00bb:[\u00ab\u00a0\/societe\u00a0\u00bb,\u00a0\u00bbhttps:\/\/www.liberation.fr\/\u00a0\u00bb],\u00a0\u00bbamp-menu\u00a0\u00bb:[\u00ab\u00a0https:\/\/www.liberation.fr\/\u00a0\u00bb,\u00a0\u00bb\/societe\u00a0\u00bb],\u00a0\u00bbfooter2&Prime;:[\u00ab\u00a0https:\/\/www.liberation.fr\/\u00a0\u00bb,\u00a0\u00bb\/societe\u00a0\u00bb]},\u00a0\u00bbinactive\u00a0\u00bb:false,\u00a0\u00bbnode_type\u00a0\u00bb:\u00a0\u00bbsection\u00a0\u00bb,\u00a0\u00bbchildren\u00a0\u00bb:[]},{\u00ab\u00a0_id\u00a0\u00bb:\u00a0\u00bb\/societe\/sante\u00a0\u00bb,\u00a0\u00bbsite\u00a0\u00bb:{\u00ab\u00a0site_tagline\u00a0\u00bb:null,\u00a0\u00bbsite_url\u00a0\u00bb:null,\u00a0\u00bbsite_title\u00a0\u00bb:\u00a0\u00bbSant\u00e9 : actualit\u00e9s et informations en direct &#8211; Lib\u00e9ration\u00a0\u00bb,\u00a0\u00bbpagebuilder_path_for_native_apps\u00a0\u00bb:null,\u00a0\u00bbsite_about\u00a0\u00bb:null,\u00a0\u00bbsite_description\u00a0\u00bb:\u00a0\u00bbRetrouvez toute l&rsquo;actualit\u00e9 sant\u00e9 avec des informations sur les maladies, les traitements, la recherche m\u00e9dicale, la situation des h\u00f4pitaux en France&#8230;\u00a0\u00bb,\u00a0\u00bbsite_keywords\u00a0\u00bb:null},\u00a0\u00bbsite_topper\u00a0\u00bb:{\u00ab\u00a0site_logo_image\u00a0\u00bb:null},\u00a0\u00bbsocial\u00a0\u00bb:{\u00ab\u00a0twitter\u00a0\u00bb:null,\u00a0\u00bbfacebook\u00a0\u00bb:null,\u00a0\u00bbrss\u00a0\u00bb:null,\u00a0\u00bbinstagram\u00a0\u00bb:null},\u00a0\u00bbnavigation\u00a0\u00bb:{\u00ab\u00a0nav_title\u00a0\u00bb:\u00a0\u00bbSant\u00e9\u00a0\u00bb},\u00a0\u00bb_admin\u00a0\u00bb:{\u00ab\u00a0alias_ids\u00a0\u00bb:[\u00ab\u00a0\/societe\/sante\u00a0\u00bb,\u00a0\u00bb200033&Prime;]},\u00a0\u00bb_website\u00a0\u00bb:\u00a0\u00bbliberation\u00a0\u00bb,\u00a0\u00bbname\u00a0\u00bb:\u00a0\u00bbSant\u00e9\u00a0\u00bb,\u00a0\u00bborder\u00a0\u00bb:{\u00ab\u00a0burgermenu\u00a0\u00bb:2007,\u00a0\u00bbheadernav\u00a0\u00bb:2002,\u00a0\u00bbamp-menu\u00a0\u00bb:2007,\u00a0\u00bbfooter2&Prime;:2007,\u00a0\u00bbdefault\u00a0\u00bb:2006},\u00a0\u00bbparent\u00a0\u00bb:{\u00ab\u00a0default\u00a0\u00bb:\u00a0\u00bb\/societe\u00a0\u00bb,\u00a0\u00bbfooter\u00a0\u00bb:null,\u00a0\u00bbheadernav\u00a0\u00bb:\u00a0\u00bb\/societe\u00a0\u00bb,\u00a0\u00bbburgermenu\u00a0\u00bb:\u00a0\u00bb\/societe\u00a0\u00bb,\u00a0\u00bbamp-menu\u00a0\u00bb:\u00a0\u00bb\/societe\u00a0\u00bb,\u00a0\u00bbfooter2&Prime;:\u00a0\u00bb\/societe\u00a0\u00bb},\u00a0\u00bbancestors\u00a0\u00bb:{\u00ab\u00a0default\u00a0\u00bb:[\u00ab\u00a0https:\/\/www.liberation.fr\/\u00a0\u00bb,\u00a0\u00bb\/societe\u00a0\u00bb],\u00a0\u00bbfooter\u00a0\u00bb:[],\u00a0\u00bbheadernav\u00a0\u00bb:[\u00ab\u00a0https:\/\/www.liberation.fr\/\u00a0\u00bb,\u00a0\u00bb\/societe\u00a0\u00bb],\u00a0\u00bbburgermenu\u00a0\u00bb:[\u00ab\u00a0\/societe\u00a0\u00bb,\u00a0\u00bbhttps:\/\/www.liberation.fr\/\u00a0\u00bb],\u00a0\u00bbamp-menu\u00a0\u00bb:[\u00ab\u00a0https:\/\/www.liberation.fr\/\u00a0\u00bb,\u00a0\u00bb\/societe\u00a0\u00bb],\u00a0\u00bbfooter2&Prime;:[\u00ab\u00a0https:\/\/www.liberation.fr\/\u00a0\u00bb,\u00a0\u00bb\/societe\u00a0\u00bb]},\u00a0\u00bbinactive\u00a0\u00bb:false,\u00a0\u00bbnode_type\u00a0\u00bb:\u00a0\u00bbsection\u00a0\u00bb,\u00a0\u00bbchildren\u00a0\u00bb:[]},{\u00ab\u00a0_id\u00a0\u00bb:\u00a0\u00bb\/societe\/droits-des-femmes\u00a0\u00bb,\u00a0\u00bb_website\u00a0\u00bb:\u00a0\u00bbliberation\u00a0\u00bb,\u00a0\u00bbname\u00a0\u00bb:\u00a0\u00bbDroits des femmes\u00a0\u00bb,\u00a0\u00bbinactive\u00a0\u00bb:false,\u00a0\u00bbancestors\u00a0\u00bb:{\u00ab\u00a0default\u00a0\u00bb:[\u00ab\u00a0https:\/\/www.liberation.fr\/\u00a0\u00bb,\u00a0\u00bb\/societe\u00a0\u00bb],\u00a0\u00bbfooter\u00a0\u00bb:[],\u00a0\u00bbheadernav\u00a0\u00bb:[\u00ab\u00a0https:\/\/www.liberation.fr\/\u00a0\u00bb,\u00a0\u00bb\/societe\u00a0\u00bb],\u00a0\u00bbburgermenu\u00a0\u00bb:[\u00ab\u00a0\/societe\u00a0\u00bb,\u00a0\u00bbhttps:\/\/www.liberation.fr\/\u00a0\u00bb],\u00a0\u00bbamp-menu\u00a0\u00bb:[\u00ab\u00a0https:\/\/www.liberation.fr\/\u00a0\u00bb,\u00a0\u00bb\/societe\u00a0\u00bb],\u00a0\u00bbfooter2&Prime;:[\u00ab\u00a0https:\/\/www.liberation.fr\/\u00a0\u00bb,\u00a0\u00bb\/societe\u00a0\u00bb]},\u00a0\u00bbparent\u00a0\u00bb:{\u00ab\u00a0default\u00a0\u00bb:\u00a0\u00bb\/societe\u00a0\u00bb,\u00a0\u00bbfooter\u00a0\u00bb:null,\u00a0\u00bbheadernav\u00a0\u00bb:\u00a0\u00bb\/societe\u00a0\u00bb,\u00a0\u00bbburgermenu\u00a0\u00bb:\u00a0\u00bb\/societe\u00a0\u00bb,\u00a0\u00bbamp-menu\u00a0\u00bb:\u00a0\u00bb\/societe\u00a0\u00bb,\u00a0\u00bbfooter2&Prime;:\u00a0\u00bb\/societe\u00a0\u00bb},\u00a0\u00bborder\u00a0\u00bb:{\u00ab\u00a0burgermenu\u00a0\u00bb:2002,\u00a0\u00bbheadernav\u00a0\u00bb:2004,\u00a0\u00bbamp-menu\u00a0\u00bb:2002,\u00a0\u00bbfooter2&Prime;:2009,\u00a0\u00bbdefault\u00a0\u00bb:2001},\u00a0\u00bb_admin\u00a0\u00bb:{\u00ab\u00a0alias_ids\u00a0\u00bb:[\u00ab\u00a0\/societe\/droits-des-femmes\u00a0\u00bb,\u00a0\u00bb200034&Prime;]},\u00a0\u00bbnavigation\u00a0\u00bb:{\u00ab\u00a0nav_title\u00a0\u00bb:\u00a0\u00bbDroits des femmes\u00a0\u00bb},\u00a0\u00bbsite\u00a0\u00bb:{\u00ab\u00a0pagebuilder_path_for_native_apps\u00a0\u00bb:null,\u00a0\u00bbsite_about\u00a0\u00bb:null,\u00a0\u00bbsite_description\u00a0\u00bb:\u00a0\u00bbRetrouvez tous nos articles sur les droits des femmes dans la soci\u00e9t\u00e9 : infos, reportages, analyses, interviews, tribunes&#8230;\u00a0\u00bb,\u00a0\u00bbsite_keywords\u00a0\u00bb:null,\u00a0\u00bbsite_tagline\u00a0\u00bb:null,\u00a0\u00bbsite_title\u00a0\u00bb:\u00a0\u00bbDroits des femmes : actualit\u00e9s, enqu\u00eates et infos en direct &#8211; Lib\u00e9ration\u00a0\u00bb,\u00a0\u00bbsite_url\u00a0\u00bb:null},\u00a0\u00bbsite_topper\u00a0\u00bb:{\u00ab\u00a0site_logo_image\u00a0\u00bb:null},\u00a0\u00bbsocial\u00a0\u00bb:{\u00ab\u00a0facebook\u00a0\u00bb:null,\u00a0\u00bbinstagram\u00a0\u00bb:null,\u00a0\u00bbrss\u00a0\u00bb:null,\u00a0\u00bbtwitter\u00a0\u00bb:null},\u00a0\u00bbnode_type\u00a0\u00bb:\u00a0\u00bbsection\u00a0\u00bb,\u00a0\u00bbchildren\u00a0\u00bb:[]},{\u00ab\u00a0_id\u00a0\u00bb:\u00a0\u00bb\/societe\/familles\u00a0\u00bb,\u00a0\u00bbsite\u00a0\u00bb:{\u00ab\u00a0site_tagline\u00a0\u00bb:null,\u00a0\u00bbsite_url\u00a0\u00bb:null,\u00a0\u00bbsite_title\u00a0\u00bb:\u00a0\u00bbFamilles : informations et actualit\u00e9s &#8211; Lib\u00e9ration\u00a0\u00bb,\u00a0\u00bbpagebuilder_path_for_native_apps\u00a0\u00bb:null,\u00a0\u00bbsite_about\u00a0\u00bb:null,\u00a0\u00bbsite_description\u00a0\u00bb:\u00a0\u00bbRetrouvez ici tous les articles de Lib\u00e9ration concernant la famille : infos, reportages, analyses, interviews, tribunes&#8230;\u00a0\u00bb,\u00a0\u00bbsite_keywords\u00a0\u00bb:null},\u00a0\u00bbsite_topper\u00a0\u00bb:{\u00ab\u00a0site_logo_image\u00a0\u00bb:null},\u00a0\u00bbsocial\u00a0\u00bb:{\u00ab\u00a0twitter\u00a0\u00bb:null,\u00a0\u00bbfacebook\u00a0\u00bb:null,\u00a0\u00bbrss\u00a0\u00bb:null,\u00a0\u00bbinstagram\u00a0\u00bb:null},\u00a0\u00bbnavigation\u00a0\u00bb:{\u00ab\u00a0nav_title\u00a0\u00bb:\u00a0\u00bbFamilles\u00a0\u00bb},\u00a0\u00bb_admin\u00a0\u00bb:{\u00ab\u00a0alias_ids\u00a0\u00bb:[\u00ab\u00a0\/societe\/familles\u00a0\u00bb,\u00a0\u00bb200035&Prime;]},\u00a0\u00bb_website\u00a0\u00bb:\u00a0\u00bbliberation\u00a0\u00bb,\u00a0\u00bbname\u00a0\u00bb:\u00a0\u00bbFamilles\u00a0\u00bb,\u00a0\u00bborder\u00a0\u00bb:{\u00ab\u00a0burgermenu\u00a0\u00bb:2004,\u00a0\u00bbheadernav\u00a0\u00bb:2005,\u00a0\u00bbamp-menu\u00a0\u00bb:2004,\u00a0\u00bbfooter2&Prime;:2008,\u00a0\u00bbdefault\u00a0\u00bb:2003},\u00a0\u00bbparent\u00a0\u00bb:{\u00ab\u00a0default\u00a0\u00bb:\u00a0\u00bb\/societe\u00a0\u00bb,\u00a0\u00bbfooter\u00a0\u00bb:null,\u00a0\u00bbheadernav\u00a0\u00bb:\u00a0\u00bb\/societe\u00a0\u00bb,\u00a0\u00bbburgermenu\u00a0\u00bb:\u00a0\u00bb\/societe\u00a0\u00bb,\u00a0\u00bbamp-menu\u00a0\u00bb:\u00a0\u00bb\/societe\u00a0\u00bb,\u00a0\u00bbfooter2&Prime;:\u00a0\u00bb\/societe\u00a0\u00bb},\u00a0\u00bbancestors\u00a0\u00bb:{\u00ab\u00a0default\u00a0\u00bb:[\u00ab\u00a0https:\/\/www.liberation.fr\/\u00a0\u00bb,\u00a0\u00bb\/societe\u00a0\u00bb],\u00a0\u00bbfooter\u00a0\u00bb:[],\u00a0\u00bbheadernav\u00a0\u00bb:[\u00ab\u00a0https:\/\/www.liberation.fr\/\u00a0\u00bb,\u00a0\u00bb\/societe\u00a0\u00bb],\u00a0\u00bbburgermenu\u00a0\u00bb:[\u00ab\u00a0\/societe\u00a0\u00bb,\u00a0\u00bbhttps:\/\/www.liberation.fr\/\u00a0\u00bb],\u00a0\u00bbamp-menu\u00a0\u00bb:[\u00ab\u00a0https:\/\/www.liberation.fr\/\u00a0\u00bb,\u00a0\u00bb\/societe\u00a0\u00bb],\u00a0\u00bbfooter2&Prime;:[\u00ab\u00a0https:\/\/www.liberation.fr\/\u00a0\u00bb,\u00a0\u00bb\/societe\u00a0\u00bb]},\u00a0\u00bbinactive\u00a0\u00bb:false,\u00a0\u00bbnode_type\u00a0\u00bb:\u00a0\u00bbsection\u00a0\u00bb,\u00a0\u00bbchildren\u00a0\u00bb:[]},{\u00ab\u00a0_id\u00a0\u00bb:\u00a0\u00bb\/societe\/logement\u00a0\u00bb,\u00a0\u00bbsite\u00a0\u00bb:{\u00ab\u00a0site_tagline\u00a0\u00bb:null,\u00a0\u00bbsite_url\u00a0\u00bb:null,\u00a0\u00bbsite_title\u00a0\u00bb:\u00a0\u00bbLogement : actualit\u00e9s et informations &#8211; Lib\u00e9ration\u00a0\u00bb,\u00a0\u00bbpagebuilder_path_for_native_apps\u00a0\u00bb:null,\u00a0\u00bbsite_about\u00a0\u00bb:null,\u00a0\u00bbsite_description\u00a0\u00bb:\u00a0\u00bbRetrouvez ici tous les articles de Lib\u00e9ration concernant le logement : infos, reportages, analyses, interviews, tribunes&#8230;\u00a0\u00bb,\u00a0\u00bbsite_keywords\u00a0\u00bb:null},\u00a0\u00bbsite_topper\u00a0\u00bb:{\u00ab\u00a0site_logo_image\u00a0\u00bb:null},\u00a0\u00bbsocial\u00a0\u00bb:{\u00ab\u00a0twitter\u00a0\u00bb:null,\u00a0\u00bbfacebook\u00a0\u00bb:null,\u00a0\u00bbrss\u00a0\u00bb:null,\u00a0\u00bbinstagram\u00a0\u00bb:null},\u00a0\u00bbnavigation\u00a0\u00bb:{\u00ab\u00a0nav_title\u00a0\u00bb:\u00a0\u00bbLogement\u00a0\u00bb},\u00a0\u00bb_admin\u00a0\u00bb:{\u00ab\u00a0alias_ids\u00a0\u00bb:[\u00ab\u00a0\/societe\/logement\u00a0\u00bb,\u00a0\u00bb200036&Prime;]},\u00a0\u00bb_website\u00a0\u00bb:\u00a0\u00bbliberation\u00a0\u00bb,\u00a0\u00bbname\u00a0\u00bb:\u00a0\u00bbLogement\u00a0\u00bb,\u00a0\u00bborder\u00a0\u00bb:{\u00ab\u00a0burgermenu\u00a0\u00bb:2005,\u00a0\u00bbheadernav\u00a0\u00bb:2006,\u00a0\u00bbamp-menu\u00a0\u00bb:2005,\u00a0\u00bbfooter2&Prime;:2006,\u00a0\u00bbdefault\u00a0\u00bb:2004},\u00a0\u00bbparent\u00a0\u00bb:{\u00ab\u00a0default\u00a0\u00bb:\u00a0\u00bb\/societe\u00a0\u00bb,\u00a0\u00bbheadernav\u00a0\u00bb:\u00a0\u00bb\/societe\u00a0\u00bb,\u00a0\u00bbburgermenu\u00a0\u00bb:\u00a0\u00bb\/societe\u00a0\u00bb,\u00a0\u00bbamp-menu\u00a0\u00bb:\u00a0\u00bb\/societe\u00a0\u00bb,\u00a0\u00bbfooter\u00a0\u00bb:null,\u00a0\u00bbfooter2&Prime;:\u00a0\u00bb\/societe\u00a0\u00bb},\u00a0\u00bbancestors\u00a0\u00bb:{\u00ab\u00a0default\u00a0\u00bb:[\u00ab\u00a0https:\/\/www.liberation.fr\/\u00a0\u00bb,\u00a0\u00bb\/societe\u00a0\u00bb],\u00a0\u00bbheadernav\u00a0\u00bb:[\u00ab\u00a0https:\/\/www.liberation.fr\/\u00a0\u00bb,\u00a0\u00bb\/societe\u00a0\u00bb],\u00a0\u00bbburgermenu\u00a0\u00bb:[\u00ab\u00a0\/societe\u00a0\u00bb,\u00a0\u00bbhttps:\/\/www.liberation.fr\/\u00a0\u00bb],\u00a0\u00bbamp-menu\u00a0\u00bb:[\u00ab\u00a0https:\/\/www.liberation.fr\/\u00a0\u00bb,\u00a0\u00bb\/societe\u00a0\u00bb],\u00a0\u00bbfooter\u00a0\u00bb:[],\u00a0\u00bbfooter2&Prime;:[\u00ab\u00a0https:\/\/www.liberation.fr\/\u00a0\u00bb,\u00a0\u00bb\/societe\u00a0\u00bb]},\u00a0\u00bbinactive\u00a0\u00bb:false,\u00a0\u00bbnode_type\u00a0\u00bb:\u00a0\u00bbsection\u00a0\u00bb,\u00a0\u00bbchildren\u00a0\u00bb:[]},{\u00ab\u00a0_id\u00a0\u00bb:\u00a0\u00bb\/societe\/religions\u00a0\u00bb,\u00a0\u00bb_website\u00a0\u00bb:\u00a0\u00bbliberation\u00a0\u00bb,\u00a0\u00bbname\u00a0\u00bb:\u00a0\u00bbReligions\u00a0\u00bb,\u00a0\u00bbinactive\u00a0\u00bb:false,\u00a0\u00bbancestors\u00a0\u00bb:{\u00ab\u00a0default\u00a0\u00bb:[\u00ab\u00a0https:\/\/www.liberation.fr\/\u00a0\u00bb,\u00a0\u00bb\/societe\u00a0\u00bb],\u00a0\u00bbheadernav\u00a0\u00bb:[\u00ab\u00a0https:\/\/www.liberation.fr\/\u00a0\u00bb,\u00a0\u00bb\/societe\u00a0\u00bb],\u00a0\u00bbburgermenu\u00a0\u00bb:[\u00ab\u00a0\/societe\u00a0\u00bb,\u00a0\u00bbhttps:\/\/www.liberation.fr\/\u00a0\u00bb],\u00a0\u00bbamp-menu\u00a0\u00bb:[\u00ab\u00a0https:\/\/www.liberation.fr\/\u00a0\u00bb,\u00a0\u00bb\/societe\u00a0\u00bb],\u00a0\u00bbfooter\u00a0\u00bb:[],\u00a0\u00bbfooter2&Prime;:[\u00ab\u00a0https:\/\/www.liberation.fr\/\u00a0\u00bb,\u00a0\u00bb\/societe\u00a0\u00bb]},\u00a0\u00bbparent\u00a0\u00bb:{\u00ab\u00a0default\u00a0\u00bb:\u00a0\u00bb\/societe\u00a0\u00bb,\u00a0\u00bbheadernav\u00a0\u00bb:\u00a0\u00bb\/societe\u00a0\u00bb,\u00a0\u00bbburgermenu\u00a0\u00bb:\u00a0\u00bb\/societe\u00a0\u00bb,\u00a0\u00bbamp-menu\u00a0\u00bb:\u00a0\u00bb\/societe\u00a0\u00bb,\u00a0\u00bbfooter\u00a0\u00bb:null,\u00a0\u00bbfooter2&Prime;:\u00a0\u00bb\/societe\u00a0\u00bb},\u00a0\u00bborder\u00a0\u00bb:{\u00ab\u00a0burgermenu\u00a0\u00bb:2006,\u00a0\u00bbheadernav\u00a0\u00bb:2007,\u00a0\u00bbamp-menu\u00a0\u00bb:2006,\u00a0\u00bbfooter2&Prime;:2004,\u00a0\u00bbdefault\u00a0\u00bb:2008},\u00a0\u00bb_admin\u00a0\u00bb:{\u00ab\u00a0alias_ids\u00a0\u00bb:[\u00ab\u00a0\/societe\/religions\u00a0\u00bb,\u00a0\u00bb200037&Prime;]},\u00a0\u00bbnavigation\u00a0\u00bb:{\u00ab\u00a0nav_title\u00a0\u00bb:\u00a0\u00bbReligions\u00a0\u00bb},\u00a0\u00bbsite\u00a0\u00bb:{\u00ab\u00a0pagebuilder_path_for_native_apps\u00a0\u00bb:null,\u00a0\u00bbsite_about\u00a0\u00bb:null,\u00a0\u00bbsite_description\u00a0\u00bb:\u00a0\u00bbLib\u00e9ration d\u00e9crypte pour vous toutes les actualit\u00e9s concernant les religions en continu : nos enqu\u00eates, interviews, vid\u00e9os et infos dans le monde par nos journalistes et correspondants.\u00a0\u00bb,\u00a0\u00bbsite_keywords\u00a0\u00bb:null,\u00a0\u00bbsite_tagline\u00a0\u00bb:null,\u00a0\u00bbsite_title\u00a0\u00bb:\u00a0\u00bbReligions : actualit\u00e9s, enqu\u00eates et infos en direct &#8211; Lib\u00e9ration\u00a0\u00bb,\u00a0\u00bbsite_url\u00a0\u00bb:null},\u00a0\u00bbsite_topper\u00a0\u00bb:{\u00ab\u00a0site_logo_image\u00a0\u00bb:null},\u00a0\u00bbsocial\u00a0\u00bb:{\u00ab\u00a0facebook\u00a0\u00bb:null,\u00a0\u00bbinstagram\u00a0\u00bb:null,\u00a0\u00bbrss\u00a0\u00bb:null,\u00a0\u00bbtwitter\u00a0\u00bb:null},\u00a0\u00bbnode_type\u00a0\u00bb:\u00a0\u00bbsection\u00a0\u00bb,\u00a0\u00bbchildren\u00a0\u00bb:[]},{\u00ab\u00a0_id\u00a0\u00bb:\u00a0\u00bb\/societe\/ville\u00a0\u00bb,\u00a0\u00bbsite\u00a0\u00bb:{\u00ab\u00a0site_tagline\u00a0\u00bb:null,\u00a0\u00bbsite_url\u00a0\u00bb:null,\u00a0\u00bbsite_title\u00a0\u00bb:\u00a0\u00bbVille : actualit\u00e9s sur l&rsquo;urbanisme et la politique de la ville &#8211; Lib\u00e9ration\u00a0\u00bb,\u00a0\u00bbpagebuilder_path_for_native_apps\u00a0\u00bb:null,\u00a0\u00bbsite_about\u00a0\u00bb:null,\u00a0\u00bbsite_description\u00a0\u00bb:\u00a0\u00bbRetrouvez ici tous les articles de Lib\u00e9ration concernant l&rsquo;urbanisme et la politique dans les villes et communes de France : infos, reportages, analyses, interviews&#8230;\u00a0\u00bb,\u00a0\u00bbsite_keywords\u00a0\u00bb:null},\u00a0\u00bbsite_topper\u00a0\u00bb:{\u00ab\u00a0site_logo_image\u00a0\u00bb:null},\u00a0\u00bbsocial\u00a0\u00bb:{\u00ab\u00a0twitter\u00a0\u00bb:null,\u00a0\u00bbfacebook\u00a0\u00bb:null,\u00a0\u00bbrss\u00a0\u00bb:null,\u00a0\u00bbinstagram\u00a0\u00bb:null},\u00a0\u00bbnavigation\u00a0\u00bb:{\u00ab\u00a0nav_title\u00a0\u00bb:\u00a0\u00bbVille\u00a0\u00bb},\u00a0\u00bb_admin\u00a0\u00bb:{\u00ab\u00a0alias_ids\u00a0\u00bb:[\u00ab\u00a0\/societe\/ville\u00a0\u00bb,\u00a0\u00bb200038&Prime;]},\u00a0\u00bb_website\u00a0\u00bb:\u00a0\u00bbliberation\u00a0\u00bb,\u00a0\u00bbname\u00a0\u00bb:\u00a0\u00bbVille\u00a0\u00bb,\u00a0\u00bborder\u00a0\u00bb:{\u00ab\u00a0burgermenu\u00a0\u00bb:2008,\u00a0\u00bbheadernav\u00a0\u00bb:2008,\u00a0\u00bbamp-menu\u00a0\u00bb:2009,\u00a0\u00bbfooter2&Prime;:2003,\u00a0\u00bbdefault\u00a0\u00bb:2009},\u00a0\u00bbparent\u00a0\u00bb:{\u00ab\u00a0default\u00a0\u00bb:\u00a0\u00bb\/societe\u00a0\u00bb,\u00a0\u00bbheadernav\u00a0\u00bb:\u00a0\u00bb\/societe\u00a0\u00bb,\u00a0\u00bbburgermenu\u00a0\u00bb:\u00a0\u00bb\/societe\u00a0\u00bb,\u00a0\u00bbamp-menu\u00a0\u00bb:\u00a0\u00bb\/societe\u00a0\u00bb,\u00a0\u00bbfooter\u00a0\u00bb:null,\u00a0\u00bbfooter2&Prime;:\u00a0\u00bb\/societe\u00a0\u00bb},\u00a0\u00bbancestors\u00a0\u00bb:{\u00ab\u00a0default\u00a0\u00bb:[\u00ab\u00a0https:\/\/www.liberation.fr\/\u00a0\u00bb,\u00a0\u00bb\/societe\u00a0\u00bb],\u00a0\u00bbheadernav\u00a0\u00bb:[\u00ab\u00a0https:\/\/www.liberation.fr\/\u00a0\u00bb,\u00a0\u00bb\/societe\u00a0\u00bb],\u00a0\u00bbburgermenu\u00a0\u00bb:[\u00ab\u00a0\/societe\u00a0\u00bb,\u00a0\u00bbhttps:\/\/www.liberation.fr\/\u00a0\u00bb],\u00a0\u00bbamp-menu\u00a0\u00bb:[\u00ab\u00a0https:\/\/www.liberation.fr\/\u00a0\u00bb,\u00a0\u00bb\/societe\u00a0\u00bb],\u00a0\u00bbfooter\u00a0\u00bb:[],\u00a0\u00bbfooter2&Prime;:[\u00ab\u00a0https:\/\/www.liberation.fr\/\u00a0\u00bb,\u00a0\u00bb\/societe\u00a0\u00bb]},\u00a0\u00bbinactive\u00a0\u00bb:false,\u00a0\u00bbnode_type\u00a0\u00bb:\u00a0\u00bbsection\u00a0\u00bb,\u00a0\u00bbchildren\u00a0\u00bb:[]},{\u00ab\u00a0_id\u00a0\u00bb:\u00a0\u00bb\/societe\/sexualite-et-genres\u00a0\u00bb,\u00a0\u00bb_website\u00a0\u00bb:\u00a0\u00bbliberation\u00a0\u00bb,\u00a0\u00bbname\u00a0\u00bb:\u00a0\u00bbSexualit\u00e9s et genres\u00a0\u00bb,\u00a0\u00bbinactive\u00a0\u00bb:false,\u00a0\u00bbancestors\u00a0\u00bb:{\u00ab\u00a0default\u00a0\u00bb:[\u00ab\u00a0https:\/\/www.liberation.fr\/\u00a0\u00bb,\u00a0\u00bb\/societe\u00a0\u00bb],\u00a0\u00bbheadernav\u00a0\u00bb:[\u00ab\u00a0https:\/\/www.liberation.fr\/\u00a0\u00bb,\u00a0\u00bb\/societe\u00a0\u00bb],\u00a0\u00bbburgermenu\u00a0\u00bb:[\u00ab\u00a0\/societe\u00a0\u00bb,\u00a0\u00bbhttps:\/\/www.liberation.fr\/\u00a0\u00bb],\u00a0\u00bbamp-menu\u00a0\u00bb:[\u00ab\u00a0https:\/\/www.liberation.fr\/\u00a0\u00bb,\u00a0\u00bb\/societe\u00a0\u00bb],\u00a0\u00bbfooter\u00a0\u00bb:[],\u00a0\u00bbfooter2&Prime;:[\u00ab\u00a0https:\/\/www.liberation.fr\/\u00a0\u00bb,\u00a0\u00bb\/societe\u00a0\u00bb]},\u00a0\u00bbparent\u00a0\u00bb:{\u00ab\u00a0default\u00a0\u00bb:\u00a0\u00bb\/societe\u00a0\u00bb,\u00a0\u00bbheadernav\u00a0\u00bb:\u00a0\u00bb\/societe\u00a0\u00bb,\u00a0\u00bbburgermenu\u00a0\u00bb:\u00a0\u00bb\/societe\u00a0\u00bb,\u00a0\u00bbamp-menu\u00a0\u00bb:\u00a0\u00bb\/societe\u00a0\u00bb,\u00a0\u00bbfooter\u00a0\u00bb:null,\u00a0\u00bbfooter2&Prime;:\u00a0\u00bb\/societe\u00a0\u00bb},\u00a0\u00bborder\u00a0\u00bb:{\u00ab\u00a0burgermenu\u00a0\u00bb:2009,\u00a0\u00bbheadernav\u00a0\u00bb:2009,\u00a0\u00bbamp-menu\u00a0\u00bb:2008,\u00a0\u00bbfooter2&Prime;:2002,\u00a0\u00bbdefault\u00a0\u00bb:2007},\u00a0\u00bb_admin\u00a0\u00bb:{\u00ab\u00a0alias_ids\u00a0\u00bb:[\u00ab\u00a0\/societe\/sexualite-et-genres\u00a0\u00bb,\u00a0\u00bb200039&Prime;]},\u00a0\u00bbnavigation\u00a0\u00bb:{\u00ab\u00a0nav_title\u00a0\u00bb:\u00a0\u00bbSexualit\u00e9s et genres\u00a0\u00bb},\u00a0\u00bbsite\u00a0\u00bb:{\u00ab\u00a0pagebuilder_path_for_native_apps\u00a0\u00bb:null,\u00a0\u00bbsite_about\u00a0\u00bb:null,\u00a0\u00bbsite_description\u00a0\u00bb:\u00a0\u00bbLib\u00e9ration d\u00e9crypte pour vous toutes les actualit\u00e9s sexualit\u00e9s et genres en continu : nos enqu\u00eates, interviews, vid\u00e9os et infos dans le monde par nos journalistes et correspondants.\u00a0\u00bb,\u00a0\u00bbsite_keywords\u00a0\u00bb:null,\u00a0\u00bbsite_tagline\u00a0\u00bb:null,\u00a0\u00bbsite_title\u00a0\u00bb:\u00a0\u00bbSexe et genre : actualit\u00e9s, enqu\u00eates et infos en direct &#8211; Lib\u00e9ration\u00a0\u00bb,\u00a0\u00bbsite_url\u00a0\u00bb:null},\u00a0\u00bbsite_topper\u00a0\u00bb:{\u00ab\u00a0site_logo_image\u00a0\u00bb:null},\u00a0\u00bbsocial\u00a0\u00bb:{\u00ab\u00a0facebook\u00a0\u00bb:null,\u00a0\u00bbinstagram\u00a0\u00bb:null,\u00a0\u00bbrss\u00a0\u00bb:null,\u00a0\u00bbtwitter\u00a0\u00bb:null},\u00a0\u00bbnode_type\u00a0\u00bb:\u00a0\u00bbsection\u00a0\u00bb,\u00a0\u00bbchildren\u00a0\u00bb:[]}]},{\u00ab\u00a0_id\u00a0\u00bb:\u00a0\u00bblink-M4CANHD3BVCH3MAUTLJ7PWI6SM\u00a0\u00bb,\u00a0\u00bb_website\u00a0\u00bb:\u00a0\u00bbliberation\u00a0\u00bb,\u00a0\u00bbdisplay_name\u00a0\u00bb:\u00a0\u00bbEnqu\u00eates\u00a0\u00bb,\u00a0\u00bburl\u00a0\u00bb:\u00a0\u00bbhttps:\/\/www.liberation.fr\/enquetes\/\u00a0\u00bb,\u00a0\u00bbparent\u00a0\u00bb:{\u00ab\u00a0headernav\u00a0\u00bb:\u00a0\u00bbhttps:\/\/www.liberation.fr\/\u00a0\u00bb},\u00a0\u00bborder\u00a0\u00bb:{\u00ab\u00a0headernav\u00a0\u00bb:1008},\u00a0\u00bbnode_type\u00a0\u00bb:\u00a0\u00bblink\u00a0\u00bb,\u00a0\u00bbchildren\u00a0\u00bb:[]},{\u00ab\u00a0_id\u00a0\u00bb:\u00a0\u00bb\/environnement\u00a0\u00bb,\u00a0\u00bb_website\u00a0\u00bb:\u00a0\u00bbliberation\u00a0\u00bb,\u00a0\u00bbname\u00a0\u00bb:\u00a0\u00bbEnvironnement\u00a0\u00bb,\u00a0\u00bbinactive\u00a0\u00bb:false,\u00a0\u00bbancestors\u00a0\u00bb:{\u00ab\u00a0default\u00a0\u00bb:[\u00ab\u00a0https:\/\/www.liberation.fr\/\u00a0\u00bb],\u00a0\u00bbamp-menu\u00a0\u00bb:[\u00ab\u00a0https:\/\/www.liberation.fr\/\u00a0\u00bb],\u00a0\u00bbburgermenu\u00a0\u00bb:[\u00ab\u00a0https:\/\/www.liberation.fr\/\u00a0\u00bb],\u00a0\u00bbfooter\u00a0\u00bb:[],\u00a0\u00bbheadernav\u00a0\u00bb:[\u00ab\u00a0https:\/\/www.liberation.fr\/\u00a0\u00bb],\u00a0\u00bbfooter2&Prime;:[]},\u00a0\u00bbparent\u00a0\u00bb:{\u00ab\u00a0default\u00a0\u00bb:\u00a0\u00bbhttps:\/\/www.liberation.fr\/\u00a0\u00bb,\u00a0\u00bbamp-menu\u00a0\u00bb:\u00a0\u00bbhttps:\/\/www.liberation.fr\/\u00a0\u00bb,\u00a0\u00bbburgermenu\u00a0\u00bb:\u00a0\u00bbhttps:\/\/www.liberation.fr\/\u00a0\u00bb,\u00a0\u00bbfooter\u00a0\u00bb:null,\u00a0\u00bbheadernav\u00a0\u00bb:\u00a0\u00bbhttps:\/\/www.liberation.fr\/\u00a0\u00bb,\u00a0\u00bbfooter2&Prime;:\u00a0\u00bbhttps:\/\/www.liberation.fr\/\u00a0\u00bb},\u00a0\u00bborder\u00a0\u00bb:{\u00ab\u00a0amp-menu\u00a0\u00bb:1008,\u00a0\u00bbburgermenu\u00a0\u00bb:1007,\u00a0\u00bbdefault\u00a0\u00bb:1007,\u00a0\u00bbheadernav\u00a0\u00bb:1009,\u00a0\u00bbfooter2&Prime;:1004},\u00a0\u00bb_admin\u00a0\u00bb:{\u00ab\u00a0alias_ids\u00a0\u00bb:[\u00ab\u00a0\/environnement\u00a0\u00bb,\u00a0\u00bb89&Prime;]},\u00a0\u00bbnavigation\u00a0\u00bb:{\u00ab\u00a0nav_title\u00a0\u00bb:null},\u00a0\u00bbsite\u00a0\u00bb:{\u00ab\u00a0pagebuilder_path_for_native_apps\u00a0\u00bb:null,\u00a0\u00bbsite_about\u00a0\u00bb:null,\u00a0\u00bbsite_description\u00a0\u00bb:\u00a0\u00bbRetrouvez toutes les derni\u00e8res infos sur l&rsquo;environnement et les enjeux pour la plan\u00e8te : climat, pollution, agriculture, biodiversit\u00e9, alimentation&#8230;\u00a0\u00bb,\u00a0\u00bbsite_keywords\u00a0\u00bb:null,\u00a0\u00bbsite_tagline\u00a0\u00bb:null,\u00a0\u00bbsite_title\u00a0\u00bb:\u00a0\u00bbToute l\u2019actualit\u00e9 Environnement avec Lib\u00e9ration\u00a0\u00bb,\u00a0\u00bbsite_url\u00a0\u00bb:null},\u00a0\u00bbsite_topper\u00a0\u00bb:{\u00ab\u00a0site_logo_image\u00a0\u00bb:null},\u00a0\u00bbsocial\u00a0\u00bb:{\u00ab\u00a0facebook\u00a0\u00bb:null,\u00a0\u00bbinstagram\u00a0\u00bb:null,\u00a0\u00bbrss\u00a0\u00bb:null,\u00a0\u00bbtwitter\u00a0\u00bb:null},\u00a0\u00bbnode_type\u00a0\u00bb:\u00a0\u00bbsection\u00a0\u00bb,\u00a0\u00bbchildren\u00a0\u00bb:[{\u00ab\u00a0_id\u00a0\u00bb:\u00a0\u00bb\/environnement\/biodiversite\u00a0\u00bb,\u00a0\u00bbsite\u00a0\u00bb:{\u00ab\u00a0site_tagline\u00a0\u00bb:null,\u00a0\u00bbsite_url\u00a0\u00bb:null,\u00a0\u00bbsite_title\u00a0\u00bb:\u00a0\u00bbBiodiversit\u00e9 : actualit\u00e9s et informations &#8211; Lib\u00e9ration\u00a0\u00bb,\u00a0\u00bbpagebuilder_path_for_native_apps\u00a0\u00bb:null,\u00a0\u00bbsite_about\u00a0\u00bb:null,\u00a0\u00bbsite_description\u00a0\u00bb:\u00a0\u00bbRetrouvez toute l&rsquo;actualit\u00e9 sur la biodiversit\u00e9 et ses enjeux sur la soci\u00e9t\u00e9 : derniers articles, analyses et t\u00e9moignages de la rubrique Biodiversit\u00e9 de Lib\u00e9ration.\u00a0\u00bb,\u00a0\u00bbsite_keywords\u00a0\u00bb:null},\u00a0\u00bbsite_topper\u00a0\u00bb:{\u00ab\u00a0site_logo_image\u00a0\u00bb:null},\u00a0\u00bbsocial\u00a0\u00bb:{\u00ab\u00a0twitter\u00a0\u00bb:null,\u00a0\u00bbfacebook\u00a0\u00bb:null,\u00a0\u00bbrss\u00a0\u00bb:null,\u00a0\u00bbinstagram\u00a0\u00bb:null},\u00a0\u00bbnavigation\u00a0\u00bb:{\u00ab\u00a0nav_title\u00a0\u00bb:\u00a0\u00bbBiodiversit\u00e9\u00a0\u00bb},\u00a0\u00bb_admin\u00a0\u00bb:{\u00ab\u00a0alias_ids\u00a0\u00bb:[\u00ab\u00a0\/environnement\/biodiversite\u00a0\u00bb,\u00a0\u00bb200014&Prime;]},\u00a0\u00bb_website\u00a0\u00bb:\u00a0\u00bbliberation\u00a0\u00bb,\u00a0\u00bbname\u00a0\u00bb:\u00a0\u00bbBiodiversit\u00e9\u00a0\u00bb,\u00a0\u00bborder\u00a0\u00bb:{\u00ab\u00a0burgermenu\u00a0\u00bb:2004,\u00a0\u00bbamp-menu\u00a0\u00bb:2003,\u00a0\u00bbdefault\u00a0\u00bb:2004},\u00a0\u00bbparent\u00a0\u00bb:{\u00ab\u00a0default\u00a0\u00bb:\u00a0\u00bb\/environnement\u00a0\u00bb,\u00a0\u00bbfooter\u00a0\u00bb:null,\u00a0\u00bbheadernav\u00a0\u00bb:\u00a0\u00bb\/environnement\u00a0\u00bb,\u00a0\u00bbburgermenu\u00a0\u00bb:\u00a0\u00bb\/environnement\u00a0\u00bb,\u00a0\u00bbamp-menu\u00a0\u00bb:\u00a0\u00bb\/environnement\u00a0\u00bb,\u00a0\u00bbfooter2&Prime;:\u00a0\u00bb\/environnement\u00a0\u00bb},\u00a0\u00bbancestors\u00a0\u00bb:{\u00ab\u00a0default\u00a0\u00bb:[\u00ab\u00a0\/environnement\u00a0\u00bb,\u00a0\u00bbhttps:\/\/www.liberation.fr\/\u00a0\u00bb],\u00a0\u00bbfooter\u00a0\u00bb:[],\u00a0\u00bbheadernav\u00a0\u00bb:[\u00ab\u00a0\/environnement\u00a0\u00bb],\u00a0\u00bbburgermenu\u00a0\u00bb:[\u00ab\u00a0\/environnement\u00a0\u00bb,\u00a0\u00bbhttps:\/\/www.liberation.fr\/\u00a0\u00bb],\u00a0\u00bbamp-menu\u00a0\u00bb:[\u00ab\u00a0https:\/\/www.liberation.fr\/\u00a0\u00bb,\u00a0\u00bb\/environnement\u00a0\u00bb],\u00a0\u00bbfooter2&Prime;:[\u00ab\u00a0\/environnement\u00a0\u00bb]},\u00a0\u00bbinactive\u00a0\u00bb:false,\u00a0\u00bbnode_type\u00a0\u00bb:\u00a0\u00bbsection\u00a0\u00bb,\u00a0\u00bbchildren\u00a0\u00bb:[]},{\u00ab\u00a0_id\u00a0\u00bb:\u00a0\u00bb\/environnement\/alimentation\u00a0\u00bb,\u00a0\u00bbsite\u00a0\u00bb:{\u00ab\u00a0site_tagline\u00a0\u00bb:null,\u00a0\u00bbsite_url\u00a0\u00bb:null,\u00a0\u00bbsite_title\u00a0\u00bb:\u00a0\u00bbAlimentation : actualit\u00e9s et informations &#8211; Lib\u00e9ration\u00a0\u00bb,\u00a0\u00bbpagebuilder_path_for_native_apps\u00a0\u00bb:null,\u00a0\u00bbsite_about\u00a0\u00bb:null,\u00a0\u00bbsite_description\u00a0\u00bb:\u00a0\u00bbRetrouvez toute l&rsquo;actualit\u00e9 sur l&rsquo;alimentation et ses enjeux sur la soci\u00e9t\u00e9 : derniers articles, analyses et t\u00e9moignages de la rubrique Alimentation de Lib\u00e9ration.\u00a0\u00bb,\u00a0\u00bbsite_keywords\u00a0\u00bb:null},\u00a0\u00bbsite_topper\u00a0\u00bb:{\u00ab\u00a0site_logo_image\u00a0\u00bb:null},\u00a0\u00bbsocial\u00a0\u00bb:{\u00ab\u00a0twitter\u00a0\u00bb:null,\u00a0\u00bbfacebook\u00a0\u00bb:null,\u00a0\u00bbrss\u00a0\u00bb:null,\u00a0\u00bbinstagram\u00a0\u00bb:null},\u00a0\u00bbnavigation\u00a0\u00bb:{\u00ab\u00a0nav_title\u00a0\u00bb:\u00a0\u00bbAlimentation\u00a0\u00bb},\u00a0\u00bb_admin\u00a0\u00bb:{\u00ab\u00a0alias_ids\u00a0\u00bb:[\u00ab\u00a0\/environnement\/alimentation\u00a0\u00bb,\u00a0\u00bb200011&Prime;]},\u00a0\u00bb_website\u00a0\u00bb:\u00a0\u00bbliberation\u00a0\u00bb,\u00a0\u00bbname\u00a0\u00bb:\u00a0\u00bbAlimentation\u00a0\u00bb,\u00a0\u00bborder\u00a0\u00bb:{\u00ab\u00a0burgermenu\u00a0\u00bb:2003,\u00a0\u00bbamp-menu\u00a0\u00bb:2002,\u00a0\u00bbdefault\u00a0\u00bb:2002},\u00a0\u00bbparent\u00a0\u00bb:{\u00ab\u00a0default\u00a0\u00bb:\u00a0\u00bb\/environnement\u00a0\u00bb,\u00a0\u00bbfooter\u00a0\u00bb:null,\u00a0\u00bbheadernav\u00a0\u00bb:\u00a0\u00bb\/environnement\u00a0\u00bb,\u00a0\u00bbburgermenu\u00a0\u00bb:\u00a0\u00bb\/environnement\u00a0\u00bb,\u00a0\u00bbamp-menu\u00a0\u00bb:\u00a0\u00bb\/environnement\u00a0\u00bb,\u00a0\u00bbfooter2&Prime;:\u00a0\u00bb\/environnement\u00a0\u00bb},\u00a0\u00bbancestors\u00a0\u00bb:{\u00ab\u00a0default\u00a0\u00bb:[\u00ab\u00a0\/environnement\u00a0\u00bb,\u00a0\u00bbhttps:\/\/www.liberation.fr\/\u00a0\u00bb],\u00a0\u00bbfooter\u00a0\u00bb:[],\u00a0\u00bbheadernav\u00a0\u00bb:[\u00ab\u00a0\/environnement\u00a0\u00bb],\u00a0\u00bbburgermenu\u00a0\u00bb:[\u00ab\u00a0\/environnement\u00a0\u00bb,\u00a0\u00bbhttps:\/\/www.liberation.fr\/\u00a0\u00bb],\u00a0\u00bbamp-menu\u00a0\u00bb:[\u00ab\u00a0https:\/\/www.liberation.fr\/\u00a0\u00bb,\u00a0\u00bb\/environnement\u00a0\u00bb],\u00a0\u00bbfooter2&Prime;:[\u00ab\u00a0\/environnement\u00a0\u00bb]},\u00a0\u00bbinactive\u00a0\u00bb:false,\u00a0\u00bbnode_type\u00a0\u00bb:\u00a0\u00bbsection\u00a0\u00bb,\u00a0\u00bbchildren\u00a0\u00bb:[]},{\u00ab\u00a0_id\u00a0\u00bb:\u00a0\u00bb\/environnement\/agriculture\u00a0\u00bb,\u00a0\u00bbsite\u00a0\u00bb:{\u00ab\u00a0site_tagline\u00a0\u00bb:null,\u00a0\u00bbsite_url\u00a0\u00bb:null,\u00a0\u00bbsite_title\u00a0\u00bb:\u00a0\u00bbAgriculture : actualit\u00e9s et informations &#8211; Lib\u00e9ration\u00a0\u00bb,\u00a0\u00bbpagebuilder_path_for_native_apps\u00a0\u00bb:null,\u00a0\u00bbsite_about\u00a0\u00bb:null,\u00a0\u00bbsite_description\u00a0\u00bb:\u00a0\u00bbRetrouvez toute l&rsquo;actualit\u00e9 sur l&rsquo;agriculture et ses enjeux sur la soci\u00e9t\u00e9 : derniers articles, analyses et t\u00e9moignages de la rubrique Agriculture de Lib\u00e9ration.\u00a0\u00bb,\u00a0\u00bbsite_keywords\u00a0\u00bb:null},\u00a0\u00bbsite_topper\u00a0\u00bb:{\u00ab\u00a0site_logo_image\u00a0\u00bb:null},\u00a0\u00bbsocial\u00a0\u00bb:{\u00ab\u00a0twitter\u00a0\u00bb:null,\u00a0\u00bbfacebook\u00a0\u00bb:null,\u00a0\u00bbrss\u00a0\u00bb:null,\u00a0\u00bbinstagram\u00a0\u00bb:null},\u00a0\u00bbnavigation\u00a0\u00bb:{\u00ab\u00a0nav_title\u00a0\u00bb:\u00a0\u00bbAgriculture\u00a0\u00bb},\u00a0\u00bb_admin\u00a0\u00bb:{\u00ab\u00a0alias_ids\u00a0\u00bb:[\u00ab\u00a0\/environnement\/agriculture\u00a0\u00bb,\u00a0\u00bb200013&Prime;]},\u00a0\u00bb_website\u00a0\u00bb:\u00a0\u00bbliberation\u00a0\u00bb,\u00a0\u00bbname\u00a0\u00bb:\u00a0\u00bbAgriculture\u00a0\u00bb,\u00a0\u00bborder\u00a0\u00bb:{\u00ab\u00a0burgermenu\u00a0\u00bb:2002,\u00a0\u00bbamp-menu\u00a0\u00bb:2001,\u00a0\u00bbdefault\u00a0\u00bb:2003},\u00a0\u00bbparent\u00a0\u00bb:{\u00ab\u00a0default\u00a0\u00bb:\u00a0\u00bb\/environnement\u00a0\u00bb,\u00a0\u00bbheadernav\u00a0\u00bb:\u00a0\u00bb\/environnement\u00a0\u00bb,\u00a0\u00bbburgermenu\u00a0\u00bb:\u00a0\u00bb\/environnement\u00a0\u00bb,\u00a0\u00bbamp-menu\u00a0\u00bb:\u00a0\u00bb\/environnement\u00a0\u00bb,\u00a0\u00bbfooter\u00a0\u00bb:null,\u00a0\u00bbfooter2&Prime;:\u00a0\u00bb\/environnement\u00a0\u00bb},\u00a0\u00bbancestors\u00a0\u00bb:{\u00ab\u00a0default\u00a0\u00bb:[\u00ab\u00a0\/environnement\u00a0\u00bb,\u00a0\u00bbhttps:\/\/www.liberation.fr\/\u00a0\u00bb],\u00a0\u00bbheadernav\u00a0\u00bb:[\u00ab\u00a0\/environnement\u00a0\u00bb],\u00a0\u00bbburgermenu\u00a0\u00bb:[\u00ab\u00a0\/environnement\u00a0\u00bb,\u00a0\u00bbhttps:\/\/www.liberation.fr\/\u00a0\u00bb],\u00a0\u00bbamp-menu\u00a0\u00bb:[\u00ab\u00a0https:\/\/www.liberation.fr\/\u00a0\u00bb,\u00a0\u00bb\/environnement\u00a0\u00bb],\u00a0\u00bbfooter\u00a0\u00bb:[],\u00a0\u00bbfooter2&Prime;:[\u00ab\u00a0\/environnement\u00a0\u00bb]},\u00a0\u00bbinactive\u00a0\u00bb:false,\u00a0\u00bbnode_type\u00a0\u00bb:\u00a0\u00bbsection\u00a0\u00bb,\u00a0\u00bbchildren\u00a0\u00bb:[]},{\u00ab\u00a0_id\u00a0\u00bb:\u00a0\u00bb\/environnement\/climat\u00a0\u00bb,\u00a0\u00bbsite\u00a0\u00bb:{\u00ab\u00a0site_tagline\u00a0\u00bb:null,\u00a0\u00bbsite_url\u00a0\u00bb:null,\u00a0\u00bbsite_title\u00a0\u00bb:\u00a0\u00bbClimat : actualit\u00e9s et informations &#8211; Lib\u00e9ration\u00a0\u00bb,\u00a0\u00bbpagebuilder_path_for_native_apps\u00a0\u00bb:null,\u00a0\u00bbsite_about\u00a0\u00bb:null,\u00a0\u00bbsite_description\u00a0\u00bb:\u00a0\u00bbRetrouvez toute l&rsquo;actualit\u00e9 sur le climat et ses enjeux sur la soci\u00e9t\u00e9 : derniers articles, analyses et t\u00e9moignages de la rubrique Climat de Lib\u00e9ration.\u00a0\u00bb,\u00a0\u00bbsite_keywords\u00a0\u00bb:null},\u00a0\u00bbsite_topper\u00a0\u00bb:{\u00ab\u00a0site_logo_image\u00a0\u00bb:null},\u00a0\u00bbsocial\u00a0\u00bb:{\u00ab\u00a0twitter\u00a0\u00bb:null,\u00a0\u00bbfacebook\u00a0\u00bb:null,\u00a0\u00bbrss\u00a0\u00bb:null,\u00a0\u00bbinstagram\u00a0\u00bb:null},\u00a0\u00bbnavigation\u00a0\u00bb:{\u00ab\u00a0nav_title\u00a0\u00bb:\u00a0\u00bbClimat\u00a0\u00bb},\u00a0\u00bb_admin\u00a0\u00bb:{\u00ab\u00a0alias_ids\u00a0\u00bb:[\u00ab\u00a0\/environnement\/climat\u00a0\u00bb,\u00a0\u00bb200053&Prime;]},\u00a0\u00bb_website\u00a0\u00bb:\u00a0\u00bbliberation\u00a0\u00bb,\u00a0\u00bbname\u00a0\u00bb:\u00a0\u00bbClimat\u00a0\u00bb,\u00a0\u00bborder\u00a0\u00bb:{\u00ab\u00a0burgermenu\u00a0\u00bb:2005,\u00a0\u00bbamp-menu\u00a0\u00bb:2004,\u00a0\u00bbdefault\u00a0\u00bb:2005},\u00a0\u00bbparent\u00a0\u00bb:{\u00ab\u00a0default\u00a0\u00bb:\u00a0\u00bb\/environnement\u00a0\u00bb,\u00a0\u00bbfooter\u00a0\u00bb:null,\u00a0\u00bbheadernav\u00a0\u00bb:\u00a0\u00bb\/environnement\u00a0\u00bb,\u00a0\u00bbburgermenu\u00a0\u00bb:\u00a0\u00bb\/environnement\u00a0\u00bb,\u00a0\u00bbamp-menu\u00a0\u00bb:\u00a0\u00bb\/environnement\u00a0\u00bb,\u00a0\u00bbfooter2&Prime;:\u00a0\u00bb\/environnement\u00a0\u00bb},\u00a0\u00bbancestors\u00a0\u00bb:{\u00ab\u00a0default\u00a0\u00bb:[\u00ab\u00a0\/environnement\u00a0\u00bb,\u00a0\u00bbhttps:\/\/www.liberation.fr\/\u00a0\u00bb],\u00a0\u00bbfooter\u00a0\u00bb:[],\u00a0\u00bbheadernav\u00a0\u00bb:[\u00ab\u00a0\/environnement\u00a0\u00bb],\u00a0\u00bbburgermenu\u00a0\u00bb:[\u00ab\u00a0\/environnement\u00a0\u00bb,\u00a0\u00bbhttps:\/\/www.liberation.fr\/\u00a0\u00bb],\u00a0\u00bbamp-menu\u00a0\u00bb:[\u00ab\u00a0https:\/\/www.liberation.fr\/\u00a0\u00bb,\u00a0\u00bb\/environnement\u00a0\u00bb],\u00a0\u00bbfooter2&Prime;:[\u00ab\u00a0\/environnement\u00a0\u00bb]},\u00a0\u00bbinactive\u00a0\u00bb:false,\u00a0\u00bbnode_type\u00a0\u00bb:\u00a0\u00bbsection\u00a0\u00bb,\u00a0\u00bbchildren\u00a0\u00bb:[]},{\u00ab\u00a0_id\u00a0\u00bb:\u00a0\u00bb\/environnement\/nucleaire\u00a0\u00bb,\u00a0\u00bbsite\u00a0\u00bb:{\u00ab\u00a0site_tagline\u00a0\u00bb:null,\u00a0\u00bbsite_url\u00a0\u00bb:null,\u00a0\u00bbsite_title\u00a0\u00bb:\u00a0\u00bbNucl\u00e9aire : actualit\u00e9s et informations &#8211; Lib\u00e9ration\u00a0\u00bb,\u00a0\u00bbpagebuilder_path_for_native_apps\u00a0\u00bb:null,\u00a0\u00bbsite_about\u00a0\u00bb:null,\u00a0\u00bbsite_description\u00a0\u00bb:\u00a0\u00bbRetrouvez toute l&rsquo;actualit\u00e9 sur le nucl\u00e9aire et ses enjeux sur la soci\u00e9t\u00e9 : derniers articles, analyses et t\u00e9moignages de la rubrique Nucl\u00e9aire de Lib\u00e9ration.\u00a0\u00bb,\u00a0\u00bbsite_keywords\u00a0\u00bb:null},\u00a0\u00bbsite_topper\u00a0\u00bb:{\u00ab\u00a0site_logo_image\u00a0\u00bb:null},\u00a0\u00bbsocial\u00a0\u00bb:{\u00ab\u00a0twitter\u00a0\u00bb:null,\u00a0\u00bbfacebook\u00a0\u00bb:null,\u00a0\u00bbrss\u00a0\u00bb:null,\u00a0\u00bbinstagram\u00a0\u00bb:null},\u00a0\u00bbnavigation\u00a0\u00bb:{\u00ab\u00a0nav_title\u00a0\u00bb:\u00a0\u00bbNucl\u00e9aire\u00a0\u00bb},\u00a0\u00bb_admin\u00a0\u00bb:{\u00ab\u00a0alias_ids\u00a0\u00bb:[\u00ab\u00a0\/environnement\/nucleaire\u00a0\u00bb,\u00a0\u00bb200015&Prime;]},\u00a0\u00bb_website\u00a0\u00bb:\u00a0\u00bbliberation\u00a0\u00bb,\u00a0\u00bbname\u00a0\u00bb:\u00a0\u00bbNucl\u00e9aire\u00a0\u00bb,\u00a0\u00bborder\u00a0\u00bb:{\u00ab\u00a0burgermenu\u00a0\u00bb:2006,\u00a0\u00bbamp-menu\u00a0\u00bb:2005,\u00a0\u00bbdefault\u00a0\u00bb:2006},\u00a0\u00bbparent\u00a0\u00bb:{\u00ab\u00a0default\u00a0\u00bb:\u00a0\u00bb\/environnement\u00a0\u00bb,\u00a0\u00bbheadernav\u00a0\u00bb:\u00a0\u00bb\/environnement\u00a0\u00bb,\u00a0\u00bbburgermenu\u00a0\u00bb:\u00a0\u00bb\/environnement\u00a0\u00bb,\u00a0\u00bbamp-menu\u00a0\u00bb:\u00a0\u00bb\/environnement\u00a0\u00bb,\u00a0\u00bbfooter\u00a0\u00bb:null,\u00a0\u00bbfooter2&Prime;:\u00a0\u00bb\/environnement\u00a0\u00bb},\u00a0\u00bbancestors\u00a0\u00bb:{\u00ab\u00a0default\u00a0\u00bb:[\u00ab\u00a0\/environnement\u00a0\u00bb,\u00a0\u00bbhttps:\/\/www.liberation.fr\/\u00a0\u00bb],\u00a0\u00bbheadernav\u00a0\u00bb:[\u00ab\u00a0\/environnement\u00a0\u00bb],\u00a0\u00bbburgermenu\u00a0\u00bb:[\u00ab\u00a0\/environnement\u00a0\u00bb,\u00a0\u00bbhttps:\/\/www.liberation.fr\/\u00a0\u00bb],\u00a0\u00bbamp-menu\u00a0\u00bb:[\u00ab\u00a0https:\/\/www.liberation.fr\/\u00a0\u00bb,\u00a0\u00bb\/environnement\u00a0\u00bb],\u00a0\u00bbfooter\u00a0\u00bb:[],\u00a0\u00bbfooter2&Prime;:[\u00ab\u00a0\/environnement\u00a0\u00bb]},\u00a0\u00bbinactive\u00a0\u00bb:false,\u00a0\u00bbnode_type\u00a0\u00bb:\u00a0\u00bbsection\u00a0\u00bb,\u00a0\u00bbchildren\u00a0\u00bb:[]},{\u00ab\u00a0_id\u00a0\u00bb:\u00a0\u00bb\/environnement\/pollution\u00a0\u00bb,\u00a0\u00bbsite\u00a0\u00bb:{\u00ab\u00a0site_tagline\u00a0\u00bb:null,\u00a0\u00bbsite_url\u00a0\u00bb:null,\u00a0\u00bbsite_title\u00a0\u00bb:\u00a0\u00bbPollution : actualit\u00e9s et informations &#8211; Lib\u00e9ration\u00a0\u00bb,\u00a0\u00bbpagebuilder_path_for_native_apps\u00a0\u00bb:null,\u00a0\u00bbsite_about\u00a0\u00bb:null,\u00a0\u00bbsite_description\u00a0\u00bb:\u00a0\u00bbRetrouvez toute l&rsquo;actualit\u00e9 sur la pollution et ses enjeux sur la soci\u00e9t\u00e9 : derniers articles, analyses et t\u00e9moignages de la rubrique Pollution de Lib\u00e9ration.\u00a0\u00bb,\u00a0\u00bbsite_keywords\u00a0\u00bb:null},\u00a0\u00bbsite_topper\u00a0\u00bb:{\u00ab\u00a0site_logo_image\u00a0\u00bb:null},\u00a0\u00bbsocial\u00a0\u00bb:{\u00ab\u00a0twitter\u00a0\u00bb:null,\u00a0\u00bbfacebook\u00a0\u00bb:null,\u00a0\u00bbrss\u00a0\u00bb:null,\u00a0\u00bbinstagram\u00a0\u00bb:null},\u00a0\u00bbnavigation\u00a0\u00bb:{\u00ab\u00a0nav_title\u00a0\u00bb:\u00a0\u00bbPollution\u00a0\u00bb},\u00a0\u00bb_admin\u00a0\u00bb:{\u00ab\u00a0alias_ids\u00a0\u00bb:[\u00ab\u00a0\/environnement\/pollution\u00a0\u00bb,\u00a0\u00bb200012&Prime;]},\u00a0\u00bb_website\u00a0\u00bb:\u00a0\u00bbliberation\u00a0\u00bb,\u00a0\u00bbname\u00a0\u00bb:\u00a0\u00bbPollution\u00a0\u00bb,\u00a0\u00bborder\u00a0\u00bb:{\u00ab\u00a0burgermenu\u00a0\u00bb:2007,\u00a0\u00bbamp-menu\u00a0\u00bb:2006,\u00a0\u00bbdefault\u00a0\u00bb:2007},\u00a0\u00bbparent\u00a0\u00bb:{\u00ab\u00a0default\u00a0\u00bb:\u00a0\u00bb\/environnement\u00a0\u00bb,\u00a0\u00bbheadernav\u00a0\u00bb:\u00a0\u00bb\/environnement\u00a0\u00bb,\u00a0\u00bbburgermenu\u00a0\u00bb:\u00a0\u00bb\/environnement\u00a0\u00bb,\u00a0\u00bbamp-menu\u00a0\u00bb:\u00a0\u00bb\/environnement\u00a0\u00bb,\u00a0\u00bbfooter\u00a0\u00bb:null,\u00a0\u00bbfooter2&Prime;:\u00a0\u00bb\/environnement\u00a0\u00bb},\u00a0\u00bbancestors\u00a0\u00bb:{\u00ab\u00a0default\u00a0\u00bb:[\u00ab\u00a0\/environnement\u00a0\u00bb,\u00a0\u00bbhttps:\/\/www.liberation.fr\/\u00a0\u00bb],\u00a0\u00bbheadernav\u00a0\u00bb:[\u00ab\u00a0\/environnement\u00a0\u00bb],\u00a0\u00bbburgermenu\u00a0\u00bb:[\u00ab\u00a0\/environnement\u00a0\u00bb,\u00a0\u00bbhttps:\/\/www.liberation.fr\/\u00a0\u00bb],\u00a0\u00bbamp-menu\u00a0\u00bb:[\u00ab\u00a0https:\/\/www.liberation.fr\/\u00a0\u00bb,\u00a0\u00bb\/environnement\u00a0\u00bb],\u00a0\u00bbfooter\u00a0\u00bb:[],\u00a0\u00bbfooter2&Prime;:[\u00ab\u00a0\/environnement\u00a0\u00bb]},\u00a0\u00bbinactive\u00a0\u00bb:false,\u00a0\u00bbnode_type\u00a0\u00bb:\u00a0\u00bbsection\u00a0\u00bb,\u00a0\u00bbchildren\u00a0\u00bb:[]}]},{\u00ab\u00a0_id\u00a0\u00bb:\u00a0\u00bb\/economie\u00a0\u00bb,\u00a0\u00bbsite\u00a0\u00bb:{\u00ab\u00a0site_tagline\u00a0\u00bb:null,\u00a0\u00bbsite_url\u00a0\u00bb:null,\u00a0\u00bbsite_title\u00a0\u00bb:\u00a0\u00bbEconomie : toute l&rsquo;actualit\u00e9 \u00e9conomique avec Lib\u00e9ration\u00a0\u00bb,\u00a0\u00bbsite_about\u00a0\u00bb:null,\u00a0\u00bbpagebuilder_path_for_native_apps\u00a0\u00bb:null,\u00a0\u00bbsite_description\u00a0\u00bb:\u00a0\u00bbRetrouvez toute l&rsquo;actualit\u00e9 \u00e9conomique et financi\u00e8re en France et \u00e0 l&rsquo;international : conjoncture, \u00e9conomie num\u00e9rique, m\u00e9dias, social, transports&#8230;\u00a0\u00bb,\u00a0\u00bbsite_keywords\u00a0\u00bb:null},\u00a0\u00bbsite_topper\u00a0\u00bb:{\u00ab\u00a0site_logo_image\u00a0\u00bb:null},\u00a0\u00bbsocial\u00a0\u00bb:{\u00ab\u00a0twitter\u00a0\u00bb:null,\u00a0\u00bbfacebook\u00a0\u00bb:null,\u00a0\u00bbrss\u00a0\u00bb:null,\u00a0\u00bbinstagram\u00a0\u00bb:null},\u00a0\u00bbnavigation\u00a0\u00bb:{\u00ab\u00a0nav_title\u00a0\u00bb:\u00a0\u00bbEconomie\u00a0\u00bb},\u00a0\u00bb_admin\u00a0\u00bb:{\u00ab\u00a0alias_ids\u00a0\u00bb:[\u00ab\u00a0https:\/\/www.liberation.fr\/economie\/\u00a0\u00bb,\u00a0\u00bb200001&Prime;]},\u00a0\u00bb_website\u00a0\u00bb:\u00a0\u00bbliberation\u00a0\u00bb,\u00a0\u00bbname\u00a0\u00bb:\u00a0\u00bbEconomie\u00a0\u00bb,\u00a0\u00bborder\u00a0\u00bb:{\u00ab\u00a0amp-menu\u00a0\u00bb:1007,\u00a0\u00bbburgermenu\u00a0\u00bb:1013,\u00a0\u00bbdefault\u00a0\u00bb:1009,\u00a0\u00bbheadernav\u00a0\u00bb:1010,\u00a0\u00bbfooter2&Prime;:1006},\u00a0\u00bbparent\u00a0\u00bb:{\u00ab\u00a0default\u00a0\u00bb:\u00a0\u00bbhttps:\/\/www.liberation.fr\/\u00a0\u00bb,\u00a0\u00bbamp-menu\u00a0\u00bb:\u00a0\u00bbhttps:\/\/www.liberation.fr\/\u00a0\u00bb,\u00a0\u00bbburgermenu\u00a0\u00bb:\u00a0\u00bbhttps:\/\/www.liberation.fr\/\u00a0\u00bb,\u00a0\u00bbfooter\u00a0\u00bb:null,\u00a0\u00bbaccueil-tag-block\u00a0\u00bb:null,\u00a0\u00bbheadernav\u00a0\u00bb:\u00a0\u00bbhttps:\/\/www.liberation.fr\/\u00a0\u00bb,\u00a0\u00bbfooter2&Prime;:\u00a0\u00bbhttps:\/\/www.liberation.fr\/\u00a0\u00bb},\u00a0\u00bbancestors\u00a0\u00bb:{\u00ab\u00a0default\u00a0\u00bb:[\u00ab\u00a0https:\/\/www.liberation.fr\/\u00a0\u00bb],\u00a0\u00bbamp-menu\u00a0\u00bb:[\u00ab\u00a0https:\/\/www.liberation.fr\/\u00a0\u00bb],\u00a0\u00bbburgermenu\u00a0\u00bb:[\u00ab\u00a0https:\/\/www.liberation.fr\/\u00a0\u00bb],\u00a0\u00bbfooter\u00a0\u00bb:[],\u00a0\u00bbaccueil-tag-block\u00a0\u00bb:[],\u00a0\u00bbheadernav\u00a0\u00bb:[\u00ab\u00a0https:\/\/www.liberation.fr\/\u00a0\u00bb],\u00a0\u00bbfooter2&Prime;:[]},\u00a0\u00bbinactive\u00a0\u00bb:false,\u00a0\u00bbnode_type\u00a0\u00bb:\u00a0\u00bbsection\u00a0\u00bb,\u00a0\u00bbchildren\u00a0\u00bb:[{\u00ab\u00a0_id\u00a0\u00bb:\u00a0\u00bb\/economie\/transports\u00a0\u00bb,\u00a0\u00bbsite\u00a0\u00bb:{\u00ab\u00a0site_tagline\u00a0\u00bb:null,\u00a0\u00bbsite_url\u00a0\u00bb:null,\u00a0\u00bbsite_title\u00a0\u00bb:\u00a0\u00bbTransports : actualit\u00e9s et informations &#8211; Lib\u00e9ration\u00a0\u00bb,\u00a0\u00bbpagebuilder_path_for_native_apps\u00a0\u00bb:null,\u00a0\u00bbsite_about\u00a0\u00bb:null,\u00a0\u00bbsite_description\u00a0\u00bb:\u00a0\u00bbRetrouvez toute l&rsquo;actualit\u00e9 sur le secteur des Transports et ses enjeux : derniers articles, analyses et t\u00e9moignages de la rubrique Transports de Lib\u00e9ration.\u00a0\u00bb,\u00a0\u00bbsite_keywords\u00a0\u00bb:null},\u00a0\u00bbsite_topper\u00a0\u00bb:{\u00ab\u00a0site_logo_image\u00a0\u00bb:null},\u00a0\u00bbsocial\u00a0\u00bb:{\u00ab\u00a0twitter\u00a0\u00bb:null,\u00a0\u00bbfacebook\u00a0\u00bb:null,\u00a0\u00bbrss\u00a0\u00bb:null,\u00a0\u00bbinstagram\u00a0\u00bb:null},\u00a0\u00bbnavigation\u00a0\u00bb:{\u00ab\u00a0nav_title\u00a0\u00bb:\u00a0\u00bbTransports\u00a0\u00bb},\u00a0\u00bb_admin\u00a0\u00bb:{\u00ab\u00a0alias_ids\u00a0\u00bb:[\u00ab\u00a0\/economie\/transports\u00a0\u00bb,\u00a0\u00bb200007&Prime;]},\u00a0\u00bb_website\u00a0\u00bb:\u00a0\u00bbliberation\u00a0\u00bb,\u00a0\u00bbname\u00a0\u00bb:\u00a0\u00bbTransports\u00a0\u00bb,\u00a0\u00bborder\u00a0\u00bb:{\u00ab\u00a0default\u00a0\u00bb:2001,\u00a0\u00bbheadernav\u00a0\u00bb:2001,\u00a0\u00bbburgermenu\u00a0\u00bb:2003,\u00a0\u00bbamp-menu\u00a0\u00bb:2004,\u00a0\u00bbfooter2&Prime;:2001},\u00a0\u00bbparent\u00a0\u00bb:{\u00ab\u00a0default\u00a0\u00bb:\u00a0\u00bb\/economie\u00a0\u00bb,\u00a0\u00bbfooter\u00a0\u00bb:null,\u00a0\u00bbheadernav\u00a0\u00bb:\u00a0\u00bb\/economie\u00a0\u00bb,\u00a0\u00bbburgermenu\u00a0\u00bb:\u00a0\u00bb\/economie\u00a0\u00bb,\u00a0\u00bbamp-menu\u00a0\u00bb:\u00a0\u00bb\/economie\u00a0\u00bb,\u00a0\u00bbfooter2&Prime;:\u00a0\u00bb\/economie\u00a0\u00bb},\u00a0\u00bbancestors\u00a0\u00bb:{\u00ab\u00a0default\u00a0\u00bb:[\u00ab\u00a0\/economie\u00a0\u00bb],\u00a0\u00bbfooter\u00a0\u00bb:[],\u00a0\u00bbheadernav\u00a0\u00bb:[\u00ab\u00a0https:\/\/www.liberation.fr\/\u00a0\u00bb,\u00a0\u00bb\/economie\u00a0\u00bb],\u00a0\u00bbburgermenu\u00a0\u00bb:[\u00ab\u00a0https:\/\/www.liberation.fr\/\u00a0\u00bb,\u00a0\u00bb\/economie\u00a0\u00bb],\u00a0\u00bbamp-menu\u00a0\u00bb:[\u00ab\u00a0https:\/\/www.liberation.fr\/\u00a0\u00bb,\u00a0\u00bb\/economie\u00a0\u00bb],\u00a0\u00bbfooter2&Prime;:[\u00ab\u00a0\/economie\u00a0\u00bb]},\u00a0\u00bbinactive\u00a0\u00bb:false,\u00a0\u00bbnode_type\u00a0\u00bb:\u00a0\u00bbsection\u00a0\u00bb,\u00a0\u00bbchildren\u00a0\u00bb:[]},{\u00ab\u00a0_id\u00a0\u00bb:\u00a0\u00bb\/economie\/medias\u00a0\u00bb,\u00a0\u00bbsite\u00a0\u00bb:{\u00ab\u00a0site_tagline\u00a0\u00bb:null,\u00a0\u00bbsite_url\u00a0\u00bb:null,\u00a0\u00bbsite_title\u00a0\u00bb:\u00a0\u00bbToute l\u2019actualit\u00e9 m\u00e9dia avec Lib\u00e9ration &#8211; Lib\u00e9ration\u00a0\u00bb,\u00a0\u00bbpagebuilder_path_for_native_apps\u00a0\u00bb:null,\u00a0\u00bbsite_about\u00a0\u00bb:null,\u00a0\u00bbsite_description\u00a0\u00bb:\u00a0\u00bbActualit\u00e9 m\u00e9dia &#8211; tout savoir sur les derni\u00e8res infos m\u00e9dias avec Lib\u00e9ration : t\u00e9l\u00e9vision, radio, journal, audiences, communication&#8230;\u00a0\u00bb,\u00a0\u00bbsite_keywords\u00a0\u00bb:null},\u00a0\u00bbsite_topper\u00a0\u00bb:{\u00ab\u00a0site_logo_image\u00a0\u00bb:null},\u00a0\u00bbsocial\u00a0\u00bb:{\u00ab\u00a0twitter\u00a0\u00bb:null,\u00a0\u00bbfacebook\u00a0\u00bb:null,\u00a0\u00bbrss\u00a0\u00bb:null,\u00a0\u00bbinstagram\u00a0\u00bb:null},\u00a0\u00bbnavigation\u00a0\u00bb:{\u00ab\u00a0nav_title\u00a0\u00bb:\u00a0\u00bbM\u00e9dias\u00a0\u00bb},\u00a0\u00bb_admin\u00a0\u00bb:{\u00ab\u00a0alias_ids\u00a0\u00bb:[\u00ab\u00a0\/economie\/medias\u00a0\u00bb,\u00a0\u00bb200008&Prime;]},\u00a0\u00bb_website\u00a0\u00bb:\u00a0\u00bbliberation\u00a0\u00bb,\u00a0\u00bbname\u00a0\u00bb:\u00a0\u00bbM\u00e9dias\u00a0\u00bb,\u00a0\u00bborder\u00a0\u00bb:{\u00ab\u00a0default\u00a0\u00bb:2002,\u00a0\u00bbheadernav\u00a0\u00bb:2002,\u00a0\u00bbburgermenu\u00a0\u00bb:2001,\u00a0\u00bbamp-menu\u00a0\u00bb:2002,\u00a0\u00bbfooter2&Prime;:2002},\u00a0\u00bbparent\u00a0\u00bb:{\u00ab\u00a0default\u00a0\u00bb:\u00a0\u00bb\/economie\u00a0\u00bb,\u00a0\u00bbfooter\u00a0\u00bb:null,\u00a0\u00bbheadernav\u00a0\u00bb:\u00a0\u00bb\/economie\u00a0\u00bb,\u00a0\u00bbburgermenu\u00a0\u00bb:\u00a0\u00bb\/economie\u00a0\u00bb,\u00a0\u00bbamp-menu\u00a0\u00bb:\u00a0\u00bb\/economie\u00a0\u00bb,\u00a0\u00bbfooter2&Prime;:\u00a0\u00bb\/economie\u00a0\u00bb},\u00a0\u00bbancestors\u00a0\u00bb:{\u00ab\u00a0default\u00a0\u00bb:[\u00ab\u00a0\/economie\u00a0\u00bb],\u00a0\u00bbfooter\u00a0\u00bb:[],\u00a0\u00bbheadernav\u00a0\u00bb:[\u00ab\u00a0https:\/\/www.liberation.fr\/\u00a0\u00bb,\u00a0\u00bb\/economie\u00a0\u00bb],\u00a0\u00bbburgermenu\u00a0\u00bb:[\u00ab\u00a0https:\/\/www.liberation.fr\/\u00a0\u00bb,\u00a0\u00bb\/economie\u00a0\u00bb],\u00a0\u00bbamp-menu\u00a0\u00bb:[\u00ab\u00a0https:\/\/www.liberation.fr\/\u00a0\u00bb,\u00a0\u00bb\/economie\u00a0\u00bb],\u00a0\u00bbfooter2&Prime;:[\u00ab\u00a0\/economie\u00a0\u00bb]},\u00a0\u00bbinactive\u00a0\u00bb:false,\u00a0\u00bbnode_type\u00a0\u00bb:\u00a0\u00bbsection\u00a0\u00bb,\u00a0\u00bbchildren\u00a0\u00bb:[]},{\u00ab\u00a0_id\u00a0\u00bb:\u00a0\u00bb\/economie\/economie-numerique\u00a0\u00bb,\u00a0\u00bbsite\u00a0\u00bb:{\u00ab\u00a0site_tagline\u00a0\u00bb:null,\u00a0\u00bbsite_url\u00a0\u00bb:null,\u00a0\u00bbsite_title\u00a0\u00bb:\u00a0\u00bbEconomie num\u00e9rique : actualit\u00e9s et informations &#8211; Lib\u00e9ration\u00a0\u00bb,\u00a0\u00bbpagebuilder_path_for_native_apps\u00a0\u00bb:null,\u00a0\u00bbsite_about\u00a0\u00bb:null,\u00a0\u00bbsite_description\u00a0\u00bb:\u00a0\u00bbRetrouvez toute l&rsquo;actualit\u00e9 sur l&rsquo;\u00e9conomie num\u00e9rique et ses enjeux : derniers articles, analyses et t\u00e9moignages de la rubrique Economie Num\u00e9rique de Lib\u00e9ration.\u00a0\u00bb,\u00a0\u00bbsite_keywords\u00a0\u00bb:null},\u00a0\u00bbsite_topper\u00a0\u00bb:{\u00ab\u00a0site_logo_image\u00a0\u00bb:null},\u00a0\u00bbsocial\u00a0\u00bb:{\u00ab\u00a0twitter\u00a0\u00bb:null,\u00a0\u00bbfacebook\u00a0\u00bb:null,\u00a0\u00bbrss\u00a0\u00bb:null,\u00a0\u00bbinstagram\u00a0\u00bb:null},\u00a0\u00bbnavigation\u00a0\u00bb:{\u00ab\u00a0nav_title\u00a0\u00bb:\u00a0\u00bbEconomie num\u00e9rique\u00a0\u00bb},\u00a0\u00bb_admin\u00a0\u00bb:{\u00ab\u00a0alias_ids\u00a0\u00bb:[\u00ab\u00a0\/economie\/economie-numerique\u00a0\u00bb,\u00a0\u00bb200009&Prime;]},\u00a0\u00bb_website\u00a0\u00bb:\u00a0\u00bbliberation\u00a0\u00bb,\u00a0\u00bbname\u00a0\u00bb:\u00a0\u00bbEconomie num\u00e9rique\u00a0\u00bb,\u00a0\u00bborder\u00a0\u00bb:{\u00ab\u00a0default\u00a0\u00bb:2003,\u00a0\u00bbheadernav\u00a0\u00bb:2003,\u00a0\u00bbburgermenu\u00a0\u00bb:2004,\u00a0\u00bbamp-menu\u00a0\u00bb:2001,\u00a0\u00bbfooter2&Prime;:2003},\u00a0\u00bbparent\u00a0\u00bb:{\u00ab\u00a0default\u00a0\u00bb:\u00a0\u00bb\/economie\u00a0\u00bb,\u00a0\u00bbfooter\u00a0\u00bb:null,\u00a0\u00bbheadernav\u00a0\u00bb:\u00a0\u00bb\/economie\u00a0\u00bb,\u00a0\u00bbburgermenu\u00a0\u00bb:\u00a0\u00bb\/economie\u00a0\u00bb,\u00a0\u00bbamp-menu\u00a0\u00bb:\u00a0\u00bb\/economie\u00a0\u00bb,\u00a0\u00bbfooter2&Prime;:\u00a0\u00bb\/economie\u00a0\u00bb},\u00a0\u00bbancestors\u00a0\u00bb:{\u00ab\u00a0default\u00a0\u00bb:[\u00ab\u00a0\/economie\u00a0\u00bb],\u00a0\u00bbfooter\u00a0\u00bb:[],\u00a0\u00bbheadernav\u00a0\u00bb:[\u00ab\u00a0https:\/\/www.liberation.fr\/\u00a0\u00bb,\u00a0\u00bb\/economie\u00a0\u00bb],\u00a0\u00bbburgermenu\u00a0\u00bb:[\u00ab\u00a0https:\/\/www.liberation.fr\/\u00a0\u00bb,\u00a0\u00bb\/economie\u00a0\u00bb],\u00a0\u00bbamp-menu\u00a0\u00bb:[\u00ab\u00a0https:\/\/www.liberation.fr\/\u00a0\u00bb,\u00a0\u00bb\/economie\u00a0\u00bb],\u00a0\u00bbfooter2&Prime;:[\u00ab\u00a0\/economie\u00a0\u00bb]},\u00a0\u00bbinactive\u00a0\u00bb:false,\u00a0\u00bbnode_type\u00a0\u00bb:\u00a0\u00bbsection\u00a0\u00bb,\u00a0\u00bbchildren\u00a0\u00bb:[]},{\u00ab\u00a0_id\u00a0\u00bb:\u00a0\u00bb\/economie\/social\u00a0\u00bb,\u00a0\u00bbsite\u00a0\u00bb:{\u00ab\u00a0site_tagline\u00a0\u00bb:null,\u00a0\u00bbsite_url\u00a0\u00bb:null,\u00a0\u00bbsite_title\u00a0\u00bb:\u00a0\u00bbSocial : actualit\u00e9s et informations &#8211; Lib\u00e9ration\u00a0\u00bb,\u00a0\u00bbpagebuilder_path_for_native_apps\u00a0\u00bb:null,\u00a0\u00bbsite_about\u00a0\u00bb:null,\u00a0\u00bbsite_description\u00a0\u00bb:\u00a0\u00bbRetrouvez toute l&rsquo;actualit\u00e9 \u00e9conomique et sociale avec Lib\u00e9ration : derniers articles, analyses et t\u00e9moignages&#8230;\u00a0\u00bb,\u00a0\u00bbsite_keywords\u00a0\u00bb:null},\u00a0\u00bbsite_topper\u00a0\u00bb:{\u00ab\u00a0site_logo_image\u00a0\u00bb:null},\u00a0\u00bbsocial\u00a0\u00bb:{\u00ab\u00a0twitter\u00a0\u00bb:null,\u00a0\u00bbfacebook\u00a0\u00bb:null,\u00a0\u00bbrss\u00a0\u00bb:null,\u00a0\u00bbinstagram\u00a0\u00bb:null},\u00a0\u00bbnavigation\u00a0\u00bb:{\u00ab\u00a0nav_title\u00a0\u00bb:\u00a0\u00bbSocial\u00a0\u00bb},\u00a0\u00bb_admin\u00a0\u00bb:{\u00ab\u00a0alias_ids\u00a0\u00bb:[\u00ab\u00a0\/economie\/social\u00a0\u00bb,\u00a0\u00bb200010&Prime;]},\u00a0\u00bb_website\u00a0\u00bb:\u00a0\u00bbliberation\u00a0\u00bb,\u00a0\u00bbname\u00a0\u00bb:\u00a0\u00bbSocial\u00a0\u00bb,\u00a0\u00bborder\u00a0\u00bb:{\u00ab\u00a0default\u00a0\u00bb:2004,\u00a0\u00bbheadernav\u00a0\u00bb:2004,\u00a0\u00bbburgermenu\u00a0\u00bb:2002,\u00a0\u00bbamp-menu\u00a0\u00bb:2003,\u00a0\u00bbfooter2&Prime;:2004},\u00a0\u00bbparent\u00a0\u00bb:{\u00ab\u00a0default\u00a0\u00bb:\u00a0\u00bb\/economie\u00a0\u00bb,\u00a0\u00bbheadernav\u00a0\u00bb:\u00a0\u00bb\/economie\u00a0\u00bb,\u00a0\u00bbburgermenu\u00a0\u00bb:\u00a0\u00bb\/economie\u00a0\u00bb,\u00a0\u00bbamp-menu\u00a0\u00bb:\u00a0\u00bb\/economie\u00a0\u00bb,\u00a0\u00bbfooter\u00a0\u00bb:null,\u00a0\u00bbfooter2&Prime;:\u00a0\u00bb\/economie\u00a0\u00bb},\u00a0\u00bbancestors\u00a0\u00bb:{\u00ab\u00a0default\u00a0\u00bb:[\u00ab\u00a0\/economie\u00a0\u00bb],\u00a0\u00bbheadernav\u00a0\u00bb:[\u00ab\u00a0https:\/\/www.liberation.fr\/\u00a0\u00bb,\u00a0\u00bb\/economie\u00a0\u00bb],\u00a0\u00bbburgermenu\u00a0\u00bb:[\u00ab\u00a0https:\/\/www.liberation.fr\/\u00a0\u00bb,\u00a0\u00bb\/economie\u00a0\u00bb],\u00a0\u00bbamp-menu\u00a0\u00bb:[\u00ab\u00a0https:\/\/www.liberation.fr\/\u00a0\u00bb,\u00a0\u00bb\/economie\u00a0\u00bb],\u00a0\u00bbfooter\u00a0\u00bb:[],\u00a0\u00bbfooter2&Prime;:[\u00ab\u00a0\/economie\u00a0\u00bb]},\u00a0\u00bbinactive\u00a0\u00bb:false,\u00a0\u00bbnode_type\u00a0\u00bb:\u00a0\u00bbsection\u00a0\u00bb,\u00a0\u00bbchildren\u00a0\u00bb:[]}]},{\u00ab\u00a0_id\u00a0\u00bb:\u00a0\u00bb\/lifestyle\u00a0\u00bb,\u00a0\u00bb_website\u00a0\u00bb:\u00a0\u00bbliberation\u00a0\u00bb,\u00a0\u00bbname\u00a0\u00bb:\u00a0\u00bbLifestyle\u00a0\u00bb,\u00a0\u00bbinactive\u00a0\u00bb:false,\u00a0\u00bbancestors\u00a0\u00bb:{\u00ab\u00a0default\u00a0\u00bb:[\u00ab\u00a0https:\/\/www.liberation.fr\/\u00a0\u00bb],\u00a0\u00bbburgermenu\u00a0\u00bb:[\u00ab\u00a0https:\/\/www.liberation.fr\/\u00a0\u00bb],\u00a0\u00bbheadernav\u00a0\u00bb:[\u00ab\u00a0https:\/\/www.liberation.fr\/\u00a0\u00bb],\u00a0\u00bbamp-menu\u00a0\u00bb:[\u00ab\u00a0https:\/\/www.liberation.fr\/\u00a0\u00bb],\u00a0\u00bbfooter\u00a0\u00bb:[],\u00a0\u00bbfooter2&Prime;:[\u00ab\u00a0https:\/\/www.liberation.fr\/\u00a0\u00bb]},\u00a0\u00bbparent\u00a0\u00bb:{\u00ab\u00a0default\u00a0\u00bb:\u00a0\u00bbhttps:\/\/www.liberation.fr\/\u00a0\u00bb,\u00a0\u00bbburgermenu\u00a0\u00bb:\u00a0\u00bbhttps:\/\/www.liberation.fr\/\u00a0\u00bb,\u00a0\u00bbheadernav\u00a0\u00bb:\u00a0\u00bbhttps:\/\/www.liberation.fr\/\u00a0\u00bb,\u00a0\u00bbamp-menu\u00a0\u00bb:\u00a0\u00bbhttps:\/\/www.liberation.fr\/\u00a0\u00bb,\u00a0\u00bbfooter\u00a0\u00bb:null,\u00a0\u00bbfooter2&Prime;:\u00a0\u00bbhttps:\/\/www.liberation.fr\/\u00a0\u00bb},\u00a0\u00bborder\u00a0\u00bb:{\u00ab\u00a0burgermenu\u00a0\u00bb:1014,\u00a0\u00bbdefault\u00a0\u00bb:1010,\u00a0\u00bbamp-menu\u00a0\u00bb:1011,\u00a0\u00bbfooter2&Prime;:1007,\u00a0\u00bbheadernav\u00a0\u00bb:1011},\u00a0\u00bb_admin\u00a0\u00bb:{\u00ab\u00a0alias_ids\u00a0\u00bb:[\u00ab\u00a0\/lifestyle\u00a0\u00bb,\u00a0\u00bb15&Prime;]},\u00a0\u00bbnavigation\u00a0\u00bb:{\u00ab\u00a0nav_title\u00a0\u00bb:null},\u00a0\u00bbsite\u00a0\u00bb:{\u00ab\u00a0pagebuilder_path_for_native_apps\u00a0\u00bb:null,\u00a0\u00bbsite_about\u00a0\u00bb:null,\u00a0\u00bbsite_description\u00a0\u00bb:\u00a0\u00bbVoyages, Mode, Gastronomie, Design, Beaut\u00e9 et High-tech : d\u00e9couvrez toutes les tendances sur Lib\u00e9ration.\u00a0\u00bb,\u00a0\u00bbsite_keywords\u00a0\u00bb:null,\u00a0\u00bbsite_tagline\u00a0\u00bb:null,\u00a0\u00bbsite_title\u00a0\u00bb:\u00a0\u00bbLifestyle : l\u2019actualit\u00e9 du style de vie au quotidien &#8211; Lib\u00e9ration\u00a0\u00bb,\u00a0\u00bbsite_url\u00a0\u00bb:null},\u00a0\u00bbsite_topper\u00a0\u00bb:{\u00ab\u00a0site_logo_image\u00a0\u00bb:null},\u00a0\u00bbsocial\u00a0\u00bb:{\u00ab\u00a0facebook\u00a0\u00bb:null,\u00a0\u00bbinstagram\u00a0\u00bb:null,\u00a0\u00bbrss\u00a0\u00bb:null,\u00a0\u00bbtwitter\u00a0\u00bb:null},\u00a0\u00bbnode_type\u00a0\u00bb:\u00a0\u00bbsection\u00a0\u00bb,\u00a0\u00bbchildren\u00a0\u00bb:[]},{\u00ab\u00a0_id\u00a0\u00bb:\u00a0\u00bblink-IRBRAAYPD5FHDJDA6EUBRW4YGM\u00a0\u00bb,\u00a0\u00bb_website\u00a0\u00bb:\u00a0\u00bbliberation\u00a0\u00bb,\u00a0\u00bbdisplay_name\u00a0\u00bb:\u00a0\u00bbSports\u00a0\u00bb,\u00a0\u00bburl\u00a0\u00bb:\u00a0\u00bbhttps:\/\/www.liberation.fr\/sports\/\u00a0\u00bb,\u00a0\u00bbparent\u00a0\u00bb:{\u00ab\u00a0burgermenu\u00a0\u00bb:\u00a0\u00bb\/lifestyle\u00a0\u00bb,\u00a0\u00bbheadernav\u00a0\u00bb:\u00a0\u00bbhttps:\/\/www.liberation.fr\/\u00a0\u00bb},\u00a0\u00bborder\u00a0\u00bb:{\u00ab\u00a0burgermenu\u00a0\u00bb:2010,\u00a0\u00bbheadernav\u00a0\u00bb:1012},\u00a0\u00bbnode_type\u00a0\u00bb:\u00a0\u00bblink\u00a0\u00bb,\u00a0\u00bbchildren\u00a0\u00bb:[]},{\u00ab\u00a0_id\u00a0\u00bb:\u00a0\u00bblink-CVAFAHXKI5AVTELUFP7BYGNOIM\u00a0\u00bb,\u00a0\u00bb_website\u00a0\u00bb:\u00a0\u00bbliberation\u00a0\u00bb,\u00a0\u00bbdisplay_name\u00a0\u00bb:\u00a0\u00bb\u00c7a va mieux en le lisant\u00a0\u00bb,\u00a0\u00bburl\u00a0\u00bb:\u00a0\u00bbhttps:\/\/www.liberation.fr\/tags\/ca-va-mieux-lisant\/\u00a0\u00bb,\u00a0\u00bbparent\u00a0\u00bb:{\u00ab\u00a0headernav\u00a0\u00bb:\u00a0\u00bbhttps:\/\/www.liberation.fr\/\u00a0\u00bb},\u00a0\u00bborder\u00a0\u00bb:{\u00ab\u00a0headernav\u00a0\u00bb:1013},\u00a0\u00bbnode_type\u00a0\u00bb:\u00a0\u00bblink\u00a0\u00bb,\u00a0\u00bbchildren\u00a0\u00bb:[]},{\u00ab\u00a0_id\u00a0\u00bb:\u00a0\u00bb\/portraits\u00a0\u00bb,\u00a0\u00bbsite\u00a0\u00bb:{\u00ab\u00a0site_tagline\u00a0\u00bb:null,\u00a0\u00bbsite_url\u00a0\u00bb:null,\u00a0\u00bbsite_title\u00a0\u00bb:\u00a0\u00bbTous les portraits de Lib\u00e9ration\u00a0\u00bb,\u00a0\u00bbsite_about\u00a0\u00bb:null,\u00a0\u00bbpagebuilder_path_for_native_apps\u00a0\u00bb:null,\u00a0\u00bbsite_description\u00a0\u00bb:\u00a0\u00bbD\u00e9couvrez chaque jour le portrait de Lib\u00e9ration sur des personnalit\u00e9s qui font l&rsquo;actualit\u00e9.\u00a0\u00bb,\u00a0\u00bbsite_keywords\u00a0\u00bb:null},\u00a0\u00bbsite_topper\u00a0\u00bb:{\u00ab\u00a0site_logo_image\u00a0\u00bb:null},\u00a0\u00bbsocial\u00a0\u00bb:{\u00ab\u00a0twitter\u00a0\u00bb:null,\u00a0\u00bbfacebook\u00a0\u00bb:null,\u00a0\u00bbrss\u00a0\u00bb:null,\u00a0\u00bbinstagram\u00a0\u00bb:null},\u00a0\u00bbnavigation\u00a0\u00bb:{\u00ab\u00a0nav_title\u00a0\u00bb:null},\u00a0\u00bb_admin\u00a0\u00bb:{\u00ab\u00a0alias_ids\u00a0\u00bb:[\u00ab\u00a0\/portraits\u00a0\u00bb,\u00a0\u00bb67&Prime;]},\u00a0\u00bb_website\u00a0\u00bb:\u00a0\u00bbliberation\u00a0\u00bb,\u00a0\u00bbname\u00a0\u00bb:\u00a0\u00bbPortraits\u00a0\u00bb,\u00a0\u00bborder\u00a0\u00bb:{\u00ab\u00a0default\u00a0\u00bb:1015,\u00a0\u00bbheadernav\u00a0\u00bb:1014,\u00a0\u00bbburgermenu\u00a0\u00bb:1018,\u00a0\u00bbamp-menu\u00a0\u00bb:1009,\u00a0\u00bbfooter2&Prime;:1012},\u00a0\u00bbparent\u00a0\u00bb:{\u00ab\u00a0default\u00a0\u00bb:\u00a0\u00bbhttps:\/\/www.liberation.fr\/\u00a0\u00bb,\u00a0\u00bbheadernav\u00a0\u00bb:\u00a0\u00bbhttps:\/\/www.liberation.fr\/\u00a0\u00bb,\u00a0\u00bbburgermenu\u00a0\u00bb:\u00a0\u00bbhttps:\/\/www.liberation.fr\/\u00a0\u00bb,\u00a0\u00bbamp-menu\u00a0\u00bb:\u00a0\u00bbhttps:\/\/www.liberation.fr\/\u00a0\u00bb,\u00a0\u00bbfooter\u00a0\u00bb:null,\u00a0\u00bbfooter2&Prime;:\u00a0\u00bbhttps:\/\/www.liberation.fr\/\u00a0\u00bb},\u00a0\u00bbancestors\u00a0\u00bb:{\u00ab\u00a0default\u00a0\u00bb:[\u00ab\u00a0https:\/\/www.liberation.fr\/\u00a0\u00bb],\u00a0\u00bbheadernav\u00a0\u00bb:[\u00ab\u00a0https:\/\/www.liberation.fr\/\u00a0\u00bb],\u00a0\u00bbburgermenu\u00a0\u00bb:[\u00ab\u00a0https:\/\/www.liberation.fr\/\u00a0\u00bb],\u00a0\u00bbamp-menu\u00a0\u00bb:[\u00ab\u00a0https:\/\/www.liberation.fr\/\u00a0\u00bb],\u00a0\u00bbfooter\u00a0\u00bb:[],\u00a0\u00bbfooter2&Prime;:[]},\u00a0\u00bbinactive\u00a0\u00bb:false,\u00a0\u00bbnode_type\u00a0\u00bb:\u00a0\u00bbsection\u00a0\u00bb,\u00a0\u00bbchildren\u00a0\u00bb:[]}]},\u00a0\u00bbexpires\u00a0\u00bb:1752829988960,\u00a0\u00bblastModified\u00a0\u00bb:1752829688923}},\u00a0\u00bbalert-bar-collections\u00a0\u00bb:{\u00ab\u00a0{\\\u00a0\u00bbfrom\\\u00a0\u00bb:0,\\\u00a0\u00bbsite\\\u00a0\u00bb:\\\u00a0\u00bbliberation\\\u00a0\u00bb,\\\u00a0\u00bbsize\\\u00a0\u00bb:1}\u00a0\u00bb:{\u00ab\u00a0data\u00a0\u00bb:{\u00ab\u00a0_id\u00a0\u00bb:\u00a0\u00bb4VXOY7T3RRAVPIN7RFAG3IXNFU\u00a0\u00bb,\u00a0\u00bbversion\u00a0\u00bb:\u00a0\u00bb0.10.6&Prime;,\u00a0\u00bbcreated_date\u00a0\u00bb:\u00a0\u00bb2021-01-26T08:33:27.405Z\u00a0\u00bb,\u00a0\u00bbheadlines\u00a0\u00bb:{\u00ab\u00a0basic\u00a0\u00bb:\u00a0\u00bbAlert Bar\u00a0\u00bb},\u00a0\u00bblast_updated_date\u00a0\u00bb:\u00a0\u00bb2025-06-25T18:03:09.780Z\u00a0\u00bb,\u00a0\u00bbtype\u00a0\u00bb:\u00a0\u00bbcollection\u00a0\u00bb,\u00a0\u00bbcanonical_website\u00a0\u00bb:\u00a0\u00bbliberation\u00a0\u00bb,\u00a0\u00bbwebsites\u00a0\u00bb:{\u00ab\u00a0liberation\u00a0\u00bb:{}},\u00a0\u00bbcontent_elements\u00a0\u00bb:[],\u00a0\u00bbdescription\u00a0\u00bb:{\u00ab\u00a0basic\u00a0\u00bb:\u00a0\u00bbAny story in this collection with show up in the alert bar below the Header\u00a0\u00bb},\u00a0\u00bbcontent_aliases\u00a0\u00bb:[\u00ab\u00a0alert-bar\u00a0\u00bb],\u00a0\u00bbowner\u00a0\u00bb:{\u00ab\u00a0id\u00a0\u00bb:\u00a0\u00bbliberation\u00a0\u00bb},\u00a0\u00bbrevision\u00a0\u00bb:{\u00ab\u00a0branch\u00a0\u00bb:\u00a0\u00bbdefault\u00a0\u00bb,\u00a0\u00bbpublished\u00a0\u00bb:true},\u00a0\u00bbcanonical_url\u00a0\u00bb:null,\u00a0\u00bbpublishing\u00a0\u00bb:{\u00ab\u00a0scheduled_operations\u00a0\u00bb:{\u00ab\u00a0publish_edition\u00a0\u00bb:[],\u00a0\u00bbunpublish_edition\u00a0\u00bb:[]}},\u00a0\u00bbwebsite\u00a0\u00bb:\u00a0\u00bbliberation\u00a0\u00bb},\u00a0\u00bbexpires\u00a0\u00bb:1752830015569,\u00a0\u00bblastModified\u00a0\u00bb:1752829895542}},\u00a0\u00bbtags-api-chunked\u00a0\u00bb:{\u00ab\u00a0{\\\u00a0\u00bbslug\\\u00a0\u00bb:\\\u00a0\u00bbincendie,provence-alpes-cote-d-azur,bretagne\\\u00a0\u00bb}\u00a0\u00bb:{\u00ab\u00a0data\u00a0\u00bb:{\u00ab\u00a0Payload\u00a0\u00bb:[{\u00ab\u00a0name\u00a0\u00bb:\u00a0\u00bbIncendies\u00a0\u00bb,\u00a0\u00bbslug\u00a0\u00bb:\u00a0\u00bbincendie\u00a0\u00bb,\u00a0\u00bbsubtype\u00a0\u00bb:\u00a0\u00bbtag\u00a0\u00bb},{\u00ab\u00a0name\u00a0\u00bb:\u00a0\u00bbProvence-Alpes-C\u00f4te d&rsquo;Azur\u00a0\u00bb,\u00a0\u00bbslug\u00a0\u00bb:\u00a0\u00bbprovence-alpes-cote-d-azur\u00a0\u00bb,\u00a0\u00bbsubtype\u00a0\u00bb:\u00a0\u00bbtag\u00a0\u00bb,\u00a0\u00bbtext\u00a0\u00bb:\u00a0\u00bbProvence-Alpes-C\u00f4te dAzur\u00a0\u00bb},{\u00ab\u00a0name\u00a0\u00bb:\u00a0\u00bbBretagne\u00a0\u00bb,\u00a0\u00bbslug\u00a0\u00bb:\u00a0\u00bbbretagne\u00a0\u00bb,\u00a0\u00bbsubtype\u00a0\u00bb:\u00a0\u00bbtag\u00a0\u00bb,\u00a0\u00bbtext\u00a0\u00bb:\u00a0\u00bbBretagne\u00a0\u00bb}],\u00a0\u00bb_id\u00a0\u00bb:\u00a0\u00bb5a16cb5d65357942be4bcf5e6d72d7aebe58533dfc55595b3b309a8c3392dfee\u00a0\u00bb},\u00a0\u00bbexpires\u00a0\u00bb:1752829965531,\u00a0\u00bblastModified\u00a0\u00bb:1752829665431}},\u00a0\u00bbauthor-api-w404&Prime;:{\u00ab\u00a0{\\\u00a0\u00bbslug\\\u00a0\u00bb:\\\u00a0\u00bbliberation\\\u00a0\u00bb}\u00a0\u00bb:{\u00ab\u00a0data\u00a0\u00bb:{\u00ab\u00a0authors\u00a0\u00bb:[{\u00ab\u00a0_id\u00a0\u00bb:\u00a0\u00bb13090&Prime;,\u00a0\u00bbbyline\u00a0\u00bb:\u00a0\u00bb LIBERATION\u00a0\u00bb,\u00a0\u00bbfirstName\u00a0\u00bb:\u00a0\u00bb\u00a0\u00bb,\u00a0\u00bblastName\u00a0\u00bb:\u00a0\u00bbLIBERATION\u00a0\u00bb,\u00a0\u00bbrole\u00a0\u00bb:\u00a0\u00bb\u00a0\u00bb,\u00a0\u00bbemail\u00a0\u00bb:\u00a0\u00bb\u00a0\u00bb,\u00a0\u00bbslug\u00a0\u00bb:\u00a0\u00bbliberation\u00a0\u00bb,\u00a0\u00bbbooks\u00a0\u00bb:[],\u00a0\u00bbpodcasts\u00a0\u00bb:[],\u00a0\u00bbeducation\u00a0\u00bb:[],\u00a0\u00bbawards\u00a0\u00bb:[],\u00a0\u00bblast_updated_date\u00a0\u00bb:\u00a0\u00bb2021-01-16T15:59:59.938Z\u00a0\u00bb}],\u00a0\u00bbmore\u00a0\u00bb:false,\u00a0\u00bb_id\u00a0\u00bb:\u00a0\u00bbee28caebb0ccfcdba5bcc75adb0404382b5b6e12d4f7c32fd84a1f8ac4eaaaca\u00a0\u00bb},\u00a0\u00bbexpires\u00a0\u00bb:1752829970982,\u00a0\u00bblastModified\u00a0\u00bb:1752829670931},\u00a0\u00bb{\\\u00a0\u00bbslug\\\u00a0\u00bb:\\\u00a0\u00bbafp\\\u00a0\u00bb}\u00a0\u00bb:{\u00ab\u00a0data\u00a0\u00bb:{\u00ab\u00a0authors\u00a0\u00bb:[{\u00ab\u00a0_id\u00a0\u00bb:\u00a0\u00bb2005&Prime;,\u00a0\u00bbbyline\u00a0\u00bb:\u00a0\u00bb AFP\u00a0\u00bb,\u00a0\u00bbfirstName\u00a0\u00bb:\u00a0\u00bb\u00a0\u00bb,\u00a0\u00bblastName\u00a0\u00bb:\u00a0\u00bbAFP\u00a0\u00bb,\u00a0\u00bbrole\u00a0\u00bb:\u00a0\u00bb\u00a0\u00bb,\u00a0\u00bbemail\u00a0\u00bb:\u00a0\u00bbafp@imp.libe.com\u00a0\u00bb,\u00a0\u00bbslug\u00a0\u00bb:\u00a0\u00bbafp\u00a0\u00bb,\u00a0\u00bbbooks\u00a0\u00bb:[],\u00a0\u00bbpodcasts\u00a0\u00bb:[],\u00a0\u00bbeducation\u00a0\u00bb:[],\u00a0\u00bbawards\u00a0\u00bb:[],\u00a0\u00bblast_updated_date\u00a0\u00bb:\u00a0\u00bb2021-01-16T15:12:57.209Z\u00a0\u00bb}],\u00a0\u00bbmore\u00a0\u00bb:false,\u00a0\u00bb_id\u00a0\u00bb:\u00a0\u00bb13f5554c87304a3b439c1384f313ad6dce71bed3fe8eced8277877bf98cdbe50&Prime;},\u00a0\u00bbexpires\u00a0\u00bb:1752829992281,\u00a0\u00bblastModified\u00a0\u00bb:1752829692259}},\u00a0\u00bbsite-story-feed-sections\u00a0\u00bb:{\u00ab\u00a0{\\\u00a0\u00bbarc-site\\\u00a0\u00bb:\\\u00a0\u00bbliberation\\\u00a0\u00bb,\\\u00a0\u00bbfeedOffset\\\u00a0\u00bb:0,\\\u00a0\u00bbfeedSize\\\u00a0\u00bb:1,\\\u00a0\u00bbimageRatio\\\u00a0\u00bb:1.5,\\\u00a0\u00bbincludeSections\\\u00a0\u00bb:\\\u00a0\u00bb\/societe\\\u00a0\u00bb}\u00a0\u00bb:{\u00ab\u00a0data\u00a0\u00bb:{\u00ab\u00a0_id\u00a0\u00bb:\u00a0\u00bbb76bdf992e611fb77b9af49c76bfeaa69c30b6560eb1c36aa487a8f67a00ec4f\u00a0\u00bb,\u00a0\u00bbcontent_elements\u00a0\u00bb:[{\u00ab\u00a0_id\u00a0\u00bb:\u00a0\u00bbGJIIMLPEARBPNO3I2ONV6CKDCE\u00a0\u00bb,\u00a0\u00bbcontent_restrictions\u00a0\u00bb:{\u00ab\u00a0content_code\u00a0\u00bb:\u00a0\u00bbouvert\u00a0\u00bb},\u00a0\u00bbcredits\u00a0\u00bb:{\u00ab\u00a0by\u00a0\u00bb:[{\u00ab\u00a0_id\u00a0\u00bb:\u00a0\u00bb13090&Prime;,\u00a0\u00bbadditional_properties\u00a0\u00bb:{\u00ab\u00a0original\u00a0\u00bb:{\u00ab\u00a0byline\u00a0\u00bb:\u00a0\u00bb LIBERATION\u00a0\u00bb,\u00a0\u00bbslug\u00a0\u00bb:\u00a0\u00bbliberation\u00a0\u00bb}},\u00a0\u00bbname\u00a0\u00bb:\u00a0\u00bb LIBERATION\u00a0\u00bb,\u00a0\u00bbslug\u00a0\u00bb:\u00a0\u00bbliberation\u00a0\u00bb,\u00a0\u00bbtype\u00a0\u00bb:\u00a0\u00bbauthor\u00a0\u00bb},{\u00ab\u00a0_id\u00a0\u00bb:\u00a0\u00bb2005&Prime;,\u00a0\u00bbadditional_properties\u00a0\u00bb:{\u00ab\u00a0original\u00a0\u00bb:{\u00ab\u00a0byline\u00a0\u00bb:\u00a0\u00bb AFP\u00a0\u00bb,\u00a0\u00bbslug\u00a0\u00bb:\u00a0\u00bbafp\u00a0\u00bb}},\u00a0\u00bbname\u00a0\u00bb:\u00a0\u00bb AFP\u00a0\u00bb,\u00a0\u00bbslug\u00a0\u00bb:\u00a0\u00bbafp\u00a0\u00bb,\u00a0\u00bbtype\u00a0\u00bb:\u00a0\u00bbauthor\u00a0\u00bb}]},\u00a0\u00bbdescription\u00a0\u00bb:{\u00ab\u00a0basic\u00a0\u00bb:\u00a0\u00bbD\u00e8s ce vendredi soir, 22 heures, et jusqu\u2019\u00e0 samedi matin, un important \u00e9pisode pluvio-orageux est attendu sur l\u2019est de la Bretagne et l\u2019ouest de la Normandie. Des cumuls de pluie de l\u2019ordre de 80\u00a0mm pourraient \u00eatre enregistr\u00e9s localement.\u00a0\u00bb},\u00a0\u00bbdisplay_date\u00a0\u00bb:\u00a0\u00bb2025-07-18T09:06:49.303Z\u00a0\u00bb,\u00a0\u00bbheadlines\u00a0\u00bb:{\u00ab\u00a0basic\u00a0\u00bb:\u00a0\u00bbOrages violents et risques d\u2019inondations\u00a0: trois d\u00e9partements de l\u2019Ouest plac\u00e9s en vigilance orange ce vendredi\u00a0\u00bb},\u00a0\u00bblabel\u00a0\u00bb:{\u00ab\u00a0basic\u00a0\u00bb:{\u00ab\u00a0text\u00a0\u00bb:\u00a0\u00bbIntemp\u00e9ries\u00a0\u00bb}},\u00a0\u00bbpromo_items\u00a0\u00bb:{\u00ab\u00a0basic\u00a0\u00bb:{\u00ab\u00a0_id\u00a0\u00bb:\u00a0\u00bbNC7PDDAUV5AIJIOUKMOAYGXWY4&Prime;,\u00a0\u00bbauth\u00a0\u00bb:{\u00ab\u00a01&Prime;:\u00a0\u00bb0682f37a398c5cb924ff64f8ffa26fe6460b6a8c626ead590b5135ac4aec6545&Prime;},\u00a0\u00bbfocal_point\u00a0\u00bb:{\u00ab\u00a0x\u00a0\u00bb:1062,\u00a0\u00bby\u00a0\u00bb:1333},\u00a0\u00bbheight\u00a0\u00bb:2083,\u00a0\u00bbresized_params\u00a0\u00bb:[{\u00ab\u00a0height\u00a0\u00bb:56,\u00a0\u00bburl\u00a0\u00bb:\u00a0\u00bbresizer\/KymcqvMqJNR6OuhVLiMPYAncZkE=\/84&#215;56\/filters:format(jpg):quality(70):focal(1057&#215;1328:1067&#215;1338)\/cloudfront-eu-central-1.images.arcpublishing.com\/liberation\/NC7PDDAUV5AIJIOUKMOAYGXWY4.jpg\u00a0\u00bb,\u00a0\u00bbwidth\u00a0\u00bb:84},{\u00ab\u00a0height\u00a0\u00bb:70,\u00a0\u00bburl\u00a0\u00bb:\u00a0\u00bbresizer\/_8VPsQ_X6Zo3BLfmXlJZsO8Gn0g=\/105&#215;70\/filters:format(jpg):quality(70):focal(1057&#215;1328:1067&#215;1338)\/cloudfront-eu-central-1.images.arcpublishing.com\/liberation\/NC7PDDAUV5AIJIOUKMOAYGXWY4.jpg\u00a0\u00bb,\u00a0\u00bbwidth\u00a0\u00bb:105},{\u00ab\u00a0height\u00a0\u00bb:105,\u00a0\u00bburl\u00a0\u00bb:\u00a0\u00bbresizer\/DU-Bcn1Xx5_MkhwfRlS69lHdtrk=\/158&#215;105\/filters:format(jpg):quality(70):focal(1057&#215;1328:1067&#215;1338)\/cloudfront-eu-central-1.images.arcpublishing.com\/liberation\/NC7PDDAUV5AIJIOUKMOAYGXWY4.jpg\u00a0\u00bb,\u00a0\u00bbwidth\u00a0\u00bb:158},{\u00ab\u00a0height\u00a0\u00bb:183,\u00a0\u00bburl\u00a0\u00bb:\u00a0\u00bbresizer\/xcWJoNV5a7CkqUfCwhAdpdcqoiQ=\/274&#215;183\/filters:format(jpg):quality(70):focal(1057&#215;1328:1067&#215;1338)\/cloudfront-eu-central-1.images.arcpublishing.com\/liberation\/NC7PDDAUV5AIJIOUKMOAYGXWY4.jpg\u00a0\u00bb,\u00a0\u00bbwidth\u00a0\u00bb:274},{\u00ab\u00a0height\u00a0\u00bb:251,\u00a0\u00bburl\u00a0\u00bb:\u00a0\u00bbresizer\/3ty47BcC743YEHsUQQb7Yhbnxjw=\/377&#215;251\/filters:format(jpg):quality(70):focal(1057&#215;1328:1067&#215;1338)\/cloudfront-eu-central-1.images.arcpublishing.com\/liberation\/NC7PDDAUV5AIJIOUKMOAYGXWY4.jpg\u00a0\u00bb,\u00a0\u00bbwidth\u00a0\u00bb:377},{\u00ab\u00a0height\u00a0\u00bb:267,\u00a0\u00bburl\u00a0\u00bb:\u00a0\u00bbresizer\/4evYpFXIf8PHO-AaRJblevoiO4Q=\/400&#215;267\/filters:format(jpg):quality(70):focal(1057&#215;1328:1067&#215;1338)\/cloudfront-eu-central-1.images.arcpublishing.com\/liberation\/NC7PDDAUV5AIJIOUKMOAYGXWY4.jpg\u00a0\u00bb,\u00a0\u00bbwidth\u00a0\u00bb:400},{\u00ab\u00a0height\u00a0\u00bb:400,\u00a0\u00bburl\u00a0\u00bb:\u00a0\u00bbresizer\/tCodzN9Qe2xv6bbuBZAmbDskt44=\/600&#215;400\/filters:format(jpg):quality(70):focal(1057&#215;1328:1067&#215;1338)\/cloudfront-eu-central-1.images.arcpublishing.com\/liberation\/NC7PDDAUV5AIJIOUKMOAYGXWY4.jpg\u00a0\u00bb,\u00a0\u00bbwidth\u00a0\u00bb:600},{\u00ab\u00a0height\u00a0\u00bb:512,\u00a0\u00bburl\u00a0\u00bb:\u00a0\u00bbresizer\/Ht2LByTuBX1r0v2I77kyw5YwjAA=\/768&#215;512\/filters:format(jpg):quality(70):focal(1057&#215;1328:1067&#215;1338)\/cloudfront-eu-central-1.images.arcpublishing.com\/liberation\/NC7PDDAUV5AIJIOUKMOAYGXWY4.jpg\u00a0\u00bb,\u00a0\u00bbwidth\u00a0\u00bb:768},{\u00ab\u00a0height\u00a0\u00bb:533,\u00a0\u00bburl\u00a0\u00bb:\u00a0\u00bbresizer\/FAfYBXYyy3lx3VOWGCBlBTnB1hA=\/800&#215;533\/filters:format(jpg):quality(70):focal(1057&#215;1328:1067&#215;1338)\/cloudfront-eu-central-1.images.arcpublishing.com\/liberation\/NC7PDDAUV5AIJIOUKMOAYGXWY4.jpg\u00a0\u00bb,\u00a0\u00bbwidth\u00a0\u00bb:800},{\u00ab\u00a0height\u00a0\u00bb:683,\u00a0\u00bburl\u00a0\u00bb:\u00a0\u00bbresizer\/k0BUTYFK0X9d0pBnBCcJYiejqZQ=\/1024&#215;683\/filters:format(jpg):quality(70):focal(1057&#215;1328:1067&#215;1338)\/cloudfront-eu-central-1.images.arcpublishing.com\/liberation\/NC7PDDAUV5AIJIOUKMOAYGXWY4.jpg\u00a0\u00bb,\u00a0\u00bbwidth\u00a0\u00bb:1024},{\u00ab\u00a0height\u00a0\u00bb:800,\u00a0\u00bburl\u00a0\u00bb:\u00a0\u00bbresizer\/1LnJgLuVWSZahJCe2UxB2GgmiVg=\/1200&#215;800\/filters:format(jpg):quality(70):focal(1057&#215;1328:1067&#215;1338)\/cloudfront-eu-central-1.images.arcpublishing.com\/liberation\/NC7PDDAUV5AIJIOUKMOAYGXWY4.jpg\u00a0\u00bb,\u00a0\u00bbwidth\u00a0\u00bb:1200},{\u00ab\u00a0height\u00a0\u00bb:960,\u00a0\u00bburl\u00a0\u00bb:\u00a0\u00bbresizer\/FryysXxeu7YP6fFubg6hzR8HkB8=\/1440&#215;960\/filters:format(jpg):quality(70):focal(1057&#215;1328:1067&#215;1338)\/cloudfront-eu-central-1.images.arcpublishing.com\/liberation\/NC7PDDAUV5AIJIOUKMOAYGXWY4.jpg\u00a0\u00bb,\u00a0\u00bbwidth\u00a0\u00bb:1440},{\u00ab\u00a0height\u00a0\u00bb:1067,\u00a0\u00bburl\u00a0\u00bb:\u00a0\u00bbresizer\/B46Gg8EzOhNTJSmOs7DyCTj9cfA=\/1600&#215;1067\/filters:format(jpg):quality(70):focal(1057&#215;1328:1067&#215;1338)\/cloudfront-eu-central-1.images.arcpublishing.com\/liberation\/NC7PDDAUV5AIJIOUKMOAYGXWY4.jpg\u00a0\u00bb,\u00a0\u00bbwidth\u00a0\u00bb:1600}],\u00a0\u00bbtype\u00a0\u00bb:\u00a0\u00bbimage\u00a0\u00bb,\u00a0\u00bburl\u00a0\u00bb:\u00a0\u00bbhttps:\/\/cloudfront-eu-central-1.images.arcpublishing.com\/liberation\/NC7PDDAUV5AIJIOUKMOAYGXWY4.jpg\u00a0\u00bb,\u00a0\u00bbwidth\u00a0\u00bb:2778}},\u00a0\u00bbsubtype\u00a0\u00bb:\u00a0\u00bbnews\u00a0\u00bb,\u00a0\u00bbtype\u00a0\u00bb:\u00a0\u00bbstory\u00a0\u00bb,\u00a0\u00bbwebsites\u00a0\u00bb:{\u00ab\u00a0liberation\u00a0\u00bb:{\u00ab\u00a0website_section\u00a0\u00bb:{\u00ab\u00a0_id\u00a0\u00bb:\u00a0\u00bb\/societe\u00a0\u00bb,\u00a0\u00bbname\u00a0\u00bb:\u00a0\u00bbSoci\u00e9t\u00e9\u00a0\u00bb},\u00a0\u00bbwebsite_url\u00a0\u00bb:\u00a0\u00bbhttps:\/\/www.liberation.fr\/societe\/orages-violents-et-risques-dinondations-trois-departements-de-louest-places-en-vigilance-orange-ce-vendredi-20250718_GJIIMLPEARBPNO3I2ONV6CKDCE\/\u00a0\u00bb}}}],\u00a0\u00bbcount\u00a0\u00bb:10000},\u00a0\u00bbexpires\u00a0\u00bb:1752829993441,\u00a0\u00bblastModified\u00a0\u00bb:1752829693353},\u00a0\u00bb{\\\u00a0\u00bbarc-site\\\u00a0\u00bb:\\\u00a0\u00bbliberation\\\u00a0\u00bb,\\\u00a0\u00bbfeedOffset\\\u00a0\u00bb:1,\\\u00a0\u00bbfeedSize\\\u00a0\u00bb:1,\\\u00a0\u00bbimageRatio\\\u00a0\u00bb:1.5,\\\u00a0\u00bbincludeSections\\\u00a0\u00bb:\\\u00a0\u00bb\/societe\\\u00a0\u00bb}\u00a0\u00bb:{\u00ab\u00a0data\u00a0\u00bb:{\u00ab\u00a0_id\u00a0\u00bb:\u00a0\u00bb46c9d309493e48ea4aaeb2a339e6d8eaa8906d991e68b1cca89689d0daf4b236&Prime;,\u00a0\u00bbcontent_elements\u00a0\u00bb:[{\u00ab\u00a0_id\u00a0\u00bb:\u00a0\u00bbGT4YCBF6GFBEROHZXTRPWSMRXI\u00a0\u00bb,\u00a0\u00bbcontent_restrictions\u00a0\u00bb:{\u00ab\u00a0content_code\u00a0\u00bb:\u00a0\u00bbouvert\u00a0\u00bb},\u00a0\u00bbcredits\u00a0\u00bb:{\u00ab\u00a0by\u00a0\u00bb:[{\u00ab\u00a0_id\u00a0\u00bb:\u00a0\u00bb13090&Prime;,\u00a0\u00bbadditional_properties\u00a0\u00bb:{\u00ab\u00a0original\u00a0\u00bb:{\u00ab\u00a0byline\u00a0\u00bb:\u00a0\u00bb LIBERATION\u00a0\u00bb,\u00a0\u00bbslug\u00a0\u00bb:\u00a0\u00bbliberation\u00a0\u00bb}},\u00a0\u00bbname\u00a0\u00bb:\u00a0\u00bb LIBERATION\u00a0\u00bb,\u00a0\u00bbslug\u00a0\u00bb:\u00a0\u00bbliberation\u00a0\u00bb,\u00a0\u00bbtype\u00a0\u00bb:\u00a0\u00bbauthor\u00a0\u00bb},{\u00ab\u00a0_id\u00a0\u00bb:\u00a0\u00bb2005&Prime;,\u00a0\u00bbadditional_properties\u00a0\u00bb:{\u00ab\u00a0original\u00a0\u00bb:{\u00ab\u00a0byline\u00a0\u00bb:\u00a0\u00bb AFP\u00a0\u00bb,\u00a0\u00bbslug\u00a0\u00bb:\u00a0\u00bbafp\u00a0\u00bb}},\u00a0\u00bbname\u00a0\u00bb:\u00a0\u00bb AFP\u00a0\u00bb,\u00a0\u00bbslug\u00a0\u00bb:\u00a0\u00bbafp\u00a0\u00bb,\u00a0\u00bbtype\u00a0\u00bb:\u00a0\u00bbauthor\u00a0\u00bb}]},\u00a0\u00bbdescription\u00a0\u00bb:{\u00ab\u00a0basic\u00a0\u00bb:\u00a0\u00bbL\u2019Office fran\u00e7ais de la biodiversit\u00e9 avance comme explication les erreurs de manipulation d\u2019armes ainsi que les battues organis\u00e9es en urgence, dans son rapport annuel publi\u00e9 ce vendredi 18\u00a0juillet.\u00a0\u00bb},\u00a0\u00bbdisplay_date\u00a0\u00bb:\u00a0\u00bb2025-07-18T08:47:22.292Z\u00a0\u00bb,\u00a0\u00bbheadlines\u00a0\u00bb:{\u00ab\u00a0basic\u00a0\u00bb:\u00a0\u00bbAvec 11 morts et 16 bless\u00e9s cette saison, les accidents de chasse repartent en forte hausse\u00a0\u00bb},\u00a0\u00bblabel\u00a0\u00bb:{\u00ab\u00a0basic\u00a0\u00bb:{\u00ab\u00a0text\u00a0\u00bb:\u00a0\u00bbPratique dangereuse \u00ab\u00a0}},\u00a0\u00bbpromo_items\u00a0\u00bb:{\u00ab\u00a0basic\u00a0\u00bb:{\u00ab\u00a0_id\u00a0\u00bb:\u00a0\u00bbBG6KEUIRD5AERNLOTCYPZYEJPQ\u00a0\u00bb,\u00a0\u00bbauth\u00a0\u00bb:{\u00ab\u00a01&Prime;:\u00a0\u00bbf7c06356093ca2f220b9ebf05507196c6513403a6f352c4a5990d8571fb35632&Prime;},\u00a0\u00bbfocal_point\u00a0\u00bb:{\u00ab\u00a0x\u00a0\u00bb:1007,\u00a0\u00bby\u00a0\u00bb:981},\u00a0\u00bbheight\u00a0\u00bb:1365,\u00a0\u00bbresized_params\u00a0\u00bb:[{\u00ab\u00a0height\u00a0\u00bb:56,\u00a0\u00bburl\u00a0\u00bb:\u00a0\u00bbresizer\/OP-Yog79Yn87wJ9R43dLo4IM4-w=\/84&#215;56\/filters:format(jpg):quality(70):focal(1002&#215;976:1012&#215;986)\/cloudfront-eu-central-1.images.arcpublishing.com\/liberation\/BG6KEUIRD5AERNLOTCYPZYEJPQ.jpg\u00a0\u00bb,\u00a0\u00bbwidth\u00a0\u00bb:84},{\u00ab\u00a0height\u00a0\u00bb:70,\u00a0\u00bburl\u00a0\u00bb:\u00a0\u00bbresizer\/jjSExnPVjk9H6wgQ9IYnueEeLT8=\/105&#215;70\/filters:format(jpg):quality(70):focal(1002&#215;976:1012&#215;986)\/cloudfront-eu-central-1.images.arcpublishing.com\/liberation\/BG6KEUIRD5AERNLOTCYPZYEJPQ.jpg\u00a0\u00bb,\u00a0\u00bbwidth\u00a0\u00bb:105},{\u00ab\u00a0height\u00a0\u00bb:105,\u00a0\u00bburl\u00a0\u00bb:\u00a0\u00bbresizer\/BxVpl9VZ2yEKDcCzrnZscXmkrb0=\/158&#215;105\/filters:format(jpg):quality(70):focal(1002&#215;976:1012&#215;986)\/cloudfront-eu-central-1.images.arcpublishing.com\/liberation\/BG6KEUIRD5AERNLOTCYPZYEJPQ.jpg\u00a0\u00bb,\u00a0\u00bbwidth\u00a0\u00bb:158},{\u00ab\u00a0height\u00a0\u00bb:183,\u00a0\u00bburl\u00a0\u00bb:\u00a0\u00bbresizer\/PfjYufg1h2wjspTEdlFSW5xrcY8=\/274&#215;183\/filters:format(jpg):quality(70):focal(1002&#215;976:1012&#215;986)\/cloudfront-eu-central-1.images.arcpublishing.com\/liberation\/BG6KEUIRD5AERNLOTCYPZYEJPQ.jpg\u00a0\u00bb,\u00a0\u00bbwidth\u00a0\u00bb:274},{\u00ab\u00a0height\u00a0\u00bb:251,\u00a0\u00bburl\u00a0\u00bb:\u00a0\u00bbresizer\/mZMLHcDUOuT23ebmZIfawy5v0yU=\/377&#215;251\/filters:format(jpg):quality(70):focal(1002&#215;976:1012&#215;986)\/cloudfront-eu-central-1.images.arcpublishing.com\/liberation\/BG6KEUIRD5AERNLOTCYPZYEJPQ.jpg\u00a0\u00bb,\u00a0\u00bbwidth\u00a0\u00bb:377},{\u00ab\u00a0height\u00a0\u00bb:267,\u00a0\u00bburl\u00a0\u00bb:\u00a0\u00bbresizer\/xQ-4ADcHO7fy8NweSXoWKTAGF24=\/400&#215;267\/filters:format(jpg):quality(70):focal(1002&#215;976:1012&#215;986)\/cloudfront-eu-central-1.images.arcpublishing.com\/liberation\/BG6KEUIRD5AERNLOTCYPZYEJPQ.jpg\u00a0\u00bb,\u00a0\u00bbwidth\u00a0\u00bb:400},{\u00ab\u00a0height\u00a0\u00bb:400,\u00a0\u00bburl\u00a0\u00bb:\u00a0\u00bbresizer\/iCpnyZ0rfhY-njTlL7BXYQi7qFE=\/600&#215;400\/filters:format(jpg):quality(70):focal(1002&#215;976:1012&#215;986)\/cloudfront-eu-central-1.images.arcpublishing.com\/liberation\/BG6KEUIRD5AERNLOTCYPZYEJPQ.jpg\u00a0\u00bb,\u00a0\u00bbwidth\u00a0\u00bb:600},{\u00ab\u00a0height\u00a0\u00bb:512,\u00a0\u00bburl\u00a0\u00bb:\u00a0\u00bbresizer\/ZPKlM3TWlabSQ6leLZuxJRtGbOY=\/768&#215;512\/filters:format(jpg):quality(70):focal(1002&#215;976:1012&#215;986)\/cloudfront-eu-central-1.images.arcpublishing.com\/liberation\/BG6KEUIRD5AERNLOTCYPZYEJPQ.jpg\u00a0\u00bb,\u00a0\u00bbwidth\u00a0\u00bb:768},{\u00ab\u00a0height\u00a0\u00bb:533,\u00a0\u00bburl\u00a0\u00bb:\u00a0\u00bbresizer\/xWx44WNCnM-Tk-c9g3Xu5a5cqoY=\/800&#215;533\/filters:format(jpg):quality(70):focal(1002&#215;976:1012&#215;986)\/cloudfront-eu-central-1.images.arcpublishing.com\/liberation\/BG6KEUIRD5AERNLOTCYPZYEJPQ.jpg\u00a0\u00bb,\u00a0\u00bbwidth\u00a0\u00bb:800},{\u00ab\u00a0height\u00a0\u00bb:683,\u00a0\u00bburl\u00a0\u00bb:\u00a0\u00bbresizer\/KnsB5ZUniZ46oDI&#8211;RncNQA9zEA=\/1024&#215;683\/filters:format(jpg):quality(70):focal(1002&#215;976:1012&#215;986)\/cloudfront-eu-central-1.images.arcpublishing.com\/liberation\/BG6KEUIRD5AERNLOTCYPZYEJPQ.jpg\u00a0\u00bb,\u00a0\u00bbwidth\u00a0\u00bb:1024},{\u00ab\u00a0height\u00a0\u00bb:800,\u00a0\u00bburl\u00a0\u00bb:\u00a0\u00bbresizer\/BcNxQiTD8TgiM1bxjJC2CQfvsM8=\/1200&#215;800\/filters:format(jpg):quality(70):focal(1002&#215;976:1012&#215;986)\/cloudfront-eu-central-1.images.arcpublishing.com\/liberation\/BG6KEUIRD5AERNLOTCYPZYEJPQ.jpg\u00a0\u00bb,\u00a0\u00bbwidth\u00a0\u00bb:1200},{\u00ab\u00a0height\u00a0\u00bb:960,\u00a0\u00bburl\u00a0\u00bb:\u00a0\u00bbresizer\/_ZQTCoIvNdjqj2cC597bWL0XTbM=\/1440&#215;960\/filters:format(jpg):quality(70):focal(1002&#215;976:1012&#215;986)\/cloudfront-eu-central-1.images.arcpublishing.com\/liberation\/BG6KEUIRD5AERNLOTCYPZYEJPQ.jpg\u00a0\u00bb,\u00a0\u00bbwidth\u00a0\u00bb:1440},{\u00ab\u00a0height\u00a0\u00bb:1067,\u00a0\u00bburl\u00a0\u00bb:\u00a0\u00bbresizer\/BpbUNgmJV9rFQjocOj0CJVQiA-w=\/1600&#215;1067\/filters:format(jpg):quality(70):focal(1002&#215;976:1012&#215;986)\/cloudfront-eu-central-1.images.arcpublishing.com\/liberation\/BG6KEUIRD5AERNLOTCYPZYEJPQ.jpg\u00a0\u00bb,\u00a0\u00bbwidth\u00a0\u00bb:1600}],\u00a0\u00bbtype\u00a0\u00bb:\u00a0\u00bbimage\u00a0\u00bb,\u00a0\u00bburl\u00a0\u00bb:\u00a0\u00bbhttps:\/\/cloudfront-eu-central-1.images.arcpublishing.com\/liberation\/BG6KEUIRD5AERNLOTCYPZYEJPQ.jpg\u00a0\u00bb,\u00a0\u00bbwidth\u00a0\u00bb:2048}},\u00a0\u00bbsubtype\u00a0\u00bb:\u00a0\u00bbnews\u00a0\u00bb,\u00a0\u00bbtype\u00a0\u00bb:\u00a0\u00bbstory\u00a0\u00bb,\u00a0\u00bbwebsites\u00a0\u00bb:{\u00ab\u00a0liberation\u00a0\u00bb:{\u00ab\u00a0website_section\u00a0\u00bb:{\u00ab\u00a0_id\u00a0\u00bb:\u00a0\u00bb\/societe\u00a0\u00bb,\u00a0\u00bbname\u00a0\u00bb:\u00a0\u00bbSoci\u00e9t\u00e9\u00a0\u00bb},\u00a0\u00bbwebsite_url\u00a0\u00bb:\u00a0\u00bbhttps:\/\/www.liberation.fr\/societe\/chasse-avec-11-morts-et-16-blesses-cette-saison-les-accidents-en-forte-hausse-20250718_GT4YCBF6GFBEROHZXTRPWSMRXI\/\u00a0\u00bb}}}],\u00a0\u00bbcount\u00a0\u00bb:10000},\u00a0\u00bbexpires\u00a0\u00bb:1752830064206,\u00a0\u00bblastModified\u00a0\u00bb:1752829764113},\u00a0\u00bb{\\\u00a0\u00bbarc-site\\\u00a0\u00bb:\\\u00a0\u00bbliberation\\\u00a0\u00bb,\\\u00a0\u00bbfeedOffset\\\u00a0\u00bb:2,\\\u00a0\u00bbfeedSize\\\u00a0\u00bb:1,\\\u00a0\u00bbimageRatio\\\u00a0\u00bb:1.5,\\\u00a0\u00bbincludeSections\\\u00a0\u00bb:\\\u00a0\u00bb\/societe\\\u00a0\u00bb}\u00a0\u00bb:{\u00ab\u00a0data\u00a0\u00bb:{\u00ab\u00a0_id\u00a0\u00bb:\u00a0\u00bb21c50eff70a41af142dc74a9911b28a93ea9ad8102a3452706fb900d308c5069&Prime;,\u00a0\u00bbcontent_elements\u00a0\u00bb:[{\u00ab\u00a0_id\u00a0\u00bb:\u00a0\u00bbH6RBNEQXCNDJRAPJYFJ4BXZ424&Prime;,\u00a0\u00bbcontent_restrictions\u00a0\u00bb:{\u00ab\u00a0content_code\u00a0\u00bb:\u00a0\u00bbouvert\u00a0\u00bb},\u00a0\u00bbcredits\u00a0\u00bb:{\u00ab\u00a0by\u00a0\u00bb:[{\u00ab\u00a0_id\u00a0\u00bb:\u00a0\u00bb13090&Prime;,\u00a0\u00bbadditional_properties\u00a0\u00bb:{\u00ab\u00a0original\u00a0\u00bb:{\u00ab\u00a0byline\u00a0\u00bb:\u00a0\u00bb LIBERATION\u00a0\u00bb,\u00a0\u00bbslug\u00a0\u00bb:\u00a0\u00bbliberation\u00a0\u00bb}},\u00a0\u00bbname\u00a0\u00bb:\u00a0\u00bb LIBERATION\u00a0\u00bb,\u00a0\u00bbslug\u00a0\u00bb:\u00a0\u00bbliberation\u00a0\u00bb,\u00a0\u00bbtype\u00a0\u00bb:\u00a0\u00bbauthor\u00a0\u00bb},{\u00ab\u00a0_id\u00a0\u00bb:\u00a0\u00bb2005&Prime;,\u00a0\u00bbadditional_properties\u00a0\u00bb:{\u00ab\u00a0original\u00a0\u00bb:{\u00ab\u00a0byline\u00a0\u00bb:\u00a0\u00bb AFP\u00a0\u00bb,\u00a0\u00bbslug\u00a0\u00bb:\u00a0\u00bbafp\u00a0\u00bb}},\u00a0\u00bbname\u00a0\u00bb:\u00a0\u00bb AFP\u00a0\u00bb,\u00a0\u00bbslug\u00a0\u00bb:\u00a0\u00bbafp\u00a0\u00bb,\u00a0\u00bbtype\u00a0\u00bb:\u00a0\u00bbauthor\u00a0\u00bb}]},\u00a0\u00bbdescription\u00a0\u00bb:{\u00ab\u00a0basic\u00a0\u00bb:\u00a0\u00bbApr\u00e8s avoir pass\u00e9 20 ans derri\u00e8re les barreaux, dont 17 dans le couloir de la mort, avant d\u2019\u00eatre transf\u00e9r\u00e9 en France en f\u00e9vrier dernier, l\u2019homme de 61\u00a0ans est ressorti libre ce vendredi 18\u00a0juillet.\u00a0\u00bb},\u00a0\u00bbdisplay_date\u00a0\u00bb:\u00a0\u00bb2025-07-18T08:26:29.682Z\u00a0\u00bb,\u00a0\u00bbheadlines\u00a0\u00bb:{\u00ab\u00a0basic\u00a0\u00bb:\u00a0\u00bbSerge Atlaoui, ex-condamn\u00e9 \u00e0 mort en Indon\u00e9sie, est sorti de prison\u00a0\u00bb},\u00a0\u00bblabel\u00a0\u00bb:{\u00ab\u00a0basic\u00a0\u00bb:{\u00ab\u00a0text\u00a0\u00bb:\u00a0\u00bbLibert\u00e9\u00a0\u00bb}},\u00a0\u00bbpromo_items\u00a0\u00bb:{\u00ab\u00a0basic\u00a0\u00bb:{\u00ab\u00a0_id\u00a0\u00bb:\u00a0\u00bb2372LIS7TJAPNMAQIAVTALAW2E\u00a0\u00bb,\u00a0\u00bbauth\u00a0\u00bb:{\u00ab\u00a01&Prime;:\u00a0\u00bbe16a906e9e8703440f492a528c8d54b97b929ce5471ff74473d64e0e6ad3cf6e\u00a0\u00bb},\u00a0\u00bbfocal_point\u00a0\u00bb:{\u00ab\u00a0x\u00a0\u00bb:4931,\u00a0\u00bby\u00a0\u00bb:3472},\u00a0\u00bbheight\u00a0\u00bb:4863,\u00a0\u00bbresized_params\u00a0\u00bb:[{\u00ab\u00a0height\u00a0\u00bb:56,\u00a0\u00bburl\u00a0\u00bb:\u00a0\u00bbresizer\/apEI16vLdD2UMWjjcQasNdcJNGI=\/84&#215;56\/filters:format(jpg):quality(70):focal(4926&#215;3467:4936&#215;3477)\/cloudfront-eu-central-1.images.arcpublishing.com\/liberation\/2372LIS7TJAPNMAQIAVTALAW2E.jpg\u00a0\u00bb,\u00a0\u00bbwidth\u00a0\u00bb:84},{\u00ab\u00a0height\u00a0\u00bb:70,\u00a0\u00bburl\u00a0\u00bb:\u00a0\u00bbresizer\/k03tSTqFLXjHUmj1uGVc69kwj1o=\/105&#215;70\/filters:format(jpg):quality(70):focal(4926&#215;3467:4936&#215;3477)\/cloudfront-eu-central-1.images.arcpublishing.com\/liberation\/2372LIS7TJAPNMAQIAVTALAW2E.jpg\u00a0\u00bb,\u00a0\u00bbwidth\u00a0\u00bb:105},{\u00ab\u00a0height\u00a0\u00bb:105,\u00a0\u00bburl\u00a0\u00bb:\u00a0\u00bbresizer\/WrVlZRft8kUCBakSeRysmpuQ3Ng=\/158&#215;105\/filters:format(jpg):quality(70):focal(4926&#215;3467:4936&#215;3477)\/cloudfront-eu-central-1.images.arcpublishing.com\/liberation\/2372LIS7TJAPNMAQIAVTALAW2E.jpg\u00a0\u00bb,\u00a0\u00bbwidth\u00a0\u00bb:158},{\u00ab\u00a0height\u00a0\u00bb:183,\u00a0\u00bburl\u00a0\u00bb:\u00a0\u00bbresizer\/zzJe1jVzC_pZiliGU8XQtq_RKT8=\/274&#215;183\/filters:format(jpg):quality(70):focal(4926&#215;3467:4936&#215;3477)\/cloudfront-eu-central-1.images.arcpublishing.com\/liberation\/2372LIS7TJAPNMAQIAVTALAW2E.jpg\u00a0\u00bb,\u00a0\u00bbwidth\u00a0\u00bb:274},{\u00ab\u00a0height\u00a0\u00bb:251,\u00a0\u00bburl\u00a0\u00bb:\u00a0\u00bbresizer\/tw7zSRxJ_GT5ge_HKX6xt8eLuPw=\/377&#215;251\/filters:format(jpg):quality(70):focal(4926&#215;3467:4936&#215;3477)\/cloudfront-eu-central-1.images.arcpublishing.com\/liberation\/2372LIS7TJAPNMAQIAVTALAW2E.jpg\u00a0\u00bb,\u00a0\u00bbwidth\u00a0\u00bb:377},{\u00ab\u00a0height\u00a0\u00bb:267,\u00a0\u00bburl\u00a0\u00bb:\u00a0\u00bbresizer\/9Qlj9oeU9k0eOZYjD3kESDPQqbw=\/400&#215;267\/filters:format(jpg):quality(70):focal(4926&#215;3467:4936&#215;3477)\/cloudfront-eu-central-1.images.arcpublishing.com\/liberation\/2372LIS7TJAPNMAQIAVTALAW2E.jpg\u00a0\u00bb,\u00a0\u00bbwidth\u00a0\u00bb:400},{\u00ab\u00a0height\u00a0\u00bb:400,\u00a0\u00bburl\u00a0\u00bb:\u00a0\u00bbresizer\/jnDcEAcqPLuO9TL9082VwRZ0nbY=\/600&#215;400\/filters:format(jpg):quality(70):focal(4926&#215;3467:4936&#215;3477)\/cloudfront-eu-central-1.images.arcpublishing.com\/liberation\/2372LIS7TJAPNMAQIAVTALAW2E.jpg\u00a0\u00bb,\u00a0\u00bbwidth\u00a0\u00bb:600},{\u00ab\u00a0height\u00a0\u00bb:512,\u00a0\u00bburl\u00a0\u00bb:\u00a0\u00bbresizer\/IJnthskqQ6-c1aLVXHUygsmjUn0=\/768&#215;512\/filters:format(jpg):quality(70):focal(4926&#215;3467:4936&#215;3477)\/cloudfront-eu-central-1.images.arcpublishing.com\/liberation\/2372LIS7TJAPNMAQIAVTALAW2E.jpg\u00a0\u00bb,\u00a0\u00bbwidth\u00a0\u00bb:768},{\u00ab\u00a0height\u00a0\u00bb:533,\u00a0\u00bburl\u00a0\u00bb:\u00a0\u00bbresizer\/bLngivVGHNM1DH7DnKC30lnemQM=\/800&#215;533\/filters:format(jpg):quality(70):focal(4926&#215;3467:4936&#215;3477)\/cloudfront-eu-central-1.images.arcpublishing.com\/liberation\/2372LIS7TJAPNMAQIAVTALAW2E.jpg\u00a0\u00bb,\u00a0\u00bbwidth\u00a0\u00bb:800},{\u00ab\u00a0height\u00a0\u00bb:683,\u00a0\u00bburl\u00a0\u00bb:\u00a0\u00bbresizer\/PRjus1lfb9Cj3bLntGfT_VTNnxE=\/1024&#215;683\/filters:format(jpg):quality(70):focal(4926&#215;3467:4936&#215;3477)\/cloudfront-eu-central-1.images.arcpublishing.com\/liberation\/2372LIS7TJAPNMAQIAVTALAW2E.jpg\u00a0\u00bb,\u00a0\u00bbwidth\u00a0\u00bb:1024},{\u00ab\u00a0height\u00a0\u00bb:800,\u00a0\u00bburl\u00a0\u00bb:\u00a0\u00bbresizer\/WAnjeU4fkmoaXLCFBsmxDNIfwaE=\/1200&#215;800\/filters:format(jpg):quality(70):focal(4926&#215;3467:4936&#215;3477)\/cloudfront-eu-central-1.images.arcpublishing.com\/liberation\/2372LIS7TJAPNMAQIAVTALAW2E.jpg\u00a0\u00bb,\u00a0\u00bbwidth\u00a0\u00bb:1200},{\u00ab\u00a0height\u00a0\u00bb:960,\u00a0\u00bburl\u00a0\u00bb:\u00a0\u00bbresizer\/hg_NIcdmwzfAuAnaXLKkZCmgD6M=\/1440&#215;960\/filters:format(jpg):quality(70):focal(4926&#215;3467:4936&#215;3477)\/cloudfront-eu-central-1.images.arcpublishing.com\/liberation\/2372LIS7TJAPNMAQIAVTALAW2E.jpg\u00a0\u00bb,\u00a0\u00bbwidth\u00a0\u00bb:1440},{\u00ab\u00a0height\u00a0\u00bb:1067,\u00a0\u00bburl\u00a0\u00bb:\u00a0\u00bbresizer\/HikWUYVNSaQ8MVWhKM7laneDRTM=\/1600&#215;1067\/filters:format(jpg):quality(70):focal(4926&#215;3467:4936&#215;3477)\/cloudfront-eu-central-1.images.arcpublishing.com\/liberation\/2372LIS7TJAPNMAQIAVTALAW2E.jpg\u00a0\u00bb,\u00a0\u00bbwidth\u00a0\u00bb:1600}],\u00a0\u00bbtype\u00a0\u00bb:\u00a0\u00bbimage\u00a0\u00bb,\u00a0\u00bburl\u00a0\u00bb:\u00a0\u00bbhttps:\/\/cloudfront-eu-central-1.images.arcpublishing.com\/liberation\/2372LIS7TJAPNMAQIAVTALAW2E.jpg\u00a0\u00bb,\u00a0\u00bbwidth\u00a0\u00bb:7295}},\u00a0\u00bbsubtype\u00a0\u00bb:\u00a0\u00bbnews\u00a0\u00bb,\u00a0\u00bbtype\u00a0\u00bb:\u00a0\u00bbstory\u00a0\u00bb,\u00a0\u00bbwebsites\u00a0\u00bb:{\u00ab\u00a0liberation\u00a0\u00bb:{\u00ab\u00a0website_section\u00a0\u00bb:{\u00ab\u00a0_id\u00a0\u00bb:\u00a0\u00bb\/societe\u00a0\u00bb,\u00a0\u00bbname\u00a0\u00bb:\u00a0\u00bbSoci\u00e9t\u00e9\u00a0\u00bb},\u00a0\u00bbwebsite_url\u00a0\u00bb:\u00a0\u00bbhttps:\/\/www.liberation.fr\/societe\/serge-atlaoui-ex-condamne-a-mort-en-indonesie-va-sortir-de-prison-ce-vendredi-annonce-sa-femme-20250718_H6RBNEQXCNDJRAPJYFJ4BXZ424\/\u00a0\u00bb}}}],\u00a0\u00bbcount\u00a0\u00bb:10000},\u00a0\u00bbexpires\u00a0\u00bb:1752830111409,\u00a0\u00bblastModified\u00a0\u00bb:1752829811139},\u00a0\u00bb{\\\u00a0\u00bbarc-site\\\u00a0\u00bb:\\\u00a0\u00bbliberation\\\u00a0\u00bb,\\\u00a0\u00bbfeedOffset\\\u00a0\u00bb:3,\\\u00a0\u00bbfeedSize\\\u00a0\u00bb:1,\\\u00a0\u00bbimageRatio\\\u00a0\u00bb:1.5,\\\u00a0\u00bbincludeSections\\\u00a0\u00bb:\\\u00a0\u00bb\/societe\\\u00a0\u00bb}\u00a0\u00bb:{\u00ab\u00a0data\u00a0\u00bb:{\u00ab\u00a0_id\u00a0\u00bb:\u00a0\u00bb7578081c83a908318a9b1f70806e457c00d5abb3836a48efce652627afd46cbe\u00a0\u00bb,\u00a0\u00bbcontent_elements\u00a0\u00bb:[{\u00ab\u00a0_id\u00a0\u00bb:\u00a0\u00bbT3CMXLUQXVACFHUFFGKOJSPE2Q\u00a0\u00bb,\u00a0\u00bbcontent_restrictions\u00a0\u00bb:{\u00ab\u00a0content_code\u00a0\u00bb:\u00a0\u00bbouvert\u00a0\u00bb},\u00a0\u00bbcredits\u00a0\u00bb:{\u00ab\u00a0by\u00a0\u00bb:[{\u00ab\u00a0_id\u00a0\u00bb:\u00a0\u00bb13090&Prime;,\u00a0\u00bbadditional_properties\u00a0\u00bb:{\u00ab\u00a0original\u00a0\u00bb:{\u00ab\u00a0byline\u00a0\u00bb:\u00a0\u00bb LIBERATION\u00a0\u00bb,\u00a0\u00bbslug\u00a0\u00bb:\u00a0\u00bbliberation\u00a0\u00bb}},\u00a0\u00bbname\u00a0\u00bb:\u00a0\u00bb LIBERATION\u00a0\u00bb,\u00a0\u00bbslug\u00a0\u00bb:\u00a0\u00bbliberation\u00a0\u00bb,\u00a0\u00bbtype\u00a0\u00bb:\u00a0\u00bbauthor\u00a0\u00bb},{\u00ab\u00a0_id\u00a0\u00bb:\u00a0\u00bb2005&Prime;,\u00a0\u00bbadditional_properties\u00a0\u00bb:{\u00ab\u00a0original\u00a0\u00bb:{\u00ab\u00a0byline\u00a0\u00bb:\u00a0\u00bb AFP\u00a0\u00bb,\u00a0\u00bbslug\u00a0\u00bb:\u00a0\u00bbafp\u00a0\u00bb}},\u00a0\u00bbname\u00a0\u00bb:\u00a0\u00bb AFP\u00a0\u00bb,\u00a0\u00bbslug\u00a0\u00bb:\u00a0\u00bbafp\u00a0\u00bb,\u00a0\u00bbtype\u00a0\u00bb:\u00a0\u00bbauthor\u00a0\u00bb}]},\u00a0\u00bbdescription\u00a0\u00bb:{\u00ab\u00a0basic\u00a0\u00bb:\u00a0\u00bbLes pompiers sont \u00e0 pied d\u2019\u0153uvre ce vendredi contre trois foyers diff\u00e9rents. Le plus important, \u00e0 Martigues pr\u00e8s de Marseille, a d\u00e9j\u00e0 br\u00fbl\u00e9 plus de 200 hectares. Mais la situation devrait s\u2019am\u00e9liorer gr\u00e2ce \u00e0 une m\u00e9t\u00e9o plus favorable.\u00a0\u00bb},\u00a0\u00bbdisplay_date\u00a0\u00bb:\u00a0\u00bb2025-07-18T08:06:20.484Z\u00a0\u00bb,\u00a0\u00bbheadlines\u00a0\u00bb:{\u00ab\u00a0basic\u00a0\u00bb:\u00a0\u00bbIncendies\u00a0: un nouveau feu \u00e0 Marseille, celui de Martigues pas ma\u00eetris\u00e9, les flammes \u00abfix\u00e9es\u00bb \u00e0 Broc\u00e9liande et en Ard\u00e8che\u00a0\u00bb},\u00a0\u00bblabel\u00a0\u00bb:{\u00ab\u00a0basic\u00a0\u00bb:{\u00ab\u00a0text\u00a0\u00bb:\u00a0\u00bbFoyers\u00a0\u00bb}},\u00a0\u00bbpromo_items\u00a0\u00bb:{\u00ab\u00a0basic\u00a0\u00bb:{\u00ab\u00a0_id\u00a0\u00bb:\u00a0\u00bbH7FV2CRXJFC65PEBXDLHHIXWPE\u00a0\u00bb,\u00a0\u00bbauth\u00a0\u00bb:{\u00ab\u00a01&Prime;:\u00a0\u00bbce9a265b356c09b834af3fa32d21b159bb75c63966ae264b156940b6f36bfd6b\u00a0\u00bb},\u00a0\u00bbfocal_point\u00a0\u00bb:{\u00ab\u00a0x\u00a0\u00bb:2487,\u00a0\u00bby\u00a0\u00bb:2311},\u00a0\u00bbheight\u00a0\u00bb:3291,\u00a0\u00bbresized_params\u00a0\u00bb:[{\u00ab\u00a0height\u00a0\u00bb:56,\u00a0\u00bburl\u00a0\u00bb:\u00a0\u00bbresizer\/AnNurmoskCdR0dbG-pGwLgFcNG0=\/84&#215;56\/filters:format(jpg):quality(70):focal(2482&#215;2306:2492&#215;2316)\/cloudfront-eu-central-1.images.arcpublishing.com\/liberation\/H7FV2CRXJFC65PEBXDLHHIXWPE.jpg\u00a0\u00bb,\u00a0\u00bbwidth\u00a0\u00bb:84},{\u00ab\u00a0height\u00a0\u00bb:70,\u00a0\u00bburl\u00a0\u00bb:\u00a0\u00bbresizer\/qMvuvqceerGExCacwgMCGc7WaTA=\/105&#215;70\/filters:format(jpg):quality(70):focal(2482&#215;2306:2492&#215;2316)\/cloudfront-eu-central-1.images.arcpublishing.com\/liberation\/H7FV2CRXJFC65PEBXDLHHIXWPE.jpg\u00a0\u00bb,\u00a0\u00bbwidth\u00a0\u00bb:105},{\u00ab\u00a0height\u00a0\u00bb:105,\u00a0\u00bburl\u00a0\u00bb:\u00a0\u00bbresizer\/Uoi3XbZ_y4xp70M2lhYkyXwlUKM=\/158&#215;105\/filters:format(jpg):quality(70):focal(2482&#215;2306:2492&#215;2316)\/cloudfront-eu-central-1.images.arcpublishing.com\/liberation\/H7FV2CRXJFC65PEBXDLHHIXWPE.jpg\u00a0\u00bb,\u00a0\u00bbwidth\u00a0\u00bb:158},{\u00ab\u00a0height\u00a0\u00bb:183,\u00a0\u00bburl\u00a0\u00bb:\u00a0\u00bbresizer\/dU79oolVdkKkbQypaEttuLaFAzk=\/274&#215;183\/filters:format(jpg):quality(70):focal(2482&#215;2306:2492&#215;2316)\/cloudfront-eu-central-1.images.arcpublishing.com\/liberation\/H7FV2CRXJFC65PEBXDLHHIXWPE.jpg\u00a0\u00bb,\u00a0\u00bbwidth\u00a0\u00bb:274},{\u00ab\u00a0height\u00a0\u00bb:251,\u00a0\u00bburl\u00a0\u00bb:\u00a0\u00bbresizer\/MjKtnPijrYWG0ysGol2Tmzo6El0=\/377&#215;251\/filters:format(jpg):quality(70):focal(2482&#215;2306:2492&#215;2316)\/cloudfront-eu-central-1.images.arcpublishing.com\/liberation\/H7FV2CRXJFC65PEBXDLHHIXWPE.jpg\u00a0\u00bb,\u00a0\u00bbwidth\u00a0\u00bb:377},{\u00ab\u00a0height\u00a0\u00bb:267,\u00a0\u00bburl\u00a0\u00bb:\u00a0\u00bbresizer\/oOVaEmUWRZvAT50k8G7Dy8btq0k=\/400&#215;267\/filters:format(jpg):quality(70):focal(2482&#215;2306:2492&#215;2316)\/cloudfront-eu-central-1.images.arcpublishing.com\/liberation\/H7FV2CRXJFC65PEBXDLHHIXWPE.jpg\u00a0\u00bb,\u00a0\u00bbwidth\u00a0\u00bb:400},{\u00ab\u00a0height\u00a0\u00bb:400,\u00a0\u00bburl\u00a0\u00bb:\u00a0\u00bbresizer\/5zv5rJ9wox7H7dn40uZU7P7vlig=\/600&#215;400\/filters:format(jpg):quality(70):focal(2482&#215;2306:2492&#215;2316)\/cloudfront-eu-central-1.images.arcpublishing.com\/liberation\/H7FV2CRXJFC65PEBXDLHHIXWPE.jpg\u00a0\u00bb,\u00a0\u00bbwidth\u00a0\u00bb:600},{\u00ab\u00a0height\u00a0\u00bb:512,\u00a0\u00bburl\u00a0\u00bb:\u00a0\u00bbresizer\/z5SAiJyGF1isyDRw1esPSwRdgJM=\/768&#215;512\/filters:format(jpg):quality(70):focal(2482&#215;2306:2492&#215;2316)\/cloudfront-eu-central-1.images.arcpublishing.com\/liberation\/H7FV2CRXJFC65PEBXDLHHIXWPE.jpg\u00a0\u00bb,\u00a0\u00bbwidth\u00a0\u00bb:768},{\u00ab\u00a0height\u00a0\u00bb:533,\u00a0\u00bburl\u00a0\u00bb:\u00a0\u00bbresizer\/2c5YA5QCYD7PW6eBipRZD52wsvg=\/800&#215;533\/filters:format(jpg):quality(70):focal(2482&#215;2306:2492&#215;2316)\/cloudfront-eu-central-1.images.arcpublishing.com\/liberation\/H7FV2CRXJFC65PEBXDLHHIXWPE.jpg\u00a0\u00bb,\u00a0\u00bbwidth\u00a0\u00bb:800},{\u00ab\u00a0height\u00a0\u00bb:683,\u00a0\u00bburl\u00a0\u00bb:\u00a0\u00bbresizer\/PQylG6DjrkNY6ORFYJv1I2InqVY=\/1024&#215;683\/filters:format(jpg):quality(70):focal(2482&#215;2306:2492&#215;2316)\/cloudfront-eu-central-1.images.arcpublishing.com\/liberation\/H7FV2CRXJFC65PEBXDLHHIXWPE.jpg\u00a0\u00bb,\u00a0\u00bbwidth\u00a0\u00bb:1024},{\u00ab\u00a0height\u00a0\u00bb:800,\u00a0\u00bburl\u00a0\u00bb:\u00a0\u00bbresizer\/o13W1uAlZlofva5uwtv7DG7900U=\/1200&#215;800\/filters:format(jpg):quality(70):focal(2482&#215;2306:2492&#215;2316)\/cloudfront-eu-central-1.images.arcpublishing.com\/liberation\/H7FV2CRXJFC65PEBXDLHHIXWPE.jpg\u00a0\u00bb,\u00a0\u00bbwidth\u00a0\u00bb:1200},{\u00ab\u00a0height\u00a0\u00bb:960,\u00a0\u00bburl\u00a0\u00bb:\u00a0\u00bbresizer\/52Vd1ytRwcyRY_gmcOtBGkX4_yE=\/1440&#215;960\/filters:format(jpg):quality(70):focal(2482&#215;2306:2492&#215;2316)\/cloudfront-eu-central-1.images.arcpublishing.com\/liberation\/H7FV2CRXJFC65PEBXDLHHIXWPE.jpg\u00a0\u00bb,\u00a0\u00bbwidth\u00a0\u00bb:1440},{\u00ab\u00a0height\u00a0\u00bb:1067,\u00a0\u00bburl\u00a0\u00bb:\u00a0\u00bbresizer\/ykfINrPe3vBfUypUaFK9q0SJIeI=\/1600&#215;1067\/filters:format(jpg):quality(70):focal(2482&#215;2306:2492&#215;2316)\/cloudfront-eu-central-1.images.arcpublishing.com\/liberation\/H7FV2CRXJFC65PEBXDLHHIXWPE.jpg\u00a0\u00bb,\u00a0\u00bbwidth\u00a0\u00bb:1600}],\u00a0\u00bbtype\u00a0\u00bb:\u00a0\u00bbimage\u00a0\u00bb,\u00a0\u00bburl\u00a0\u00bb:\u00a0\u00bbhttps:\/\/cloudfront-eu-central-1.images.arcpublishing.com\/liberation\/H7FV2CRXJFC65PEBXDLHHIXWPE.jpg\u00a0\u00bb,\u00a0\u00bbwidth\u00a0\u00bb:4936}},\u00a0\u00bbsubtype\u00a0\u00bb:\u00a0\u00bbnews\u00a0\u00bb,\u00a0\u00bbtype\u00a0\u00bb:\u00a0\u00bbstory\u00a0\u00bb,\u00a0\u00bbwebsites\u00a0\u00bb:{\u00ab\u00a0liberation\u00a0\u00bb:{\u00ab\u00a0website_section\u00a0\u00bb:{\u00ab\u00a0_id\u00a0\u00bb:\u00a0\u00bb\/societe\u00a0\u00bb,\u00a0\u00bbname\u00a0\u00bb:\u00a0\u00bbSoci\u00e9t\u00e9\u00a0\u00bb},\u00a0\u00bbwebsite_url\u00a0\u00bb:\u00a0\u00bbhttps:\/\/www.liberation.fr\/societe\/incendies-les-flammes-toujours-pas-maitrisees-a-martigues-mais-les-feux-de-broceliande-et-dardeche-sont-fixes-20250718_T3CMXLUQXVACFHUFFGKOJSPE2Q\/\u00a0\u00bb}}}],\u00a0\u00bbcount\u00a0\u00bb:10000},\u00a0\u00bbexpires\u00a0\u00bb:1752830064191,\u00a0\u00bblastModified\u00a0\u00bb:1752829764112}},\u00a0\u00bbsite-most-read-articles\u00a0\u00bb:{\u00ab\u00a0{\\\u00a0\u00bbmaxSize\\\u00a0\u00bb:4}\u00a0\u00bb:{\u00ab\u00a0data\u00a0\u00bb:{\u00ab\u00a0articles\u00a0\u00bb:[{\u00ab\u00a0text\u00a0\u00bb:\u00a0\u00bbIsabelle Adjani\u00a0: \u00abA Avignon, personne ne vous regarde, tout le monde est habit\u00e9 par le prochain spectacle\u00bb\u00a0\u00bb,\u00a0\u00bbtitle\u00a0\u00bb:\u00a0\u00bbInterview\u00a0\u00bb,\u00a0\u00bburl\u00a0\u00bb:\u00a0\u00bbhttps:\/\/www.liberation.fr\/culture\/isabelle-adjani-a-avignon-personne-ne-vous-regarde-tout-le-monde-est-habite-par-le-prochain-spectacle-20250717_CQZXP6LNUVA7HM6VFOQPICBGFY\/\u00a0\u00bb,\u00a0\u00bbsubscribedLabel\u00a0\u00bb:\u00a0\u00bbAbonn\u00e9s\u00a0\u00bb},{\u00ab\u00a0text\u00a0\u00bb:\u00a0\u00bbAux Etats-Unis, Donald Trump s\u2019embourbe dans le pi\u00e8ge de l\u2019affaire Epstein\u00a0\u00bb,\u00a0\u00bbtitle\u00a0\u00bb:\u00a0\u00bbD\u00e9cryptage\u00a0\u00bb,\u00a0\u00bburl\u00a0\u00bb:\u00a0\u00bbhttps:\/\/www.liberation.fr\/international\/amerique\/aux-etats-unis-donald-trump-sembourbe-dans-le-piege-de-laffaire-epstein-20250716_DIKDNNQ23NARXAI6ZW2XFG74NA\/\u00a0\u00bb,\u00a0\u00bbsubscribedLabel\u00a0\u00bb:\u00a0\u00bbAbonn\u00e9s\u00a0\u00bb},{\u00ab\u00a0text\u00a0\u00bb:\u00a0\u00bbDonald Trump affirme avoir obtenu que Coca-Cola modifie sa recette aux Etats-Unis\u00a0\u00bb,\u00a0\u00bbtitle\u00a0\u00bb:\u00a0\u00bbSens des priorit\u00e9s\u00a0\u00bb,\u00a0\u00bburl\u00a0\u00bb:\u00a0\u00bbhttps:\/\/www.liberation.fr\/international\/amerique\/donald-trump-a-obtenu-que-coca-cola-modifie-sa-recette-aux-etats-unis-20250717_ASQCZJVB35HHDILGNWR5IQQV7U\/\u00a0\u00bb,\u00a0\u00bbsubscribedLabel\u00a0\u00bb:\u00a0\u00bb\u00a0\u00bb},{\u00ab\u00a0text\u00a0\u00bb:\u00a0\u00bbF\u00e9lix Baumgartner, premier homme \u00e0 franchir le mur du son en chute libre, meurt \u00e0 56 ans\u00a0\u00bb,\u00a0\u00bbtitle\u00a0\u00bb:\u00a0\u00bbDisparition\u00a0\u00bb,\u00a0\u00bburl\u00a0\u00bb:\u00a0\u00bbhttps:\/\/www.liberation.fr\/sports\/felix-baumgartner-premier-homme-a-franchir-le-mur-du-son-en-chute-libre-meurt-a-56-ans-20250717_XYO64YHAJ5HO5OQFHKYNAB76SU\/\u00a0\u00bb,\u00a0\u00bbsubscribedLabel\u00a0\u00bb:\u00a0\u00bb\u00a0\u00bb}],\u00a0\u00bb_id\u00a0\u00bb:\u00a0\u00bb8301c34d1fc9c3665967e4a69bfc4db7616d0a03225a5d70fe22edd63b7f071f\u00a0\u00bb},\u00a0\u00bbexpires\u00a0\u00bb:1752829944879,\u00a0\u00bblastModified\u00a0\u00bb:1752829822672}},\u00a0\u00bbnavigation-hierarchy\u00a0\u00bb:{\u00ab\u00a0{\\\u00a0\u00bbfeature\\\u00a0\u00bb:\\\u00a0\u00bbfooter\\\u00a0\u00bb,\\\u00a0\u00bbhierarchy\\\u00a0\u00bb:\\\u00a0\u00bbfooter\\\u00a0\u00bb}\u00a0\u00bb:{\u00ab\u00a0data\u00a0\u00bb:{\u00ab\u00a0children\u00a0\u00bb:[{\u00ab\u00a0_id\u00a0\u00bb:\u00a0\u00bb\/rubriques\u00a0\u00bb,\u00a0\u00bbchildren\u00a0\u00bb:[{\u00ab\u00a0_id\u00a0\u00bb:\u00a0\u00bblink-7DJW34D5RVHVLD7HNCVPPWQSQ4&Prime;,\u00a0\u00bbdisplay_name\u00a0\u00bb:\u00a0\u00bbGouvernement Bayrou\u00a0\u00bb,\u00a0\u00bbnode_type\u00a0\u00bb:\u00a0\u00bblink\u00a0\u00bb,\u00a0\u00bburl\u00a0\u00bb:\u00a0\u00bbhttps:\/\/www.liberation.fr\/dossier\/gouvernement\/\u00a0\u00bb},{\u00ab\u00a0_id\u00a0\u00bb:\u00a0\u00bblink-RC369V56Q942188M64HXCF7GQ8&Prime;,\u00a0\u00bbdisplay_name\u00a0\u00bb:\u00a0\u00bbGuerre au Proche-Orient\u00a0\u00bb,\u00a0\u00bbnode_type\u00a0\u00bb:\u00a0\u00bblink\u00a0\u00bb,\u00a0\u00bburl\u00a0\u00bb:\u00a0\u00bbhttps:\/\/www.liberation.fr\/dossier\/guerre-hamas-israel\/\u00a0\u00bb},{\u00ab\u00a0_id\u00a0\u00bb:\u00a0\u00bblink-YPGJ1BRE6D08T0GDAFYDMGFM6R\u00a0\u00bb,\u00a0\u00bbdisplay_name\u00a0\u00bb:\u00a0\u00bbGuerre en Ukraine\u00a0\u00bb,\u00a0\u00bbnode_type\u00a0\u00bb:\u00a0\u00bblink\u00a0\u00bb,\u00a0\u00bburl\u00a0\u00bb:\u00a0\u00bbhttps:\/\/www.liberation.fr\/dossier\/ukraine-la-crise\/\u00a0\u00bb},{\u00ab\u00a0_id\u00a0\u00bb:\u00a0\u00bblink-CAGM62V2SFAMZOMJDUUFLZ3BQA\u00a0\u00bb,\u00a0\u00bbdisplay_name\u00a0\u00bb:\u00a0\u00bbDonald Trump \u00e0 la Maison Blanche\u00a0\u00bb,\u00a0\u00bbnode_type\u00a0\u00bb:\u00a0\u00bblink\u00a0\u00bb,\u00a0\u00bburl\u00a0\u00bb:\u00a0\u00bbhttps:\/\/www.liberation.fr\/tags\/donald-trump\/\u00a0\u00bb},{\u00ab\u00a0_id\u00a0\u00bb:\u00a0\u00bblink-9G4PAT524N05DDUWEUM8W43JU4&Prime;,\u00a0\u00bbdisplay_name\u00a0\u00bb:\u00a0\u00bbLa menace de l&rsquo;extr\u00eame droite\u00a0\u00bb,\u00a0\u00bbnode_type\u00a0\u00bb:\u00a0\u00bblink\u00a0\u00bb,\u00a0\u00bburl\u00a0\u00bb:\u00a0\u00bbhttps:\/\/www.liberation.fr\/tags\/extreme-droite\/\u00a0\u00bb},{\u00ab\u00a0_id\u00a0\u00bb:\u00a0\u00bblink-RNKDTRJWQBCZ5KMEOCJGQPOMVQ\u00a0\u00bb,\u00a0\u00bbdisplay_name\u00a0\u00bb:\u00a0\u00bbR\u00e9chauffement climatique\u00a0\u00bb,\u00a0\u00bbnode_type\u00a0\u00bb:\u00a0\u00bblink\u00a0\u00bb,\u00a0\u00bburl\u00a0\u00bb:\u00a0\u00bbhttps:\/\/www.liberation.fr\/tags\/rechauffement-climatique\/\u00a0\u00bb},{\u00ab\u00a0_id\u00a0\u00bb:\u00a0\u00bblink-9VF7BA3QMD7PB9V2YXBJ6AAFU0&Prime;,\u00a0\u00bbdisplay_name\u00a0\u00bb:\u00a0\u00bbLutte contre les violences sexistes\u00a0\u00bb,\u00a0\u00bbnode_type\u00a0\u00bb:\u00a0\u00bblink\u00a0\u00bb,\u00a0\u00bburl\u00a0\u00bb:\u00a0\u00bbhttps:\/\/www.liberation.fr\/dossier\/violences-sexuelles\/\u00a0\u00bb},{\u00ab\u00a0_id\u00a0\u00bb:\u00a0\u00bblink-CZS6MDHVGRCCPJCAD2B6RH4HQU\u00a0\u00bb,\u00a0\u00bbdisplay_name\u00a0\u00bb:\u00a0\u00bbR\u00e9cap d&rsquo;actu\u00a0\u00bb,\u00a0\u00bbnode_type\u00a0\u00bb:\u00a0\u00bblink\u00a0\u00bb,\u00a0\u00bburl\u00a0\u00bb:\u00a0\u00bbhttps:\/\/www.liberation.fr\/tags\/recap-actu\/\u00a0\u00bb}],\u00a0\u00bbname\u00a0\u00bb:\u00a0\u00bbDossiers\u00a0\u00bb,\u00a0\u00bbnode_type\u00a0\u00bb:\u00a0\u00bbsection\u00a0\u00bb},{\u00ab\u00a0_id\u00a0\u00bb:\u00a0\u00bb\/service\u00a0\u00bb,\u00a0\u00bbchildren\u00a0\u00bb:[{\u00ab\u00a0_id\u00a0\u00bb:\u00a0\u00bblink-HTNS4GU3NZBVDPNJGBVFWZ2ZKE\u00a0\u00bb,\u00a0\u00bbdisplay_name\u00a0\u00bb:\u00a0\u00bbContactez-nous\u00a0\u00bb,\u00a0\u00bbnode_type\u00a0\u00bb:\u00a0\u00bblink\u00a0\u00bb,\u00a0\u00bburl\u00a0\u00bb:\u00a0\u00bbhttps:\/\/www.liberation.fr\/contact\/\u00a0\u00bb},{\u00ab\u00a0_id\u00a0\u00bb:\u00a0\u00bblink-63RYRX3KD50AH00WZN2E03D0UR\u00a0\u00bb,\u00a0\u00bbdisplay_name\u00a0\u00bb:\u00a0\u00bbS&rsquo;abonner\u00a0\u00bb,\u00a0\u00bbnode_type\u00a0\u00bb:\u00a0\u00bblink\u00a0\u00bb,\u00a0\u00bburl\u00a0\u00bb:\u00a0\u00bbhttps:\/\/offre.liberation.fr\/abonnez-vous\u00a0\u00bb},{\u00ab\u00a0_id\u00a0\u00bb:\u00a0\u00bblink-OYXN6EHT6RHVDFB47HW5OCY2NE\u00a0\u00bb,\u00a0\u00bbdisplay_name\u00a0\u00bb:\u00a0\u00bbFaire un don (d\u00e9ductible des imp\u00f4ts)\u00a0\u00bb,\u00a0\u00bbnode_type\u00a0\u00bb:\u00a0\u00bblink\u00a0\u00bb,\u00a0\u00bburl\u00a0\u00bb:\u00a0\u00bbhttps:\/\/www.liberation.fr\/faire-un-don\/\u00a0\u00bb},{\u00ab\u00a0_id\u00a0\u00bb:\u00a0\u00bblink-HJTF0JBDM90710PFG5H51GYAF8&Prime;,\u00a0\u00bbdisplay_name\u00a0\u00bb:\u00a0\u00bbAnnonces l\u00e9gales\u00a0\u00bb,\u00a0\u00bbnode_type\u00a0\u00bb:\u00a0\u00bblink\u00a0\u00bb,\u00a0\u00bburl\u00a0\u00bb:\u00a0\u00bbhttps:\/\/annonces-legales.liberation.fr\/\u00a0\u00bb},{\u00ab\u00a0_id\u00a0\u00bb:\u00a0\u00bblink-9VA8YKE7GH49TDWP1J3BANCZKG\u00a0\u00bb,\u00a0\u00bbdisplay_name\u00a0\u00bb:\u00a0\u00bbDonnez-nous votre avis\u00a0\u00bb,\u00a0\u00bbnode_type\u00a0\u00bb:\u00a0\u00bblink\u00a0\u00bb,\u00a0\u00bburl\u00a0\u00bb:\u00a0\u00bbhttps:\/\/formulaire.liberation.fr\/votre-avis\u00a0\u00bb},{\u00ab\u00a0_id\u00a0\u00bb:\u00a0\u00bblink-TQCM39679X6E9DFBHVYJ2PQAMC\u00a0\u00bb,\u00a0\u00bbdisplay_name\u00a0\u00bb:\u00a0\u00bbFoire aux questions\u00a0\u00bb,\u00a0\u00bbnode_type\u00a0\u00bb:\u00a0\u00bblink\u00a0\u00bb,\u00a0\u00bburl\u00a0\u00bb:\u00a0\u00bbhttps:\/\/aideliberation.crisp.help\/fr\/\u00a0\u00bb},{\u00ab\u00a0_id\u00a0\u00bb:\u00a0\u00bblink-5BKFYBAR5D40B2BYE9CH5VHRY8&Prime;,\u00a0\u00bbdisplay_name\u00a0\u00bb:\u00a0\u00bbProposer une tribune\u00a0\u00bb,\u00a0\u00bbnode_type\u00a0\u00bb:\u00a0\u00bblink\u00a0\u00bb,\u00a0\u00bburl\u00a0\u00bb:\u00a0\u00bbhttps:\/\/www.liberation.fr\/proposer-une-tribune\/\u00a0\u00bb},{\u00ab\u00a0_id\u00a0\u00bb:\u00a0\u00bblink-6VAQDSFXBVCENE3D7IPHAMW4SY\u00a0\u00bb,\u00a0\u00bbdisplay_name\u00a0\u00bb:\u00a0\u00bbPublicit\u00e9\u00a0\u00bb,\u00a0\u00bbnode_type\u00a0\u00bb:\u00a0\u00bblink\u00a0\u00bb,\u00a0\u00bburl\u00a0\u00bb:\u00a0\u00bbhttps:\/\/libeplus.fr\/\u00a0\u00bb},{\u00ab\u00a0_id\u00a0\u00bb:\u00a0\u00bblink-WGIXPQBHYVCANHY42V3P3IMSGU\u00a0\u00bb,\u00a0\u00bbdisplay_name\u00a0\u00bb:\u00a0\u00bbConjugaison\u00a0\u00bb,\u00a0\u00bbnode_type\u00a0\u00bb:\u00a0\u00bblink\u00a0\u00bb,\u00a0\u00bburl\u00a0\u00bb:\u00a0\u00bbhttps:\/\/conjugaison.liberation.fr\/\u00a0\u00bb},{\u00ab\u00a0_id\u00a0\u00bb:\u00a0\u00bblink-B54NADCHPD4FB576T26N73MHZC\u00a0\u00bb,\u00a0\u00bbdisplay_name\u00a0\u00bb:\u00a0\u00bbCours d&rsquo;anglais\u00a0\u00bb,\u00a0\u00bbnode_type\u00a0\u00bb:\u00a0\u00bblink\u00a0\u00bb,\u00a0\u00bburl\u00a0\u00bb:\u00a0\u00bbhttps:\/\/cours-anglais.liberation.fr\/\u00a0\u00bb},{\u00ab\u00a0_id\u00a0\u00bb:\u00a0\u00bblink-MDR9V1GCHH26QB0EPXEVYAY1ZG\u00a0\u00bb,\u00a0\u00bbdisplay_name\u00a0\u00bb:\u00a0\u00bbPetites annonces\u00a0\u00bb,\u00a0\u00bbnode_type\u00a0\u00bb:\u00a0\u00bblink\u00a0\u00bb,\u00a0\u00bburl\u00a0\u00bb:\u00a0\u00bbhttps:\/\/petites-annonces.liberation.fr\/\u00a0\u00bb}],\u00a0\u00bbname\u00a0\u00bb:\u00a0\u00bbServices\u00a0\u00bb,\u00a0\u00bbnode_type\u00a0\u00bb:\u00a0\u00bbsection\u00a0\u00bb},{\u00ab\u00a0_id\u00a0\u00bb:\u00a0\u00bb\/conditions-g\u00e9n\u00e9rales\u00a0\u00bb,\u00a0\u00bbchildren\u00a0\u00bb:[{\u00ab\u00a0_id\u00a0\u00bb:\u00a0\u00bblink-AK4ERRAM0N0UN86D8WQ7RBZTJG\u00a0\u00bb,\u00a0\u00bbdisplay_name\u00a0\u00bb:\u00a0\u00bbMentions l\u00e9gales\u00a0\u00bb,\u00a0\u00bbnode_type\u00a0\u00bb:\u00a0\u00bblink\u00a0\u00bb,\u00a0\u00bburl\u00a0\u00bb:\u00a0\u00bbhttps:\/\/www.liberation.fr\/mentions-legales\/\u00a0\u00bb},{\u00ab\u00a0_id\u00a0\u00bb:\u00a0\u00bblink-Z3ED3QUF8N5J12T2N9B9X1W2KW\u00a0\u00bb,\u00a0\u00bbdisplay_name\u00a0\u00bb:\u00a0\u00bbCharte \u00e9thique\u00a0\u00bb,\u00a0\u00bbnode_type\u00a0\u00bb:\u00a0\u00bblink\u00a0\u00bb,\u00a0\u00bburl\u00a0\u00bb:\u00a0\u00bbhttps:\/\/www.liberation.fr\/charte-ethique\/\u00a0\u00bb},{\u00ab\u00a0_id\u00a0\u00bb:\u00a0\u00bblink-JYD7IEBXIJBSFN3FRTFSLTID3M\u00a0\u00bb,\u00a0\u00bbdisplay_name\u00a0\u00bb:\u00a0\u00bbPacte d&rsquo;ind\u00e9pendance \u00e9ditoriale\u00a0\u00bb,\u00a0\u00bbnode_type\u00a0\u00bb:\u00a0\u00bblink\u00a0\u00bb,\u00a0\u00bburl\u00a0\u00bb:\u00a0\u00bbhttps:\/\/www.liberation.fr\/pacte-independance-editoriale\/\u00a0\u00bb},{\u00ab\u00a0_id\u00a0\u00bb:\u00a0\u00bblink-1DDAP4QRK12TXAV4C5ZUTEFAM4&Prime;,\u00a0\u00bbdisplay_name\u00a0\u00bb:\u00a0\u00bbCGVU\u00a0\u00bb,\u00a0\u00bbnode_type\u00a0\u00bb:\u00a0\u00bblink\u00a0\u00bb,\u00a0\u00bburl\u00a0\u00bb:\u00a0\u00bbhttps:\/\/www.liberation.fr\/cgvu\/\u00a0\u00bb},{\u00ab\u00a0_id\u00a0\u00bb:\u00a0\u00bblink-FDAK21DHQH0XF67B9KR9ZCEFN8&Prime;,\u00a0\u00bbdisplay_name\u00a0\u00bb:\u00a0\u00bbProtection des donn\u00e9es personnelles\u00a0\u00bb,\u00a0\u00bbnode_type\u00a0\u00bb:\u00a0\u00bblink\u00a0\u00bb,\u00a0\u00bburl\u00a0\u00bb:\u00a0\u00bbhttps:\/\/www.liberation.fr\/protection-des-donnees-personnelles\/\u00a0\u00bb},{\u00ab\u00a0_id\u00a0\u00bb:\u00a0\u00bblink-MYKHZKG9BH151DN02KM91Y779G\u00a0\u00bb,\u00a0\u00bbdisplay_name\u00a0\u00bb:\u00a0\u00bbGestion des cookies\u00a0\u00bb,\u00a0\u00bbnode_type\u00a0\u00bb:\u00a0\u00bblink\u00a0\u00bb,\u00a0\u00bburl\u00a0\u00bb:\u00a0\u00bbhttps:\/\/www.liberation.fr\/gestions-des-cookies\/\u00a0\u00bb},{\u00ab\u00a0_id\u00a0\u00bb:\u00a0\u00bblink-5DZ6XQ3QV57WD261CVWCW7UBCW\u00a0\u00bb,\u00a0\u00bbdisplay_name\u00a0\u00bb:\u00a0\u00bbLicence\u00a0\u00bb,\u00a0\u00bbnode_type\u00a0\u00bb:\u00a0\u00bblink\u00a0\u00bb,\u00a0\u00bburl\u00a0\u00bb:\u00a0\u00bbhttps:\/\/www.liberation.fr\/licence\/\u00a0\u00bb},{\u00ab\u00a0_id\u00a0\u00bb:\u00a0\u00bblink-3GBZAORGDRC7DP32PFCT4EMYKA\u00a0\u00bb,\u00a0\u00bbdisplay_name\u00a0\u00bb:\u00a0\u00bbEco-contribution\u00a0\u00bb,\u00a0\u00bbnode_type\u00a0\u00bb:\u00a0\u00bblink\u00a0\u00bb,\u00a0\u00bburl\u00a0\u00bb:\u00a0\u00bbhttps:\/\/www.liberation.fr\/eco-contribution\/\u00a0\u00bb}],\u00a0\u00bbname\u00a0\u00bb:\u00a0\u00bbConditions g\u00e9n\u00e9rales\u00a0\u00bb,\u00a0\u00bbnode_type\u00a0\u00bb:\u00a0\u00bbsection\u00a0\u00bb},{\u00ab\u00a0_id\u00a0\u00bb:\u00a0\u00bb\/lire-libe\u00a0\u00bb,\u00a0\u00bbchildren\u00a0\u00bb:[{\u00ab\u00a0_id\u00a0\u00bb:\u00a0\u00bblink-LI2U665NO5D67JUFSFPW2EK45I\u00a0\u00bb,\u00a0\u00bbdisplay_name\u00a0\u00bb:\u00a0\u00bbGuide des festivals\u00a0\u00bb,\u00a0\u00bbnode_type\u00a0\u00bb:\u00a0\u00bblink\u00a0\u00bb,\u00a0\u00bburl\u00a0\u00bb:\u00a0\u00bbhttps:\/\/www.liberation.fr\/dossier\/festivals-de-l-ete\/\u00a0\u00bb},{\u00ab\u00a0_id\u00a0\u00bb:\u00a0\u00bblink-8EYG0HFTT17Q56ZMF4F2MY2NU8&Prime;,\u00a0\u00bbdisplay_name\u00a0\u00bb:\u00a0\u00bbEv\u00e9nements Lib\u00e9\u00a0\u00bb,\u00a0\u00bbnode_type\u00a0\u00bb:\u00a0\u00bblink\u00a0\u00bb,\u00a0\u00bburl\u00a0\u00bb:\u00a0\u00bbhttps:\/\/offre.liberation.fr\/evenements\/\u00a0\u00bb},{\u00ab\u00a0_id\u00a0\u00bb:\u00a0\u00bblink-UYM7XLYVJBD7JLAPTDBM3PAYLI\u00a0\u00bb,\u00a0\u00bbdisplay_name\u00a0\u00bb:\u00a0\u00bbClimat Lib\u00e9 Tour\u00a0\u00bb,\u00a0\u00bbnode_type\u00a0\u00bb:\u00a0\u00bblink\u00a0\u00bb,\u00a0\u00bburl\u00a0\u00bb:\u00a0\u00bbhttps:\/\/www.climat-libe-tour.liberation.fr\/\u00a0\u00bb},{\u00ab\u00a0_id\u00a0\u00bb:\u00a0\u00bblink-QMJXPD53OFAMJIML37XAB74YVY\u00a0\u00bb,\u00a0\u00bbdisplay_name\u00a0\u00bb:\u00a0\u00bbUniversit\u00e9 Lib\u00e9\u00a0\u00bb,\u00a0\u00bbnode_type\u00a0\u00bb:\u00a0\u00bblink\u00a0\u00bb,\u00a0\u00bburl\u00a0\u00bb:\u00a0\u00bbhttps:\/\/www.liberation.fr\/dossier\/universite-libe\/\u00a0\u00bb},{\u00ab\u00a0_id\u00a0\u00bb:\u00a0\u00bblink-WBU2ETVFYD7N129EAHEDEXM14R\u00a0\u00bb,\u00a0\u00bbdisplay_name\u00a0\u00bb:\u00a0\u00bbLes newsletters\u00a0\u00bb,\u00a0\u00bbnode_type\u00a0\u00bb:\u00a0\u00bblink\u00a0\u00bb,\u00a0\u00bburl\u00a0\u00bb:\u00a0\u00bbhttps:\/\/www.liberation.fr\/newsletters\/\u00a0\u00bb},{\u00ab\u00a0_id\u00a0\u00bb:\u00a0\u00bblink-GTULXHGA5BC73LNTCQCVD3KBD4&Prime;,\u00a0\u00bbdisplay_name\u00a0\u00bb:\u00a0\u00bbNos dossiers\u00a0\u00bb,\u00a0\u00bbnode_type\u00a0\u00bb:\u00a0\u00bblink\u00a0\u00bb,\u00a0\u00bburl\u00a0\u00bb:\u00a0\u00bbhttps:\/\/www.liberation.fr\/nos-dossiers\/\u00a0\u00bb},{\u00ab\u00a0_id\u00a0\u00bb:\u00a0\u00bblink-SFRQMYVD4NDZBLTV5ASBM4GY4E\u00a0\u00bb,\u00a0\u00bbdisplay_name\u00a0\u00bb:\u00a0\u00bbLes playlists de Lib\u00e9\u00a0\u00bb,\u00a0\u00bbnode_type\u00a0\u00bb:\u00a0\u00bblink\u00a0\u00bb,\u00a0\u00bburl\u00a0\u00bb:\u00a0\u00bbhttps:\/\/www.liberation.fr\/playlists-de-libe\/\u00a0\u00bb},{\u00ab\u00a0_id\u00a0\u00bb:\u00a0\u00bblink-MNIBXA6NJVCLVD3FSWGCAJHXEI\u00a0\u00bb,\u00a0\u00bbdisplay_name\u00a0\u00bb:\u00a0\u00bbLes s\u00e9lections Culture de Lib\u00e9\u00a0\u00bb,\u00a0\u00bbnode_type\u00a0\u00bb:\u00a0\u00bblink\u00a0\u00bb,\u00a0\u00bburl\u00a0\u00bb:\u00a0\u00bbhttps:\/\/www.liberation.fr\/selections-culture\/\u00a0\u00bb},{\u00ab\u00a0_id\u00a0\u00bb:\u00a0\u00bblink-DPK4VHXRC128Z0BJNMRGUAATTG\u00a0\u00bb,\u00a0\u00bbdisplay_name\u00a0\u00bb:\u00a0\u00bbPr\u00e9sentation de l&rsquo;application\u00a0\u00bb,\u00a0\u00bbnode_type\u00a0\u00bb:\u00a0\u00bblink\u00a0\u00bb,\u00a0\u00bburl\u00a0\u00bb:\u00a0\u00bbhttps:\/\/www.liberation.fr\/application-mobile\/\u00a0\u00bb},{\u00ab\u00a0_id\u00a0\u00bb:\u00a0\u00bblink-Z2H8XFXEB138BAMKZMTU0YKP1R\u00a0\u00bb,\u00a0\u00bbdisplay_name\u00a0\u00bb:\u00a0\u00bbApplication sur Android\u00a0\u00bb,\u00a0\u00bbnode_type\u00a0\u00bb:\u00a0\u00bblink\u00a0\u00bb,\u00a0\u00bburl\u00a0\u00bb:\u00a0\u00bbhttps:\/\/play.google.com\/store\/apps\/details?id=com.visuamobile.liberation&#038;hl=fr&#038;gl=US\u00a0\u00bb},{\u00ab\u00a0_id\u00a0\u00bb:\u00a0\u00bblink-9NMDHH91494W98YDFUQXF3436G\u00a0\u00bb,\u00a0\u00bbdisplay_name\u00a0\u00bb:\u00a0\u00bbApplication sur iPhone \/ iPad\u00a0\u00bb,\u00a0\u00bbnode_type\u00a0\u00bb:\u00a0\u00bblink\u00a0\u00bb,\u00a0\u00bburl\u00a0\u00bb:\u00a0\u00bbhttps:\/\/apps.apple.com\/fr\/app\/lib%C3%A9ration-toute-lactualit%C3%A9\/id336173383&Prime;},{\u00ab\u00a0_id\u00a0\u00bb:\u00a0\u00bb\/archives\u00a0\u00bb,\u00a0\u00bbname\u00a0\u00bb:\u00a0\u00bbArchives\u00a0\u00bb,\u00a0\u00bbnode_type\u00a0\u00bb:\u00a0\u00bbsection\u00a0\u00bb}],\u00a0\u00bbname\u00a0\u00bb:\u00a0\u00bbO\u00f9 lire Lib\u00e9?\u00a0\u00bb,\u00a0\u00bbnode_type\u00a0\u00bb:\u00a0\u00bbsection\u00a0\u00bb}],\u00a0\u00bb_id\u00a0\u00bb:\u00a0\u00bbhttps:\/\/www.liberation.fr\/\u00a0\u00bb},\u00a0\u00bbexpires\u00a0\u00bb:1752830041753,\u00a0\u00bblastModified\u00a0\u00bb:1752829741715}}};Fusion.layout=\u00a0\u00bbright-rail-layout\u00a0\u00bb;Fusion.metas={\u00ab\u00a0page-type\u00a0\u00bb:{\u00ab\u00a0value\u00a0\u00bb:\u00a0\u00bbarticle\u00a0\u00bb,\u00a0\u00bbhtml\u00a0\u00bb:true},\u00a0\u00bbtdm-reservation\u00a0\u00bb:{\u00ab\u00a0value\u00a0\u00bb:\u00a0\u00bb1&Prime;,\u00a0\u00bbhtml\u00a0\u00bb:true},\u00a0\u00bbtdm-policy\u00a0\u00bb:{\u00ab\u00a0value\u00a0\u00bb:\u00a0\u00bbhttps:\/\/www.liberation.fr\/.well-known\/tdmrep.json\u00a0\u00bb,\u00a0\u00bbhtml\u00a0\u00bb:true}};Fusion.outputType=\u00a0\u00bbdefault\u00a0\u00bb;Fusion.template=\u00a0\u00bbtemplate\/article-right-rail\u00a0\u00bb;Fusion.tree={\u00ab\u00a0collection\u00a0\u00bb:\u00a0\u00bblayouts\u00a0\u00bb,\u00a0\u00bbtype\u00a0\u00bb:\u00a0\u00bbright-rail-layout\u00a0\u00bb,\u00a0\u00bbprops\u00a0\u00bb:{\u00ab\u00a0collection\u00a0\u00bb:\u00a0\u00bblayouts\u00a0\u00bb,\u00a0\u00bbtype\u00a0\u00bb:\u00a0\u00bbright-rail-layout\u00a0\u00bb,\u00a0\u00bbid\u00a0\u00bb:\u00a0\u00bbright-rail-layout\u00a0\u00bb,\u00a0\u00bbchildProps\u00a0\u00bb:[{\u00ab\u00a0collection\u00a0\u00bb:\u00a0\u00bbsections\u00a0\u00bb,\u00a0\u00bbid\u00a0\u00bb:0},{\u00ab\u00a0collection\u00a0\u00bb:\u00a0\u00bbsections\u00a0\u00bb,\u00a0\u00bbid\u00a0\u00bb:1},{\u00ab\u00a0collection\u00a0\u00bb:\u00a0\u00bbsections\u00a0\u00bb,\u00a0\u00bbid\u00a0\u00bb:2},{\u00ab\u00a0collection\u00a0\u00bb:\u00a0\u00bbsections\u00a0\u00bb,\u00a0\u00bbid\u00a0\u00bb:3},{\u00ab\u00a0collection\u00a0\u00bb:\u00a0\u00bbsections\u00a0\u00bb,\u00a0\u00bbid\u00a0\u00bb:4},{\u00ab\u00a0collection\u00a0\u00bb:\u00a0\u00bbsections\u00a0\u00bb,\u00a0\u00bbid\u00a0\u00bb:5}]},\u00a0\u00bbchildren\u00a0\u00bb:[{\u00ab\u00a0collection\u00a0\u00bb:\u00a0\u00bbsections\u00a0\u00bb,\u00a0\u00bbprops\u00a0\u00bb:{\u00ab\u00a0collection\u00a0\u00bb:\u00a0\u00bbsections\u00a0\u00bb,\u00a0\u00bbid\u00a0\u00bb:0},\u00a0\u00bbchildren\u00a0\u00bb:[{\u00ab\u00a0collection\u00a0\u00bb:\u00a0\u00bbfeatures\u00a0\u00bb,\u00a0\u00bbtype\u00a0\u00bb:\u00a0\u00bbHeaders\/MainHeader\u00a0\u00bb,\u00a0\u00bbprops\u00a0\u00bb:{\u00ab\u00a0collection\u00a0\u00bb:\u00a0\u00bbfeatures\u00a0\u00bb,\u00a0\u00bbtype\u00a0\u00bb:\u00a0\u00bbHeaders\/MainHeader\u00a0\u00bb,\u00a0\u00bbid\u00a0\u00bb:\u00a0\u00bbf0f0M8FUu8Jz77S\u00a0\u00bb,\u00a0\u00bbcontentConfig\u00a0\u00bb:{\u00ab\u00a0contentService\u00a0\u00bb:\u00a0\u00bb\u00a0\u00bb,\u00a0\u00bbcontentConfigValues\u00a0\u00bb:{},\u00a0\u00bbinherit\u00a0\u00bb:true},\u00a0\u00bbcustomFields\u00a0\u00bb:{\u00ab\u00a0hasTags\u00a0\u00bb:true,\u00a0\u00bblabelTag1&Prime;:\u00a0\u00bbGaza\u00a0\u00bb,\u00a0\u00bburlTag1&Prime;:\u00a0\u00bbhttps:\/\/www.liberation.fr\/dossier\/guerre-hamas-israel\/\u00a0\u00bb,\u00a0\u00bblabelTag2&Prime;:\u00a0\u00bbGuerre en Ukraine\u00a0\u00bb,\u00a0\u00bburlTag2&Prime;:\u00a0\u00bbhttps:\/\/www.liberation.fr\/dossier\/ukraine-la-crise\/\u00a0\u00bb,\u00a0\u00bblabelTag3&Prime;:\u00a0\u00bbBudget 2026&Prime;,\u00a0\u00bburlTag3&Prime;:\u00a0\u00bbhttps:\/\/www.liberation.fr\/tags\/budget-public\/\u00a0\u00bb,\u00a0\u00bblabelTag4&Prime;:\u00a0\u00bbRencontres d&rsquo;Arles\u00a0\u00bb,\u00a0\u00bburlTag4&Prime;:\u00a0\u00bbhttps:\/\/www.liberation.fr\/dossier\/rencontres-de-la-photographie-arles\/\u00a0\u00bb,\u00a0\u00bblabelTag5&Prime;:\u00a0\u00bbTour de France 2025&Prime;,\u00a0\u00bburlTag5&Prime;:\u00a0\u00bbhttps:\/\/www.liberation.fr\/tags\/tour-de-france\/\u00a0\u00bb,\u00a0\u00bblabelTag6&Prime;:\u00a0\u00bb\u00a0\u00bb,\u00a0\u00bburlTag6&Prime;:\u00a0\u00bb\u00a0\u00bb,\u00a0\u00bbfacebookItem\u00a0\u00bb:\u00a0\u00bbhttps:\/\/www.facebook.com\/Liberation\/\u00a0\u00bb,\u00a0\u00bbtwitterItem\u00a0\u00bb:\u00a0\u00bbhttps:\/\/twitter.com\/libe\u00a0\u00bb,\u00a0\u00bblinkedinItem\u00a0\u00bb:\u00a0\u00bbhttps:\/\/www.linkedin.com\/company\/lib%C3%A9ration\/\u00a0\u00bb,\u00a0\u00bbinstagramItem\u00a0\u00bb:\u00a0\u00bbhttps:\/\/www.instagram.com\/liberationfr\/\u00a0\u00bb,\u00a0\u00bbyoutubeItem\u00a0\u00bb:\u00a0\u00bbhttps:\/\/www.youtube.com\/c\/liberation\u00a0\u00bb,\u00a0\u00bbtiktokItem\u00a0\u00bb:\u00a0\u00bbhttps:\/\/www.tiktok.com\/@liberation.fr\u00a0\u00bb,\u00a0\u00bbblueskyItem\u00a0\u00bb:\u00a0\u00bbhttps:\/\/bsky.app\/profile\/liberation.fr\u00a0\u00bb,\u00a0\u00bbtwitchItem\u00a0\u00bb:\u00a0\u00bbhttps:\/\/www.twitch.tv\/liberationfr\u00a0\u00bb,\u00a0\u00bbwhatsappItem\u00a0\u00bb:\u00a0\u00bbhttps:\/\/whatsapp.com\/channel\/0029VaBC5Q50G0Xdttyzpn0k\u00a0\u00bb,\u00a0\u00bbsubscriptionParams\u00a0\u00bb:\u00a0\u00bbhttps:\/\/offre.liberation.fr\/soutenez-libe\/?xtatc=INT-21-%5BSoutienLibe%5D\u00a0\u00bb,\u00a0\u00bburlButtonHeaderParams\u00a0\u00bb:\u00a0\u00bbhttps:\/\/offre.liberation.fr\/avantages-abonnes\u00a0\u00bb,\u00a0\u00bblabelButtonHeaderParams\u00a0\u00bb:\u00a0\u00bbVos avantages abonn\u00e9\u00a0\u00bb,\u00a0\u00bbcolorButtonHeaderLabel\u00a0\u00bb:\u00a0\u00bb#FFFFFF\u00a0\u00bb,\u00a0\u00bbborderColorButtonHeaderParams\u00a0\u00bb:\u00a0\u00bb#FFFFFF\u00a0\u00bb,\u00a0\u00bbbackgroundColorButtonHeaderParams\u00a0\u00bb:\u00a0\u00bb#4991E2&Prime;,\u00a0\u00bbpremiumButtonMobileUrl\u00a0\u00bb:\u00a0\u00bbhttps:\/\/offre.liberation.fr\/avantages-abonnes\u00a0\u00bb,\u00a0\u00bbpremiumButtonMobileLabel\u00a0\u00bb:\u00a0\u00bbVos avantages\u00a0\u00bb,\u00a0\u00bbpremiumButtonMobileTextColor\u00a0\u00bb:\u00a0\u00bb#FFFFFF\u00a0\u00bb,\u00a0\u00bbpremiumButtonMobileBborderColor\u00a0\u00bb:\u00a0\u00bb#FFFFFF\u00a0\u00bb,\u00a0\u00bbpremiumButtonMobileBackgroundColor\u00a0\u00bb:\u00a0\u00bb#4991E2&Prime;,\u00a0\u00bbmenuLabelBanner\u00a0\u00bb:\u00a0\u00bb1 mois pour 1\u20ac\u00a0\u00bb},\u00a0\u00bbdisplayProperties\u00a0\u00bb:{},\u00a0\u00bblocalEdits\u00a0\u00bb:{},\u00a0\u00bbvariants\u00a0\u00bb:{}}}]},{\u00ab\u00a0collection\u00a0\u00bb:\u00a0\u00bbsections\u00a0\u00bb,\u00a0\u00bbprops\u00a0\u00bb:{\u00ab\u00a0collection\u00a0\u00bb:\u00a0\u00bbsections\u00a0\u00bb,\u00a0\u00bbid\u00a0\u00bb:1},\u00a0\u00bbchildren\u00a0\u00bb:[{\u00ab\u00a0collection\u00a0\u00bb:\u00a0\u00bbfeatures\u00a0\u00bb,\u00a0\u00bbtype\u00a0\u00bb:\u00a0\u00bb@wpmedia\/htmlbox-block\/htmlbox\u00a0\u00bb,\u00a0\u00bbprops\u00a0\u00bb:{\u00ab\u00a0collection\u00a0\u00bb:\u00a0\u00bbfeatures\u00a0\u00bb,\u00a0\u00bbtype\u00a0\u00bb:\u00a0\u00bb@wpmedia\/htmlbox-block\/htmlbox\u00a0\u00bb,\u00a0\u00bbid\u00a0\u00bb:\u00a0\u00bbf0fHuGl1erKI2wa\u00a0\u00bb,\u00a0\u00bbcontentConfig\u00a0\u00bb:{\u00ab\u00a0contentService\u00a0\u00bb:\u00a0\u00bb\u00a0\u00bb,\u00a0\u00bbcontentConfigValues\u00a0\u00bb:{},\u00a0\u00bbinherit\u00a0\u00bb:true},\u00a0\u00bbcustomFields\u00a0\u00bb:{\u00ab\u00a0HTML\u00a0\u00bb:\u00a0\u00bb\\n\\n.mailmunch-topbar\\n{\\n    z-index: 1010000004 !important;\\n}\\n\\n\u00a0\u00bb},\u00a0\u00bbdisplayProperties\u00a0\u00bb:{},\u00a0\u00bblocalEdits\u00a0\u00bb:{},\u00a0\u00bbvariants\u00a0\u00bb:{}}},{\u00ab\u00a0collection\u00a0\u00bb:\u00a0\u00bbfeatures\u00a0\u00bb,\u00a0\u00bbtype\u00a0\u00bb:\u00a0\u00bb@wpmedia\/alert-bar-block\/alert-bar\u00a0\u00bb,\u00a0\u00bbprops\u00a0\u00bb:{\u00ab\u00a0collection\u00a0\u00bb:\u00a0\u00bbfeatures\u00a0\u00bb,\u00a0\u00bbtype\u00a0\u00bb:\u00a0\u00bb@wpmedia\/alert-bar-block\/alert-bar\u00a0\u00bb,\u00a0\u00bbid\u00a0\u00bb:\u00a0\u00bb0fyf1HqBRHEIbDE\u00a0\u00bb,\u00a0\u00bbcontentConfig\u00a0\u00bb:{\u00ab\u00a0contentService\u00a0\u00bb:\u00a0\u00bb\u00a0\u00bb,\u00a0\u00bbcontentConfigValues\u00a0\u00bb:{},\u00a0\u00bbinherit\u00a0\u00bb:true},\u00a0\u00bbcustomFields\u00a0\u00bb:{\u00ab\u00a0_id\u00a0\u00bb:\u00a0\u00bbFGGR5EBGGRAY7G37VQSXS6EWTQ\u00a0\u00bb},\u00a0\u00bbdisplayProperties\u00a0\u00bb:{},\u00a0\u00bblocalEdits\u00a0\u00bb:{},\u00a0\u00bbvariants\u00a0\u00bb:{}}},{\u00ab\u00a0collection\u00a0\u00bb:\u00a0\u00bbfeatures\u00a0\u00bb,\u00a0\u00bbtype\u00a0\u00bb:\u00a0\u00bbcommon\/adPrisma\u00a0\u00bb,\u00a0\u00bbprops\u00a0\u00bb:{\u00ab\u00a0collection\u00a0\u00bb:\u00a0\u00bbfeatures\u00a0\u00bb,\u00a0\u00bbtype\u00a0\u00bb:\u00a0\u00bbcommon\/adPrisma\u00a0\u00bb,\u00a0\u00bbid\u00a0\u00bb:\u00a0\u00bbf0fGsy1V5ARj2R9&Prime;,\u00a0\u00bbcontentConfig\u00a0\u00bb:{\u00ab\u00a0contentService\u00a0\u00bb:\u00a0\u00bb\u00a0\u00bb,\u00a0\u00bbcontentConfigValues\u00a0\u00bb:{},\u00a0\u00bbinherit\u00a0\u00bb:true},\u00a0\u00bbcustomFields\u00a0\u00bb:{\u00ab\u00a0displayOnDesktop\u00a0\u00bb:false,\u00a0\u00bbdisplayOnTablet\u00a0\u00bb:false,\u00a0\u00bbdisplayOnMobile\u00a0\u00bb:true,\u00a0\u00bbpbInternal_cloneId\u00a0\u00bb:\u00a0\u00bbf0fGsy1V5ARj2R9&Prime;,\u00a0\u00bbadType\u00a0\u00bb:\u00a0\u00bbBanniere-Haute\u00a0\u00bb,\u00a0\u00bbadWidth\u00a0\u00bb:\u00a0\u00bb320&Prime;,\u00a0\u00bbadHeight\u00a0\u00bb:\u00a0\u00bb100&Prime;,\u00a0\u00bblayoutOnDesktop\u00a0\u00bb:null,\u00a0\u00bbhasMarginTop\u00a0\u00bb:false,\u00a0\u00bbhasMarginBottom\u00a0\u00bb:false,\u00a0\u00bblayoutOnMobile\u00a0\u00bb:\u00a0\u00bbHorizontal\u00a0\u00bb},\u00a0\u00bbdisplayProperties\u00a0\u00bb:{},\u00a0\u00bblocalEdits\u00a0\u00bb:{},\u00a0\u00bbvariants\u00a0\u00bb:{}}},{\u00ab\u00a0collection\u00a0\u00bb:\u00a0\u00bbfeatures\u00a0\u00bb,\u00a0\u00bbtype\u00a0\u00bb:\u00a0\u00bbcommon\/adPrisma\u00a0\u00bb,\u00a0\u00bbprops\u00a0\u00bb:{\u00ab\u00a0collection\u00a0\u00bb:\u00a0\u00bbfeatures\u00a0\u00bb,\u00a0\u00bbtype\u00a0\u00bb:\u00a0\u00bbcommon\/adPrisma\u00a0\u00bb,\u00a0\u00bbid\u00a0\u00bb:\u00a0\u00bbf0fA5NfUW5DrDf\u00a0\u00bb,\u00a0\u00bbcontentConfig\u00a0\u00bb:{\u00ab\u00a0contentService\u00a0\u00bb:\u00a0\u00bb\u00a0\u00bb,\u00a0\u00bbcontentConfigValues\u00a0\u00bb:{},\u00a0\u00bbinherit\u00a0\u00bb:true},\u00a0\u00bbcustomFields\u00a0\u00bb:{\u00ab\u00a0displayOnDesktop\u00a0\u00bb:true,\u00a0\u00bbdisplayOnTablet\u00a0\u00bb:false,\u00a0\u00bbdisplayOnMobile\u00a0\u00bb:false,\u00a0\u00bbpbInternal_cloneId\u00a0\u00bb:\u00a0\u00bbf0fA5NfUW5DrDf\u00a0\u00bb,\u00a0\u00bbadType\u00a0\u00bb:\u00a0\u00bbBanniere-Haute\u00a0\u00bb,\u00a0\u00bbadWidth\u00a0\u00bb:\u00a0\u00bb1000&Prime;,\u00a0\u00bbadHeight\u00a0\u00bb:\u00a0\u00bb250&Prime;,\u00a0\u00bblayoutOnDesktop\u00a0\u00bb:\u00a0\u00bbHorizontal\u00a0\u00bb,\u00a0\u00bbhasMarginTop\u00a0\u00bb:true,\u00a0\u00bbhasMarginBottom\u00a0\u00bb:true},\u00a0\u00bbdisplayProperties\u00a0\u00bb:{},\u00a0\u00bblocalEdits\u00a0\u00bb:{},\u00a0\u00bbvariants\u00a0\u00bb:{}}},{\u00ab\u00a0collection\u00a0\u00bb:\u00a0\u00bbfeatures\u00a0\u00bb,\u00a0\u00bbtype\u00a0\u00bb:\u00a0\u00bbcommon\/ad\u00a0\u00bb,\u00a0\u00bbprops\u00a0\u00bb:{\u00ab\u00a0collection\u00a0\u00bb:\u00a0\u00bbfeatures\u00a0\u00bb,\u00a0\u00bbtype\u00a0\u00bb:\u00a0\u00bbcommon\/ad\u00a0\u00bb,\u00a0\u00bbid\u00a0\u00bb:\u00a0\u00bbf0fmcNi97arLim\u00a0\u00bb,\u00a0\u00bbcontentConfig\u00a0\u00bb:{\u00ab\u00a0contentService\u00a0\u00bb:\u00a0\u00bb\u00a0\u00bb,\u00a0\u00bbcontentConfigValues\u00a0\u00bb:{},\u00a0\u00bbinherit\u00a0\u00bb:true},\u00a0\u00bbcustomFields\u00a0\u00bb:{\u00ab\u00a0displayOnDesktop\u00a0\u00bb:true,\u00a0\u00bbdisplayOnMobile\u00a0\u00bb:false,\u00a0\u00bbformatId\u00a0\u00bb:95},\u00a0\u00bbdisplayProperties\u00a0\u00bb:{},\u00a0\u00bblocalEdits\u00a0\u00bb:{},\u00a0\u00bbvariants\u00a0\u00bb:{}}},{\u00ab\u00a0collection\u00a0\u00bb:\u00a0\u00bbfeatures\u00a0\u00bb,\u00a0\u00bbtype\u00a0\u00bb:\u00a0\u00bbcommon\/breadcrumbs\u00a0\u00bb,\u00a0\u00bbprops\u00a0\u00bb:{\u00ab\u00a0collection\u00a0\u00bb:\u00a0\u00bbfeatures\u00a0\u00bb,\u00a0\u00bbtype\u00a0\u00bb:\u00a0\u00bbcommon\/breadcrumbs\u00a0\u00bb,\u00a0\u00bbid\u00a0\u00bb:\u00a0\u00bbf0fKXREtkqMnx9&Prime;,\u00a0\u00bbcontentConfig\u00a0\u00bb:{\u00ab\u00a0contentService\u00a0\u00bb:\u00a0\u00bb\u00a0\u00bb,\u00a0\u00bbcontentConfigValues\u00a0\u00bb:{},\u00a0\u00bbinherit\u00a0\u00bb:true},\u00a0\u00bbcustomFields\u00a0\u00bb:{},\u00a0\u00bbdisplayProperties\u00a0\u00bb:{},\u00a0\u00bblocalEdits\u00a0\u00bb:{},\u00a0\u00bbvariants\u00a0\u00bb:{}}}]},{\u00ab\u00a0collection\u00a0\u00bb:\u00a0\u00bbsections\u00a0\u00bb,\u00a0\u00bbprops\u00a0\u00bb:{\u00ab\u00a0collection\u00a0\u00bb:\u00a0\u00bbsections\u00a0\u00bb,\u00a0\u00bbid\u00a0\u00bb:2},\u00a0\u00bbchildren\u00a0\u00bb:[{\u00ab\u00a0collection\u00a0\u00bb:\u00a0\u00bbfeatures\u00a0\u00bb,\u00a0\u00bbtype\u00a0\u00bb:\u00a0\u00bbarticle\/header\u00a0\u00bb,\u00a0\u00bbprops\u00a0\u00bb:{\u00ab\u00a0collection\u00a0\u00bb:\u00a0\u00bbfeatures\u00a0\u00bb,\u00a0\u00bbtype\u00a0\u00bb:\u00a0\u00bbarticle\/header\u00a0\u00bb,\u00a0\u00bbid\u00a0\u00bb:\u00a0\u00bbf0fqzDoZz4o71JL\u00a0\u00bb,\u00a0\u00bbcontentConfig\u00a0\u00bb:{\u00ab\u00a0contentService\u00a0\u00bb:\u00a0\u00bb\u00a0\u00bb,\u00a0\u00bbcontentConfigValues\u00a0\u00bb:{},\u00a0\u00bbinherit\u00a0\u00bb:true},\u00a0\u00bbcustomFields\u00a0\u00bb:{\u00ab\u00a0displayLabel\u00a0\u00bb:true,\u00a0\u00bbdisplayHeadline\u00a0\u00bb:true,\u00a0\u00bbdisplaySubheadline\u00a0\u00bb:true,\u00a0\u00bbdisplayDossier\u00a0\u00bb:true},\u00a0\u00bbdisplayProperties\u00a0\u00bb:{},\u00a0\u00bblocalEdits\u00a0\u00bb:{},\u00a0\u00bbvariants\u00a0\u00bb:{}}},{\u00ab\u00a0collection\u00a0\u00bb:\u00a0\u00bbfeatures\u00a0\u00bb,\u00a0\u00bbtype\u00a0\u00bb:\u00a0\u00bbcommon\/LeadArt\u00a0\u00bb,\u00a0\u00bbprops\u00a0\u00bb:{\u00ab\u00a0collection\u00a0\u00bb:\u00a0\u00bbfeatures\u00a0\u00bb,\u00a0\u00bbtype\u00a0\u00bb:\u00a0\u00bbcommon\/LeadArt\u00a0\u00bb,\u00a0\u00bbid\u00a0\u00bb:\u00a0\u00bbf0fLWKAwg6FP87b\u00a0\u00bb,\u00a0\u00bbcontentConfig\u00a0\u00bb:{\u00ab\u00a0contentService\u00a0\u00bb:\u00a0\u00bb\u00a0\u00bb,\u00a0\u00bbcontentConfigValues\u00a0\u00bb:{},\u00a0\u00bbinherit\u00a0\u00bb:true},\u00a0\u00bbcustomFields\u00a0\u00bb:{},\u00a0\u00bbdisplayProperties\u00a0\u00bb:{},\u00a0\u00bblocalEdits\u00a0\u00bb:{},\u00a0\u00bbvariants\u00a0\u00bb:{}}},{\u00ab\u00a0collection\u00a0\u00bb:\u00a0\u00bbfeatures\u00a0\u00bb,\u00a0\u00bbtype\u00a0\u00bb:\u00a0\u00bbarticle\/byline\u00a0\u00bb,\u00a0\u00bbprops\u00a0\u00bb:{\u00ab\u00a0collection\u00a0\u00bb:\u00a0\u00bbfeatures\u00a0\u00bb,\u00a0\u00bbtype\u00a0\u00bb:\u00a0\u00bbarticle\/byline\u00a0\u00bb,\u00a0\u00bbid\u00a0\u00bb:\u00a0\u00bbf0fhG2ECCO081EK\u00a0\u00bb,\u00a0\u00bbcontentConfig\u00a0\u00bb:{\u00ab\u00a0contentService\u00a0\u00bb:\u00a0\u00bb\u00a0\u00bb,\u00a0\u00bbcontentConfigValues\u00a0\u00bb:{},\u00a0\u00bbinherit\u00a0\u00bb:true},\u00a0\u00bbcustomFields\u00a0\u00bb:{},\u00a0\u00bbdisplayProperties\u00a0\u00bb:{},\u00a0\u00bblocalEdits\u00a0\u00bb:{},\u00a0\u00bbvariants\u00a0\u00bb:{}}},{\u00ab\u00a0collection\u00a0\u00bb:\u00a0\u00bbfeatures\u00a0\u00bb,\u00a0\u00bbtype\u00a0\u00bb:\u00a0\u00bbarticle\/date\u00a0\u00bb,\u00a0\u00bbprops\u00a0\u00bb:{\u00ab\u00a0collection\u00a0\u00bb:\u00a0\u00bbfeatures\u00a0\u00bb,\u00a0\u00bbtype\u00a0\u00bb:\u00a0\u00bbarticle\/date\u00a0\u00bb,\u00a0\u00bbid\u00a0\u00bb:\u00a0\u00bb0f7R2z6MSrh\u00a0\u00bb,\u00a0\u00bbcontentConfig\u00a0\u00bb:{\u00ab\u00a0contentService\u00a0\u00bb:\u00a0\u00bb\u00a0\u00bb,\u00a0\u00bbcontentConfigValues\u00a0\u00bb:{},\u00a0\u00bbinherit\u00a0\u00bb:false},\u00a0\u00bbcustomFields\u00a0\u00bb:{},\u00a0\u00bbdisplayProperties\u00a0\u00bb:{},\u00a0\u00bblocalEdits\u00a0\u00bb:{},\u00a0\u00bbvariants\u00a0\u00bb:{}}},{\u00ab\u00a0collection\u00a0\u00bb:\u00a0\u00bbfeatures\u00a0\u00bb,\u00a0\u00bbtype\u00a0\u00bb:\u00a0\u00bb@wpmedia\/htmlbox-block\/htmlbox\u00a0\u00bb,\u00a0\u00bbprops\u00a0\u00bb:{\u00ab\u00a0collection\u00a0\u00bb:\u00a0\u00bbfeatures\u00a0\u00bb,\u00a0\u00bbtype\u00a0\u00bb:\u00a0\u00bb@wpmedia\/htmlbox-block\/htmlbox\u00a0\u00bb,\u00a0\u00bbid\u00a0\u00bb:\u00a0\u00bbf0fxYZjElxf8ew\u00a0\u00bb,\u00a0\u00bbcontentConfig\u00a0\u00bb:{\u00ab\u00a0contentService\u00a0\u00bb:\u00a0\u00bb\u00a0\u00bb,\u00a0\u00bbcontentConfigValues\u00a0\u00bb:{},\u00a0\u00bbinherit\u00a0\u00bb:true},\u00a0\u00bbcustomFields\u00a0\u00bb:{\u00ab\u00a0HTML\u00a0\u00bb:\u00a0\u00bb\u00a0\u00bb},\u00a0\u00bbdisplayProperties\u00a0\u00bb:{},\u00a0\u00bblocalEdits\u00a0\u00bb:{},\u00a0\u00bbvariants\u00a0\u00bb:{}}},{\u00ab\u00a0collection\u00a0\u00bb:\u00a0\u00bbfeatures\u00a0\u00bb,\u00a0\u00bbtype\u00a0\u00bb:\u00a0\u00bbcommon\/adPrisma\u00a0\u00bb,\u00a0\u00bbprops\u00a0\u00bb:{\u00ab\u00a0collection\u00a0\u00bb:\u00a0\u00bbfeatures\u00a0\u00bb,\u00a0\u00bbtype\u00a0\u00bb:\u00a0\u00bbcommon\/adPrisma\u00a0\u00bb,\u00a0\u00bbid\u00a0\u00bb:\u00a0\u00bbf0f0tueVMIPJccj\u00a0\u00bb,\u00a0\u00bbcontentConfig\u00a0\u00bb:{\u00ab\u00a0contentService\u00a0\u00bb:\u00a0\u00bb\u00a0\u00bb,\u00a0\u00bbcontentConfigValues\u00a0\u00bb:{},\u00a0\u00bbinherit\u00a0\u00bb:true},\u00a0\u00bbcustomFields\u00a0\u00bb:{\u00ab\u00a0displayOnDesktop\u00a0\u00bb:true,\u00a0\u00bbdisplayOnTablet\u00a0\u00bb:false,\u00a0\u00bbdisplayOnMobile\u00a0\u00bb:false,\u00a0\u00bbadType\u00a0\u00bb:\u00a0\u00bbPave-Haut2-Desktop\u00a0\u00bb,\u00a0\u00bbhasStickyPlaceholder\u00a0\u00bb:false,\u00a0\u00bbhasStickyAd\u00a0\u00bb:false,\u00a0\u00bbadWidth\u00a0\u00bb:\u00a0\u00bb600&Prime;,\u00a0\u00bbadHeight\u00a0\u00bb:\u00a0\u00bb400&Prime;,\u00a0\u00bblayoutOnDesktop\u00a0\u00bb:\u00a0\u00bbHorizontal\u00a0\u00bb,\u00a0\u00bbhasMarginTop\u00a0\u00bb:true,\u00a0\u00bbhasMarginBottom\u00a0\u00bb:true},\u00a0\u00bbdisplayProperties\u00a0\u00bb:{},\u00a0\u00bblocalEdits\u00a0\u00bb:{},\u00a0\u00bbvariants\u00a0\u00bb:{}}},{\u00ab\u00a0collection\u00a0\u00bb:\u00a0\u00bbfeatures\u00a0\u00bb,\u00a0\u00bbtype\u00a0\u00bb:\u00a0\u00bbcommon\/adPrisma\u00a0\u00bb,\u00a0\u00bbprops\u00a0\u00bb:{\u00ab\u00a0collection\u00a0\u00bb:\u00a0\u00bbfeatures\u00a0\u00bb,\u00a0\u00bbtype\u00a0\u00bb:\u00a0\u00bbcommon\/adPrisma\u00a0\u00bb,\u00a0\u00bbid\u00a0\u00bb:\u00a0\u00bbf0fTBz3xtDVQ67&Prime;,\u00a0\u00bbcontentConfig\u00a0\u00bb:{\u00ab\u00a0contentService\u00a0\u00bb:\u00a0\u00bb\u00a0\u00bb,\u00a0\u00bbcontentConfigValues\u00a0\u00bb:{},\u00a0\u00bbinherit\u00a0\u00bb:true},\u00a0\u00bbcustomFields\u00a0\u00bb:{\u00ab\u00a0displayOnDesktop\u00a0\u00bb:false,\u00a0\u00bbdisplayOnTablet\u00a0\u00bb:false,\u00a0\u00bbdisplayOnMobile\u00a0\u00bb:true,\u00a0\u00bbadType\u00a0\u00bb:\u00a0\u00bbPave-Haut\u00a0\u00bb,\u00a0\u00bbpbInternal_cloneId\u00a0\u00bb:\u00a0\u00bbf0fTBz3xtDVQ67&Prime;,\u00a0\u00bbadWidth\u00a0\u00bb:\u00a0\u00bb300&Prime;,\u00a0\u00bbadHeight\u00a0\u00bb:\u00a0\u00bb400&Prime;,\u00a0\u00bblayoutOnMobile\u00a0\u00bb:\u00a0\u00bbVertical\u00a0\u00bb,\u00a0\u00bbhasMarginTop\u00a0\u00bb:true,\u00a0\u00bbhasMarginBottom\u00a0\u00bb:true,\u00a0\u00bbhasStickyAd\u00a0\u00bb:true},\u00a0\u00bbdisplayProperties\u00a0\u00bb:{},\u00a0\u00bblocalEdits\u00a0\u00bb:{},\u00a0\u00bbvariants\u00a0\u00bb:{}}},{\u00ab\u00a0collection\u00a0\u00bb:\u00a0\u00bbchains\u00a0\u00bb,\u00a0\u00bbtype\u00a0\u00bb:\u00a0\u00bbarticle-body\u00a0\u00bb,\u00a0\u00bbprops\u00a0\u00bb:{\u00ab\u00a0collection\u00a0\u00bb:\u00a0\u00bbchains\u00a0\u00bb,\u00a0\u00bbtype\u00a0\u00bb:\u00a0\u00bbarticle-body\u00a0\u00bb,\u00a0\u00bbid\u00a0\u00bb:\u00a0\u00bbc0fFBxtnoyMx6vA\u00a0\u00bb,\u00a0\u00bbcustomFields\u00a0\u00bb:{\u00ab\u00a0elementPlacement\u00a0\u00bb:{\u00ab\u00a01&Prime;:\u00a0\u00bb11&Prime;,\u00a0\u00bb3&Prime;:\u00a0\u00bb2&Prime;,\u00a0\u00bb4&Prime;:\u00a0\u00bb4&Prime;,\u00a0\u00bb5&Prime;:\u00a0\u00bb6&Prime;,\u00a0\u00bb6&Prime;:\u00a0\u00bb8&Prime;,\u00a0\u00bb7&Prime;:\u00a0\u00bb10&Prime;,\u00a0\u00bb8&Prime;:\u00a0\u00bb12&Prime;,\u00a0\u00bb9&Prime;:\u00a0\u00bb14&Prime;,\u00a0\u00bb10&Prime;:\u00a0\u00bb16&Prime;,\u00a0\u00bb11&Prime;:\u00a0\u00bb18&Prime;,\u00a0\u00bb12&Prime;:\u00a0\u00bb20&Prime;,\u00a0\u00bb13&Prime;:\u00a0\u00bb4&Prime;,\u00a0\u00bb14&Prime;:\u00a0\u00bb8&Prime;,\u00a0\u00bb15&Prime;:\u00a0\u00bb4&Prime;,\u00a0\u00bb16&Prime;:\u00a0\u00bb8&Prime;,\u00a0\u00bb17&Prime;:\u00a0\u00bb14&Prime;,\u00a0\u00bb\u00a0\u00bb:\u00a0\u00bb\u00a0\u00bb}},\u00a0\u00bbdisplayProperties\u00a0\u00bb:{}},\u00a0\u00bbchildren\u00a0\u00bb:[{\u00ab\u00a0collection\u00a0\u00bb:\u00a0\u00bbfeatures\u00a0\u00bb,\u00a0\u00bbtype\u00a0\u00bb:\u00a0\u00bbcommon\/adPrisma\u00a0\u00bb,\u00a0\u00bbprops\u00a0\u00bb:{\u00ab\u00a0collection\u00a0\u00bb:\u00a0\u00bbfeatures\u00a0\u00bb,\u00a0\u00bbtype\u00a0\u00bb:\u00a0\u00bbcommon\/adPrisma\u00a0\u00bb,\u00a0\u00bbid\u00a0\u00bb:\u00a0\u00bbf0fJfv4wLVoK5fT\u00a0\u00bb,\u00a0\u00bbcontentConfig\u00a0\u00bb:{\u00ab\u00a0contentService\u00a0\u00bb:\u00a0\u00bb\u00a0\u00bb,\u00a0\u00bbcontentConfigValues\u00a0\u00bb:{},\u00a0\u00bbinherit\u00a0\u00bb:true},\u00a0\u00bbcustomFields\u00a0\u00bb:{\u00ab\u00a0displayOnDesktop\u00a0\u00bb:true,\u00a0\u00bblayoutOnDesktop\u00a0\u00bb:\u00a0\u00bbHorizontal\u00a0\u00bb,\u00a0\u00bbdisplayOnTablet\u00a0\u00bb:false,\u00a0\u00bblayoutOnTablet\u00a0\u00bb:null,\u00a0\u00bbdisplayOnMobile\u00a0\u00bb:false,\u00a0\u00bblayoutOnMobile\u00a0\u00bb:null,\u00a0\u00bbadType\u00a0\u00bb:\u00a0\u00bbPave-Haut2-Desktop\u00a0\u00bb,\u00a0\u00bbadWidth\u00a0\u00bb:600,\u00a0\u00bbadHeight\u00a0\u00bb:400},\u00a0\u00bbdisplayProperties\u00a0\u00bb:{},\u00a0\u00bblocalEdits\u00a0\u00bb:{},\u00a0\u00bbvariants\u00a0\u00bb:{}}},{\u00ab\u00a0collection\u00a0\u00bb:\u00a0\u00bbfeatures\u00a0\u00bb,\u00a0\u00bbtype\u00a0\u00bb:\u00a0\u00bbcommon\/adPrisma\u00a0\u00bb,\u00a0\u00bbprops\u00a0\u00bb:{\u00ab\u00a0collection\u00a0\u00bb:\u00a0\u00bbfeatures\u00a0\u00bb,\u00a0\u00bbtype\u00a0\u00bb:\u00a0\u00bbcommon\/adPrisma\u00a0\u00bb,\u00a0\u00bbid\u00a0\u00bb:\u00a0\u00bbf0fSE1HDtw9L53Y\u00a0\u00bb,\u00a0\u00bbcontentConfig\u00a0\u00bb:{\u00ab\u00a0contentService\u00a0\u00bb:\u00a0\u00bb\u00a0\u00bb,\u00a0\u00bbcontentConfigValues\u00a0\u00bb:{},\u00a0\u00bbinherit\u00a0\u00bb:true},\u00a0\u00bbcustomFields\u00a0\u00bb:{\u00ab\u00a0displayOnDesktop\u00a0\u00bb:false,\u00a0\u00bblayoutOnDesktop\u00a0\u00bb:null,\u00a0\u00bbdisplayOnTablet\u00a0\u00bb:false,\u00a0\u00bblayoutOnTablet\u00a0\u00bb:null,\u00a0\u00bbdisplayOnMobile\u00a0\u00bb:true,\u00a0\u00bblayoutOnMobile\u00a0\u00bb:\u00a0\u00bbVertical\u00a0\u00bb,\u00a0\u00bbadType\u00a0\u00bb:\u00a0\u00bbPave-Haut\u00a0\u00bb,\u00a0\u00bbadWidth\u00a0\u00bb:300,\u00a0\u00bbadHeight\u00a0\u00bb:\u00a0\u00bb400&Prime;,\u00a0\u00bbpbInternal_cloneId\u00a0\u00bb:\u00a0\u00bbf0fSE1HDtw9L53Y\u00a0\u00bb,\u00a0\u00bbhasStickyAd\u00a0\u00bb:true},\u00a0\u00bbdisplayProperties\u00a0\u00bb:{},\u00a0\u00bblocalEdits\u00a0\u00bb:{},\u00a0\u00bbvariants\u00a0\u00bb:{}}},{\u00ab\u00a0collection\u00a0\u00bb:\u00a0\u00bbfeatures\u00a0\u00bb,\u00a0\u00bbtype\u00a0\u00bb:\u00a0\u00bbcommon\/adPrisma\u00a0\u00bb,\u00a0\u00bbprops\u00a0\u00bb:{\u00ab\u00a0collection\u00a0\u00bb:\u00a0\u00bbfeatures\u00a0\u00bb,\u00a0\u00bbtype\u00a0\u00bb:\u00a0\u00bbcommon\/adPrisma\u00a0\u00bb,\u00a0\u00bbid\u00a0\u00bb:\u00a0\u00bbf0f27dasiVo462W\u00a0\u00bb,\u00a0\u00bbcontentConfig\u00a0\u00bb:{\u00ab\u00a0contentService\u00a0\u00bb:\u00a0\u00bb\u00a0\u00bb,\u00a0\u00bbcontentConfigValues\u00a0\u00bb:{},\u00a0\u00bbinherit\u00a0\u00bb:true},\u00a0\u00bbcustomFields\u00a0\u00bb:{\u00ab\u00a0displayOnDesktop\u00a0\u00bb:false,\u00a0\u00bblayoutOnDesktop\u00a0\u00bb:null,\u00a0\u00bbdisplayOnTablet\u00a0\u00bb:false,\u00a0\u00bblayoutOnTablet\u00a0\u00bb:null,\u00a0\u00bbdisplayOnMobile\u00a0\u00bb:true,\u00a0\u00bblayoutOnMobile\u00a0\u00bb:\u00a0\u00bbVertical\u00a0\u00bb,\u00a0\u00bbadType\u00a0\u00bb:\u00a0\u00bbPave-Haut2&Prime;,\u00a0\u00bbadWidth\u00a0\u00bb:300,\u00a0\u00bbadHeight\u00a0\u00bb:\u00a0\u00bb400&Prime;,\u00a0\u00bbpbInternal_cloneId\u00a0\u00bb:\u00a0\u00bbf0f27dasiVo462W\u00a0\u00bb,\u00a0\u00bbhasStickyAd\u00a0\u00bb:true,\u00a0\u00bbhasMarginTop\u00a0\u00bb:true,\u00a0\u00bbhasMarginBottom\u00a0\u00bb:true},\u00a0\u00bbdisplayProperties\u00a0\u00bb:{},\u00a0\u00bblocalEdits\u00a0\u00bb:{},\u00a0\u00bbvariants\u00a0\u00bb:{}}},{\u00ab\u00a0collection\u00a0\u00bb:\u00a0\u00bbfeatures\u00a0\u00bb,\u00a0\u00bbtype\u00a0\u00bb:\u00a0\u00bbcommon\/adPrisma\u00a0\u00bb,\u00a0\u00bbprops\u00a0\u00bb:{\u00ab\u00a0collection\u00a0\u00bb:\u00a0\u00bbfeatures\u00a0\u00bb,\u00a0\u00bbtype\u00a0\u00bb:\u00a0\u00bbcommon\/adPrisma\u00a0\u00bb,\u00a0\u00bbid\u00a0\u00bb:\u00a0\u00bbf0fftZPUtmeM5qO\u00a0\u00bb,\u00a0\u00bbcontentConfig\u00a0\u00bb:{\u00ab\u00a0contentService\u00a0\u00bb:\u00a0\u00bb\u00a0\u00bb,\u00a0\u00bbcontentConfigValues\u00a0\u00bb:{},\u00a0\u00bbinherit\u00a0\u00bb:true},\u00a0\u00bbcustomFields\u00a0\u00bb:{\u00ab\u00a0displayOnDesktop\u00a0\u00bb:false,\u00a0\u00bblayoutOnDesktop\u00a0\u00bb:null,\u00a0\u00bbdisplayOnTablet\u00a0\u00bb:false,\u00a0\u00bblayoutOnTablet\u00a0\u00bb:null,\u00a0\u00bbdisplayOnMobile\u00a0\u00bb:true,\u00a0\u00bblayoutOnMobile\u00a0\u00bb:\u00a0\u00bbVertical\u00a0\u00bb,\u00a0\u00bbadType\u00a0\u00bb:\u00a0\u00bbPave-Haut2&Prime;,\u00a0\u00bbadWidth\u00a0\u00bb:300,\u00a0\u00bbadHeight\u00a0\u00bb:\u00a0\u00bb400&Prime;,\u00a0\u00bbpbInternal_cloneId\u00a0\u00bb:\u00a0\u00bbf0fftZPUtmeM5qO\u00a0\u00bb,\u00a0\u00bbhasStickyAd\u00a0\u00bb:true,\u00a0\u00bbhasMarginTop\u00a0\u00bb:true,\u00a0\u00bbhasMarginBottom\u00a0\u00bb:true},\u00a0\u00bbdisplayProperties\u00a0\u00bb:{},\u00a0\u00bblocalEdits\u00a0\u00bb:{},\u00a0\u00bbvariants\u00a0\u00bb:{}}},{\u00ab\u00a0collection\u00a0\u00bb:\u00a0\u00bbfeatures\u00a0\u00bb,\u00a0\u00bbtype\u00a0\u00bb:\u00a0\u00bbcommon\/adPrisma\u00a0\u00bb,\u00a0\u00bbprops\u00a0\u00bb:{\u00ab\u00a0collection\u00a0\u00bb:\u00a0\u00bbfeatures\u00a0\u00bb,\u00a0\u00bbtype\u00a0\u00bb:\u00a0\u00bbcommon\/adPrisma\u00a0\u00bb,\u00a0\u00bbid\u00a0\u00bb:\u00a0\u00bbf0fCDISK7jsn39V\u00a0\u00bb,\u00a0\u00bbcontentConfig\u00a0\u00bb:{\u00ab\u00a0contentService\u00a0\u00bb:\u00a0\u00bb\u00a0\u00bb,\u00a0\u00bbcontentConfigValues\u00a0\u00bb:{},\u00a0\u00bbinherit\u00a0\u00bb:true},\u00a0\u00bbcustomFields\u00a0\u00bb:{\u00ab\u00a0displayOnDesktop\u00a0\u00bb:false,\u00a0\u00bblayoutOnDesktop\u00a0\u00bb:null,\u00a0\u00bbdisplayOnTablet\u00a0\u00bb:false,\u00a0\u00bblayoutOnTablet\u00a0\u00bb:null,\u00a0\u00bbdisplayOnMobile\u00a0\u00bb:true,\u00a0\u00bblayoutOnMobile\u00a0\u00bb:\u00a0\u00bbVertical\u00a0\u00bb,\u00a0\u00bbadType\u00a0\u00bb:\u00a0\u00bbPave-Haut2&Prime;,\u00a0\u00bbadWidth\u00a0\u00bb:300,\u00a0\u00bbadHeight\u00a0\u00bb:\u00a0\u00bb400&Prime;,\u00a0\u00bbpbInternal_cloneId\u00a0\u00bb:\u00a0\u00bbf0fCDISK7jsn39V\u00a0\u00bb,\u00a0\u00bbhasStickyAd\u00a0\u00bb:true,\u00a0\u00bbhasMarginTop\u00a0\u00bb:true,\u00a0\u00bbhasMarginBottom\u00a0\u00bb:true},\u00a0\u00bbdisplayProperties\u00a0\u00bb:{},\u00a0\u00bblocalEdits\u00a0\u00bb:{},\u00a0\u00bbvariants\u00a0\u00bb:{}}},{\u00ab\u00a0collection\u00a0\u00bb:\u00a0\u00bbfeatures\u00a0\u00bb,\u00a0\u00bbtype\u00a0\u00bb:\u00a0\u00bbcommon\/adPrisma\u00a0\u00bb,\u00a0\u00bbprops\u00a0\u00bb:{\u00ab\u00a0collection\u00a0\u00bb:\u00a0\u00bbfeatures\u00a0\u00bb,\u00a0\u00bbtype\u00a0\u00bb:\u00a0\u00bbcommon\/adPrisma\u00a0\u00bb,\u00a0\u00bbid\u00a0\u00bb:\u00a0\u00bbf0fU1CNp29HL1OU\u00a0\u00bb,\u00a0\u00bbcontentConfig\u00a0\u00bb:{\u00ab\u00a0contentService\u00a0\u00bb:\u00a0\u00bb\u00a0\u00bb,\u00a0\u00bbcontentConfigValues\u00a0\u00bb:{},\u00a0\u00bbinherit\u00a0\u00bb:true},\u00a0\u00bbcustomFields\u00a0\u00bb:{\u00ab\u00a0displayOnDesktop\u00a0\u00bb:false,\u00a0\u00bblayoutOnDesktop\u00a0\u00bb:null,\u00a0\u00bbdisplayOnTablet\u00a0\u00bb:false,\u00a0\u00bblayoutOnTablet\u00a0\u00bb:null,\u00a0\u00bbdisplayOnMobile\u00a0\u00bb:true,\u00a0\u00bblayoutOnMobile\u00a0\u00bb:\u00a0\u00bbVertical\u00a0\u00bb,\u00a0\u00bbadType\u00a0\u00bb:\u00a0\u00bbPave-Haut2&Prime;,\u00a0\u00bbadWidth\u00a0\u00bb:300,\u00a0\u00bbadHeight\u00a0\u00bb:\u00a0\u00bb400&Prime;,\u00a0\u00bbpbInternal_cloneId\u00a0\u00bb:\u00a0\u00bbf0fU1CNp29HL1OU\u00a0\u00bb,\u00a0\u00bbhasStickyAd\u00a0\u00bb:true,\u00a0\u00bbhasMarginTop\u00a0\u00bb:true,\u00a0\u00bbhasMarginBottom\u00a0\u00bb:true},\u00a0\u00bbdisplayProperties\u00a0\u00bb:{},\u00a0\u00bblocalEdits\u00a0\u00bb:{},\u00a0\u00bbvariants\u00a0\u00bb:{}}},{\u00ab\u00a0collection\u00a0\u00bb:\u00a0\u00bbfeatures\u00a0\u00bb,\u00a0\u00bbtype\u00a0\u00bb:\u00a0\u00bbcommon\/adPrisma\u00a0\u00bb,\u00a0\u00bbprops\u00a0\u00bb:{\u00ab\u00a0collection\u00a0\u00bb:\u00a0\u00bbfeatures\u00a0\u00bb,\u00a0\u00bbtype\u00a0\u00bb:\u00a0\u00bbcommon\/adPrisma\u00a0\u00bb,\u00a0\u00bbid\u00a0\u00bb:\u00a0\u00bbf0ffpAb7sXIL18p\u00a0\u00bb,\u00a0\u00bbcontentConfig\u00a0\u00bb:{\u00ab\u00a0contentService\u00a0\u00bb:\u00a0\u00bb\u00a0\u00bb,\u00a0\u00bbcontentConfigValues\u00a0\u00bb:{},\u00a0\u00bbinherit\u00a0\u00bb:true},\u00a0\u00bbcustomFields\u00a0\u00bb:{\u00ab\u00a0displayOnDesktop\u00a0\u00bb:false,\u00a0\u00bblayoutOnDesktop\u00a0\u00bb:null,\u00a0\u00bbdisplayOnTablet\u00a0\u00bb:false,\u00a0\u00bblayoutOnTablet\u00a0\u00bb:null,\u00a0\u00bbdisplayOnMobile\u00a0\u00bb:true,\u00a0\u00bblayoutOnMobile\u00a0\u00bb:\u00a0\u00bbVertical\u00a0\u00bb,\u00a0\u00bbadType\u00a0\u00bb:\u00a0\u00bbPave-Haut2&Prime;,\u00a0\u00bbadWidth\u00a0\u00bb:300,\u00a0\u00bbadHeight\u00a0\u00bb:\u00a0\u00bb400&Prime;,\u00a0\u00bbpbInternal_cloneId\u00a0\u00bb:\u00a0\u00bbf0ffpAb7sXIL18p\u00a0\u00bb,\u00a0\u00bbhasStickyAd\u00a0\u00bb:true,\u00a0\u00bbhasMarginTop\u00a0\u00bb:true,\u00a0\u00bbhasMarginBottom\u00a0\u00bb:true},\u00a0\u00bbdisplayProperties\u00a0\u00bb:{},\u00a0\u00bblocalEdits\u00a0\u00bb:{},\u00a0\u00bbvariants\u00a0\u00bb:{}}},{\u00ab\u00a0collection\u00a0\u00bb:\u00a0\u00bbfeatures\u00a0\u00bb,\u00a0\u00bbtype\u00a0\u00bb:\u00a0\u00bbcommon\/adPrisma\u00a0\u00bb,\u00a0\u00bbprops\u00a0\u00bb:{\u00ab\u00a0collection\u00a0\u00bb:\u00a0\u00bbfeatures\u00a0\u00bb,\u00a0\u00bbtype\u00a0\u00bb:\u00a0\u00bbcommon\/adPrisma\u00a0\u00bb,\u00a0\u00bbid\u00a0\u00bb:\u00a0\u00bbf0fqDrV6aTKL18r\u00a0\u00bb,\u00a0\u00bbcontentConfig\u00a0\u00bb:{\u00ab\u00a0contentService\u00a0\u00bb:\u00a0\u00bb\u00a0\u00bb,\u00a0\u00bbcontentConfigValues\u00a0\u00bb:{},\u00a0\u00bbinherit\u00a0\u00bb:true},\u00a0\u00bbcustomFields\u00a0\u00bb:{\u00ab\u00a0displayOnDesktop\u00a0\u00bb:false,\u00a0\u00bblayoutOnDesktop\u00a0\u00bb:null,\u00a0\u00bbdisplayOnTablet\u00a0\u00bb:false,\u00a0\u00bblayoutOnTablet\u00a0\u00bb:null,\u00a0\u00bbdisplayOnMobile\u00a0\u00bb:true,\u00a0\u00bblayoutOnMobile\u00a0\u00bb:\u00a0\u00bbVertical\u00a0\u00bb,\u00a0\u00bbadType\u00a0\u00bb:\u00a0\u00bbPave-Haut2&Prime;,\u00a0\u00bbadWidth\u00a0\u00bb:300,\u00a0\u00bbadHeight\u00a0\u00bb:\u00a0\u00bb400&Prime;,\u00a0\u00bbpbInternal_cloneId\u00a0\u00bb:\u00a0\u00bbf0fqDrV6aTKL18r\u00a0\u00bb,\u00a0\u00bbhasStickyAd\u00a0\u00bb:true,\u00a0\u00bbhasMarginTop\u00a0\u00bb:true,\u00a0\u00bbhasMarginBottom\u00a0\u00bb:true},\u00a0\u00bbdisplayProperties\u00a0\u00bb:{},\u00a0\u00bblocalEdits\u00a0\u00bb:{},\u00a0\u00bbvariants\u00a0\u00bb:{}}},{\u00ab\u00a0collection\u00a0\u00bb:\u00a0\u00bbfeatures\u00a0\u00bb,\u00a0\u00bbtype\u00a0\u00bb:\u00a0\u00bbcommon\/adPrisma\u00a0\u00bb,\u00a0\u00bbprops\u00a0\u00bb:{\u00ab\u00a0collection\u00a0\u00bb:\u00a0\u00bbfeatures\u00a0\u00bb,\u00a0\u00bbtype\u00a0\u00bb:\u00a0\u00bbcommon\/adPrisma\u00a0\u00bb,\u00a0\u00bbid\u00a0\u00bb:\u00a0\u00bbf0fPujFYZiNL10K\u00a0\u00bb,\u00a0\u00bbcontentConfig\u00a0\u00bb:{\u00ab\u00a0contentService\u00a0\u00bb:\u00a0\u00bb\u00a0\u00bb,\u00a0\u00bbcontentConfigValues\u00a0\u00bb:{},\u00a0\u00bbinherit\u00a0\u00bb:true},\u00a0\u00bbcustomFields\u00a0\u00bb:{\u00ab\u00a0displayOnDesktop\u00a0\u00bb:false,\u00a0\u00bblayoutOnDesktop\u00a0\u00bb:null,\u00a0\u00bbdisplayOnTablet\u00a0\u00bb:false,\u00a0\u00bblayoutOnTablet\u00a0\u00bb:null,\u00a0\u00bbdisplayOnMobile\u00a0\u00bb:true,\u00a0\u00bblayoutOnMobile\u00a0\u00bb:\u00a0\u00bbVertical\u00a0\u00bb,\u00a0\u00bbadType\u00a0\u00bb:\u00a0\u00bbPave-Haut2&Prime;,\u00a0\u00bbadWidth\u00a0\u00bb:300,\u00a0\u00bbadHeight\u00a0\u00bb:\u00a0\u00bb400&Prime;,\u00a0\u00bbpbInternal_cloneId\u00a0\u00bb:\u00a0\u00bbf0fPujFYZiNL10K\u00a0\u00bb,\u00a0\u00bbhasStickyAd\u00a0\u00bb:true,\u00a0\u00bbhasMarginTop\u00a0\u00bb:true,\u00a0\u00bbhasMarginBottom\u00a0\u00bb:true},\u00a0\u00bbdisplayProperties\u00a0\u00bb:{},\u00a0\u00bblocalEdits\u00a0\u00bb:{},\u00a0\u00bbvariants\u00a0\u00bb:{}}},{\u00ab\u00a0collection\u00a0\u00bb:\u00a0\u00bbfeatures\u00a0\u00bb,\u00a0\u00bbtype\u00a0\u00bb:\u00a0\u00bbcommon\/adPrisma\u00a0\u00bb,\u00a0\u00bbprops\u00a0\u00bb:{\u00ab\u00a0collection\u00a0\u00bb:\u00a0\u00bbfeatures\u00a0\u00bb,\u00a0\u00bbtype\u00a0\u00bb:\u00a0\u00bbcommon\/adPrisma\u00a0\u00bb,\u00a0\u00bbid\u00a0\u00bb:\u00a0\u00bbf0fFzaovdKYL1z1&Prime;,\u00a0\u00bbcontentConfig\u00a0\u00bb:{\u00ab\u00a0contentService\u00a0\u00bb:\u00a0\u00bb\u00a0\u00bb,\u00a0\u00bbcontentConfigValues\u00a0\u00bb:{},\u00a0\u00bbinherit\u00a0\u00bb:true},\u00a0\u00bbcustomFields\u00a0\u00bb:{\u00ab\u00a0displayOnDesktop\u00a0\u00bb:false,\u00a0\u00bblayoutOnDesktop\u00a0\u00bb:null,\u00a0\u00bbdisplayOnTablet\u00a0\u00bb:false,\u00a0\u00bblayoutOnTablet\u00a0\u00bb:null,\u00a0\u00bbdisplayOnMobile\u00a0\u00bb:true,\u00a0\u00bblayoutOnMobile\u00a0\u00bb:\u00a0\u00bbVertical\u00a0\u00bb,\u00a0\u00bbadType\u00a0\u00bb:\u00a0\u00bbPave-Haut2&Prime;,\u00a0\u00bbadWidth\u00a0\u00bb:300,\u00a0\u00bbadHeight\u00a0\u00bb:\u00a0\u00bb400&Prime;,\u00a0\u00bbpbInternal_cloneId\u00a0\u00bb:\u00a0\u00bbf0fFzaovdKYL1z1&Prime;,\u00a0\u00bbhasStickyAd\u00a0\u00bb:true,\u00a0\u00bbhasMarginTop\u00a0\u00bb:true,\u00a0\u00bbhasMarginBottom\u00a0\u00bb:true},\u00a0\u00bbdisplayProperties\u00a0\u00bb:{},\u00a0\u00bblocalEdits\u00a0\u00bb:{},\u00a0\u00bbvariants\u00a0\u00bb:{}}},{\u00ab\u00a0collection\u00a0\u00bb:\u00a0\u00bbfeatures\u00a0\u00bb,\u00a0\u00bbtype\u00a0\u00bb:\u00a0\u00bbcommon\/adPrisma\u00a0\u00bb,\u00a0\u00bbprops\u00a0\u00bb:{\u00ab\u00a0collection\u00a0\u00bb:\u00a0\u00bbfeatures\u00a0\u00bb,\u00a0\u00bbtype\u00a0\u00bb:\u00a0\u00bbcommon\/adPrisma\u00a0\u00bb,\u00a0\u00bbid\u00a0\u00bb:\u00a0\u00bbf0f00fWk9HjD3Gy\u00a0\u00bb,\u00a0\u00bbcontentConfig\u00a0\u00bb:{\u00ab\u00a0contentService\u00a0\u00bb:\u00a0\u00bb\u00a0\u00bb,\u00a0\u00bbcontentConfigValues\u00a0\u00bb:{},\u00a0\u00bbinherit\u00a0\u00bb:true},\u00a0\u00bbcustomFields\u00a0\u00bb:{\u00ab\u00a0displayOnDesktop\u00a0\u00bb:false,\u00a0\u00bblayoutOnDesktop\u00a0\u00bb:null,\u00a0\u00bbdisplayOnTablet\u00a0\u00bb:false,\u00a0\u00bblayoutOnTablet\u00a0\u00bb:null,\u00a0\u00bbdisplayOnMobile\u00a0\u00bb:true,\u00a0\u00bblayoutOnMobile\u00a0\u00bb:\u00a0\u00bbVertical\u00a0\u00bb,\u00a0\u00bbadType\u00a0\u00bb:\u00a0\u00bbPave-Haut2&Prime;,\u00a0\u00bbadWidth\u00a0\u00bb:300,\u00a0\u00bbadHeight\u00a0\u00bb:\u00a0\u00bb400&Prime;,\u00a0\u00bbpbInternal_cloneId\u00a0\u00bb:\u00a0\u00bbf0f00fWk9HjD3Gy\u00a0\u00bb,\u00a0\u00bbhasStickyAd\u00a0\u00bb:true,\u00a0\u00bbhasMarginTop\u00a0\u00bb:true,\u00a0\u00bbhasMarginBottom\u00a0\u00bb:true},\u00a0\u00bbdisplayProperties\u00a0\u00bb:{},\u00a0\u00bblocalEdits\u00a0\u00bb:{},\u00a0\u00bbvariants\u00a0\u00bb:{}}},{\u00ab\u00a0collection\u00a0\u00bb:\u00a0\u00bbfeatures\u00a0\u00bb,\u00a0\u00bbtype\u00a0\u00bb:\u00a0\u00bbcommon\/adPrisma\u00a0\u00bb,\u00a0\u00bbprops\u00a0\u00bb:{\u00ab\u00a0collection\u00a0\u00bb:\u00a0\u00bbfeatures\u00a0\u00bb,\u00a0\u00bbtype\u00a0\u00bb:\u00a0\u00bbcommon\/adPrisma\u00a0\u00bb,\u00a0\u00bbid\u00a0\u00bb:\u00a0\u00bbf0fY1yQA6sSs3HK\u00a0\u00bb,\u00a0\u00bbcontentConfig\u00a0\u00bb:{\u00ab\u00a0contentService\u00a0\u00bb:\u00a0\u00bb\u00a0\u00bb,\u00a0\u00bbcontentConfigValues\u00a0\u00bb:{},\u00a0\u00bbinherit\u00a0\u00bb:true},\u00a0\u00bbcustomFields\u00a0\u00bb:{\u00ab\u00a0displayOnDesktop\u00a0\u00bb:false,\u00a0\u00bblayoutOnDesktop\u00a0\u00bb:null,\u00a0\u00bbdisplayOnTablet\u00a0\u00bb:false,\u00a0\u00bblayoutOnTablet\u00a0\u00bb:null,\u00a0\u00bbdisplayOnMobile\u00a0\u00bb:true,\u00a0\u00bblayoutOnMobile\u00a0\u00bb:\u00a0\u00bbVertical\u00a0\u00bb,\u00a0\u00bbadType\u00a0\u00bb:\u00a0\u00bbPave-Haut2&Prime;,\u00a0\u00bbadWidth\u00a0\u00bb:300,\u00a0\u00bbadHeight\u00a0\u00bb:\u00a0\u00bb400&Prime;,\u00a0\u00bbpbInternal_cloneId\u00a0\u00bb:\u00a0\u00bbf0fY1yQA6sSs3HK\u00a0\u00bb,\u00a0\u00bbhasStickyAd\u00a0\u00bb:true,\u00a0\u00bbhasMarginTop\u00a0\u00bb:true,\u00a0\u00bbhasMarginBottom\u00a0\u00bb:true},\u00a0\u00bbdisplayProperties\u00a0\u00bb:{},\u00a0\u00bblocalEdits\u00a0\u00bb:{},\u00a0\u00bbvariants\u00a0\u00bb:{}}},{\u00ab\u00a0collection\u00a0\u00bb:\u00a0\u00bbfeatures\u00a0\u00bb,\u00a0\u00bbtype\u00a0\u00bb:\u00a0\u00bb@wpmedia\/htmlbox-block\/htmlbox\u00a0\u00bb,\u00a0\u00bbprops\u00a0\u00bb:{\u00ab\u00a0collection\u00a0\u00bb:\u00a0\u00bbfeatures\u00a0\u00bb,\u00a0\u00bbtype\u00a0\u00bb:\u00a0\u00bb@wpmedia\/htmlbox-block\/htmlbox\u00a0\u00bb,\u00a0\u00bbid\u00a0\u00bb:\u00a0\u00bbf0fDDbYMYiut3FT\u00a0\u00bb,\u00a0\u00bbcontentConfig\u00a0\u00bb:{\u00ab\u00a0contentService\u00a0\u00bb:\u00a0\u00bb\u00a0\u00bb,\u00a0\u00bbcontentConfigValues\u00a0\u00bb:{},\u00a0\u00bbinherit\u00a0\u00bb:true},\u00a0\u00bbcustomFields\u00a0\u00bb:{\u00ab\u00a0HTML\u00a0\u00bb:\u00a0\u00bb\\n\\n\\n\\n.mailmunch-embedded-iframe{margin-bottom:0 !important;} \u00ab\u00a0},\u00a0\u00bbdisplayProperties\u00a0\u00bb:{},\u00a0\u00bblocalEdits\u00a0\u00bb:{},\u00a0\u00bbvariants\u00a0\u00bb:{}}},{\u00ab\u00a0collection\u00a0\u00bb:\u00a0\u00bbfeatures\u00a0\u00bb,\u00a0\u00bbtype\u00a0\u00bb:\u00a0\u00bb@wpmedia\/htmlbox-block\/htmlbox\u00a0\u00bb,\u00a0\u00bbprops\u00a0\u00bb:{\u00ab\u00a0collection\u00a0\u00bb:\u00a0\u00bbfeatures\u00a0\u00bb,\u00a0\u00bbtype\u00a0\u00bb:\u00a0\u00bb@wpmedia\/htmlbox-block\/htmlbox\u00a0\u00bb,\u00a0\u00bbid\u00a0\u00bb:\u00a0\u00bbf0fpINmuLQW76D1&Prime;,\u00a0\u00bbcontentConfig\u00a0\u00bb:{\u00ab\u00a0contentService\u00a0\u00bb:\u00a0\u00bb\u00a0\u00bb,\u00a0\u00bbcontentConfigValues\u00a0\u00bb:{},\u00a0\u00bbinherit\u00a0\u00bb:true},\u00a0\u00bbcustomFields\u00a0\u00bb:{\u00ab\u00a0pbInternal_cloneId\u00a0\u00bb:\u00a0\u00bbf0fpINmuLQW76D1&Prime;,\u00a0\u00bbHTML\u00a0\u00bb:\u00a0\u00bb\\n\\n\\n.mailmunch-embedded-iframe{margin-bottom:0 !important;} \u00ab\u00a0},\u00a0\u00bbdisplayProperties\u00a0\u00bb:{},\u00a0\u00bblocalEdits\u00a0\u00bb:{},\u00a0\u00bbvariants\u00a0\u00bb:{}}},{\u00ab\u00a0collection\u00a0\u00bb:\u00a0\u00bbfeatures\u00a0\u00bb,\u00a0\u00bbtype\u00a0\u00bb:\u00a0\u00bbcommon\/adPrisma\u00a0\u00bb,\u00a0\u00bbprops\u00a0\u00bb:{\u00ab\u00a0collection\u00a0\u00bb:\u00a0\u00bbfeatures\u00a0\u00bb,\u00a0\u00bbtype\u00a0\u00bb:\u00a0\u00bbcommon\/adPrisma\u00a0\u00bb,\u00a0\u00bbid\u00a0\u00bb:\u00a0\u00bbf0feeszWIa532UK\u00a0\u00bb,\u00a0\u00bbcontentConfig\u00a0\u00bb:{\u00ab\u00a0contentService\u00a0\u00bb:\u00a0\u00bb\u00a0\u00bb,\u00a0\u00bbcontentConfigValues\u00a0\u00bb:{},\u00a0\u00bbinherit\u00a0\u00bb:true},\u00a0\u00bbcustomFields\u00a0\u00bb:{\u00ab\u00a0displayOnDesktop\u00a0\u00bb:true,\u00a0\u00bblayoutOnDesktop\u00a0\u00bb:\u00a0\u00bbHorizontal\u00a0\u00bb,\u00a0\u00bbdisplayOnTablet\u00a0\u00bb:false,\u00a0\u00bblayoutOnTablet\u00a0\u00bb:null,\u00a0\u00bbdisplayOnMobile\u00a0\u00bb:false,\u00a0\u00bblayoutOnMobile\u00a0\u00bb:null,\u00a0\u00bbadType\u00a0\u00bb:\u00a0\u00bbPave-Haut2-Desktop\u00a0\u00bb,\u00a0\u00bbadWidth\u00a0\u00bb:\u00a0\u00bb600&Prime;,\u00a0\u00bbadHeight\u00a0\u00bb:\u00a0\u00bb400&Prime;,\u00a0\u00bbpbInternal_cloneId\u00a0\u00bb:\u00a0\u00bbf0feeszWIa532UK\u00a0\u00bb,\u00a0\u00bbhasStickyAd\u00a0\u00bb:true,\u00a0\u00bbhasMarginTop\u00a0\u00bb:false,\u00a0\u00bbhasMarginBottom\u00a0\u00bb:false},\u00a0\u00bbdisplayProperties\u00a0\u00bb:{},\u00a0\u00bblocalEdits\u00a0\u00bb:{},\u00a0\u00bbvariants\u00a0\u00bb:{}}},{\u00ab\u00a0collection\u00a0\u00bb:\u00a0\u00bbfeatures\u00a0\u00bb,\u00a0\u00bbtype\u00a0\u00bb:\u00a0\u00bbcommon\/adPrisma\u00a0\u00bb,\u00a0\u00bbprops\u00a0\u00bb:{\u00ab\u00a0collection\u00a0\u00bb:\u00a0\u00bbfeatures\u00a0\u00bb,\u00a0\u00bbtype\u00a0\u00bb:\u00a0\u00bbcommon\/adPrisma\u00a0\u00bb,\u00a0\u00bbid\u00a0\u00bb:\u00a0\u00bbf0flJXlEvZDj59R\u00a0\u00bb,\u00a0\u00bbcontentConfig\u00a0\u00bb:{\u00ab\u00a0contentService\u00a0\u00bb:\u00a0\u00bb\u00a0\u00bb,\u00a0\u00bbcontentConfigValues\u00a0\u00bb:{},\u00a0\u00bbinherit\u00a0\u00bb:true},\u00a0\u00bbcustomFields\u00a0\u00bb:{\u00ab\u00a0displayOnDesktop\u00a0\u00bb:true,\u00a0\u00bblayoutOnDesktop\u00a0\u00bb:\u00a0\u00bbHorizontal\u00a0\u00bb,\u00a0\u00bbdisplayOnTablet\u00a0\u00bb:false,\u00a0\u00bblayoutOnTablet\u00a0\u00bb:null,\u00a0\u00bbdisplayOnMobile\u00a0\u00bb:false,\u00a0\u00bblayoutOnMobile\u00a0\u00bb:null,\u00a0\u00bbadType\u00a0\u00bb:\u00a0\u00bbPave-Haut2-Desktop\u00a0\u00bb,\u00a0\u00bbadWidth\u00a0\u00bb:\u00a0\u00bb600&Prime;,\u00a0\u00bbadHeight\u00a0\u00bb:\u00a0\u00bb400&Prime;,\u00a0\u00bbpbInternal_cloneId\u00a0\u00bb:\u00a0\u00bbf0flJXlEvZDj59R\u00a0\u00bb,\u00a0\u00bbhasStickyAd\u00a0\u00bb:true,\u00a0\u00bbhasMarginTop\u00a0\u00bb:false,\u00a0\u00bbhasMarginBottom\u00a0\u00bb:false},\u00a0\u00bbdisplayProperties\u00a0\u00bb:{},\u00a0\u00bblocalEdits\u00a0\u00bb:{},\u00a0\u00bbvariants\u00a0\u00bb:{}}},{\u00ab\u00a0collection\u00a0\u00bb:\u00a0\u00bbfeatures\u00a0\u00bb,\u00a0\u00bbtype\u00a0\u00bb:\u00a0\u00bbcommon\/adPrisma\u00a0\u00bb,\u00a0\u00bbprops\u00a0\u00bb:{\u00ab\u00a0collection\u00a0\u00bb:\u00a0\u00bbfeatures\u00a0\u00bb,\u00a0\u00bbtype\u00a0\u00bb:\u00a0\u00bbcommon\/adPrisma\u00a0\u00bb,\u00a0\u00bbid\u00a0\u00bb:\u00a0\u00bbf0fUqEPIRzQ4aAO\u00a0\u00bb,\u00a0\u00bbcontentConfig\u00a0\u00bb:{\u00ab\u00a0contentService\u00a0\u00bb:\u00a0\u00bb\u00a0\u00bb,\u00a0\u00bbcontentConfigValues\u00a0\u00bb:{},\u00a0\u00bbinherit\u00a0\u00bb:true},\u00a0\u00bbcustomFields\u00a0\u00bb:{\u00ab\u00a0displayOnDesktop\u00a0\u00bb:true,\u00a0\u00bblayoutOnDesktop\u00a0\u00bb:\u00a0\u00bbHorizontal\u00a0\u00bb,\u00a0\u00bbdisplayOnTablet\u00a0\u00bb:false,\u00a0\u00bblayoutOnTablet\u00a0\u00bb:null,\u00a0\u00bbdisplayOnMobile\u00a0\u00bb:false,\u00a0\u00bblayoutOnMobile\u00a0\u00bb:null,\u00a0\u00bbadType\u00a0\u00bb:\u00a0\u00bbPave-Haut2-Desktop\u00a0\u00bb,\u00a0\u00bbadWidth\u00a0\u00bb:\u00a0\u00bb600&Prime;,\u00a0\u00bbadHeight\u00a0\u00bb:\u00a0\u00bb400&Prime;,\u00a0\u00bbpbInternal_cloneId\u00a0\u00bb:\u00a0\u00bbf0fUqEPIRzQ4aAO\u00a0\u00bb,\u00a0\u00bbhasStickyAd\u00a0\u00bb:true,\u00a0\u00bbhasMarginTop\u00a0\u00bb:false,\u00a0\u00bbhasMarginBottom\u00a0\u00bb:false},\u00a0\u00bbdisplayProperties\u00a0\u00bb:{},\u00a0\u00bblocalEdits\u00a0\u00bb:{},\u00a0\u00bbvariants\u00a0\u00bb:{}}}]},{\u00ab\u00a0collection\u00a0\u00bb:\u00a0\u00bbfeatures\u00a0\u00bb,\u00a0\u00bbtype\u00a0\u00bb:\u00a0\u00bbarticle\/paywall\u00a0\u00bb,\u00a0\u00bbprops\u00a0\u00bb:{\u00ab\u00a0collection\u00a0\u00bb:\u00a0\u00bbfeatures\u00a0\u00bb,\u00a0\u00bbtype\u00a0\u00bb:\u00a0\u00bbarticle\/paywall\u00a0\u00bb,\u00a0\u00bbid\u00a0\u00bb:\u00a0\u00bbf0f8vGVlAd832fw\u00a0\u00bb,\u00a0\u00bbcontentConfig\u00a0\u00bb:{\u00ab\u00a0contentService\u00a0\u00bb:\u00a0\u00bb\u00a0\u00bb,\u00a0\u00bbcontentConfigValues\u00a0\u00bb:{},\u00a0\u00bbinherit\u00a0\u00bb:true},\u00a0\u00bbcustomFields\u00a0\u00bb:{\u00ab\u00a0colorBorder\u00a0\u00bb:\u00a0\u00bbF8F8F8&Prime;,\u00a0\u00bbcolorBackground\u00a0\u00bb:\u00a0\u00bbF8F8F8&Prime;,\u00a0\u00bbintroText\u00a0\u00bb:\u00a0\u00bbPour lire la suite, abonnez-vous\u00a0\u00bb,\u00a0\u00bbpricePrimary\u00a0\u00bb:\u00a0\u00bb15 jours pour 1\u20ac\u00a0\u00bb,\u00a0\u00bbpriceSecondary\u00a0\u00bb:\u00a0\u00bbSans engagement\u00a0\u00bb,\u00a0\u00bbbuttonText\u00a0\u00bb:\u00a0\u00bbS\u2019abonner pour lire l\u2019article\u00a0\u00bb,\u00a0\u00bbpoint1&Prime;:\u00a0\u00bb Tous les contenus \u00ab abonn\u00e9s \u00bb en illimit\u00e9\u00a0\u00bb,\u00a0\u00bbpoint2&Prime;:\u00a0\u00bb Le journal num\u00e9rique en avant-premi\u00e8re\u00a0\u00bb,\u00a0\u00bbpoint3&Prime;:\u00a0\u00bb Newsletters exclusives, club abonn\u00e9s\u00a0\u00bb,\u00a0\u00bbbuttonLinkParams\u00a0\u00bb:{},\u00a0\u00bbshowClassicOffer\u00a0\u00bb:true,\u00a0\u00bbshowAdvantageOffer\u00a0\u00bb:false,\u00a0\u00bbbuttonLink\u00a0\u00bb:\u00a0\u00bbhttps:\/\/abo.liberation.fr\/numerique\/inscription\/offre-decouverte-numerique-15jours-1euro?origin=PAYWALL&#038;xtatc=INT-28-[15jours_1euro]\u00a0\u00bb,\u00a0\u00bbshowSwgOffer\u00a0\u00bb:true,\u00a0\u00bbtitleSwg\u00a0\u00bb:\u00a0\u00bb1 an pour 36\u20ac (au lieu de 119\u20ac)\u00a0\u00bb,\u00a0\u00bblegendeSwg\u00a0\u00bb:\u00a0\u00bbEn choisissant ce parcours d\u2019abonnement promotionnel, vous acceptez le d\u00e9p\u00f4t d\u2019un cookie d\u2019analyse par Google\u00a0\u00bb,\u00a0\u00bblinkSwg\u00a0\u00bb:\u00a0\u00bbhttps:\/\/abo.liberation.fr\/swg\/offre-swg-promo-annuelle-1an-36euros\/?origin=PAYWALL&#038;xtatc=INT-28-[swg-1an36]\u00a0\u00bb},\u00a0\u00bbdisplayProperties\u00a0\u00bb:{},\u00a0\u00bblocalEdits\u00a0\u00bb:{},\u00a0\u00bbvariants\u00a0\u00bb:{}}},{\u00ab\u00a0collection\u00a0\u00bb:\u00a0\u00bbfeatures\u00a0\u00bb,\u00a0\u00bbtype\u00a0\u00bb:\u00a0\u00bbarticle\/tag\u00a0\u00bb,\u00a0\u00bbprops\u00a0\u00bb:{\u00ab\u00a0collection\u00a0\u00bb:\u00a0\u00bbfeatures\u00a0\u00bb,\u00a0\u00bbtype\u00a0\u00bb:\u00a0\u00bbarticle\/tag\u00a0\u00bb,\u00a0\u00bbid\u00a0\u00bb:\u00a0\u00bbf0fKgNUtanUBgp\u00a0\u00bb,\u00a0\u00bbcontentConfig\u00a0\u00bb:{\u00ab\u00a0contentService\u00a0\u00bb:\u00a0\u00bb\u00a0\u00bb,\u00a0\u00bbcontentConfigValues\u00a0\u00bb:{},\u00a0\u00bbinherit\u00a0\u00bb:true},\u00a0\u00bbcustomFields\u00a0\u00bb:{\u00ab\u00a0title\u00a0\u00bb:\u00a0\u00bbPour aller plus loin :\u00a0\u00bb},\u00a0\u00bbdisplayProperties\u00a0\u00bb:{},\u00a0\u00bblocalEdits\u00a0\u00bb:{},\u00a0\u00bbvariants\u00a0\u00bb:{}}},{\u00ab\u00a0collection\u00a0\u00bb:\u00a0\u00bbfeatures\u00a0\u00bb,\u00a0\u00bbtype\u00a0\u00bb:\u00a0\u00bbarticle\/outbrain\u00a0\u00bb,\u00a0\u00bbprops\u00a0\u00bb:{\u00ab\u00a0collection\u00a0\u00bb:\u00a0\u00bbfeatures\u00a0\u00bb,\u00a0\u00bbtype\u00a0\u00bb:\u00a0\u00bbarticle\/outbrain\u00a0\u00bb,\u00a0\u00bbid\u00a0\u00bb:\u00a0\u00bbf0fFgEF7moy02yS\u00a0\u00bb,\u00a0\u00bbcontentConfig\u00a0\u00bb:{\u00ab\u00a0contentService\u00a0\u00bb:\u00a0\u00bb\u00a0\u00bb,\u00a0\u00bbcontentConfigValues\u00a0\u00bb:{},\u00a0\u00bbinherit\u00a0\u00bb:true},\u00a0\u00bbcustomFields\u00a0\u00bb:{\u00ab\u00a0widgetId\u00a0\u00bb:\u00a0\u00bbarticleBody\u00a0\u00bb},\u00a0\u00bbdisplayProperties\u00a0\u00bb:{},\u00a0\u00bblocalEdits\u00a0\u00bb:{},\u00a0\u00bbvariants\u00a0\u00bb:{}}},{\u00ab\u00a0collection\u00a0\u00bb:\u00a0\u00bbfeatures\u00a0\u00bb,\u00a0\u00bbtype\u00a0\u00bb:\u00a0\u00bbShareBar\/default\u00a0\u00bb,\u00a0\u00bbprops\u00a0\u00bb:{\u00ab\u00a0collection\u00a0\u00bb:\u00a0\u00bbfeatures\u00a0\u00bb,\u00a0\u00bbtype\u00a0\u00bb:\u00a0\u00bbShareBar\/default\u00a0\u00bb,\u00a0\u00bbid\u00a0\u00bb:\u00a0\u00bbf0f2zPAoJBJx22s\u00a0\u00bb,\u00a0\u00bbcontentConfig\u00a0\u00bb:{\u00ab\u00a0contentService\u00a0\u00bb:\u00a0\u00bb\u00a0\u00bb,\u00a0\u00bbcontentConfigValues\u00a0\u00bb:{},\u00a0\u00bbinherit\u00a0\u00bb:true},\u00a0\u00bbcustomFields\u00a0\u00bb:{\u00ab\u00a0facebookItem\u00a0\u00bb:true,\u00a0\u00bbtwitterItem\u00a0\u00bb:false,\u00a0\u00bbpinterestItem\u00a0\u00bb:true,\u00a0\u00bblinkedinItem\u00a0\u00bb:true,\u00a0\u00bbemailItem\u00a0\u00bb:true,\u00a0\u00bbgiftItem\u00a0\u00bb:true,\u00a0\u00bblinkItem\u00a0\u00bb:true},\u00a0\u00bbdisplayProperties\u00a0\u00bb:{},\u00a0\u00bblocalEdits\u00a0\u00bb:{},\u00a0\u00bbvariants\u00a0\u00bb:{}}},{\u00ab\u00a0collection\u00a0\u00bb:\u00a0\u00bbfeatures\u00a0\u00bb,\u00a0\u00bbtype\u00a0\u00bb:\u00a0\u00bbcommon\/CustomCardTitle\u00a0\u00bb,\u00a0\u00bbprops\u00a0\u00bb:{\u00ab\u00a0collection\u00a0\u00bb:\u00a0\u00bbfeatures\u00a0\u00bb,\u00a0\u00bbtype\u00a0\u00bb:\u00a0\u00bbcommon\/CustomCardTitle\u00a0\u00bb,\u00a0\u00bbid\u00a0\u00bb:\u00a0\u00bbf0foqM8guYos2Uw\u00a0\u00bb,\u00a0\u00bbcontentConfig\u00a0\u00bb:{\u00ab\u00a0contentService\u00a0\u00bb:\u00a0\u00bb\u00a0\u00bb,\u00a0\u00bbcontentConfigValues\u00a0\u00bb:{},\u00a0\u00bbinherit\u00a0\u00bb:true},\u00a0\u00bbcustomFields\u00a0\u00bb:{\u00ab\u00a0title\u00a0\u00bb:\u00a0\u00bbDans la m\u00eame rubrique\u00a0\u00bb,\u00a0\u00bblink\u00a0\u00bb:\u00a0\u00bb\u00a0\u00bb},\u00a0\u00bbdisplayProperties\u00a0\u00bb:{},\u00a0\u00bblocalEdits\u00a0\u00bb:{},\u00a0\u00bbvariants\u00a0\u00bb:{}}},{\u00ab\u00a0collection\u00a0\u00bb:\u00a0\u00bbchains\u00a0\u00bb,\u00a0\u00bbtype\u00a0\u00bb:\u00a0\u00bbflex-chain\u00a0\u00bb,\u00a0\u00bbprops\u00a0\u00bb:{\u00ab\u00a0collection\u00a0\u00bb:\u00a0\u00bbchains\u00a0\u00bb,\u00a0\u00bbtype\u00a0\u00bb:\u00a0\u00bbflex-chain\u00a0\u00bb,\u00a0\u00bbid\u00a0\u00bb:\u00a0\u00bbc0f2rXNWJ30g7O\u00a0\u00bb,\u00a0\u00bbcustomFields\u00a0\u00bb:{\u00ab\u00a0layout\u00a0\u00bb:\u00a0\u00bb6-6&Prime;,\u00a0\u00bbcolumn1&Prime;:2,\u00a0\u00bbcolumn2&Prime;:2,\u00a0\u00bbcolumn3&Prime;:1,\u00a0\u00bbcolumn4&Prime;:1,\u00a0\u00bbmobileOrderColumn1&Prime;:1,\u00a0\u00bbmobileOrderColumn2&Prime;:2,\u00a0\u00bbmobileOrderColumn3&Prime;:3,\u00a0\u00bbmobileOrderColumn4&Prime;:4},\u00a0\u00bbdisplayProperties\u00a0\u00bb:{}},\u00a0\u00bbchildren\u00a0\u00bb:[{\u00ab\u00a0collection\u00a0\u00bb:\u00a0\u00bbfeatures\u00a0\u00bb,\u00a0\u00bbtype\u00a0\u00bb:\u00a0\u00bbcommon\/customCardList\u00a0\u00bb,\u00a0\u00bbprops\u00a0\u00bb:{\u00ab\u00a0collection\u00a0\u00bb:\u00a0\u00bbfeatures\u00a0\u00bb,\u00a0\u00bbtype\u00a0\u00bb:\u00a0\u00bbcommon\/customCardList\u00a0\u00bb,\u00a0\u00bbid\u00a0\u00bb:\u00a0\u00bbf0fvaRXfKAFdSc\u00a0\u00bb,\u00a0\u00bbcontentConfig\u00a0\u00bb:{\u00ab\u00a0contentService\u00a0\u00bb:\u00a0\u00bb\u00a0\u00bb,\u00a0\u00bbcontentConfigValues\u00a0\u00bb:{},\u00a0\u00bbinherit\u00a0\u00bb:true},\u00a0\u00bbcustomFields\u00a0\u00bb:{\u00ab\u00a0listContentConfig\u00a0\u00bb:{\u00ab\u00a0contentService\u00a0\u00bb:\u00a0\u00bbsite-story-feed-sections\u00a0\u00bb,\u00a0\u00bbcontentConfigValues\u00a0\u00bb:{\u00ab\u00a0includeSections\u00a0\u00bb:\u00a0\u00bb\/societe\u00a0\u00bb,\u00a0\u00bbfeedSize\u00a0\u00bb:1,\u00a0\u00bbfeedOffset\u00a0\u00bb:0}},\u00a0\u00bboverwriteSize\u00a0\u00bb:null,\u00a0\u00bbshowPrimary\u00a0\u00bb:true,\u00a0\u00bbshowOverlinePrimary\u00a0\u00bb:true,\u00a0\u00bbshowHeadlinePrimary\u00a0\u00bb:true,\u00a0\u00bbshowImagePrimary\u00a0\u00bb:false,\u00a0\u00bbshowDescriptionPrimary\u00a0\u00bb:false,\u00a0\u00bbshowBylinePrimary\u00a0\u00bb:false,\u00a0\u00bbshowDatePrimary\u00a0\u00bb:true,\u00a0\u00bbimageRatioPrimary\u00a0\u00bb:\u00a0\u00bb3:2&Prime;,\u00a0\u00bbimagePositionPrimary\u00a0\u00bb:\u00a0\u00bbtop\u00a0\u00bb,\u00a0\u00bbshowSectionList\u00a0\u00bb:true,\u00a0\u00bbshowHeadlineList\u00a0\u00bb:true,\u00a0\u00bbshowImageList\u00a0\u00bb:false,\u00a0\u00bbshowDescriptionList\u00a0\u00bb:false,\u00a0\u00bbshowDateList\u00a0\u00bb:true,\u00a0\u00bbimageRatioList\u00a0\u00bb:\u00a0\u00bb1:1&Prime;,\u00a0\u00bbimagePositionList\u00a0\u00bb:\u00a0\u00bbtop\u00a0\u00bb,\u00a0\u00bbtitle\u00a0\u00bb:\u00a0\u00bb\u00a0\u00bb,\u00a0\u00bbtitleFontSize\u00a0\u00bb:\u00a0\u00bbS\u00a0\u00bb},\u00a0\u00bbdisplayProperties\u00a0\u00bb:{},\u00a0\u00bblocalEdits\u00a0\u00bb:{},\u00a0\u00bbvariants\u00a0\u00bb:{}}},{\u00ab\u00a0collection\u00a0\u00bb:\u00a0\u00bbfeatures\u00a0\u00bb,\u00a0\u00bbtype\u00a0\u00bb:\u00a0\u00bbcommon\/customCardList\u00a0\u00bb,\u00a0\u00bbprops\u00a0\u00bb:{\u00ab\u00a0collection\u00a0\u00bb:\u00a0\u00bbfeatures\u00a0\u00bb,\u00a0\u00bbtype\u00a0\u00bb:\u00a0\u00bbcommon\/customCardList\u00a0\u00bb,\u00a0\u00bbid\u00a0\u00bb:\u00a0\u00bbf0fHvQGffWcl4Qx\u00a0\u00bb,\u00a0\u00bbcontentConfig\u00a0\u00bb:{\u00ab\u00a0contentService\u00a0\u00bb:\u00a0\u00bb\u00a0\u00bb,\u00a0\u00bbcontentConfigValues\u00a0\u00bb:{},\u00a0\u00bbinherit\u00a0\u00bb:true},\u00a0\u00bbcustomFields\u00a0\u00bb:{\u00ab\u00a0listContentConfig\u00a0\u00bb:{\u00ab\u00a0contentService\u00a0\u00bb:\u00a0\u00bbsite-story-feed-sections\u00a0\u00bb,\u00a0\u00bbcontentConfigValues\u00a0\u00bb:{\u00ab\u00a0includeSections\u00a0\u00bb:\u00a0\u00bb\/societe\u00a0\u00bb,\u00a0\u00bbfeedSize\u00a0\u00bb:1,\u00a0\u00bbfeedOffset\u00a0\u00bb:1}},\u00a0\u00bboverwriteSize\u00a0\u00bb:null,\u00a0\u00bbshowPrimary\u00a0\u00bb:true,\u00a0\u00bbshowOverlinePrimary\u00a0\u00bb:true,\u00a0\u00bbshowHeadlinePrimary\u00a0\u00bb:true,\u00a0\u00bbshowImagePrimary\u00a0\u00bb:false,\u00a0\u00bbshowDescriptionPrimary\u00a0\u00bb:false,\u00a0\u00bbshowBylinePrimary\u00a0\u00bb:false,\u00a0\u00bbshowDatePrimary\u00a0\u00bb:true,\u00a0\u00bbimageRatioPrimary\u00a0\u00bb:\u00a0\u00bb3:2&Prime;,\u00a0\u00bbimagePositionPrimary\u00a0\u00bb:\u00a0\u00bbtop\u00a0\u00bb,\u00a0\u00bbshowSectionList\u00a0\u00bb:true,\u00a0\u00bbshowHeadlineList\u00a0\u00bb:true,\u00a0\u00bbshowImageList\u00a0\u00bb:false,\u00a0\u00bbshowDescriptionList\u00a0\u00bb:false,\u00a0\u00bbshowDateList\u00a0\u00bb:true,\u00a0\u00bbimageRatioList\u00a0\u00bb:\u00a0\u00bb1:1&Prime;,\u00a0\u00bbimagePositionList\u00a0\u00bb:\u00a0\u00bbtop\u00a0\u00bb,\u00a0\u00bbtitle\u00a0\u00bb:\u00a0\u00bb\u00a0\u00bb,\u00a0\u00bbtitleFontSize\u00a0\u00bb:\u00a0\u00bbS\u00a0\u00bb,\u00a0\u00bbpbInternal_cloneId\u00a0\u00bb:\u00a0\u00bbf0fHvQGffWcl4Qx\u00a0\u00bb},\u00a0\u00bbdisplayProperties\u00a0\u00bb:{},\u00a0\u00bblocalEdits\u00a0\u00bb:{},\u00a0\u00bbvariants\u00a0\u00bb:{}}},{\u00ab\u00a0collection\u00a0\u00bb:\u00a0\u00bbfeatures\u00a0\u00bb,\u00a0\u00bbtype\u00a0\u00bb:\u00a0\u00bbcommon\/customCardList\u00a0\u00bb,\u00a0\u00bbprops\u00a0\u00bb:{\u00ab\u00a0collection\u00a0\u00bb:\u00a0\u00bbfeatures\u00a0\u00bb,\u00a0\u00bbtype\u00a0\u00bb:\u00a0\u00bbcommon\/customCardList\u00a0\u00bb,\u00a0\u00bbid\u00a0\u00bb:\u00a0\u00bbf0fpr8FonMWLnY\u00a0\u00bb,\u00a0\u00bbcontentConfig\u00a0\u00bb:{\u00ab\u00a0contentService\u00a0\u00bb:\u00a0\u00bb\u00a0\u00bb,\u00a0\u00bbcontentConfigValues\u00a0\u00bb:{},\u00a0\u00bbinherit\u00a0\u00bb:true},\u00a0\u00bbcustomFields\u00a0\u00bb:{\u00ab\u00a0listContentConfig\u00a0\u00bb:{\u00ab\u00a0contentService\u00a0\u00bb:\u00a0\u00bbsite-story-feed-sections\u00a0\u00bb,\u00a0\u00bbcontentConfigValues\u00a0\u00bb:{\u00ab\u00a0includeSections\u00a0\u00bb:\u00a0\u00bb\/societe\u00a0\u00bb,\u00a0\u00bbfeedSize\u00a0\u00bb:1,\u00a0\u00bbfeedOffset\u00a0\u00bb:2}},\u00a0\u00bboverwriteSize\u00a0\u00bb:null,\u00a0\u00bbshowPrimary\u00a0\u00bb:true,\u00a0\u00bbshowOverlinePrimary\u00a0\u00bb:true,\u00a0\u00bbshowHeadlinePrimary\u00a0\u00bb:true,\u00a0\u00bbshowImagePrimary\u00a0\u00bb:false,\u00a0\u00bbshowDescriptionPrimary\u00a0\u00bb:false,\u00a0\u00bbshowBylinePrimary\u00a0\u00bb:false,\u00a0\u00bbshowDatePrimary\u00a0\u00bb:true,\u00a0\u00bbimageRatioPrimary\u00a0\u00bb:\u00a0\u00bb3:2&Prime;,\u00a0\u00bbimagePositionPrimary\u00a0\u00bb:\u00a0\u00bbtop\u00a0\u00bb,\u00a0\u00bbshowSectionList\u00a0\u00bb:true,\u00a0\u00bbshowHeadlineList\u00a0\u00bb:true,\u00a0\u00bbshowImageList\u00a0\u00bb:false,\u00a0\u00bbshowDescriptionList\u00a0\u00bb:false,\u00a0\u00bbshowDateList\u00a0\u00bb:true,\u00a0\u00bbimageRatioList\u00a0\u00bb:\u00a0\u00bb1:1&Prime;,\u00a0\u00bbimagePositionList\u00a0\u00bb:\u00a0\u00bbtop\u00a0\u00bb,\u00a0\u00bbtitle\u00a0\u00bb:\u00a0\u00bb\u00a0\u00bb,\u00a0\u00bbtitleFontSize\u00a0\u00bb:\u00a0\u00bbS\u00a0\u00bb,\u00a0\u00bbpbInternal_cloneId\u00a0\u00bb:\u00a0\u00bbf0fpr8FonMWLnY\u00a0\u00bb},\u00a0\u00bbdisplayProperties\u00a0\u00bb:{},\u00a0\u00bblocalEdits\u00a0\u00bb:{},\u00a0\u00bbvariants\u00a0\u00bb:{}}},{\u00ab\u00a0collection\u00a0\u00bb:\u00a0\u00bbfeatures\u00a0\u00bb,\u00a0\u00bbtype\u00a0\u00bb:\u00a0\u00bbcommon\/customCardList\u00a0\u00bb,\u00a0\u00bbprops\u00a0\u00bb:{\u00ab\u00a0collection\u00a0\u00bb:\u00a0\u00bbfeatures\u00a0\u00bb,\u00a0\u00bbtype\u00a0\u00bb:\u00a0\u00bbcommon\/customCardList\u00a0\u00bb,\u00a0\u00bbid\u00a0\u00bb:\u00a0\u00bbf0fPLmWaR5cs2DD\u00a0\u00bb,\u00a0\u00bbcontentConfig\u00a0\u00bb:{\u00ab\u00a0contentService\u00a0\u00bb:\u00a0\u00bb\u00a0\u00bb,\u00a0\u00bbcontentConfigValues\u00a0\u00bb:{},\u00a0\u00bbinherit\u00a0\u00bb:true},\u00a0\u00bbcustomFields\u00a0\u00bb:{\u00ab\u00a0listContentConfig\u00a0\u00bb:{\u00ab\u00a0contentService\u00a0\u00bb:\u00a0\u00bbsite-story-feed-sections\u00a0\u00bb,\u00a0\u00bbcontentConfigValues\u00a0\u00bb:{\u00ab\u00a0includeSections\u00a0\u00bb:\u00a0\u00bb\/societe\u00a0\u00bb,\u00a0\u00bbfeedSize\u00a0\u00bb:1,\u00a0\u00bbfeedOffset\u00a0\u00bb:3}},\u00a0\u00bboverwriteSize\u00a0\u00bb:null,\u00a0\u00bbshowPrimary\u00a0\u00bb:true,\u00a0\u00bbshowOverlinePrimary\u00a0\u00bb:true,\u00a0\u00bbshowHeadlinePrimary\u00a0\u00bb:true,\u00a0\u00bbshowImagePrimary\u00a0\u00bb:false,\u00a0\u00bbshowDescriptionPrimary\u00a0\u00bb:false,\u00a0\u00bbshowBylinePrimary\u00a0\u00bb:false,\u00a0\u00bbshowDatePrimary\u00a0\u00bb:true,\u00a0\u00bbimageRatioPrimary\u00a0\u00bb:\u00a0\u00bb3:2&Prime;,\u00a0\u00bbimagePositionPrimary\u00a0\u00bb:\u00a0\u00bbtop\u00a0\u00bb,\u00a0\u00bbshowSectionList\u00a0\u00bb:true,\u00a0\u00bbshowHeadlineList\u00a0\u00bb:true,\u00a0\u00bbshowImageList\u00a0\u00bb:false,\u00a0\u00bbshowDescriptionList\u00a0\u00bb:false,\u00a0\u00bbshowDateList\u00a0\u00bb:true,\u00a0\u00bbimageRatioList\u00a0\u00bb:\u00a0\u00bb1:1&Prime;,\u00a0\u00bbimagePositionList\u00a0\u00bb:\u00a0\u00bbtop\u00a0\u00bb,\u00a0\u00bbtitle\u00a0\u00bb:\u00a0\u00bb\u00a0\u00bb,\u00a0\u00bbtitleFontSize\u00a0\u00bb:\u00a0\u00bbS\u00a0\u00bb,\u00a0\u00bbpbInternal_cloneId\u00a0\u00bb:\u00a0\u00bbf0fPLmWaR5cs2DD\u00a0\u00bb},\u00a0\u00bbdisplayProperties\u00a0\u00bb:{},\u00a0\u00bblocalEdits\u00a0\u00bb:{},\u00a0\u00bbvariants\u00a0\u00bb:{}}}]}]},{\u00ab\u00a0collection\u00a0\u00bb:\u00a0\u00bbsections\u00a0\u00bb,\u00a0\u00bbprops\u00a0\u00bb:{\u00ab\u00a0collection\u00a0\u00bb:\u00a0\u00bbsections\u00a0\u00bb,\u00a0\u00bbid\u00a0\u00bb:3},\u00a0\u00bbchildren\u00a0\u00bb:[{\u00ab\u00a0collection\u00a0\u00bb:\u00a0\u00bbfeatures\u00a0\u00bb,\u00a0\u00bbtype\u00a0\u00bb:\u00a0\u00bbcommon\/CustomCardTitle\u00a0\u00bb,\u00a0\u00bbprops\u00a0\u00bb:{\u00ab\u00a0collection\u00a0\u00bb:\u00a0\u00bbfeatures\u00a0\u00bb,\u00a0\u00bbtype\u00a0\u00bb:\u00a0\u00bbcommon\/CustomCardTitle\u00a0\u00bb,\u00a0\u00bbid\u00a0\u00bb:\u00a0\u00bbf0fK6dKiYqoY28g\u00a0\u00bb,\u00a0\u00bbcontentConfig\u00a0\u00bb:{\u00ab\u00a0contentService\u00a0\u00bb:\u00a0\u00bb\u00a0\u00bb,\u00a0\u00bbcontentConfigValues\u00a0\u00bb:{},\u00a0\u00bbinherit\u00a0\u00bb:true},\u00a0\u00bbcustomFields\u00a0\u00bb:{\u00ab\u00a0title\u00a0\u00bb:\u00a0\u00bbNos newsletters\u00a0\u00bb,\u00a0\u00bblink\u00a0\u00bb:\u00a0\u00bbhttps:\/\/www.liberation.fr\/newsletters\/\u00a0\u00bb,\u00a0\u00bbpbInternal_cloneId\u00a0\u00bb:\u00a0\u00bbf0fK6dKiYqoY28g\u00a0\u00bb},\u00a0\u00bbdisplayProperties\u00a0\u00bb:{},\u00a0\u00bblocalEdits\u00a0\u00bb:{},\u00a0\u00bbvariants\u00a0\u00bb:{}}},{\u00ab\u00a0collection\u00a0\u00bb:\u00a0\u00bbfeatures\u00a0\u00bb,\u00a0\u00bbtype\u00a0\u00bb:\u00a0\u00bbSlideBarItem\/default\u00a0\u00bb,\u00a0\u00bbprops\u00a0\u00bb:{\u00ab\u00a0collection\u00a0\u00bb:\u00a0\u00bbfeatures\u00a0\u00bb,\u00a0\u00bbtype\u00a0\u00bb:\u00a0\u00bbSlideBarItem\/default\u00a0\u00bb,\u00a0\u00bbid\u00a0\u00bb:\u00a0\u00bbf0fDapvk7YMv3Lm\u00a0\u00bb,\u00a0\u00bbcontentConfig\u00a0\u00bb:{\u00ab\u00a0contentService\u00a0\u00bb:\u00a0\u00bb\u00a0\u00bb,\u00a0\u00bbcontentConfigValues\u00a0\u00bb:{},\u00a0\u00bbinherit\u00a0\u00bb:true},\u00a0\u00bbcustomFields\u00a0\u00bb:{\u00ab\u00a0surtitle\u00a0\u00bb:\u00a0\u00bbAlerte Lib\u00e9\u00a0\u00bb,\u00a0\u00bbtitle\u00a0\u00bb:\u00a0\u00bbLes alertes, infos et enqu\u00eates Lib\u00e9 \u00e0 ne pas manquer\u00a0\u00bb,\u00a0\u00bbimageSrc\u00a0\u00bb:\u00a0\u00bbhttps:\/\/www.liberation.fr\/resizer\/v2\/W6N6IKOH7BBO7DNAV6Z55CC47Q.png?auth=3f8d5faa5deb6f875c08fc1fdc2a3dd0ec4008b507a3283a83222fad5eec39df\u00a0\u00bb,\u00a0\u00bbarticleLink\u00a0\u00bb:\u00a0\u00bbhttps:\/\/offre.liberation.fr\/les-alertes-libe\u00a0\u00bb},\u00a0\u00bbdisplayProperties\u00a0\u00bb:{},\u00a0\u00bblocalEdits\u00a0\u00bb:{},\u00a0\u00bbvariants\u00a0\u00bb:{}}},{\u00ab\u00a0collection\u00a0\u00bb:\u00a0\u00bbfeatures\u00a0\u00bb,\u00a0\u00bbtype\u00a0\u00bb:\u00a0\u00bbSlideBarItem\/default\u00a0\u00bb,\u00a0\u00bbprops\u00a0\u00bb:{\u00ab\u00a0collection\u00a0\u00bb:\u00a0\u00bbfeatures\u00a0\u00bb,\u00a0\u00bbtype\u00a0\u00bb:\u00a0\u00bbSlideBarItem\/default\u00a0\u00bb,\u00a0\u00bbid\u00a0\u00bb:\u00a0\u00bbf0fBjjoN94bd4Su\u00a0\u00bb,\u00a0\u00bbcontentConfig\u00a0\u00bb:{\u00ab\u00a0contentService\u00a0\u00bb:\u00a0\u00bb\u00a0\u00bb,\u00a0\u00bbcontentConfigValues\u00a0\u00bb:{},\u00a0\u00bbinherit\u00a0\u00bb:true},\u00a0\u00bbcustomFields\u00a0\u00bb:{\u00ab\u00a0surtitle\u00a0\u00bb:\u00a0\u00bbLib\u00e9 Matin\u00a0\u00bb,\u00a0\u00bbtitle\u00a0\u00bb:\u00a0\u00bbLe brief matinal id\u00e9al pour bien commencer la journ\u00e9e\u00a0\u00bb,\u00a0\u00bbimageSrc\u00a0\u00bb:\u00a0\u00bbhttps:\/\/www.liberation.fr\/resizer\/v2\/345MSOLPRJGOPKF5IHFHGEJWTU.png?auth=5a6082bc2e76ac381fe898873139d4eb7974707df7c5278d27ecf3200c9d21ca\u00a0\u00bb,\u00a0\u00bbarticleLink\u00a0\u00bb:\u00a0\u00bbhttps:\/\/offre.liberation.fr\/les-alertes-libe\u00a0\u00bb,\u00a0\u00bbpbInternal_cloneId\u00a0\u00bb:\u00a0\u00bbf0fBjjoN94bd4Su\u00a0\u00bb},\u00a0\u00bbdisplayProperties\u00a0\u00bb:{},\u00a0\u00bblocalEdits\u00a0\u00bb:{},\u00a0\u00bbvariants\u00a0\u00bb:{}}},{\u00ab\u00a0collection\u00a0\u00bb:\u00a0\u00bbfeatures\u00a0\u00bb,\u00a0\u00bbtype\u00a0\u00bb:\u00a0\u00bbSlideBarItem\/default\u00a0\u00bb,\u00a0\u00bbprops\u00a0\u00bb:{\u00ab\u00a0collection\u00a0\u00bb:\u00a0\u00bbfeatures\u00a0\u00bb,\u00a0\u00bbtype\u00a0\u00bb:\u00a0\u00bbSlideBarItem\/default\u00a0\u00bb,\u00a0\u00bbid\u00a0\u00bb:\u00a0\u00bbf0f5QHgR1HBt1qL\u00a0\u00bb,\u00a0\u00bbcontentConfig\u00a0\u00bb:{\u00ab\u00a0contentService\u00a0\u00bb:\u00a0\u00bb\u00a0\u00bb,\u00a0\u00bbcontentConfigValues\u00a0\u00bb:{},\u00a0\u00bbinherit\u00a0\u00bb:true},\u00a0\u00bbcustomFields\u00a0\u00bb:{\u00ab\u00a0surtitle\u00a0\u00bb:\u00a0\u00bbOpinions\u00a0\u00bb,\u00a0\u00bbtitle\u00a0\u00bb:\u00a0\u00bbLes billets, \u00e9ditos, tribunes ou chroniques qui font d\u00e9bat\u00a0\u00bb,\u00a0\u00bbimageSrc\u00a0\u00bb:\u00a0\u00bbhttps:\/\/www.liberation.fr\/resizer\/v2\/M7A3F5AS4NFYNAZ3MYKHJRM5RM.png?auth=fe40ba50bc314996abc0ae1adf4975c437133a0bb58adf9bd182bdafc84d1089&Prime;,\u00a0\u00bbarticleLink\u00a0\u00bb:\u00a0\u00bbhttps:\/\/offre.liberation.fr\/chroniqueurs-de-libe\u00a0\u00bb,\u00a0\u00bbpbInternal_cloneId\u00a0\u00bb:\u00a0\u00bbf0f5QHgR1HBt1qL\u00a0\u00bb},\u00a0\u00bbdisplayProperties\u00a0\u00bb:{},\u00a0\u00bblocalEdits\u00a0\u00bb:{},\u00a0\u00bbvariants\u00a0\u00bb:{}}},{\u00ab\u00a0collection\u00a0\u00bb:\u00a0\u00bbfeatures\u00a0\u00bb,\u00a0\u00bbtype\u00a0\u00bb:\u00a0\u00bbSlideBarItem\/default\u00a0\u00bb,\u00a0\u00bbprops\u00a0\u00bb:{\u00ab\u00a0collection\u00a0\u00bb:\u00a0\u00bbfeatures\u00a0\u00bb,\u00a0\u00bbtype\u00a0\u00bb:\u00a0\u00bbSlideBarItem\/default\u00a0\u00bb,\u00a0\u00bbid\u00a0\u00bb:\u00a0\u00bbf0fxinaqBo4M3GR\u00a0\u00bb,\u00a0\u00bbcontentConfig\u00a0\u00bb:{\u00ab\u00a0contentService\u00a0\u00bb:\u00a0\u00bb\u00a0\u00bb,\u00a0\u00bbcontentConfigValues\u00a0\u00bb:{},\u00a0\u00bbinherit\u00a0\u00bb:true},\u00a0\u00bbcustomFields\u00a0\u00bb:{\u00ab\u00a0surtitle\u00a0\u00bb:\u00a0\u00bbToutes nos newsletters\u00a0\u00bb,\u00a0\u00bbtitle\u00a0\u00bb:\u00a0\u00bbActualit\u00e9, politique, lifestyle&#8230; d\u00e9couvrez toutes nos newsletters\u00a0\u00bb,\u00a0\u00bbimageSrc\u00a0\u00bb:\u00a0\u00bbhttps:\/\/www.liberation.fr\/resizer\/v2\/JZ7JLWLRV5AUXEJWKXWIWJPIIM.png?auth=5b998f94c32627882a883dbba36d4ab1bd24871333a764d01e9b769678a5beea\u00a0\u00bb,\u00a0\u00bbarticleLink\u00a0\u00bb:\u00a0\u00bbhttps:\/\/www.liberation.fr\/newsletters\/\u00a0\u00bb,\u00a0\u00bbpbInternal_cloneId\u00a0\u00bb:\u00a0\u00bbf0fxinaqBo4M3GR\u00a0\u00bb},\u00a0\u00bbdisplayProperties\u00a0\u00bb:{},\u00a0\u00bblocalEdits\u00a0\u00bb:{},\u00a0\u00bbvariants\u00a0\u00bb:{}}},{\u00ab\u00a0collection\u00a0\u00bb:\u00a0\u00bbfeatures\u00a0\u00bb,\u00a0\u00bbtype\u00a0\u00bb:\u00a0\u00bb@wpmedia\/htmlbox-block\/htmlbox\u00a0\u00bb,\u00a0\u00bbprops\u00a0\u00bb:{\u00ab\u00a0collection\u00a0\u00bb:\u00a0\u00bbfeatures\u00a0\u00bb,\u00a0\u00bbtype\u00a0\u00bb:\u00a0\u00bb@wpmedia\/htmlbox-block\/htmlbox\u00a0\u00bb,\u00a0\u00bbid\u00a0\u00bb:\u00a0\u00bbf0fPDLS7SzFB6XU\u00a0\u00bb,\u00a0\u00bbcontentConfig\u00a0\u00bb:{\u00ab\u00a0contentService\u00a0\u00bb:\u00a0\u00bb\u00a0\u00bb,\u00a0\u00bbcontentConfigValues\u00a0\u00bb:{},\u00a0\u00bbinherit\u00a0\u00bb:true},\u00a0\u00bbcustomFields\u00a0\u00bb:{\u00ab\u00a0HTML\u00a0\u00bb:\u00a0\u00bb\u00a0\u00bb},\u00a0\u00bbdisplayProperties\u00a0\u00bb:{},\u00a0\u00bblocalEdits\u00a0\u00bb:{},\u00a0\u00bbvariants\u00a0\u00bb:{}}},{\u00ab\u00a0collection\u00a0\u00bb:\u00a0\u00bbfeatures\u00a0\u00bb,\u00a0\u00bbtype\u00a0\u00bb:\u00a0\u00bbBanner\/default\u00a0\u00bb,\u00a0\u00bbprops\u00a0\u00bb:{\u00ab\u00a0collection\u00a0\u00bb:\u00a0\u00bbfeatures\u00a0\u00bb,\u00a0\u00bbtype\u00a0\u00bb:\u00a0\u00bbBanner\/default\u00a0\u00bb,\u00a0\u00bbid\u00a0\u00bb:\u00a0\u00bbf0fiPfvxLiBy1jS\u00a0\u00bb,\u00a0\u00bbcontentConfig\u00a0\u00bb:{\u00ab\u00a0contentService\u00a0\u00bb:\u00a0\u00bb\u00a0\u00bb,\u00a0\u00bbcontentConfigValues\u00a0\u00bb:{},\u00a0\u00bbinherit\u00a0\u00bb:true},\u00a0\u00bbcustomFields\u00a0\u00bb:{\u00ab\u00a0desktopImageSrc\u00a0\u00bb:\u00a0\u00bbhttps:\/\/www.liberation.fr\/resizer\/v2\/YVHT36KFUJAKPMHW36OTG7NI7I.png?auth=615edd21ab6d5152cc1e790041e3ef19546bcd179a9ec18329d52e87cd20681a\u00a0\u00bb,\u00a0\u00bbmobileImageSrc\u00a0\u00bb:\u00a0\u00bbhttps:\/\/www.liberation.fr\/resizer\/v2\/YVHT36KFUJAKPMHW36OTG7NI7I.png?auth=615edd21ab6d5152cc1e790041e3ef19546bcd179a9ec18329d52e87cd20681a\u00a0\u00bb,\u00a0\u00bbaltImage\u00a0\u00bb:\u00a0\u00bbLes \u00e9v\u00e9nements Lib\u00e9\u00a0\u00bb,\u00a0\u00bburlImage\u00a0\u00bb:\u00a0\u00bbhttps:\/\/offre.liberation.fr\/evenements\/\u00a0\u00bb},\u00a0\u00bbdisplayProperties\u00a0\u00bb:{},\u00a0\u00bblocalEdits\u00a0\u00bb:{},\u00a0\u00bbvariants\u00a0\u00bb:{}}},{\u00ab\u00a0collection\u00a0\u00bb:\u00a0\u00bbfeatures\u00a0\u00bb,\u00a0\u00bbtype\u00a0\u00bb:\u00a0\u00bb@wpmedia\/htmlbox-block\/htmlbox\u00a0\u00bb,\u00a0\u00bbprops\u00a0\u00bb:{\u00ab\u00a0collection\u00a0\u00bb:\u00a0\u00bbfeatures\u00a0\u00bb,\u00a0\u00bbtype\u00a0\u00bb:\u00a0\u00bb@wpmedia\/htmlbox-block\/htmlbox\u00a0\u00bb,\u00a0\u00bbid\u00a0\u00bb:\u00a0\u00bbf0fNrHDXQ4sy18E\u00a0\u00bb,\u00a0\u00bbcontentConfig\u00a0\u00bb:{\u00ab\u00a0contentService\u00a0\u00bb:\u00a0\u00bb\u00a0\u00bb,\u00a0\u00bbcontentConfigValues\u00a0\u00bb:{},\u00a0\u00bbinherit\u00a0\u00bb:true},\u00a0\u00bbcustomFields\u00a0\u00bb:{\u00ab\u00a0HTML\u00a0\u00bb:\u00a0\u00bb\u00a0\u00bb,\u00a0\u00bbpbInternal_cloneId\u00a0\u00bb:\u00a0\u00bbf0fNrHDXQ4sy18E\u00a0\u00bb},\u00a0\u00bbdisplayProperties\u00a0\u00bb:{},\u00a0\u00bblocalEdits\u00a0\u00bb:{},\u00a0\u00bbvariants\u00a0\u00bb:{}}},{\u00ab\u00a0collection\u00a0\u00bb:\u00a0\u00bbfeatures\u00a0\u00bb,\u00a0\u00bbtype\u00a0\u00bb:\u00a0\u00bbcommon\/adPrisma\u00a0\u00bb,\u00a0\u00bbprops\u00a0\u00bb:{\u00ab\u00a0collection\u00a0\u00bb:\u00a0\u00bbfeatures\u00a0\u00bb,\u00a0\u00bbtype\u00a0\u00bb:\u00a0\u00bbcommon\/adPrisma\u00a0\u00bb,\u00a0\u00bbid\u00a0\u00bb:\u00a0\u00bbf0f5l9oC2rQzJL\u00a0\u00bb,\u00a0\u00bbcontentConfig\u00a0\u00bb:{\u00ab\u00a0contentService\u00a0\u00bb:\u00a0\u00bb\u00a0\u00bb,\u00a0\u00bbcontentConfigValues\u00a0\u00bb:{},\u00a0\u00bbinherit\u00a0\u00bb:true},\u00a0\u00bbcustomFields\u00a0\u00bb:{\u00ab\u00a0displayOnDesktop\u00a0\u00bb:true,\u00a0\u00bbdisplayOnTablet\u00a0\u00bb:false,\u00a0\u00bbdisplayOnMobile\u00a0\u00bb:false,\u00a0\u00bbadType\u00a0\u00bb:\u00a0\u00bbPave-Haut\u00a0\u00bb,\u00a0\u00bbadWidth\u00a0\u00bb:\u00a0\u00bb450&Prime;,\u00a0\u00bbadHeight\u00a0\u00bb:\u00a0\u00bb1200&Prime;,\u00a0\u00bblayoutOnDesktop\u00a0\u00bb:\u00a0\u00bbVertical\u00a0\u00bb,\u00a0\u00bbhasStickyPlaceholder\u00a0\u00bb:false,\u00a0\u00bbhasStickyAd\u00a0\u00bb:true,\u00a0\u00bbhasMarginTop\u00a0\u00bb:true,\u00a0\u00bbhasMarginBottom\u00a0\u00bb:true},\u00a0\u00bbdisplayProperties\u00a0\u00bb:{},\u00a0\u00bblocalEdits\u00a0\u00bb:{},\u00a0\u00bbvariants\u00a0\u00bb:{}}},{\u00ab\u00a0collection\u00a0\u00bb:\u00a0\u00bbfeatures\u00a0\u00bb,\u00a0\u00bbtype\u00a0\u00bb:\u00a0\u00bbcommon\/CustomCardTitle\u00a0\u00bb,\u00a0\u00bbprops\u00a0\u00bb:{\u00ab\u00a0collection\u00a0\u00bb:\u00a0\u00bbfeatures\u00a0\u00bb,\u00a0\u00bbtype\u00a0\u00bb:\u00a0\u00bbcommon\/CustomCardTitle\u00a0\u00bb,\u00a0\u00bbid\u00a0\u00bb:\u00a0\u00bbf0ftIbHRR6s62oy\u00a0\u00bb,\u00a0\u00bbcontentConfig\u00a0\u00bb:{\u00ab\u00a0contentService\u00a0\u00bb:\u00a0\u00bb\u00a0\u00bb,\u00a0\u00bbcontentConfigValues\u00a0\u00bb:{},\u00a0\u00bbinherit\u00a0\u00bb:true},\u00a0\u00bbcustomFields\u00a0\u00bb:{\u00ab\u00a0title\u00a0\u00bb:\u00a0\u00bbLes plus lus\u00a0\u00bb,\u00a0\u00bblink\u00a0\u00bb:\u00a0\u00bb\u00a0\u00bb},\u00a0\u00bbdisplayProperties\u00a0\u00bb:{},\u00a0\u00bblocalEdits\u00a0\u00bb:{},\u00a0\u00bbvariants\u00a0\u00bb:{}}},{\u00ab\u00a0collection\u00a0\u00bb:\u00a0\u00bbfeatures\u00a0\u00bb,\u00a0\u00bbtype\u00a0\u00bb:\u00a0\u00bbMostReadArticle\/default\u00a0\u00bb,\u00a0\u00bbprops\u00a0\u00bb:{\u00ab\u00a0collection\u00a0\u00bb:\u00a0\u00bbfeatures\u00a0\u00bb,\u00a0\u00bbtype\u00a0\u00bb:\u00a0\u00bbMostReadArticle\/default\u00a0\u00bb,\u00a0\u00bbid\u00a0\u00bb:\u00a0\u00bbf0fp5Hb0pxWL2bS\u00a0\u00bb,\u00a0\u00bbcontentConfig\u00a0\u00bb:{\u00ab\u00a0contentService\u00a0\u00bb:\u00a0\u00bb\u00a0\u00bb,\u00a0\u00bbcontentConfigValues\u00a0\u00bb:{},\u00a0\u00bbinherit\u00a0\u00bb:true},\u00a0\u00bbcustomFields\u00a0\u00bb:{\u00ab\u00a0maxDisplaySize\u00a0\u00bb:4,\u00a0\u00bbvariant\u00a0\u00bb:\u00a0\u00bbmain\u00a0\u00bb},\u00a0\u00bbdisplayProperties\u00a0\u00bb:{},\u00a0\u00bblocalEdits\u00a0\u00bb:{},\u00a0\u00bbvariants\u00a0\u00bb:{}}},{\u00ab\u00a0collection\u00a0\u00bb:\u00a0\u00bbfeatures\u00a0\u00bb,\u00a0\u00bbtype\u00a0\u00bb:\u00a0\u00bb@wpmedia\/htmlbox-block\/htmlbox\u00a0\u00bb,\u00a0\u00bbprops\u00a0\u00bb:{\u00ab\u00a0collection\u00a0\u00bb:\u00a0\u00bbfeatures\u00a0\u00bb,\u00a0\u00bbtype\u00a0\u00bb:\u00a0\u00bb@wpmedia\/htmlbox-block\/htmlbox\u00a0\u00bb,\u00a0\u00bbid\u00a0\u00bb:\u00a0\u00bbf0fraWVHYlAg6Ub\u00a0\u00bb,\u00a0\u00bbcontentConfig\u00a0\u00bb:{\u00ab\u00a0contentService\u00a0\u00bb:\u00a0\u00bb\u00a0\u00bb,\u00a0\u00bbcontentConfigValues\u00a0\u00bb:{},\u00a0\u00bbinherit\u00a0\u00bb:true},\u00a0\u00bbcustomFields\u00a0\u00bb:{\u00ab\u00a0HTML\u00a0\u00bb:\u00a0\u00bb\u00a0\u00bb,\u00a0\u00bbpbInternal_clipboardId\u00a0\u00bb:\u00a0\u00bbf0fraWVHYlAg6Ub\u00a0\u00bb},\u00a0\u00bbdisplayProperties\u00a0\u00bb:{},\u00a0\u00bblocalEdits\u00a0\u00bb:{},\u00a0\u00bbvariants\u00a0\u00bb:{}}},{\u00ab\u00a0collection\u00a0\u00bb:\u00a0\u00bbfeatures\u00a0\u00bb,\u00a0\u00bbtype\u00a0\u00bb:\u00a0\u00bbcommon\/checkNewsCTA\u00a0\u00bb,\u00a0\u00bbprops\u00a0\u00bb:{\u00ab\u00a0collection\u00a0\u00bb:\u00a0\u00bbfeatures\u00a0\u00bb,\u00a0\u00bbtype\u00a0\u00bb:\u00a0\u00bbcommon\/checkNewsCTA\u00a0\u00bb,\u00a0\u00bbid\u00a0\u00bb:\u00a0\u00bbf0fXbvxCzSyU4j\u00a0\u00bb,\u00a0\u00bbcontentConfig\u00a0\u00bb:{\u00ab\u00a0contentService\u00a0\u00bb:\u00a0\u00bb\u00a0\u00bb,\u00a0\u00bbcontentConfigValues\u00a0\u00bb:{},\u00a0\u00bbinherit\u00a0\u00bb:true},\u00a0\u00bbcustomFields\u00a0\u00bb:{},\u00a0\u00bbdisplayProperties\u00a0\u00bb:{},\u00a0\u00bblocalEdits\u00a0\u00bb:{},\u00a0\u00bbvariants\u00a0\u00bb:{}}},{\u00ab\u00a0collection\u00a0\u00bb:\u00a0\u00bbfeatures\u00a0\u00bb,\u00a0\u00bbtype\u00a0\u00bb:\u00a0\u00bb@wpmedia\/htmlbox-block\/htmlbox\u00a0\u00bb,\u00a0\u00bbprops\u00a0\u00bb:{\u00ab\u00a0collection\u00a0\u00bb:\u00a0\u00bbfeatures\u00a0\u00bb,\u00a0\u00bbtype\u00a0\u00bb:\u00a0\u00bb@wpmedia\/htmlbox-block\/htmlbox\u00a0\u00bb,\u00a0\u00bbid\u00a0\u00bb:\u00a0\u00bbf0fDGhnupDiX13B\u00a0\u00bb,\u00a0\u00bbcontentConfig\u00a0\u00bb:{\u00ab\u00a0contentService\u00a0\u00bb:\u00a0\u00bb\u00a0\u00bb,\u00a0\u00bbcontentConfigValues\u00a0\u00bb:{},\u00a0\u00bbinherit\u00a0\u00bb:true},\u00a0\u00bbcustomFields\u00a0\u00bb:{\u00ab\u00a0HTML\u00a0\u00bb:\u00a0\u00bb\\n\u00a0\u00bb,\u00a0\u00bbpbInternal_clipboardId\u00a0\u00bb:\u00a0\u00bbf0fraWVHYlAg6Ub\u00a0\u00bb,\u00a0\u00bbpbInternal_cloneId\u00a0\u00bb:\u00a0\u00bbf0fDGhnupDiX13B\u00a0\u00bb},\u00a0\u00bbdisplayProperties\u00a0\u00bb:{},\u00a0\u00bblocalEdits\u00a0\u00bb:{},\u00a0\u00bbvariants\u00a0\u00bb:{}}},{\u00ab\u00a0collection\u00a0\u00bb:\u00a0\u00bbfeatures\u00a0\u00bb,\u00a0\u00bbtype\u00a0\u00bb:\u00a0\u00bbcommon\/adPrisma\u00a0\u00bb,\u00a0\u00bbprops\u00a0\u00bb:{\u00ab\u00a0collection\u00a0\u00bb:\u00a0\u00bbfeatures\u00a0\u00bb,\u00a0\u00bbtype\u00a0\u00bb:\u00a0\u00bbcommon\/adPrisma\u00a0\u00bb,\u00a0\u00bbid\u00a0\u00bb:\u00a0\u00bbf0flwLGJ3Blg17A\u00a0\u00bb,\u00a0\u00bbcontentConfig\u00a0\u00bb:{\u00ab\u00a0contentService\u00a0\u00bb:\u00a0\u00bb\u00a0\u00bb,\u00a0\u00bbcontentConfigValues\u00a0\u00bb:{},\u00a0\u00bbinherit\u00a0\u00bb:true},\u00a0\u00bbcustomFields\u00a0\u00bb:{\u00ab\u00a0displayOnDesktop\u00a0\u00bb:true,\u00a0\u00bbdisplayOnTablet\u00a0\u00bb:false,\u00a0\u00bbdisplayOnMobile\u00a0\u00bb:false,\u00a0\u00bbadType\u00a0\u00bb:\u00a0\u00bbPave-Bas\u00a0\u00bb,\u00a0\u00bbpbInternal_cloneId\u00a0\u00bb:\u00a0\u00bbf0flwLGJ3Blg17A\u00a0\u00bb,\u00a0\u00bbadWidth\u00a0\u00bb:\u00a0\u00bb450&Prime;,\u00a0\u00bbadHeight\u00a0\u00bb:\u00a0\u00bb800&Prime;,\u00a0\u00bblayoutOnDesktop\u00a0\u00bb:\u00a0\u00bbVertical\u00a0\u00bb,\u00a0\u00bbhasStickyPlaceholder\u00a0\u00bb:false,\u00a0\u00bbhasStickyAd\u00a0\u00bb:true,\u00a0\u00bbhasMarginTop\u00a0\u00bb:true,\u00a0\u00bbhasMarginBottom\u00a0\u00bb:true},\u00a0\u00bbdisplayProperties\u00a0\u00bb:{},\u00a0\u00bblocalEdits\u00a0\u00bb:{},\u00a0\u00bbvariants\u00a0\u00bb:{}}},{\u00ab\u00a0collection\u00a0\u00bb:\u00a0\u00bbfeatures\u00a0\u00bb,\u00a0\u00bbtype\u00a0\u00bb:\u00a0\u00bbarticle\/outbrain\u00a0\u00bb,\u00a0\u00bbprops\u00a0\u00bb:{\u00ab\u00a0collection\u00a0\u00bb:\u00a0\u00bbfeatures\u00a0\u00bb,\u00a0\u00bbtype\u00a0\u00bb:\u00a0\u00bbarticle\/outbrain\u00a0\u00bb,\u00a0\u00bbid\u00a0\u00bb:\u00a0\u00bbf0fdVod2L1Dfjh\u00a0\u00bb,\u00a0\u00bbcontentConfig\u00a0\u00bb:{\u00ab\u00a0contentService\u00a0\u00bb:\u00a0\u00bb\u00a0\u00bb,\u00a0\u00bbcontentConfigValues\u00a0\u00bb:{},\u00a0\u00bbinherit\u00a0\u00bb:true},\u00a0\u00bbcustomFields\u00a0\u00bb:{\u00ab\u00a0widgetId\u00a0\u00bb:\u00a0\u00bbrightRail\u00a0\u00bb},\u00a0\u00bbdisplayProperties\u00a0\u00bb:{},\u00a0\u00bblocalEdits\u00a0\u00bb:{},\u00a0\u00bbvariants\u00a0\u00bb:{}}},{\u00ab\u00a0collection\u00a0\u00bb:\u00a0\u00bbfeatures\u00a0\u00bb,\u00a0\u00bbtype\u00a0\u00bb:\u00a0\u00bbcommon\/adPrisma\u00a0\u00bb,\u00a0\u00bbprops\u00a0\u00bb:{\u00ab\u00a0collection\u00a0\u00bb:\u00a0\u00bbfeatures\u00a0\u00bb,\u00a0\u00bbtype\u00a0\u00bb:\u00a0\u00bbcommon\/adPrisma\u00a0\u00bb,\u00a0\u00bbid\u00a0\u00bb:\u00a0\u00bbf0f2x0gOsgSE8F9&Prime;,\u00a0\u00bbcontentConfig\u00a0\u00bb:{\u00ab\u00a0contentService\u00a0\u00bb:\u00a0\u00bb\u00a0\u00bb,\u00a0\u00bbcontentConfigValues\u00a0\u00bb:{},\u00a0\u00bbinherit\u00a0\u00bb:true},\u00a0\u00bbcustomFields\u00a0\u00bb:{\u00ab\u00a0displayOnDesktop\u00a0\u00bb:true,\u00a0\u00bblayoutOnDesktop\u00a0\u00bb:\u00a0\u00bbVertical\u00a0\u00bb,\u00a0\u00bbdisplayOnTablet\u00a0\u00bb:true,\u00a0\u00bblayoutOnTablet\u00a0\u00bb:\u00a0\u00bbVertical\u00a0\u00bb,\u00a0\u00bbdisplayOnMobile\u00a0\u00bb:false,\u00a0\u00bblayoutOnMobile\u00a0\u00bb:\u00a0\u00bbHorizontal\u00a0\u00bb,\u00a0\u00bbhasStickyPlaceholder\u00a0\u00bb:true,\u00a0\u00bbhasStickyAd\u00a0\u00bb:true,\u00a0\u00bbadType\u00a0\u00bb:\u00a0\u00bbPave-Bas2&Prime;,\u00a0\u00bbadWidth\u00a0\u00bb:\u00a0\u00bb450&Prime;,\u00a0\u00bbadHeight\u00a0\u00bb:\u00a0\u00bb800&Prime;,\u00a0\u00bbhasMarginTop\u00a0\u00bb:true,\u00a0\u00bbhasMarginBottom\u00a0\u00bb:true},\u00a0\u00bbdisplayProperties\u00a0\u00bb:{},\u00a0\u00bblocalEdits\u00a0\u00bb:{},\u00a0\u00bbvariants\u00a0\u00bb:{}}},{\u00ab\u00a0collection\u00a0\u00bb:\u00a0\u00bbfeatures\u00a0\u00bb,\u00a0\u00bbtype\u00a0\u00bb:\u00a0\u00bb@wpmedia\/htmlbox-block\/htmlbox\u00a0\u00bb,\u00a0\u00bbprops\u00a0\u00bb:{\u00ab\u00a0collection\u00a0\u00bb:\u00a0\u00bbfeatures\u00a0\u00bb,\u00a0\u00bbtype\u00a0\u00bb:\u00a0\u00bb@wpmedia\/htmlbox-block\/htmlbox\u00a0\u00bb,\u00a0\u00bbid\u00a0\u00bb:\u00a0\u00bbf0fTmfarDLDf6Jq\u00a0\u00bb,\u00a0\u00bbcontentConfig\u00a0\u00bb:{\u00ab\u00a0contentService\u00a0\u00bb:\u00a0\u00bb\u00a0\u00bb,\u00a0\u00bbcontentConfigValues\u00a0\u00bb:{},\u00a0\u00bbinherit\u00a0\u00bb:true},\u00a0\u00bbcustomFields\u00a0\u00bb:{\u00ab\u00a0HTML\u00a0\u00bb:\u00a0\u00bb\u00a0\u00bb,\u00a0\u00bbpbInternal_cloneId\u00a0\u00bb:\u00a0\u00bbf0fOEJ4pewL24Gt\u00a0\u00bb,\u00a0\u00bbpbInternal_clipboardId\u00a0\u00bb:\u00a0\u00bbf0fTmfarDLDf6Jq\u00a0\u00bb},\u00a0\u00bbdisplayProperties\u00a0\u00bb:{},\u00a0\u00bblocalEdits\u00a0\u00bb:{},\u00a0\u00bbvariants\u00a0\u00bb:{}}}]},{\u00ab\u00a0collection\u00a0\u00bb:\u00a0\u00bbsections\u00a0\u00bb,\u00a0\u00bbprops\u00a0\u00bb:{\u00ab\u00a0collection\u00a0\u00bb:\u00a0\u00bbsections\u00a0\u00bb,\u00a0\u00bbid\u00a0\u00bb:4},\u00a0\u00bbchildren\u00a0\u00bb:[]},{\u00ab\u00a0collection\u00a0\u00bb:\u00a0\u00bbsections\u00a0\u00bb,\u00a0\u00bbprops\u00a0\u00bb:{\u00ab\u00a0collection\u00a0\u00bb:\u00a0\u00bbsections\u00a0\u00bb,\u00a0\u00bbid\u00a0\u00bb:5},\u00a0\u00bbchildren\u00a0\u00bb:[{\u00ab\u00a0collection\u00a0\u00bb:\u00a0\u00bbfeatures\u00a0\u00bb,\u00a0\u00bbtype\u00a0\u00bb:\u00a0\u00bb@wpmedia\/event-tester-block\/event-tester\u00a0\u00bb,\u00a0\u00bbprops\u00a0\u00bb:{\u00ab\u00a0collection\u00a0\u00bb:\u00a0\u00bbfeatures\u00a0\u00bb,\u00a0\u00bbtype\u00a0\u00bb:\u00a0\u00bb@wpmedia\/event-tester-block\/event-tester\u00a0\u00bb,\u00a0\u00bbid\u00a0\u00bb:\u00a0\u00bb0fdKl3sZUizm86n\u00a0\u00bb,\u00a0\u00bbcontentConfig\u00a0\u00bb:{\u00ab\u00a0contentService\u00a0\u00bb:\u00a0\u00bb\u00a0\u00bb,\u00a0\u00bbcontentConfigValues\u00a0\u00bb:{},\u00a0\u00bbinherit\u00a0\u00bb:true},\u00a0\u00bbcustomFields\u00a0\u00bb:{},\u00a0\u00bbdisplayProperties\u00a0\u00bb:{},\u00a0\u00bblocalEdits\u00a0\u00bb:{},\u00a0\u00bbvariants\u00a0\u00bb:{}}},{\u00ab\u00a0collection\u00a0\u00bb:\u00a0\u00bbfeatures\u00a0\u00bb,\u00a0\u00bbtype\u00a0\u00bb:\u00a0\u00bbFooter\/default\u00a0\u00bb,\u00a0\u00bbprops\u00a0\u00bb:{\u00ab\u00a0collection\u00a0\u00bb:\u00a0\u00bbfeatures\u00a0\u00bb,\u00a0\u00bbtype\u00a0\u00bb:\u00a0\u00bbFooter\/default\u00a0\u00bb,\u00a0\u00bbid\u00a0\u00bb:\u00a0\u00bbf0fWCmXziG7A7M9&Prime;,\u00a0\u00bbcontentConfig\u00a0\u00bb:{\u00ab\u00a0contentService\u00a0\u00bb:\u00a0\u00bb\u00a0\u00bb,\u00a0\u00bbcontentConfigValues\u00a0\u00bb:{},\u00a0\u00bbinherit\u00a0\u00bb:true},\u00a0\u00bbcustomFields\u00a0\u00bb:{\u00ab\u00a0facebookItem\u00a0\u00bb:\u00a0\u00bbhttps:\/\/www.facebook.com\/Liberation\/\u00a0\u00bb,\u00a0\u00bbtwitterItem\u00a0\u00bb:\u00a0\u00bbhttps:\/\/twitter.com\/libe\u00a0\u00bb,\u00a0\u00bblinkedinItem\u00a0\u00bb:\u00a0\u00bbhttps:\/\/www.linkedin.com\/company\/lib%C3%A9ration\/\u00a0\u00bb,\u00a0\u00bbinstagramItem\u00a0\u00bb:\u00a0\u00bbhttps:\/\/www.instagram.com\/liberationfr\/\u00a0\u00bb,\u00a0\u00bbyoutubeItem\u00a0\u00bb:\u00a0\u00bbhttps:\/\/www.youtube.com\/c\/liberation\u00a0\u00bb,\u00a0\u00bbrssItem\u00a0\u00bb:\u00a0\u00bbhttps:\/\/www.liberation.fr\/liste-flux-rss\/\u00a0\u00bb,\u00a0\u00bbtiktokItem\u00a0\u00bb:\u00a0\u00bbhttps:\/\/www.tiktok.com\/@liberation.fr\u00a0\u00bb,\u00a0\u00bbblueskyItem\u00a0\u00bb:\u00a0\u00bbhttps:\/\/bsky.app\/profile\/liberation.fr\u00a0\u00bb,\u00a0\u00bbtwitchItem\u00a0\u00bb:\u00a0\u00bbhttps:\/\/www.twitch.tv\/liberationfr\u00a0\u00bb,\u00a0\u00bbwhatsappItem\u00a0\u00bb:\u00a0\u00bbhttps:\/\/whatsapp.com\/channel\/0029VaBC5Q50G0Xdttyzpn0k\u00a0\u00bb},\u00a0\u00bbdisplayProperties\u00a0\u00bb:{},\u00a0\u00bblocalEdits\u00a0\u00bb:{},\u00a0\u00bbvariants\u00a0\u00bb:{}}},{\u00ab\u00a0collection\u00a0\u00bb:\u00a0\u00bbfeatures\u00a0\u00bb,\u00a0\u00bbtype\u00a0\u00bb:\u00a0\u00bb@wpmedia\/htmlbox-block\/htmlbox\u00a0\u00bb,\u00a0\u00bbprops\u00a0\u00bb:{\u00ab\u00a0collection\u00a0\u00bb:\u00a0\u00bbfeatures\u00a0\u00bb,\u00a0\u00bbtype\u00a0\u00bb:\u00a0\u00bb@wpmedia\/htmlbox-block\/htmlbox\u00a0\u00bb,\u00a0\u00bbid\u00a0\u00bb:\u00a0\u00bbf0fYCc8Xjx7onp\u00a0\u00bb,\u00a0\u00bbcontentConfig\u00a0\u00bb:{\u00ab\u00a0contentService\u00a0\u00bb:\u00a0\u00bb\u00a0\u00bb,\u00a0\u00bbcontentConfigValues\u00a0\u00bb:{},\u00a0\u00bbinherit\u00a0\u00bb:true},\u00a0\u00bbcustomFields\u00a0\u00bb:{\u00ab\u00a0HTML\u00a0\u00bb:\u00a0\u00bb \\n.article-body-image{\\n  padding-bottom: 16px !important;\\n}\\n\\n@media (min-width: 768px) {\\n    .article-body-image-float-left {\\n        padding-right: 16px;\\n    }\\n\\n    .article-body-image-float-right {\\n        padding-left: 16px;\\n    }\\n}\\n\u00a0\u00bb},\u00a0\u00bbdisplayProperties\u00a0\u00bb:{},\u00a0\u00bblocalEdits\u00a0\u00bb:{},\u00a0\u00bbvariants\u00a0\u00bb:{}}},{\u00ab\u00a0collection\u00a0\u00bb:\u00a0\u00bbfeatures\u00a0\u00bb,\u00a0\u00bbtype\u00a0\u00bb:\u00a0\u00bb@wpmedia\/htmlbox-block\/htmlbox\u00a0\u00bb,\u00a0\u00bbprops\u00a0\u00bb:{\u00ab\u00a0collection\u00a0\u00bb:\u00a0\u00bbfeatures\u00a0\u00bb,\u00a0\u00bbtype\u00a0\u00bb:\u00a0\u00bb@wpmedia\/htmlbox-block\/htmlbox\u00a0\u00bb,\u00a0\u00bbid\u00a0\u00bb:\u00a0\u00bbf0fw2VTovWwiOB\u00a0\u00bb,\u00a0\u00bbcontentConfig\u00a0\u00bb:{\u00ab\u00a0contentService\u00a0\u00bb:\u00a0\u00bb\u00a0\u00bb,\u00a0\u00bbcontentConfigValues\u00a0\u00bb:{},\u00a0\u00bbinherit\u00a0\u00bb:true},\u00a0\u00bbcustomFields\u00a0\u00bb:{\u00ab\u00a0HTML\u00a0\u00bb:\u00a0\u00bb\\n@media (max-width: 960px) {\\n  .hrWZEv {\\n    margin-bottom: 48px !important;\\n  }\\n}\\n\u00a0\u00bb},\u00a0\u00bbdisplayProperties\u00a0\u00bb:{},\u00a0\u00bblocalEdits\u00a0\u00bb:{},\u00a0\u00bbvariants\u00a0\u00bb:{}}},{\u00ab\u00a0collection\u00a0\u00bb:\u00a0\u00bbfeatures\u00a0\u00bb,\u00a0\u00bbtype\u00a0\u00bb:\u00a0\u00bbcommon\/adPrisma\u00a0\u00bb,\u00a0\u00bbprops\u00a0\u00bb:{\u00ab\u00a0collection\u00a0\u00bb:\u00a0\u00bbfeatures\u00a0\u00bb,\u00a0\u00bbtype\u00a0\u00bb:\u00a0\u00bbcommon\/adPrisma\u00a0\u00bb,\u00a0\u00bbid\u00a0\u00bb:\u00a0\u00bbf0fsLNH1FWArKY\u00a0\u00bb,\u00a0\u00bbcontentConfig\u00a0\u00bb:{\u00ab\u00a0contentService\u00a0\u00bb:\u00a0\u00bb\u00a0\u00bb,\u00a0\u00bbcontentConfigValues\u00a0\u00bb:{},\u00a0\u00bbinherit\u00a0\u00bb:true},\u00a0\u00bbcustomFields\u00a0\u00bb:{\u00ab\u00a0displayOnDesktop\u00a0\u00bb:true,\u00a0\u00bbdisplayOnTablet\u00a0\u00bb:true,\u00a0\u00bbdisplayOnMobile\u00a0\u00bb:true,\u00a0\u00bbpbInternal_cloneId\u00a0\u00bb:\u00a0\u00bbf0fsLNH1FWArKY\u00a0\u00bb,\u00a0\u00bbadType\u00a0\u00bb:\u00a0\u00bbPostitiel\u00a0\u00bb,\u00a0\u00bbhasMarginTop\u00a0\u00bb:true,\u00a0\u00bbhasMarginBottom\u00a0\u00bb:true},\u00a0\u00bbdisplayProperties\u00a0\u00bb:{},\u00a0\u00bblocalEdits\u00a0\u00bb:{},\u00a0\u00bbvariants\u00a0\u00bb:{}}},{\u00ab\u00a0collection\u00a0\u00bb:\u00a0\u00bbfeatures\u00a0\u00bb,\u00a0\u00bbtype\u00a0\u00bb:\u00a0\u00bbcommon\/adPrisma\u00a0\u00bb,\u00a0\u00bbprops\u00a0\u00bb:{\u00ab\u00a0collection\u00a0\u00bb:\u00a0\u00bbfeatures\u00a0\u00bb,\u00a0\u00bbtype\u00a0\u00bb:\u00a0\u00bbcommon\/adPrisma\u00a0\u00bb,\u00a0\u00bbid\u00a0\u00bb:\u00a0\u00bbf0fqrJdCLOcxyX\u00a0\u00bb,\u00a0\u00bbcontentConfig\u00a0\u00bb:{\u00ab\u00a0contentService\u00a0\u00bb:\u00a0\u00bb\u00a0\u00bb,\u00a0\u00bbcontentConfigValues\u00a0\u00bb:{},\u00a0\u00bbinherit\u00a0\u00bb:true},\u00a0\u00bbcustomFields\u00a0\u00bb:{\u00ab\u00a0displayOnDesktop\u00a0\u00bb:true,\u00a0\u00bbdisplayOnTablet\u00a0\u00bb:true,\u00a0\u00bbdisplayOnMobile\u00a0\u00bb:true,\u00a0\u00bbadType\u00a0\u00bb:\u00a0\u00bbOut-Of-Banner\u00a0\u00bb,\u00a0\u00bbhasMarginTop\u00a0\u00bb:false,\u00a0\u00bbhasMarginBottom\u00a0\u00bb:true},\u00a0\u00bbdisplayProperties\u00a0\u00bb:{},\u00a0\u00bblocalEdits\u00a0\u00bb:{},\u00a0\u00bbvariants\u00a0\u00bb:{}}},{\u00ab\u00a0collection\u00a0\u00bb:\u00a0\u00bbfeatures\u00a0\u00bb,\u00a0\u00bbtype\u00a0\u00bb:\u00a0\u00bbBottomBar\/default\u00a0\u00bb,\u00a0\u00bbprops\u00a0\u00bb:{\u00ab\u00a0collection\u00a0\u00bb:\u00a0\u00bbfeatures\u00a0\u00bb,\u00a0\u00bbtype\u00a0\u00bb:\u00a0\u00bbBottomBar\/default\u00a0\u00bb,\u00a0\u00bbid\u00a0\u00bb:\u00a0\u00bbf0fpiyzSONf31hN\u00a0\u00bb,\u00a0\u00bbcontentConfig\u00a0\u00bb:{\u00ab\u00a0contentService\u00a0\u00bb:\u00a0\u00bb\u00a0\u00bb,\u00a0\u00bbcontentConfigValues\u00a0\u00bb:{},\u00a0\u00bbinherit\u00a0\u00bb:true},\u00a0\u00bbcustomFields\u00a0\u00bb:{\u00ab\u00a0desktopDescription\u00a0\u00bb:\u00a0\u00bb\u2600\ufe0f Offre sp\u00e9ciale \u00e9t\u00e9 : 2 mois pour 2\u20ac seulement !\u00a0\u00bb,\u00a0\u00bbmobileDescription\u00a0\u00bb:\u00a0\u00bb\u2600\ufe0f Offre d&rsquo;\u00e9t\u00e9 : 2 mois pour 2\u20ac\u00a0\u00bb,\u00a0\u00bbdesktopCtaText\u00a0\u00bb:\u00a0\u00bbJ&rsquo;en profite\u00a0\u00bb,\u00a0\u00bbbackgroundColor\u00a0\u00bb:\u00a0\u00bb#e60004&Prime;,\u00a0\u00bbdescriptionColor\u00a0\u00bb:\u00a0\u00bb#FFFFFF\u00a0\u00bb,\u00a0\u00bblink\u00a0\u00bb:\u00a0\u00bbhttps:\/\/abo.liberation.fr\/numerique\/inscription\/offre-numerique-speciale-2mois-2euros\/?origin=AUTOPROMO&#038;xtatc=INT-41-[2mois_2euros_ete_2025_gratuit]\u00a0\u00bb,\u00a0\u00bbclosedDuration\u00a0\u00bb:1,\u00a0\u00bbtype\u00a0\u00bb:\u00a0\u00bbnon_sub_free\u00a0\u00bb,\u00a0\u00bbmobileCtaText\u00a0\u00bb:null,\u00a0\u00bbmobileImage\u00a0\u00bb:\u00a0\u00bb\u00a0\u00bb,\u00a0\u00bbdesktopImage\u00a0\u00bb:\u00a0\u00bb\u00a0\u00bb},\u00a0\u00bbdisplayProperties\u00a0\u00bb:{},\u00a0\u00bblocalEdits\u00a0\u00bb:{},\u00a0\u00bbvariants\u00a0\u00bb:{}}},{\u00ab\u00a0collection\u00a0\u00bb:\u00a0\u00bbfeatures\u00a0\u00bb,\u00a0\u00bbtype\u00a0\u00bb:\u00a0\u00bbBottomBar\/default\u00a0\u00bb,\u00a0\u00bbprops\u00a0\u00bb:{\u00ab\u00a0collection\u00a0\u00bb:\u00a0\u00bbfeatures\u00a0\u00bb,\u00a0\u00bbtype\u00a0\u00bb:\u00a0\u00bbBottomBar\/default\u00a0\u00bb,\u00a0\u00bbid\u00a0\u00bb:\u00a0\u00bbf0f5yixd9jbc5T\u00a0\u00bb,\u00a0\u00bbcontentConfig\u00a0\u00bb:{\u00ab\u00a0contentService\u00a0\u00bb:\u00a0\u00bb\u00a0\u00bb,\u00a0\u00bbcontentConfigValues\u00a0\u00bb:{},\u00a0\u00bbinherit\u00a0\u00bb:true},\u00a0\u00bbcustomFields\u00a0\u00bb:{\u00ab\u00a0desktopDescription\u00a0\u00bb:\u00a0\u00bb\u2600\ufe0f Offre sp\u00e9ciale \u00e9t\u00e9 : 2 mois pour 2\u20ac seulement !\u00a0\u00bb,\u00a0\u00bbmobileDescription\u00a0\u00bb:\u00a0\u00bb\u2600\ufe0fOffre d&rsquo;\u00e9t\u00e9 : 2 mois pour 2\u20ac\u00a0\u00bb,\u00a0\u00bbdesktopCtaText\u00a0\u00bb:\u00a0\u00bbJ&rsquo;en profite !\u00a0\u00bb,\u00a0\u00bbbackgroundColor\u00a0\u00bb:\u00a0\u00bb#e60004&Prime;,\u00a0\u00bbdescriptionColor\u00a0\u00bb:\u00a0\u00bb#FFFFFF\u00a0\u00bb,\u00a0\u00bblink\u00a0\u00bb:\u00a0\u00bbhttps:\/\/abo.liberation.fr\/numerique\/inscription\/offre-numerique-speciale-2mois-2euros\/?origin=AUTOPROMO&#038;xtatc=INT-41-[2mois_2euros_ete_2025_premium]\u00a0\u00bb,\u00a0\u00bbclosedDuration\u00a0\u00bb:1,\u00a0\u00bbtype\u00a0\u00bb:\u00a0\u00bbnon_sub_paid\u00a0\u00bb,\u00a0\u00bbmobileCtaText\u00a0\u00bb:null,\u00a0\u00bbmobileImage\u00a0\u00bb:\u00a0\u00bb\u00a0\u00bb,\u00a0\u00bbdesktopImage\u00a0\u00bb:\u00a0\u00bb\u00a0\u00bb},\u00a0\u00bbdisplayProperties\u00a0\u00bb:{},\u00a0\u00bblocalEdits\u00a0\u00bb:{},\u00a0\u00bbvariants\u00a0\u00bb:{}}},{\u00ab\u00a0collection\u00a0\u00bb:\u00a0\u00bbfeatures\u00a0\u00bb,\u00a0\u00bbtype\u00a0\u00bb:\u00a0\u00bbBottomBar\/default\u00a0\u00bb,\u00a0\u00bbprops\u00a0\u00bb:{\u00ab\u00a0collection\u00a0\u00bb:\u00a0\u00bbfeatures\u00a0\u00bb,\u00a0\u00bbtype\u00a0\u00bb:\u00a0\u00bbBottomBar\/default\u00a0\u00bb,\u00a0\u00bbid\u00a0\u00bb:\u00a0\u00bbf0fuQ6oggtmcoy\u00a0\u00bb,\u00a0\u00bbcontentConfig\u00a0\u00bb:{\u00ab\u00a0contentService\u00a0\u00bb:\u00a0\u00bb\u00a0\u00bb,\u00a0\u00bbcontentConfigValues\u00a0\u00bb:{},\u00a0\u00bbinherit\u00a0\u00bb:true},\u00a0\u00bbcustomFields\u00a0\u00bb:{\u00ab\u00a0desktopDescription\u00a0\u00bb:\u00a0\u00bb\ud83c\udfad Cet \u00e9t\u00e9, Lib\u00e9 est \u00e0 Avignon\u00a0\u00bb,\u00a0\u00bbmobileDescription\u00a0\u00bb:\u00a0\u00bb\ud83c\udfad Cet \u00e9t\u00e9, Lib\u00e9 est \u00e0 Avignon\u00a0\u00bb,\u00a0\u00bbmobileCtaText\u00a0\u00bb:\u00a0\u00bb\u00a0\u00bb,\u00a0\u00bbdesktopCtaText\u00a0\u00bb:\u00a0\u00bbEn savoir plus\u00a0\u00bb,\u00a0\u00bbbackgroundColor\u00a0\u00bb:\u00a0\u00bb#EF7E01&Prime;,\u00a0\u00bbdescriptionColor\u00a0\u00bb:\u00a0\u00bb#FFFFFF\u00a0\u00bb,\u00a0\u00bblink\u00a0\u00bb:\u00a0\u00bbhttps:\/\/offre.liberation.fr\/evenements\/\u00a0\u00bb,\u00a0\u00bbclosedDuration\u00a0\u00bb:200,\u00a0\u00bbtype\u00a0\u00bb:\u00a0\u00bbsub\u00a0\u00bb,\u00a0\u00bbmobileImage\u00a0\u00bb:\u00a0\u00bb\u00a0\u00bb,\u00a0\u00bbdesktopImage\u00a0\u00bb:\u00a0\u00bb\u00a0\u00bb},\u00a0\u00bbdisplayProperties\u00a0\u00bb:{},\u00a0\u00bblocalEdits\u00a0\u00bb:{},\u00a0\u00bbvariants\u00a0\u00bb:{}}},{\u00ab\u00a0collection\u00a0\u00bb:\u00a0\u00bbfeatures\u00a0\u00bb,\u00a0\u00bbtype\u00a0\u00bb:\u00a0\u00bb@wpmedia\/htmlbox-block\/htmlbox\u00a0\u00bb,\u00a0\u00bbprops\u00a0\u00bb:{\u00ab\u00a0collection\u00a0\u00bb:\u00a0\u00bbfeatures\u00a0\u00bb,\u00a0\u00bbtype\u00a0\u00bb:\u00a0\u00bb@wpmedia\/htmlbox-block\/htmlbox\u00a0\u00bb,\u00a0\u00bbid\u00a0\u00bb:\u00a0\u00bbf0fIIPqvNafphy\u00a0\u00bb,\u00a0\u00bbcontentConfig\u00a0\u00bb:{\u00ab\u00a0contentService\u00a0\u00bb:\u00a0\u00bb\u00a0\u00bb,\u00a0\u00bbcontentConfigValues\u00a0\u00bb:{},\u00a0\u00bbinherit\u00a0\u00bb:true},\u00a0\u00bbcustomFields\u00a0\u00bb:{\u00ab\u00a0HTML\u00a0\u00bb:\u00a0\u00bb\\nheader li:nth-of-type(5) a {\\n  color: #EF7E01 !important;\\n}\\n\u00a0\u00bb},\u00a0\u00bbdisplayProperties\u00a0\u00bb:{},\u00a0\u00bblocalEdits\u00a0\u00bb:{},\u00a0\u00bbvariants\u00a0\u00bb:{}}}]}]};Fusion.spa=false;Fusion.spaEnabled=false;<script async src=\"https:\/\/platform.twitter.com\/widgets.js\" charset=\"utf-8\"><\/script><script async src=\"\/\/www.instagram.com\/embed.js\"><\/script><script async src=\"\/\/www.tiktok.com\/embed.js\"><\/script><\/p>\n","protected":false},"excerpt":{"rendered":"Dix jours apr\u00e8s l\u2019important incendie de Marseille, un nouveau d\u00e9part a eu lieu ce vendredi 18\u00a0juillet dans deuxi\u00e8me&hellip;\n","protected":false},"author":2,"featured_media":255998,"comment_status":"","ping_status":"","sticky":false,"template":"","format":"standard","meta":{"footnotes":""},"categories":[4],"tags":[11,829,1011,27,1310,12,17003,25],"class_list":{"0":"post-255997","1":"post","2":"type-post","3":"status-publish","4":"format-standard","5":"has-post-thumbnail","7":"category-france","8":"tag-actualites","9":"tag-bretagne","10":"tag-fr","11":"tag-france","12":"tag-incendie","13":"tag-news","14":"tag-provence-alpes-cote-d-azur","15":"tag-republique-francaise"},"share_on_mastodon":{"url":"https:\/\/pubeurope.com\/@fr\/114873473619855885","error":""},"_links":{"self":[{"href":"https:\/\/www.europesays.com\/fr\/wp-json\/wp\/v2\/posts\/255997","targetHints":{"allow":["GET"]}}],"collection":[{"href":"https:\/\/www.europesays.com\/fr\/wp-json\/wp\/v2\/posts"}],"about":[{"href":"https:\/\/www.europesays.com\/fr\/wp-json\/wp\/v2\/types\/post"}],"author":[{"embeddable":true,"href":"https:\/\/www.europesays.com\/fr\/wp-json\/wp\/v2\/users\/2"}],"replies":[{"embeddable":true,"href":"https:\/\/www.europesays.com\/fr\/wp-json\/wp\/v2\/comments?post=255997"}],"version-history":[{"count":0,"href":"https:\/\/www.europesays.com\/fr\/wp-json\/wp\/v2\/posts\/255997\/revisions"}],"wp:featuredmedia":[{"embeddable":true,"href":"https:\/\/www.europesays.com\/fr\/wp-json\/wp\/v2\/media\/255998"}],"wp:attachment":[{"href":"https:\/\/www.europesays.com\/fr\/wp-json\/wp\/v2\/media?parent=255997"}],"wp:term":[{"taxonomy":"category","embeddable":true,"href":"https:\/\/www.europesays.com\/fr\/wp-json\/wp\/v2\/categories?post=255997"},{"taxonomy":"post_tag","embeddable":true,"href":"https:\/\/www.europesays.com\/fr\/wp-json\/wp\/v2\/tags?post=255997"}],"curies":[{"name":"wp","href":"https:\/\/api.w.org\/{rel}","templated":true}]}}