{"id":256020,"date":"2025-07-18T09:32:15","date_gmt":"2025-07-18T09:32:15","guid":{"rendered":"https:\/\/www.europesays.com\/fr\/256020\/"},"modified":"2025-07-18T09:32:15","modified_gmt":"2025-07-18T09:32:15","slug":"que-faire-a-rennes-ce-week-end-concerts-ferias-projections-sur-le-parlement-voici-nos-15-idees-sorties","status":"publish","type":"post","link":"https:\/\/www.europesays.com\/fr\/256020\/","title":{"rendered":"Que faire \u00e0 Rennes ce week-end ? Concerts, f\u00e9rias, projections sur le Parlement\u2026 Voici nos 15 id\u00e9es sorties"},"content":{"rendered":"<p>            Par<br \/>\n        <strong><br \/>\n            <a href=\"https:\/\/actu.fr\/auteur\/lou-batteux\" title=\"Consulter tous les articles de Lou Batteux\" target=\"_blank\" rel=\"noopener\">Lou Batteux<\/a><br \/>\n        <\/strong><\/p>\n<p>        Publi\u00e9 le<\/p>\n<p>            18 juil. 2025 \u00e0 10h17        <\/p>\n<p>Cet \u00e9t\u00e9, la capitale bretonne regorge d\u2019animations pour petits et grands. Comme chaque semaine, <a href=\"https:\/\/actu.fr\/rennes\/\" target=\"_blank\" rel=\"noopener\">actu Rennes<\/a> a d\u00e9nich\u00e9 <strong>plusieurs activit\u00e9s \u00e0 faire seul, en famille ou entre amis<\/strong> pour ce week-end du 18 au 20\u00a0juillet 2025.<\/p>\n<p>Jeu de piste dans le quartier Villeneuve<\/p>\n<p class=\" wall-content\">Si vous pensiez tout conna\u00eetre de la capitale bretonne, ce jeu de piste va sans doute vous en <strong>apprendre <\/strong>davantage sur <strong>l\u2019histoire<\/strong> du<strong> quartier Villeneuve<\/strong>, \u00e0 l\u2019est du d\u00e9but de la rue de Nantes.<\/p>\n<p class=\" wall-content\">Vendredi 18 juillet, <strong>de 17h30 \u00e0 18h30<\/strong>, un jeu de piste est organis\u00e9 dans le quartier au d\u00e9part du <strong>Cercle Paul Bert Ginguen\u00e9<\/strong>.<\/p>\n<p class=\" wall-content\">L\u2019occasion de partir \u00e0 la (re)d\u00e9couverte du lieu et de ses anecdotes <strong>en famille<\/strong>. Encadr\u00e9 par la compagnie Felicita, le parcours se terminera au parc Villeneuve. L\u2019activit\u00e9 est <strong>gratuite, sans inscription<\/strong> et les instructions sont \u00e0 retirer directement sur place avant le lancement du jeu de piste.<\/p>\n<p>Open Playlist au BAM<\/p>\n<p class=\" wall-content\"><strong>Aminti<\/strong>, une des associations culturelles du BAM, organise une <strong>playlist collaborative pour l\u2019\u00e9t\u00e9<\/strong>. Le concept\u2009? Une playlist ouverte o\u00f9 <strong>chacun peut ajouter \u00ab\u2009un morceau qui le fait vibrer\u2009\u00bb<\/strong> et \u00e9couter ceux des autres afin de cr\u00e9er \u00ab\u2009la bande-son parfaite\u2009\u00bb de l\u2019\u00e9t\u00e9.<\/p>\n<p class=\" wall-content\">Si vous \u00eates int\u00e9ress\u00e9s, rendez-vous <strong>derri\u00e8re le BAM<\/strong> (2, rue Andr\u00e9-Trasbot, \u00e0 Rennes) vendredi 18\u00a0juillet <strong>d\u00e8s 18h30 et jusqu\u2019\u00e0 20h30<\/strong>. L\u2019\u00e9v\u00e8nement est <strong>gratuit<\/strong>.<\/p>\n<p>Rencontre avec les commer\u00e7ants rennais<\/p>\n<p class=\" wall-content\">Vendredi 18\u00a0juillet,\u00a0<strong>de 17h \u00e0 19h<\/strong>, dans le cadre du festival Transat en ville, le Carr\u00e9 Rennais, l\u2019association qui regroupe les commer\u00e7ants et les artisans du centre-ville de Rennes, vous invite \u00e0<strong>\u00a0d\u00e9couvrir le savoir-faire de ses membres sur la place de la Mairie<\/strong>. Cette animation est\u00a0<strong>accessible gratuitement \u00e0 toute la famille<\/strong>.<\/p>\n<p>Soir\u00e9e Guitarok\u00e9 chez Popote et Papote<\/p>\n<p class=\" wall-content\">C\u2019est quoi le guitarok\u00e9\u2009? Vendredi 18\u00a0juillet, le <strong>restaurant Popote et Papote<\/strong> de Saint-Thurial (6, rue de l\u2019\u00c9glise) accueille Mathieu et sa guitare pour un <strong>concert karaok\u00e9 live d\u00e8s 19h30<\/strong>. Le public est invit\u00e9 \u00e0 venir sur sc\u00e8ne pour chanter, seul ou \u00e0 plusieurs, en compagnie de ce chanteur et guitariste professionnel.<\/p>\n<p>    <a href=\"https:\/\/www.facebook.com\/plugins\/post.php?href=https%3A%2F%2Fwww.facebook.com%2Fphoto.php%3Ffbid%3D1290243956437960%26set%3Dgm.1359678518449349%26type%3D3&amp;show_text=true&amp;width=350\" title=\"Ouvrie le lien\" target=\"_blank\" rel=\"noopener\">Cliquez ici pour visualiser le contenu<\/a><\/p>\n<p>Pour l\u2019occasion, un\u00a0<strong>barbecue<\/strong> est pr\u00e9vu d\u00e8s 19h.\u00a0R\u00e9servez au 06\u200952\u200911\u200951\u200987 ou sur place directement.<\/p>\n<p>Les vendredis de l\u2019\u00e9t\u00e9 \u00e0 la MJC Br\u00e9quigny<\/p>\n<p class=\" wall-content\">Vendredi 18 juillet, en fin de journ\u00e9e, la Maison des Jeunes et des Cultures Br\u00e9quigny (15, avenue Georges Graff, \u00e0 Rennes) accueille <strong>deux \u00e9v\u00e9nements musicaux<\/strong> pour toute la famille.<\/p>\n<p class=\" wall-content\">De <strong>18h \u00e0 19h<\/strong>, \u00ab\u2009La monstrueuse parade\u2009\u00bb, un spectacle de la Cie Humpty-Dumpty, rassemble danse, musique et marionnettes au parc de Br\u00e9quigny. Cette <strong>animation gratuite et accessible \u00e0 tous \u00e0 partir de six ans<\/strong> vise \u00e0 questionner le spectateur\u2009: et si le v\u00e9ritable monstre n\u2019\u00e9tait pas sur sc\u00e8ne, mais dans son propre regard\u2009?<\/p>\n<p class=\" wall-content\">De <strong>19h15 \u00e0 20h30<\/strong>, \u00ab\u2009Les \u00e9ph\u00e9m\u00e9rides\u2009\u00bb, un quintet vocal f\u00e9minin, organise un <strong>ap\u00e9ro-concert sur le patio de la MJC<\/strong>.\u00a0Accompagn\u00e9es d\u2019un tambour et d\u2019un accord\u00e9on, les voix de ses femmes s\u2019unissent pour \u00ab\u2009c\u00e9l\u00e9brer des th\u00e8mes universels tels que l\u2019amour, le voyage, la nature et l\u2019exil\u2009\u00bb. L\u2019entr\u00e9e est <strong>gratuite<\/strong>.<\/p>\n<p>\u00c0 la d\u00e9couverte de la culture bretonne au parc des Gayeulles<\/p>\n<p class=\" wall-content\">Vendredi 18\u00a0juillet, <strong>de 19h \u00e0 23h<\/strong>, le Cercle Celtique de Rennes et Kenleur vous propose une<strong> soir\u00e9e culturelle d\u00e9di\u00e9e \u00e0 la Bretagne<\/strong> \u00e0 la Guinguette Au Parc des Bois (rue du Patis Tatelin, \u00e0 Rennes).<\/p>\n<p class=\" wall-content\">Dans le cadre de \u00ab\u2009Cet \u00e9t\u00e9 \u00e0 Rennes\u2009\u00bb, venez (re)d\u00e9couvrir la culture bretonne \u00e0 travers <strong>la musique, une initiation \u00e0 la danse et un quiz culturel<\/strong>. Pour terminer la soir\u00e9e en beaut\u00e9, profitez d\u2019un fest-noz avec le duo Manu Bouthillier et C\u00e9dric Malaunais sur la sc\u00e8ne du Kermaji. L\u2019\u00e9v\u00e8nement est <strong>gratuit et ouvert \u00e0 tous<\/strong>.<\/p>\n<p>Concours de palets \u00e0 La B\u00e9ni Vern Beach<\/p>\n<p class=\" wall-content\"><strong>Samedi 19\u00a0juillet<\/strong>, \u00e0 partir de <strong>14h<\/strong>, La B\u00e9ni Vern Beach, la guinguette de Vern-sur-Seiche, organise le deuxi\u00e8me concours de palets en doublettes de la saison. Au bord de l\u2019eau, profitez \u00e9galement d\u2019une <strong>restauration sur place et de bi\u00e8res fra\u00eeches<\/strong>.<\/p>\n<p>    <a href=\"https:\/\/www.facebook.com\/plugins\/post.php?href=https%3A%2F%2Fwww.facebook.com%2Fphoto.php%3Ffbid%3D122164701284382502%26set%3Dgm.534223653017851%26type%3D3&amp;show_text=true&amp;width=350\" title=\"Ouvrie le lien\" target=\"_blank\" rel=\"noopener\">Cliquez ici pour visualiser le contenu<\/a><\/p>\n<p class=\" wall-content\">Inscrivez-vous en ligne <a href=\"https:\/\/www.helloasso.com\/associations\/roazhon-fusion\/evenements\/concours-de-palets-la-beni-samedi-19-juillet-2025-doublettes?fbclid=IwY2xjawLkeWpleHRuA2FlbQIxMABicmlkETE0enJVT25NaWZwdHpuS1ZHAR5wPVLOYnHuMfIkup09-_O5lXwfvV8KPARZhh-igLVM7jDkCA93MJ6-Rlxt9g_aem_p-e_05Fu6dCdIEZpkKI7tw\" target=\"_blank\" rel=\"noopener\">ici<\/a> ou sur place \u00e0 partir de 13h. La place est \u00e0 <strong>10\u00a0euros <\/strong>pour ce concours en quatre parties et <strong>de nombreux lots sont \u00e0 gagner<\/strong>.<\/p>\n<p>\u00c0 la d\u00e9couverte des plantes comestibles de la Pr\u00e9valaye<\/p>\n<p class=\" wall-content\">Avec le retour de la saison estivale, La Basse Cour, l\u2019ancienne ferme du ch\u00e2teau de la Pr\u00e9valaye, organise une <strong>balade <\/strong>de deux heures, <strong>de 15h \u00e0 17h, samedi<\/strong> 19\u00a0juillet, afin de <strong>d\u00e9couvrir<\/strong>, et m\u00eame de <strong>go\u00fbter, les plantes sauvages comestibles<\/strong> du secteur de la Pr\u00e9valaye, \u00e0 l\u2019ouest de Rennes.<\/p>\n<p class=\" wall-content\">Apr\u00e8s avoir appris \u00e0 reconna\u00eetre les plantes, \u00e0 d\u00e9couvrir leurs vertus, leurs go\u00fbts, comment les cuisiner, mais aussi les pr\u00e9cautions \u00e0 prendre lors des cueillettes, vous pourrez participer \u00e0 une <strong>petite d\u00e9gustation de plantes<\/strong>.<\/p>\n<p class=\" wall-content\">Pour participer \u00e0 cette balade anim\u00e9e par Anna Dadi et Milena Pavlovic, de l\u2019association P\u00e9dagogie Par Chemins, <strong>inscrivez-vous gratuitement \u00e0 l\u2019adresse mail <a href=\"https:\/\/actu.fr\/cdn-cgi\/l\/email-protection\" class=\"__cf_email__\" data-cfemail=\"c6b0afa3a7b5b5a986aaa7a4a7b5b5a3a5a9b3b4e8a9b4a1\" target=\"_blank\" rel=\"noopener\">[email\u00a0protected]<\/a><\/strong>. Le d\u00e9part se fera du quartier de Cleunay (au croisement de la rue Jean Perrin et de l\u2019avenue Germaine Tillion).<\/p>\n<p>F\u00e9rias des Gayeulles \u00e9dition 2025<\/p>\n<p class=\" wall-content\">Vous les attendiez tous, elles sont de retour. Samedi 19\u00a0juillet, <strong>de 16h \u00e0 23h<\/strong>, les f\u00eates des F\u00e9rias s\u2019invitent \u00e0 la Guinguette du Parc des Bois, au Parc des Gayeulles.<\/p>\n<p class=\" wall-content\"><a href=\"https:\/\/actu.fr\/bretagne\/rennes_35238\/a-rennes-cet-evenement-avait-rencontre-un-franc-succes-il-est-de-retour_62910653.html\" target=\"_blank\" rel=\"noopener\">Plus d\u2019informations dans notre article d\u00e9di\u00e9<\/a>.<\/p>\n<p>Soir\u00e9e rock\u2019n\u2019roll au Soccer Rennais<\/p>\n<p class=\" wall-content\">Samedi 19\u00a0juillet, d\u00e8s <strong>20h et jusqu\u2019\u00e0 0h45<\/strong>, venez profiter d\u2019une soir\u00e9e dansante sur le th\u00e8me du rock\u2019n\u2019roll au Soccer Rennais (35, rue du Manoir de Servign\u00e9).<\/p>\n<p class=\" wall-content\">\u00c0 partir de 20h30, une initiation d\u2019une heure au rock\u2019n\u2019roll permettra aux amateurs de s\u2019entra\u00eener avant la <strong>soir\u00e9e dansante qui d\u00e9butera \u00e0 21h30<\/strong>. L\u2019entr\u00e9e est de <strong>10\u00a0euros<\/strong> avec deux consommations.<\/p>\n<p>Accueil sur place \u00e0 partir de 20h. Parking gratuit de 80 places ou acc\u00e8s en bus via la ligne 11 et \u00e0 l\u2019arr\u00eat \u00ab\u2009Servign\u00e9\u2009\u00bb.<\/p>\n<p>La ferme de Quinc\u00e9 en festival<\/p>\n<p class=\" wall-content\">En ce week-end du mois de juillet, la ferme de Quinc\u00e9 re\u00e7oit plusieurs collectifs dans une ambiance musicale. Chaque entr\u00e9e se fait \u00e0 <strong>prix libre<\/strong>.<\/p>\n<p class=\" wall-content\"><strong>Vendredi 18\u00a0juillet<\/strong>, de 18h \u00e0 23h, Ethos Records prend les rennes de la soir\u00e9e et invite les DJs Fatale Furylax, Vanadis et Speechmaker.<\/p>\n<p>    <a href=\"https:\/\/www.facebook.com\/plugins\/post.php?href=https%3A%2F%2Fwww.facebook.com%2FQuince.35VOLTS%2Fposts%2Fpfbid0duEykFKoMGRkpE6KaRxwB2Api6k775Ho9XZRF8J7biGPjfLpMxd73MeWZHbXcqz5l&amp;show_text=true&amp;width=350\" title=\"Ouvrie le lien\" target=\"_blank\" rel=\"noopener\">Cliquez ici pour visualiser le contenu<\/a><\/p>\n<p class=\" wall-content\"><strong>Samedi 19\u00a0juillet<\/strong>, de 16h \u00e0 23h, le collectif Substrata proposera son format Radiance, vous invitant \u00e0 une travers\u00e9e sonore in\u00e9dite entre pulsations downtempo et techno profonde. Ce sont les artistes Amor Leone, Ephere et Hypnodream qui animeront ce concert.<\/p>\n<p>Projections monumentales sur le Parlement de Bretagne<\/p>\n<p class=\" wall-content\">\u00c0 partir du samedi 19\u00a0juillet et jusqu\u2019au samedi 23\u00a0ao\u00fbt, <strong>le Parlement de Bretagne s\u2019illumine<\/strong> pour l\u2019\u00e9t\u00e9. <strong>Chaque soir, de 23h \u00e0 23h20 en juillet et de 22h30 \u00e0 22h50 en ao\u00fbt<\/strong>, un \u00ab\u2009spectacle monumental\u2009\u00bb haut en couleurs sera projet\u00e9 sur la fa\u00e7ade du Parlement.<\/p>\n<p class=\" wall-content\">Cette ann\u00e9e, sur <strong>le th\u00e8me de l\u2019art du portrait<\/strong>, cette projection intitul\u00e9e \u00ab\u2009Regards\u2009\u00bb vous invite \u00e0 d\u00e9couvrir la diversit\u00e9 des visages \u00ab\u00a0dans une approche sensible et ludique\u00a0\u00bb.<\/p>\n<p>Apr\u00e8s-midi \u00ab\u2009swing &amp; cr\u00eapes\u2009\u00bb<\/p>\n<p class=\" wall-content\">Dimanche 20 juillet, <strong>de 15h \u00e0 19h<\/strong>, l\u2019Hostel Rennes (au 10, Canal Saint-Martin) organise une <strong>apr\u00e8s-midi swing gourmande<\/strong> avec l\u2019association Swingin\u2019in The Rennes. Au rendez-vous, du bon son, une initiation au swing, du punch et des cr\u00eapes maison.<\/p>\n<p>L\u2019entr\u00e9e est gratuite et ouverte \u00e0 tous, dans la limite des places disponibles.<\/p>\n<p>Nouvelle exposition \u00e0 l\u2019Orangerie du Thabor \u00e0 Rennes<\/p>\n<p class=\" wall-content\">Apr\u00e8s avoir s\u00e9journ\u00e9 au Parc culturel de Valpara\u00edso, au Chili, en 2024, <strong>l\u2019exposition \u00c9vasion vers un futur oubli\u00e9<\/strong> de l\u2019artiste visuel et graveur<strong> Jim Del\u00e9mont<\/strong> s\u2019installe \u00e0 Rennes, \u00e0 l\u2019Orangerie du Thabor, <strong>jusqu\u2019au dimanche 20 juillet<\/strong>.<\/p>\n<p>    <img   decoding=\"async\" loading=\"lazy\" src=\"https:\/\/www.europesays.com\/fr\/wp-content\/uploads\/2025\/07\/exposition-evasion-vers-un-futur-oublie-960x640.jpg\" alt=\"vv\" width=\"960\" height=\"640\"\/><br \/>\n    Avec l\u2019exposition \u00c9vasion vers un futur oubli\u00e9, l\u2019orangerie du Thabor est plong\u00e9e dans une ambiance obscure et myst\u00e9rieuse jusqu\u2019au dimanche 20 juillet 2025. (\u00a9 Jim Del\u00e9mont)<\/p>\n<p class=\" wall-content\">\u00ab\u00a0Compos\u00e9e d\u2019une quinzaine d\u2019affiches et d\u2019une installation immersive d\u2019objets, collages, gravures et photographies, elle permet aux visiteurs de <strong>d\u00e9ambuler dans une capsule spatio-temporelle<\/strong>\u00ab\u00a0, explique l\u2019artiste.<\/p>\n<p class=\" wall-content\">La visite est<strong> comment\u00e9e par l\u2019artiste tous les jours \u00e0 17h30<\/strong> et une visite personnelle peut \u00eatre convenue \u00e0 tout autre moment.<\/p>\n<p class=\" wall-content\">Suivez toute l\u2019actualit\u00e9 de vos villes et m\u00e9dias favoris en vous inscrivant \u00e0 <a href=\"https:\/\/moncompte.actu.fr\" title=\"D\u00e9couvez Mon Actu\" rel=\"nofollow noopener\" data-trk=\"{&quot;cta&quot;:{&quot;action&quot;:&quot;https:\\\/\\\/moncompte.actu.fr&quot;,&quot;category&quot;:&quot;mon compte&quot;,&quot;from&quot;:&quot;article footer&quot;,&quot;name&quot;:&quot;Mon actu&quot;,&quot;type&quot;:&quot;cta&quot;}}\" target=\"_blank\">Mon Actu<\/a>.<\/p>\n","protected":false},"excerpt":{"rendered":"Par Lou Batteux Publi\u00e9 le 18 juil. 2025 \u00e0 10h17 Cet \u00e9t\u00e9, la capitale bretonne regorge d\u2019animations pour&hellip;\n","protected":false},"author":2,"featured_media":256021,"comment_status":"","ping_status":"","sticky":false,"template":"","format":"standard","meta":{"footnotes":""},"categories":[2821],"tags":[1111,11,829,1697,5972,31700,1777,674,1011,27,1652,12,584,25],"class_list":{"0":"post-256020","1":"post","2":"type-post","3":"status-publish","4":"format-standard","5":"has-post-thumbnail","7":"category-rennes","8":"tag-actu","9":"tag-actualites","10":"tag-bretagne","11":"tag-concert","12":"tag-danse","13":"tag-ete-a-rennes","14":"tag-eu","15":"tag-europe","16":"tag-fr","17":"tag-france","18":"tag-loisirs-culture","19":"tag-news","20":"tag-rennes","21":"tag-republique-francaise"},"share_on_mastodon":{"url":"https:\/\/pubeurope.com\/@fr\/114873548486346412","error":""},"_links":{"self":[{"href":"https:\/\/www.europesays.com\/fr\/wp-json\/wp\/v2\/posts\/256020","targetHints":{"allow":["GET"]}}],"collection":[{"href":"https:\/\/www.europesays.com\/fr\/wp-json\/wp\/v2\/posts"}],"about":[{"href":"https:\/\/www.europesays.com\/fr\/wp-json\/wp\/v2\/types\/post"}],"author":[{"embeddable":true,"href":"https:\/\/www.europesays.com\/fr\/wp-json\/wp\/v2\/users\/2"}],"replies":[{"embeddable":true,"href":"https:\/\/www.europesays.com\/fr\/wp-json\/wp\/v2\/comments?post=256020"}],"version-history":[{"count":0,"href":"https:\/\/www.europesays.com\/fr\/wp-json\/wp\/v2\/posts\/256020\/revisions"}],"wp:featuredmedia":[{"embeddable":true,"href":"https:\/\/www.europesays.com\/fr\/wp-json\/wp\/v2\/media\/256021"}],"wp:attachment":[{"href":"https:\/\/www.europesays.com\/fr\/wp-json\/wp\/v2\/media?parent=256020"}],"wp:term":[{"taxonomy":"category","embeddable":true,"href":"https:\/\/www.europesays.com\/fr\/wp-json\/wp\/v2\/categories?post=256020"},{"taxonomy":"post_tag","embeddable":true,"href":"https:\/\/www.europesays.com\/fr\/wp-json\/wp\/v2\/tags?post=256020"}],"curies":[{"name":"wp","href":"https:\/\/api.w.org\/{rel}","templated":true}]}}