{"id":256022,"date":"2025-07-18T09:33:23","date_gmt":"2025-07-18T09:33:23","guid":{"rendered":"https:\/\/www.europesays.com\/fr\/256022\/"},"modified":"2025-07-18T09:33:23","modified_gmt":"2025-07-18T09:33:23","slug":"les-20-000-m2-de-la-friche-cour-des-douanes-se-transforment","status":"publish","type":"post","link":"https:\/\/www.europesays.com\/fr\/256022\/","title":{"rendered":"les 20 000 m2 de la friche \u00ab Cour des Douanes \u00bb se transforment"},"content":{"rendered":"<p class=\"p1\"><b>Alors que les nouveaux quartiers continuent de se d\u00e9velopper au sein du projet urbain des Deux-Rives, celui du Port du Rhin n\u2019est pas en reste. En effet, sur l\u2019ancien site de 20 000 m2 de la Cour des Douanes se trame un chantier entre logements, \u00e9quipements publics type plaine sportive et m\u00e9diath\u00e8que, ainsi que des espaces verts. Pr\u00e9sentation. <\/b><\/p>\n<p class=\"p1\">Il ne se passe pas une semaine sans que le projet urbain des Deux-Rives ne comporte sa petite nouveaut\u00e9. Alors que les immeubles poussent chaque jour un peu plus vite, <b>et que les commerces et services commencent enfin \u00e0 pointer le bout de leur nez pr\u00e8s des nouvelles habitations<\/b>, c\u2019est tout un pan de ville qui est en pleine \u00e9volution.<\/p>\n<p class=\"p1\">Tandis que les nouveaux quartiers Citadelle et Starlette sortent de terre pour accompagner celui de la Coop, le Port du Rhin se sentait un peu d\u00e9laiss\u00e9. <b>Mais cet \u00e9t\u00e9, des travaux vont se lancer pour donner forme au projet de la Cour des Douanes<\/b>, m\u00ealant logements, promenades, \u00e9quipements sportifs et m\u00eame une m\u00e9diath\u00e8que \u00e0 l\u2019horizon 2030.<\/p>\n<p>                <a href=\"https:\/\/pokaa.fr\/2025\/03\/30\/deux-rives-9-nouveautes-qui-vont-bouleverser-le-strasbourg-du-futur-en-2025\/\" target=\"_blank\" rel=\"noopener\"><br \/>\n                    <img width=\"450\" height=\"270\" src=\"https:\/\/www.europesays.com\/fr\/wp-content\/uploads\/2025\/04\/img-8535-grande-450x270.jpeg\" class=\"attachment-card-horizontal--same-subject size-card-horizontal--same-subject wp-post-image\" alt=\"\" decoding=\"async\" loading=\"lazy\"\/>                <\/a><\/p>\n<p>300 logements \u00e0 la Cour des Douanes, entre maintenant et 2030<\/p>\n<p class=\"p1\">Situ\u00e9 sur 20 000 m2 au nord-est du quartier, le long du Rhin, la Cour des Douanes va d\u2019abord permettre de cr\u00e9er plus de 300 nouveaux logements. Il y a l\u2019op\u00e9ration immobili\u00e8re \u00ab Les Escales du Rhin \u00bb,<b> avec ses 238 habitations r\u00e9parties en deux tours de 16 \u00e9tages rappelant les codes de la tour Seegmuller<\/b>, une r\u00e9sidence sociale s\u00e9nior et \u00e9galement un b\u00e2timent locatif de 6 \u00e9tages en prolongement de la Cit\u00e9 Loucheur.<\/p>\n<p class=\"p1\">Ce projet inclut \u00e9galement une cellule commerciale en rez-de-chauss\u00e9e du b\u00e2timent locatif de 6 \u00e9tages, tout comme un espace en toiture de la r\u00e9sidence sociale senior avec un local jardin, des pergolas, plantes et bacs paysagers accessibles aux r\u00e9sident(e)s. <b>Le projet sera ensuite compl\u00e9t\u00e9 par 88 autres logements dans un autre immeuble<\/b>, qui accueillera la future m\u00e9diath\u00e8que \u00e0 l\u2019horizon 2030.<\/p>\n<p>    <img width=\"800\" height=\"800\" src=\"https:\/\/www.europesays.com\/fr\/wp-content\/uploads\/2025\/07\/drawfield-02-rue-des-epis-bd-800x800.jpg\" class=\"attachment-image-size-L size-image-size-L\" alt=\"cour des douanes\" decoding=\"async\" loading=\"lazy\"  \/>         \u00a9 MCBAD Colomer Dumont Architectes et Richter et associ\u00e9s Architectes \/ Document remis <\/p>\n<p>M\u00e9diath\u00e8que, plaine sportive, promenade et parking : les services arrivent<\/p>\n<p class=\"p1\">Car non, le projet de la Cour des Douanes n\u2019est pas seulement immobilier, bien au contraire. <a href=\"https:\/\/pokaa.fr\/2023\/05\/11\/securite-stationnement-et-animaux-en-ville-ce-que-strasbourg-a-decide-ce-mercredi\/\" target=\"_blank\" rel=\"noopener\">\u00c9voqu\u00e9e depuis 2 ans maintenant<\/a>, <b>une plaine sportive arrive enfin au Port du Rhin, au niveau des anciens parkings de la clinique Rh\u00e9na, rue Lina-Ritter et rue des Cavaliers<\/b>. Sur pr\u00e8s de 4000 m2, les habitant(e)s retrouveront une piste de danse, des agr\u00e8s, un terrain de badminton, un autre de volley, mais surtout un espace multisports avec deux terrains de basket 3\u00d73 et un terrain de futsal.<\/p>\n<p class=\"p1\"><b>Il y a ensuite l\u2019am\u00e9nagement d\u2019une promenade plant\u00e9e le long du Rhin, sur 500 m\u00e8tres de long et 60 m\u00e8tres de large<\/b>. Les premiers travaux concerneront la partie nord de la promenade, entre le pont Beatus-Rhenanus et le pont de chemin de fer, avant que son prolongement ne se fasse dans un second temps, pour un parc de 3 hectares reliant le Port du Rhin au Jardin des Deux-Rives. On y retrouvera des lieux o\u00f9 fl\u00e2ner, des zones o\u00f9 se poser et m\u00eame la plaine sportive.<\/p>\n<p>                <img width=\"667\" height=\"500\" src=\"https:\/\/www.europesays.com\/fr\/wp-content\/uploads\/2025\/07\/img-0627-667x500.jpg\" class=\"attachment-gallery size-gallery\" alt=\"parking rhena port du rhin foire saint jean\" data-full-url=\"https:\/\/pokaa.fr\/wp-content\/uploads\/2024\/06\/03\/img-0627.jpg\" decoding=\"async\" loading=\"lazy\"  \/>            <\/p>\n<p>                <img width=\"889\" height=\"500\" src=\"https:\/\/www.europesays.com\/fr\/wp-content\/uploads\/2025\/07\/5-edited-889x500.png\" class=\"attachment-gallery size-gallery\" alt=\"cour des douanes promenade du rhin\" data-full-url=\"https:\/\/pokaa.fr\/wp-content\/uploads\/2025\/07\/16\/5-edited.png\" decoding=\"async\" loading=\"lazy\"  \/>            <\/p>\n<p>                    1. \u00a9 Nicolas Kaspar \/ Pokaa ; 2. \u00a9 Agence TER \/ Document remis<\/p>\n<p class=\"p1\">Enfin, dans un temps plus long viendront la m\u00e9diath\u00e8que et le parking silo. Sur une surface de 800 m2, <b>la premi\u00e8re sera plac\u00e9e \u00e0 l\u2019angle sud-ouest du b\u00e2timent, face \u00e0 la Cit\u00e9 Loucheur, afin de r\u00e9pondre \u00e0 l\u2019absence de m\u00e9diath\u00e8que de proximit\u00e9<\/b>. \u00c0 partir de 2028, elle accueillera au rez-de-chauss\u00e9e un espace jeunesse, un espace ado ainsi qu\u2019une salle de m\u00e9diation culturelle.<\/p>\n<p class=\"p1\">Pour terminer, <b>un parking silo de 296 places va \u00eatre construit le long de la voie de chemin de fer. Il b\u00e9n\u00e9ficiera d\u2019une toiture avec environ 894 m2 de panneaux solaires<\/b>. Un nouveau parking dans le secteur, o\u00f9 les voitures ne stationnent plus dans la rue.<\/p>\n<p>                <img width=\"749\" height=\"500\" src=\"https:\/\/www.europesays.com\/fr\/wp-content\/uploads\/2025\/07\/capture-decran-2025-07-16-a-105859-749x500.png\" class=\"attachment-gallery size-gallery\" alt=\"cour des douanes\" data-full-url=\"https:\/\/pokaa.fr\/wp-content\/uploads\/2025\/07\/16\/capture-decran-2025-07-16-a-105859.png\" decoding=\"async\" loading=\"lazy\"  \/>            <\/p>\n<p>                <img width=\"888\" height=\"500\" src=\"https:\/\/www.europesays.com\/fr\/wp-content\/uploads\/2025\/07\/entree-2-bd-888x500.jpg\" class=\"attachment-gallery size-gallery\" alt=\"parking cour des douanes\" data-full-url=\"https:\/\/pokaa.fr\/wp-content\/uploads\/2025\/07\/16\/entree-2-bd.jpg\" decoding=\"async\" loading=\"lazy\"  \/>            <\/p>\n<p>                    1. \u00a9 ANMA Architectes \/ Document remis ; 2. \u00a9 Nogha architectes \/ Document remis<\/p>\n<p>Quel calendrier ?<\/p>\n<p class=\"p1\"><strong>C<\/strong><b>et ambitieux projet s\u2019\u00e9talera sur la fin de la d\u00e9cennie, avec d\u2019abord les services et ensuite les logements<\/b>. Les premiers travaux ont d\u00e9but\u00e9, notamment du c\u00f4t\u00e9 de l\u2019am\u00e9nagement de la plaine sportive. Des travaux qui s\u2019\u00e9tendront jusqu\u2019en septembre, entrecoup\u00e9s par le d\u00e9montage, la restauration et la r\u00e9installation du Hat Trick, le city-stade autrefois pr\u00e9sent dans l\u2019ancienne Cour des Douanes.<\/p>\n<p class=\"p1\">\u00c0 la mi-juillet d\u00e9marre l\u2019am\u00e9nagement de la promenade du Rhin et des espaces publics de la Cour des Douanes, un chantier qui va ensuite s\u2019\u00e9taler jusqu\u2019au mois de mai 2026. Enfin, \u00e0 partir du printemps 2026 et jusqu\u2019en 2030, les logements commenceront \u00e0 \u00eatre construits, tout comme le parking silo en 2027, puis la m\u00e9diath\u00e8que en 2028. <b>Beaucoup de nouveaut\u00e9s pour un quartier du Port du Rhin en plein changement, au niveau de ses \u00e9quipements mais aussi de sa future population<\/b>.<\/p>\n","protected":false},"excerpt":{"rendered":"Alors que les nouveaux quartiers continuent de se d\u00e9velopper au sein du projet urbain des Deux-Rives, celui du&hellip;\n","protected":false},"author":2,"featured_media":256023,"comment_status":"","ping_status":"","sticky":false,"template":"","format":"standard","meta":{"footnotes":""},"categories":[2820],"tags":[1111,11,39603,4557,1777,674,1011,27,775,12,28134,25,640],"class_list":{"0":"post-256022","1":"post","2":"type-post","3":"status-publish","4":"format-standard","5":"has-post-thumbnail","7":"category-strasbourg","8":"tag-actu","9":"tag-actualites","10":"tag-cour-des-douanes","11":"tag-deux-rives","12":"tag-eu","13":"tag-europe","14":"tag-fr","15":"tag-france","16":"tag-grand-est","17":"tag-news","18":"tag-port-du-rhin","19":"tag-republique-francaise","20":"tag-strasbourg"},"share_on_mastodon":{"url":"https:\/\/pubeurope.com\/@fr\/114873552565665952","error":""},"_links":{"self":[{"href":"https:\/\/www.europesays.com\/fr\/wp-json\/wp\/v2\/posts\/256022","targetHints":{"allow":["GET"]}}],"collection":[{"href":"https:\/\/www.europesays.com\/fr\/wp-json\/wp\/v2\/posts"}],"about":[{"href":"https:\/\/www.europesays.com\/fr\/wp-json\/wp\/v2\/types\/post"}],"author":[{"embeddable":true,"href":"https:\/\/www.europesays.com\/fr\/wp-json\/wp\/v2\/users\/2"}],"replies":[{"embeddable":true,"href":"https:\/\/www.europesays.com\/fr\/wp-json\/wp\/v2\/comments?post=256022"}],"version-history":[{"count":0,"href":"https:\/\/www.europesays.com\/fr\/wp-json\/wp\/v2\/posts\/256022\/revisions"}],"wp:featuredmedia":[{"embeddable":true,"href":"https:\/\/www.europesays.com\/fr\/wp-json\/wp\/v2\/media\/256023"}],"wp:attachment":[{"href":"https:\/\/www.europesays.com\/fr\/wp-json\/wp\/v2\/media?parent=256022"}],"wp:term":[{"taxonomy":"category","embeddable":true,"href":"https:\/\/www.europesays.com\/fr\/wp-json\/wp\/v2\/categories?post=256022"},{"taxonomy":"post_tag","embeddable":true,"href":"https:\/\/www.europesays.com\/fr\/wp-json\/wp\/v2\/tags?post=256022"}],"curies":[{"name":"wp","href":"https:\/\/api.w.org\/{rel}","templated":true}]}}