{"id":256024,"date":"2025-07-18T09:34:09","date_gmt":"2025-07-18T09:34:09","guid":{"rendered":"https:\/\/www.europesays.com\/fr\/256024\/"},"modified":"2025-07-18T09:34:09","modified_gmt":"2025-07-18T09:34:09","slug":"voici-ce-qui-est-prevu-2","status":"publish","type":"post","link":"https:\/\/www.europesays.com\/fr\/256024\/","title":{"rendered":"voici ce qui est pr\u00e9vu"},"content":{"rendered":"<p>            Par<br \/>\n        <strong><br \/>\n            <a href=\"https:\/\/actu.fr\/auteur\/olivia-kouassi\" title=\"Consulter tous les articles de Olivia Kouassi\" target=\"_blank\" rel=\"noopener\">Olivia Kouassi<\/a><br \/>\n        <\/strong><\/p>\n<p>        Publi\u00e9 le<\/p>\n<p>            18 juil. 2025 \u00e0 11h16        <\/p>\n<p>Apr\u00e8s plusieurs semaines <a href=\"https:\/\/actu.fr\/grand-est\/strasbourg_67482\/strasbourg-de-nombreux-travaux-commencent-ce-lundi-voici-le-detail-des-perturbations_62867263.html\" target=\"_blank\" rel=\"noopener\">de grosses perturbations<\/a>, les travaux du ring v\u00e9lo touchent \u00e0 leur fin sur le secteur de la <strong>Krutenau<\/strong> \u00e0 <a href=\"https:\/\/actu.fr\/grand-est\/strasbourg_67482\" target=\"_blank\" rel=\"noopener\">Strasbourg<\/a> (Bas-Rhin). La tr\u00e8s fr\u00e9quent\u00e9e <strong>rue des Orphelins,<\/strong> <strong>ferm\u00e9e \u00e0 la circulation jusqu\u2019au 21\u00a0juillet,<\/strong> est au c\u0153ur de cette transformation d\u2019importance.<\/p>\n<p class=\" wall-content\">D\u00e9couvrez les am\u00e9nagements pr\u00e9vus par la municipalit\u00e9.<\/p>\n<p>Une piste cyclable et la circulation automobile maintenue<\/p>\n<p class=\" wall-content\">Le projet de ring cyclable, annonc\u00e9 par la Ville d\u00e8s 2020 a pour objectif de <strong>r\u00e9gler la cohabitation entre pi\u00e9tons et cyclistes au centre-ville<\/strong> en offrant aux v\u00e9los un itin\u00e9raire s\u00e9curis\u00e9. Alors que cette cohabitation est parfois compliqu\u00e9e sur le quai des Bateliers, <strong>la cr\u00e9ation d\u2019une piste cyclable bidirectionnelle<\/strong><strong> rue des Orphelins<\/strong>, avec une s\u00e9paration physique avec la chauss\u00e9e, devrait permettre de le d\u00e9sencombrer.<\/p>\n<p class=\" wall-content\">Sur cet axe central de la Krutenau,<strong> la ligne de bus 10<\/strong> circulera toujours et la circulation automobile restera <strong>\u00e0 double sens<\/strong>.<\/p>\n<p>Vid\u00e9os : en ce moment sur ActuAgrandissement des trottoirs \u00e0 la demande des commer\u00e7ants<\/p>\n<p class=\" wall-content\"><a href=\"https:\/\/actu.fr\/grand-est\/strasbourg_67482\/on-est-etrangle-a-peine-ouvert-ce-restaurant-de-strasbourg-galere-avec-les-travaux-du-ring-velo_62918469.html\" target=\"_blank\" rel=\"noopener\">Face \u00e0 l\u2019inqui\u00e9tude de certains restaurateurs face au nombre limit\u00e9s de places de stationnements,<\/a> <strong>Pierre Ozenne,<\/strong> adjoint en charge notamment des espaces publics partag\u00e9s et des voiries, tient \u00e0 rappeler que c\u2019est<strong> \u00e0 leur demande<\/strong> que le choix a \u00e9t\u00e9 fait <strong>d\u2019agrandir les trottoirs<\/strong> pour permettre d\u2019installer de plus grandes terrasses tout en laissant un passage pi\u00e9ton.<\/p>\n<p class=\" wall-content\">Seules <strong>quelques places de livraison et de stationnement de courte dur\u00e9e<\/strong> seront am\u00e9nag\u00e9es dans la rue.<\/p>\n<p class=\" wall-content\">\u00ab\u2009Madame la maire s\u2019est rendue au printemps aupr\u00e8s des restaurateurs qui ont exprim\u00e9 cette demande\u2009\u00bb, pr\u00e9cise Pierre Ozenne qui rappelle la proximit\u00e9 de la rue avec le parking Austerlitz et celui de la place du Mar\u00e9chal de Lattre de Tassigny.<\/p>\n<p class=\" wall-content\">Suivez toute l\u2019actualit\u00e9 de vos villes et m\u00e9dias favoris en vous inscrivant \u00e0 <a href=\"https:\/\/moncompte.actu.fr\" title=\"D\u00e9couvez Mon Actu\" rel=\"nofollow noopener\" data-trk=\"{&quot;cta&quot;:{&quot;action&quot;:&quot;https:\\\/\\\/moncompte.actu.fr&quot;,&quot;category&quot;:&quot;mon compte&quot;,&quot;from&quot;:&quot;article footer&quot;,&quot;name&quot;:&quot;Mon actu&quot;,&quot;type&quot;:&quot;cta&quot;}}\" target=\"_blank\">Mon Actu<\/a>.<\/p>\n","protected":false},"excerpt":{"rendered":"Par Olivia Kouassi Publi\u00e9 le 18 juil. 2025 \u00e0 11h16 Apr\u00e8s plusieurs semaines de grosses perturbations, les travaux&hellip;\n","protected":false},"author":2,"featured_media":256025,"comment_status":"","ping_status":"","sticky":false,"template":"","format":"standard","meta":{"footnotes":""},"categories":[2820],"tags":[1111,11,1777,674,1011,27,775,12,4798,25,104,640,2086,208],"class_list":{"0":"post-256024","1":"post","2":"type-post","3":"status-publish","4":"format-standard","5":"has-post-thumbnail","7":"category-strasbourg","8":"tag-actu","9":"tag-actualites","10":"tag-eu","11":"tag-europe","12":"tag-fr","13":"tag-france","14":"tag-grand-est","15":"tag-news","16":"tag-pistes-cyclables","17":"tag-republique-francaise","18":"tag-societe","19":"tag-strasbourg","20":"tag-travaux","21":"tag-velo"},"share_on_mastodon":{"url":"https:\/\/pubeurope.com\/@fr\/114873556205029189","error":""},"_links":{"self":[{"href":"https:\/\/www.europesays.com\/fr\/wp-json\/wp\/v2\/posts\/256024","targetHints":{"allow":["GET"]}}],"collection":[{"href":"https:\/\/www.europesays.com\/fr\/wp-json\/wp\/v2\/posts"}],"about":[{"href":"https:\/\/www.europesays.com\/fr\/wp-json\/wp\/v2\/types\/post"}],"author":[{"embeddable":true,"href":"https:\/\/www.europesays.com\/fr\/wp-json\/wp\/v2\/users\/2"}],"replies":[{"embeddable":true,"href":"https:\/\/www.europesays.com\/fr\/wp-json\/wp\/v2\/comments?post=256024"}],"version-history":[{"count":0,"href":"https:\/\/www.europesays.com\/fr\/wp-json\/wp\/v2\/posts\/256024\/revisions"}],"wp:featuredmedia":[{"embeddable":true,"href":"https:\/\/www.europesays.com\/fr\/wp-json\/wp\/v2\/media\/256025"}],"wp:attachment":[{"href":"https:\/\/www.europesays.com\/fr\/wp-json\/wp\/v2\/media?parent=256024"}],"wp:term":[{"taxonomy":"category","embeddable":true,"href":"https:\/\/www.europesays.com\/fr\/wp-json\/wp\/v2\/categories?post=256024"},{"taxonomy":"post_tag","embeddable":true,"href":"https:\/\/www.europesays.com\/fr\/wp-json\/wp\/v2\/tags?post=256024"}],"curies":[{"name":"wp","href":"https:\/\/api.w.org\/{rel}","templated":true}]}}