{"id":256026,"date":"2025-07-18T09:35:10","date_gmt":"2025-07-18T09:35:10","guid":{"rendered":"https:\/\/www.europesays.com\/fr\/256026\/"},"modified":"2025-07-18T09:35:10","modified_gmt":"2025-07-18T09:35:10","slug":"un-incident-perturbe-le-reseau-de-tramway-a-nice","status":"publish","type":"post","link":"https:\/\/www.europesays.com\/fr\/256026\/","title":{"rendered":"Un incident perturbe le r\u00e9seau de tramway \u00e0 Nice"},"content":{"rendered":"<p>Un <strong>incident technique<\/strong> s\u2019est produit ce vendredi 18 juillet 2025 sur la <strong>ligne 2 et 3 du tramway de Nice<\/strong>.<\/p>\n<p>Vers 9h30, deux stations n\u2019\u00e9taient plus desservies: Alsace-Lorraine et le Centre universitaire M\u00e9diterran\u00e9en. Les usagers, fort marris, ont trouv\u00e9 porte close.<\/p>\n<p>Un <strong>service partiel<\/strong> a \u00e9t\u00e9 mis en place, en carrousel, par Lignes d\u2019Azur.<\/p>\n<p>L\u2019incident \u00e9tait en cours de r\u00e9solution peut avant 10 heures ce matin.<\/p>\n","protected":false},"excerpt":{"rendered":"Un incident technique s\u2019est produit ce vendredi 18 juillet 2025 sur la ligne 2 et 3 du tramway&hellip;\n","protected":false},"author":2,"featured_media":256027,"comment_status":"","ping_status":"","sticky":false,"template":"","format":"standard","meta":{"footnotes":""},"categories":[2819],"tags":[1111,11,1777,674,1011,27,803,12,2401,882,25],"class_list":{"0":"post-256026","1":"post","2":"type-post","3":"status-publish","4":"format-standard","5":"has-post-thumbnail","7":"category-nice","8":"tag-actu","9":"tag-actualites","10":"tag-eu","11":"tag-europe","12":"tag-fr","13":"tag-france","14":"tag-info-trafic","15":"tag-news","16":"tag-nice","17":"tag-provence-alpes-cote-dazur","18":"tag-republique-francaise"},"share_on_mastodon":{"url":"https:\/\/pubeurope.com\/@fr\/114873560197103434","error":""},"_links":{"self":[{"href":"https:\/\/www.europesays.com\/fr\/wp-json\/wp\/v2\/posts\/256026","targetHints":{"allow":["GET"]}}],"collection":[{"href":"https:\/\/www.europesays.com\/fr\/wp-json\/wp\/v2\/posts"}],"about":[{"href":"https:\/\/www.europesays.com\/fr\/wp-json\/wp\/v2\/types\/post"}],"author":[{"embeddable":true,"href":"https:\/\/www.europesays.com\/fr\/wp-json\/wp\/v2\/users\/2"}],"replies":[{"embeddable":true,"href":"https:\/\/www.europesays.com\/fr\/wp-json\/wp\/v2\/comments?post=256026"}],"version-history":[{"count":0,"href":"https:\/\/www.europesays.com\/fr\/wp-json\/wp\/v2\/posts\/256026\/revisions"}],"wp:featuredmedia":[{"embeddable":true,"href":"https:\/\/www.europesays.com\/fr\/wp-json\/wp\/v2\/media\/256027"}],"wp:attachment":[{"href":"https:\/\/www.europesays.com\/fr\/wp-json\/wp\/v2\/media?parent=256026"}],"wp:term":[{"taxonomy":"category","embeddable":true,"href":"https:\/\/www.europesays.com\/fr\/wp-json\/wp\/v2\/categories?post=256026"},{"taxonomy":"post_tag","embeddable":true,"href":"https:\/\/www.europesays.com\/fr\/wp-json\/wp\/v2\/tags?post=256026"}],"curies":[{"name":"wp","href":"https:\/\/api.w.org\/{rel}","templated":true}]}}