{"id":256039,"date":"2025-07-18T09:42:14","date_gmt":"2025-07-18T09:42:14","guid":{"rendered":"https:\/\/www.europesays.com\/fr\/256039\/"},"modified":"2025-07-18T09:42:14","modified_gmt":"2025-07-18T09:42:14","slug":"concert-inspire-de-la-nouvelle-orleans","status":"publish","type":"post","link":"https:\/\/www.europesays.com\/fr\/256039\/","title":{"rendered":"Concert inspir\u00e9 de la Nouvelle-Orl\u00e9ans"},"content":{"rendered":"<p>\t\t\t\t\t\t\t<img loading=\"lazy\" decoding=\"async\" src=\"data:image\/svg+xml,%3Csvg%20xmlns=\" http:=\"\" class=\"img-fluid\" alt=\"Photo d'un groupe de musiciens en plein concert The Jazz Room\" width=\"1024\" height=\"683\" data-lazy-src=\"https:\/\/www.europesays.com\/fr\/wp-content\/uploads\/2025\/07\/8_s9q3jv-1024x683.jpg\"\/><\/p>\n<p>Si l\u2019on pouvait remonter dans le temps, on pourrait se rendre aux concerts de Django Reinhardt, Claude Nougaro ou encore Louis Armstrong et Ella Fitzgerald <strong>\u00e0 l\u2019\u00e2ge d\u2019or de la sc\u00e8ne jazz toulousaine<\/strong>. Malheureusement on ne peut pas, mais ce que l\u2019on peut faire, c\u2019est <strong>revivre la folie des ann\u00e9es 20 <\/strong>dans un concert live aux allures de Nouvelle-Orl\u00e9ans. <a href=\"https:\/\/feverup.com\/m\/347149\" rel=\"noopener noreferrer\" target=\"_blank\" class=\"shortcode-outbound-link\" data-has-ga=\"true\" data-ga-type=\"click\" data-label=\"https:\/\/feverup.com\/m\/347149\" data-action=\"text_cta_0\" data-tracked=\"1\" data-category=\"click_sales\" data-cp_smn_source=\"toulousesecret\" data-cp_smn_content=\"the-jazz-room-toulouse\" data-cp_smn_term=\"text_cta_0\">The Jazz Room \u00e0 Toulouse<\/a>, c\u2019est l\u2019opportunit\u00e9 de remonter dans le temps pendant une heure.<\/p>\n<p>Et quoi de mieux qu\u2019un cabaret pour reproduire<strong> l\u2019ambiance intimiste et chaleureuse des clubs de jazz.<\/strong> En plein Toulouse, c\u2019est le <strong>Cabaret La V\u00e9nus<\/strong> qui vous accueillera sur ses si\u00e8ges de velours rouge et qui offrira sa sc\u00e8ne \u00e0 ce concert vibrant.<\/p>\n<p>\t\t\t\tThe Jazz Room : un voyage au c\u0153ur de La Nouvelle-Orl\u00e9ans<\/p>\n<p>\t&#8211;<\/p>\n<p>\t4.56<br \/>\n\t\u00b7<\/p>\n<p>\t\t<a href=\"https:\/\/feverup.com\/m\/347149\/reviews\/\" rel=\"noopener noreferrer\" target=\"_blank\" class=\"text-decoration-underline text-body position-relative z-1\" data-has-ga=\"true\" data-ga-type=\"click\" data-label=\"https:\/\/feverup.com\/m\/347149\/reviews\/\" data-action=\"profile_card_reviews\" data-tracked=\"1\" data-category=\"click_sales\" data-cp_smn_source=\"toulousesecret\" data-cp_smn_content=\"the-jazz-room-toulouse\" data-cp_smn_term=\"profile_card_reviews\">86 reviews<\/a><\/p>\n<p>Cabaret La V\u00e9nus<\/p>\n<p>\n\t\t<strong>\u00c0 partir de 26,00\u20ac<br \/>\n\t\t<\/strong>\n\t<\/p>\n<p>Qu\u2019est-ce que \u00ab\u00a0The Jazz Room\u00a0\u00bb ?<\/p>\n<p>Embarquez pour <strong>un v\u00e9ritable voyage dans le temps<\/strong>, transport\u00e9 au c\u0153ur des clubs enfum\u00e9s de la Nouvelle-Orl\u00e9ans des ann\u00e9es 1920 lors de ce spectacle captivant de 60 minutes. Sous <strong>la lueur chaleureuse d\u2019un lampadaire d\u2019\u00e9poque<\/strong>, des musiciens professionnels redonnent vie aux grands classiques du jazz tout en rendant hommage \u00e0 <strong>l\u2019esprit d\u2019improvisation<\/strong> qui fait l\u2019essence du genre. La setlist, soigneusement \u00e9labor\u00e9e, <strong>traversera l\u2019histoire du jazz<\/strong>, de la joie communicative de \u00ab\u00a0When The Saints Go Marching In\u00a0\u00bb de Louis Armstrong \u00e0 l\u2019\u00e9nergie moderne de \u00ab\u00a0Cantaloupe Island\u00a0\u00bb d\u2019Herbie Hancock.<\/p>\n<p>Le jazz, son histoire et le spectacle<\/p>\n<p>N\u00e9 au d\u00e9but du XXe si\u00e8cle, le jazz s\u2019impose comme une r\u00e9volution artistique issue du foisonnement culturel de la Nouvelle-Orl\u00e9ans, o\u00f9 <strong>traditions rythmiques africaines, harmonies europ\u00e9ennes et influences carib\u00e9ennes<\/strong> se rencontrent. Ce sont les musiciens afro-am\u00e9ricains qui, en transformant le <strong>ragtime<\/strong> structur\u00e9 et l\u2019expressivit\u00e9 du <strong>blues,<\/strong> ont donn\u00e9 naissance \u00e0 <strong>un langage musical enti\u00e8rement nouveau<\/strong>.<\/p>\n<p>Le spectacle se d\u00e9roulera comme <a href=\"https:\/\/feverup.com\/m\/347149\" rel=\"noopener noreferrer\" target=\"_blank\" class=\"shortcode-outbound-link\" data-has-ga=\"true\" data-ga-type=\"click\" data-label=\"https:\/\/feverup.com\/m\/347149\" data-action=\"text_cta_1\" data-tracked=\"1\" data-category=\"click_sales\" data-cp_smn_source=\"toulousesecret\" data-cp_smn_content=\"the-jazz-room-toulouse\" data-cp_smn_term=\"text_cta_1\">un voyage \u00e0 travers l\u2019\u00e9volution du jazz<\/a> : il d\u00e9butera par les classiques de la Nouvelle-Orl\u00e9ans comme \u00ab\u00a0<strong>Freddie Freeloader<\/strong>\u00a0\u00bb de Miles Davis ou <strong>\u00ab\u00a0Stella By Starlight<\/strong>\u00a0\u00bb de Chet Baker, avant de s\u2019aventurer vers des territoires plus complexes avec <strong>des improvisations instrumentales.<\/strong> La derni\u00e8re partie rendra hommage au Great American Songbook, avec des interpr\u00e9tations de standards comme \u00ab\u00a0<strong>Fly Me To The Moon<\/strong>\u00a0\u00bb de Frank Sinatra ou <strong>\u00ab\u00a0Summertime\u00a0\u00bb<\/strong> de Billie Holiday, chaque musicien ayant l\u2019occasion de briller lors de solos improvis\u00e9s.<\/p>\n<p><img fetchpriority=\"high\" decoding=\"async\" class=\"alignnone wp-image-12310 size-full\" src=\"data:image\/svg+xml,%3Csvg%20xmlns=\" http:=\"\" alt=\"Photo d'une chanteuse en plein concert The Jazz Room\" width=\"1200\" height=\"800\" data-lazy- data-lazy- data-lazy-src=\"https:\/\/www.europesays.com\/fr\/wp-content\/uploads\/2025\/07\/6_v57eo1.jpg\"\/><\/p>\n<p>Installez-vous dans les si\u00e8ges confortables du<strong> Cabaret La Venus<\/strong>, et laissez-vous s\u00e9duire par les notes des musiciens de <a href=\"https:\/\/feverup.com\/m\/347149\" rel=\"noopener noreferrer\" target=\"_blank\" class=\"shortcode-outbound-link\" data-has-ga=\"true\" data-ga-type=\"click\" data-label=\"https:\/\/feverup.com\/m\/347149\" data-action=\"text_cta_3\" data-tracked=\"1\" data-category=\"click_sales\" data-cp_smn_source=\"toulousesecret\" data-cp_smn_content=\"the-jazz-room-toulouse\" data-cp_smn_term=\"text_cta_3\">The Jazz Room<\/a>. Les portes ouvriront <strong>30 minutes avant le d\u00e9but du concert<\/strong> pour que vous ayez le temps de vous impr\u00e9gner de l\u2019ambiance.<\/p>\n<p>\t\t\t\tThe Jazz Room : un voyage au c\u0153ur de La Nouvelle-Orl\u00e9ans<\/p>\n<p>\t&#8211;<\/p>\n<p>\t4.56<br \/>\n\t\u00b7<\/p>\n<p>\t\t<a href=\"https:\/\/feverup.com\/m\/347149\/reviews\/\" rel=\"noopener noreferrer\" target=\"_blank\" class=\"text-decoration-underline text-body position-relative z-1\" data-has-ga=\"true\" data-ga-type=\"click\" data-label=\"https:\/\/feverup.com\/m\/347149\/reviews\/\" data-action=\"profile_card_reviews\" data-tracked=\"1\" data-category=\"click_sales\" data-cp_smn_source=\"toulousesecret\" data-cp_smn_content=\"the-jazz-room-toulouse\" data-cp_smn_term=\"profile_card_reviews\">86 reviews<\/a><\/p>\n<p>Cabaret La V\u00e9nus<\/p>\n<p>\n\t\t<strong>\u00c0 partir de 26,00\u20ac<br \/>\n\t\t<\/strong>\n\t<\/p>\n","protected":false},"excerpt":{"rendered":"Si l\u2019on pouvait remonter dans le temps, on pourrait se rendre aux concerts de Django Reinhardt, Claude Nougaro&hellip;\n","protected":false},"author":2,"featured_media":256040,"comment_status":"","ping_status":"","sticky":false,"template":"","format":"standard","meta":{"footnotes":""},"categories":[2816],"tags":[1111,11,1777,674,1011,27,6910,12,2680,39399,25,2312],"class_list":{"0":"post-256039","1":"post","2":"type-post","3":"status-publish","4":"format-standard","5":"has-post-thumbnail","7":"category-toulouse","8":"tag-actu","9":"tag-actualites","10":"tag-eu","11":"tag-europe","12":"tag-fr","13":"tag-france","14":"tag-jazz","15":"tag-news","16":"tag-occitanie","17":"tag-petit-concert","18":"tag-republique-francaise","19":"tag-toulouse"},"share_on_mastodon":{"url":"https:\/\/pubeurope.com\/@fr\/114873587773387353","error":""},"_links":{"self":[{"href":"https:\/\/www.europesays.com\/fr\/wp-json\/wp\/v2\/posts\/256039","targetHints":{"allow":["GET"]}}],"collection":[{"href":"https:\/\/www.europesays.com\/fr\/wp-json\/wp\/v2\/posts"}],"about":[{"href":"https:\/\/www.europesays.com\/fr\/wp-json\/wp\/v2\/types\/post"}],"author":[{"embeddable":true,"href":"https:\/\/www.europesays.com\/fr\/wp-json\/wp\/v2\/users\/2"}],"replies":[{"embeddable":true,"href":"https:\/\/www.europesays.com\/fr\/wp-json\/wp\/v2\/comments?post=256039"}],"version-history":[{"count":0,"href":"https:\/\/www.europesays.com\/fr\/wp-json\/wp\/v2\/posts\/256039\/revisions"}],"wp:featuredmedia":[{"embeddable":true,"href":"https:\/\/www.europesays.com\/fr\/wp-json\/wp\/v2\/media\/256040"}],"wp:attachment":[{"href":"https:\/\/www.europesays.com\/fr\/wp-json\/wp\/v2\/media?parent=256039"}],"wp:term":[{"taxonomy":"category","embeddable":true,"href":"https:\/\/www.europesays.com\/fr\/wp-json\/wp\/v2\/categories?post=256039"},{"taxonomy":"post_tag","embeddable":true,"href":"https:\/\/www.europesays.com\/fr\/wp-json\/wp\/v2\/tags?post=256039"}],"curies":[{"name":"wp","href":"https:\/\/api.w.org\/{rel}","templated":true}]}}