{"id":256047,"date":"2025-07-18T09:46:13","date_gmt":"2025-07-18T09:46:13","guid":{"rendered":"https:\/\/www.europesays.com\/fr\/256047\/"},"modified":"2025-07-18T09:46:13","modified_gmt":"2025-07-18T09:46:13","slug":"on-etait-seuls-il-ny-avait-personne","status":"publish","type":"post","link":"https:\/\/www.europesays.com\/fr\/256047\/","title":{"rendered":"On \u00e9tait seuls, il n&rsquo;y avait personne"},"content":{"rendered":"<p>\u00ab\u00a0C\u2019\u00e9tait un paradis. C\u2019est la d\u00e9solation\u00a0\u00bb. Debout au milieu de la v\u00e9g\u00e9tation calcin\u00e9e, Ga\u00eblle contemple \u00ab\u00a0le carnage\u00a0\u00bb.<a href=\"https:\/\/www.laprovence.com\/article\/faits-divers-justice\/80274092510251\/incendie-a-marseille-les-habitants-qui-ont-du-fuir-leur-domicile-autorises-a-rentrer-chez-eux-ce-jeudi-matin\" target=\"_blank\" rel=\"noopener\"> Le 8\u00a0juillet, en quelques heures<\/a>, les quatre maisons de ses fr\u00e8res et s\u0153urs et de ses parents, situ\u00e9es \u00e0 L\u2019Estaque, chemin des Mariniers, ont \u00e9t\u00e9 d\u00e9truites par les flammes. Seule la sienne a \u00e9t\u00e9 \u00e9pargn\u00e9e. Tout autour, sur cet immense terrain de 4 hectares parsem\u00e9 de pins, \u00ab\u00a0un terrain h\u00e9rit\u00e9 des mes arri\u00e8re-grands-parents\u00a0\u00bb, ce n\u2019est plus que cendres, arbres calcin\u00e9s, ruines. \u00ab\u00a0<a href=\"https:\/\/www.laprovence.com\/article\/region\/13013702844094\/c-est-toute-une-vie-qui-a-disparu-des-dizaines-de-marseillais-ont-vu-leur-maison-detruite-par-l-incendie\" target=\"_blank\" rel=\"noopener\">Mes fr\u00e8res, il ne reste plus que les murs de leurs maisons<\/a>. Mes parents, il y a des fissures, on va devoir raser la maison. C\u2019est toute une vie qui est partie\u00a0\u00bb, r\u00e9sume tristement cette m\u00e8re de trois enfants.<\/p>\n<p>Ce 8\u00a0juillet, en fin de matin\u00e9e, cette infirmi\u00e8re est chez elle lorsqu\u2019elle aper\u00e7oit au loin, de l\u2019autre c\u00f4t\u00e9 de la colline, vers Les Pennes-Mirabeau, les premi\u00e8res fum\u00e9es. \u00ab\u00a0On a d\u00e9j\u00e0 connu l\u2019incendie de\u00a02001. Mon p\u00e8re a grimp\u00e9 l\u00e0-haut sur un rocher. Mon fr\u00e8re, sur un autre. Et on s\u2019est mis aux aguets. Mon p\u00e8re nous a dit\u00a0: si \u00e7a passe les cr\u00eates, c\u2019est foutu. \u00c0 14 h 30, c\u2019\u00e9tait le cas.\u00a0\u00bb Toute la famille d\u00e9cide alors de partir en urgence\u00a0: \u00ab\u00a0Quand je suis arriv\u00e9e en bas du chemin, sur la route goudronn\u00e9e, le feu \u00e9tait \u00e0 dix m\u00e8tres de moi\u00a0\u00bb, raconte Ga\u00eblle, des frissons dans la voix.<\/p>\n","protected":false},"excerpt":{"rendered":"\u00ab\u00a0C\u2019\u00e9tait un paradis. C\u2019est la d\u00e9solation\u00a0\u00bb. Debout au milieu de la v\u00e9g\u00e9tation calcin\u00e9e, Ga\u00eblle contemple \u00ab\u00a0le carnage\u00a0\u00bb. Le&hellip;\n","protected":false},"author":2,"featured_media":256048,"comment_status":"","ping_status":"","sticky":false,"template":"","format":"standard","meta":{"footnotes":""},"categories":[2814],"tags":[17,1111,11,8485,1777,674,1011,27,1310,2868,884,15179,12,5241,882,16,25,39604],"class_list":{"0":"post-256047","1":"post","2":"type-post","3":"status-publish","4":"format-standard","5":"has-post-thumbnail","7":"category-marseille","8":"tag-17","9":"tag-actu","10":"tag-actualites","11":"tag-etait","12":"tag-eu","13":"tag-europe","14":"tag-fr","15":"tag-france","16":"tag-incendie","17":"tag-juillet","18":"tag-marseille","19":"tag-ny","20":"tag-news","21":"tag-on","22":"tag-provence-alpes-cote-dazur","23":"tag-region","24":"tag-republique-francaise","25":"tag-seuls"},"share_on_mastodon":{"url":"https:\/\/pubeurope.com\/@fr\/114873603413512974","error":""},"_links":{"self":[{"href":"https:\/\/www.europesays.com\/fr\/wp-json\/wp\/v2\/posts\/256047","targetHints":{"allow":["GET"]}}],"collection":[{"href":"https:\/\/www.europesays.com\/fr\/wp-json\/wp\/v2\/posts"}],"about":[{"href":"https:\/\/www.europesays.com\/fr\/wp-json\/wp\/v2\/types\/post"}],"author":[{"embeddable":true,"href":"https:\/\/www.europesays.com\/fr\/wp-json\/wp\/v2\/users\/2"}],"replies":[{"embeddable":true,"href":"https:\/\/www.europesays.com\/fr\/wp-json\/wp\/v2\/comments?post=256047"}],"version-history":[{"count":0,"href":"https:\/\/www.europesays.com\/fr\/wp-json\/wp\/v2\/posts\/256047\/revisions"}],"wp:featuredmedia":[{"embeddable":true,"href":"https:\/\/www.europesays.com\/fr\/wp-json\/wp\/v2\/media\/256048"}],"wp:attachment":[{"href":"https:\/\/www.europesays.com\/fr\/wp-json\/wp\/v2\/media?parent=256047"}],"wp:term":[{"taxonomy":"category","embeddable":true,"href":"https:\/\/www.europesays.com\/fr\/wp-json\/wp\/v2\/categories?post=256047"},{"taxonomy":"post_tag","embeddable":true,"href":"https:\/\/www.europesays.com\/fr\/wp-json\/wp\/v2\/tags?post=256047"}],"curies":[{"name":"wp","href":"https:\/\/api.w.org\/{rel}","templated":true}]}}