{"id":256049,"date":"2025-07-18T09:47:09","date_gmt":"2025-07-18T09:47:09","guid":{"rendered":"https:\/\/www.europesays.com\/fr\/256049\/"},"modified":"2025-07-18T09:47:09","modified_gmt":"2025-07-18T09:47:09","slug":"oullins-pierre-benite-et-le-leclerc-champvert-deboutes-par-la-justice","status":"publish","type":"post","link":"https:\/\/www.europesays.com\/fr\/256049\/","title":{"rendered":"Oullins-Pierre-B\u00e9nite et le Leclerc Champvert d\u00e9bout\u00e9s par la justice"},"content":{"rendered":"<p>                            <img loading=\"lazy\" width=\"770\" height=\"433\" class=\"attachment-article size-article wp-post-image lazyload\" alt=\"Oullins \u2013 la grande rue \u00a9 Antoine Merlet\" decoding=\"async\" src=\"https:\/\/www.europesays.com\/fr\/wp-content\/uploads\/2025\/07\/028_Oullins_2020-770x433.jpg\"  data- data-eio-rwidth=\"770\" data-eio-rheight=\"433\"\/><\/p>\n<p>Oullins contestait notamment la mise en sens unique exp\u00e9rimentale de la Grande rue. (\u00a9 Antoine Merlet \u2013 Lyon Capitale)<\/p>\n<p class=\"content\" style=\"font-size:1.2em;font-weight:700\">La justice a rejet\u00e9 les recours de la commune d&rsquo;Oullins-Pierre-B\u00e9nite et du supermarch\u00e9 Leclerc de Champvert contre les Voies lyonnaises n\u00b06 et n\u00b08.<\/p>\n<p>Par deux jugements du 16 juillet, le tribunal administratif de Lyon a rejet\u00e9 les requ\u00eates de la ville d&rsquo;Oullins-Pierre-B\u00e9nite et du magasin Leclerc de Champvert qui attaquaient les d\u00e9lib\u00e9rations approuvant le lancement des travaux des voies lyonnaises n\u00b06 et n\u00b08.<\/p>\n<p>\u00ab\u00a0Les am\u00e9nagements concern\u00e9s ne peuvent pas \u00eatre regard\u00e9s comme ayant une incidence sur la seule commune d\u2019Oullins-Pierre-B\u00e9nite\u00a0\u00bb<\/p>\n<p>\u00c0 Oullins, le maire LR J\u00e9r\u00f4me Moroge reprochait notamment \u00e0 la M\u00e9tropole de Lyon de ne pas avoir sollicit\u00e9 l&rsquo;avis du conseil municipal pour mettre en \u0153uvre l&rsquo;exp\u00e9rimentation de la mise \u00e0 sens unique de la Grande rue. Les juges ont consid\u00e9r\u00e9 que : \u00ab\u00a0Si les dispositions l\u00e9gales imposent \u00e0 la M\u00e9tropole de solliciter l\u2019avis du conseil municipal d\u2019une commune membre pour toute d\u00e9cision dont les effets ne concernent que cette commune, les am\u00e9nagements concern\u00e9s ne peuvent pas \u00eatre regard\u00e9s comme ayant une incidence sur la seule commune d\u2019Oullins-Pierre-B\u00e9nite puisque la portion de voirie concern\u00e9e n\u2019a pas qu\u2019un r\u00f4le de desserte locale.\u00a0\u00bb<\/p>\n<p>Le Leclerc Champvert dans le 5e arrondissement de Lyon a lui aussi \u00e9t\u00e9 d\u00e9bout\u00e9, alors qu&rsquo;il attaquait la mise en \u0153uvre d&rsquo;une Voie lyonnaise avenue Barth\u00e9l\u00e9my Buyer. Ses avocats soutenaient ainsi que le projet aurait du faire l&rsquo;objet d&rsquo;une \u00e9valuation environnementale. Argument rejet\u00e9 par la justice qui rappelle \u00ab\u00a0que le projet d\u2019am\u00e9nagement, qui porte sur un tron\u00e7on de seulement 2,6 km de la voie lyonnaise est suffisamment autonome pour constituer un projet au sens du code de l\u2019environnement et n\u2019avait pas \u00e0 faire l\u2019objet d\u2019une \u00e9valuation environnementale\u00a0\u00bb.<\/p>\n<p>Nouvelle victoire pour la M\u00e9tropole de Lyon<\/p>\n<p>Et la juridiction de conclure \u00ab\u00a0que la M\u00e9tropole de Lyon a bien pris en consid\u00e9ration dans la conception du projet les contraintes sp\u00e9cifiques li\u00e9es \u00e0 l\u2019activit\u00e9 commerciale de la SAS Lyon Dis ainsi que celles relatives aux livraisons, y compris celles effectu\u00e9es avec des v\u00e9hicules de grande dimension.\u00a0\u00bb<\/p>\n<p>Le semaine derni\u00e8re, <a href=\"https:\/\/www.lyoncapitale.fr\/justice\/le-tribunal-administratif-de-lyon-rejette-les-recours-contre-le-projet-presqu-ile-a-vivre\" target=\"_blank\" rel=\"noreferrer noopener nofollow\">la justice avait par ailleurs valid\u00e9 le projet Presqu&rsquo;\u00eele \u00e0 vivre<\/a>, attaqu\u00e9 par l&rsquo;ADPL notamment. \u00ab\u00a0Les arguments pr\u00e9sent\u00e9s par les requ\u00e9rants sur les entraves \u00e0 la circulation automobile ne permettent pas d\u2019\u00e9tablir une erreur manifeste d\u2019appr\u00e9ciation commise par la M\u00e9tropole, les conditions d\u2019acc\u00e8s \u00e0 la presqu\u2019\u00eele n\u2019\u00e9tant pas fondamentalement modifi\u00e9es\u00a0\u00bb, avait notamment indiqu\u00e9 le tribunal administratif.<\/p>\n","protected":false},"excerpt":{"rendered":"Oullins contestait notamment la mise en sens unique exp\u00e9rimentale de la Grande rue. (\u00a9 Antoine Merlet \u2013 Lyon&hellip;\n","protected":false},"author":2,"featured_media":256050,"comment_status":"","ping_status":"","sticky":false,"template":"","format":"standard","meta":{"footnotes":""},"categories":[1889],"tags":[1111,11,2430,1777,674,1011,27,2428,12,25],"class_list":{"0":"post-256049","1":"post","2":"type-post","3":"status-publish","4":"format-standard","5":"has-post-thumbnail","7":"category-lyon","8":"tag-actu","9":"tag-actualites","10":"tag-auvergne-rhone-alpes","11":"tag-eu","12":"tag-europe","13":"tag-fr","14":"tag-france","15":"tag-lyon","16":"tag-news","17":"tag-republique-francaise"},"share_on_mastodon":{"url":"https:\/\/pubeurope.com\/@fr\/114873607403721073","error":""},"_links":{"self":[{"href":"https:\/\/www.europesays.com\/fr\/wp-json\/wp\/v2\/posts\/256049","targetHints":{"allow":["GET"]}}],"collection":[{"href":"https:\/\/www.europesays.com\/fr\/wp-json\/wp\/v2\/posts"}],"about":[{"href":"https:\/\/www.europesays.com\/fr\/wp-json\/wp\/v2\/types\/post"}],"author":[{"embeddable":true,"href":"https:\/\/www.europesays.com\/fr\/wp-json\/wp\/v2\/users\/2"}],"replies":[{"embeddable":true,"href":"https:\/\/www.europesays.com\/fr\/wp-json\/wp\/v2\/comments?post=256049"}],"version-history":[{"count":0,"href":"https:\/\/www.europesays.com\/fr\/wp-json\/wp\/v2\/posts\/256049\/revisions"}],"wp:featuredmedia":[{"embeddable":true,"href":"https:\/\/www.europesays.com\/fr\/wp-json\/wp\/v2\/media\/256050"}],"wp:attachment":[{"href":"https:\/\/www.europesays.com\/fr\/wp-json\/wp\/v2\/media?parent=256049"}],"wp:term":[{"taxonomy":"category","embeddable":true,"href":"https:\/\/www.europesays.com\/fr\/wp-json\/wp\/v2\/categories?post=256049"},{"taxonomy":"post_tag","embeddable":true,"href":"https:\/\/www.europesays.com\/fr\/wp-json\/wp\/v2\/tags?post=256049"}],"curies":[{"name":"wp","href":"https:\/\/api.w.org\/{rel}","templated":true}]}}