{"id":256063,"date":"2025-07-18T09:55:10","date_gmt":"2025-07-18T09:55:10","guid":{"rendered":"https:\/\/www.europesays.com\/fr\/256063\/"},"modified":"2025-07-18T09:55:10","modified_gmt":"2025-07-18T09:55:10","slug":"les-negociations-de-paix-avec-la-russie-necessitent-un-grand-elan","status":"publish","type":"post","link":"https:\/\/www.europesays.com\/fr\/256063\/","title":{"rendered":"Les n\u00e9gociations de paix avec la Russie n\u00e9cessitent un grand \u00e9lan"},"content":{"rendered":"<p class=\"p1\">AKARTA &#8211; Le pr\u00e9sident ukrainien Volodymyr Zelenskyy a d\u00e9clar\u00e9 que les n\u00e9gociations de paix avec la Russie n\u00e9cessitaient \u00ab un grand moment \u00bb.<\/p>\n<p class=\"p1\">Zelenskyy a appel\u00e9 le nouveau secr\u00e9taire du Conseil de s\u00e9curit\u00e9 et de d\u00e9fense nationale, Rustem Umerov, \u00e0 intensifier les n\u00e9gociations.<\/p>\n<p class=\"p1\">ar sur les deux tours de n\u00e9gociations entre l\u2019Ukraine et la Russie en Turquie plus t\u00f4t cette ann\u00e9e n\u2019a abouti \u00e0 qu\u2019\u00e0 un accord sur l\u2019\u00e9change de prisonniers et de cadavres de l\u2019arm\u00e9e. Il n\u2019y a pas eu de date fix\u00e9e pour un nouveau tour de n\u00e9gociations.<\/p>\n<p class=\"p1\">\u00ab La mise en \u0153uvre de l\u2019accord de la deuxi\u00e8me r\u00e9union d\u2019Istanbul est en cours \u00bb, a \u00e9crit Zelenskyy sur X.<\/p>\n<p class=\"p1\">ina : \u201cLe processus n\u00e9cessite plus d&rsquo;\u00e9lan\u201d<\/p>\n<p class=\"p1\">r\u00e8tement sur une grande partie du front est, la Russie s\u2019est dit \u00e0 plusieurs reprises qu\u2019elle est pr\u00eate pour un nouveau cycle de n\u00e9gociations, mais n\u2019a pas recul\u00e9 de ce que Kiev et ses alli\u00e9s ont d\u00e9crit comme un objectif de guerre maximale.<\/p>\n<p class=\"p1\">r\u00e9nit par la Russie ces derni\u00e8res semaines dans un contexte d\u2019aggravation des frappes a\u00e9riennes contre des villes ukrainiennes, a menac\u00e9 de sanctions plus strictes contre la Russie plus t\u00f4t cette semaine si un accord de paix n\u2019est pas conclu dans les 50 jours.<\/p>\n<p class=\"p1\">Zelenskyy a \u00e9galement charg\u00e9 le ministre de la D\u00e9fense Umerov de conclure des accords d\u2019armement avec les alli\u00e9s de Kiev.<\/p>\n<p class=\"p1\">Kiev, qui d\u00e9pend toujours de ses partenaires occidentaux pour plus de la moiti\u00e9 de son terrain de guerre, esp\u00e8re qu\u2019une am\u00e9lioration de l\u2019industrie de la d\u00e9fense int\u00e9rieure aidera \u00e0 repousser les moteurs de guerre russes plus grands et plus avanc\u00e9s.<\/p>\n<p class=\"p1\">\u00ab Nous devons ex\u00e9cuter pleinement tout accord avec nos partenaires concernant l\u2019approvisionnement en armes \u00bb, a \u00e9crit Zelenskyy.<\/p>\n<p class=\"p1\">\u00ab Avec un nouvel accord sp\u00e9cial sur la cr\u00e9ation d\u2019une fabrication conjointe et la construction d\u2019installations de production dans les zones partenaires \u00bb, a-t-il poursuivi.<\/p>\n<p>The English, Chinese, Japanese, Arabic, and French versions are automatically generated by the AI. So there may still be inaccuracies in translating, please always see Indonesian as our main language.<br \/>\n                                    (system supported by DigitalSiber.id)<\/p>\n","protected":false},"excerpt":{"rendered":"AKARTA &#8211; Le pr\u00e9sident ukrainien Volodymyr Zelenskyy a d\u00e9clar\u00e9 que les n\u00e9gociations de paix avec la Russie n\u00e9cessitaient&hellip;\n","protected":false},"author":2,"featured_media":256064,"comment_status":"","ping_status":"","sticky":false,"template":"","format":"standard","meta":{"footnotes":""},"categories":[1591],"tags":[11,1887,12,39605,1885,1886,132],"class_list":{"0":"post-256063","1":"post","2":"type-post","3":"status-publish","4":"format-standard","5":"has-post-thumbnail","7":"category-russie","8":"tag-actualites","9":"tag-federation-de-russie","10":"tag-news","11":"tag-ronyme-le-president-ukrainien-volodymyr-zelenskyy-a-declare-que-les-negociations-de-paix-avec-la-russie-avaient-besoin-dun-plus-grand-moment","12":"tag-russia","13":"tag-russian-federation","14":"tag-russie"},"share_on_mastodon":{"url":"https:\/\/pubeurope.com\/@fr\/114873638839180441","error":""},"_links":{"self":[{"href":"https:\/\/www.europesays.com\/fr\/wp-json\/wp\/v2\/posts\/256063","targetHints":{"allow":["GET"]}}],"collection":[{"href":"https:\/\/www.europesays.com\/fr\/wp-json\/wp\/v2\/posts"}],"about":[{"href":"https:\/\/www.europesays.com\/fr\/wp-json\/wp\/v2\/types\/post"}],"author":[{"embeddable":true,"href":"https:\/\/www.europesays.com\/fr\/wp-json\/wp\/v2\/users\/2"}],"replies":[{"embeddable":true,"href":"https:\/\/www.europesays.com\/fr\/wp-json\/wp\/v2\/comments?post=256063"}],"version-history":[{"count":0,"href":"https:\/\/www.europesays.com\/fr\/wp-json\/wp\/v2\/posts\/256063\/revisions"}],"wp:featuredmedia":[{"embeddable":true,"href":"https:\/\/www.europesays.com\/fr\/wp-json\/wp\/v2\/media\/256064"}],"wp:attachment":[{"href":"https:\/\/www.europesays.com\/fr\/wp-json\/wp\/v2\/media?parent=256063"}],"wp:term":[{"taxonomy":"category","embeddable":true,"href":"https:\/\/www.europesays.com\/fr\/wp-json\/wp\/v2\/categories?post=256063"},{"taxonomy":"post_tag","embeddable":true,"href":"https:\/\/www.europesays.com\/fr\/wp-json\/wp\/v2\/tags?post=256063"}],"curies":[{"name":"wp","href":"https:\/\/api.w.org\/{rel}","templated":true}]}}