{"id":256067,"date":"2025-07-18T09:57:18","date_gmt":"2025-07-18T09:57:18","guid":{"rendered":"https:\/\/www.europesays.com\/fr\/256067\/"},"modified":"2025-07-18T09:57:18","modified_gmt":"2025-07-18T09:57:18","slug":"une-enquete-audio-sur-un-quadruple-crime-aux-etats-unis-en-tete-des-ventes-alors-que-laffaire-nest-pas-jugee","status":"publish","type":"post","link":"https:\/\/www.europesays.com\/fr\/256067\/","title":{"rendered":"Une enqu\u00eate audio sur un quadruple crime aux \u00c9tats-Unis en t\u00eate des ventes alors que l\u2019affaire n\u2019est pas jug\u00e9e"},"content":{"rendered":"<p>L\u2019\u00e9crivain James Patterson et la journaliste d\u2019investigation Vicky Ward promettent dans The Idaho Four\u00a0: An American Tragedy, de faire la lumi\u00e8re sur le meurtre de quatre \u00e9tudiants de l\u2019Idaho en 2022. Le principal suspect sera fix\u00e9 sur son sort le 23 juillet.<\/p>\n<p class=\"fig-paragraph\">C\u2019est une affaire qui glace l\u2019Am\u00e9rique. En novembre 2022, quatre \u00e9tudiants de l\u2019universit\u00e9 de l\u2019Idaho sont retrouv\u00e9s morts dans leur maison de Moscow, petite ville du nord-ouest des \u00c9tats-Unis. Un an plus tard, le principal suspect,\u00a0<a href=\"http:\/\/www.lefigaro.fr\/flash-actu\/un-americain-arrete-et-inculpe-pour-le-meurtre-de-quatre-etudiants-20221230\" target=\"_blank\" data-fig-type=\"NewsFlash\" rel=\"noopener\" data-gtm-custom-categorie=\"navigation\" data-gtm-custom-action=\"crossclick\" data-gtm-custom-label=\"Contextuel\" data-gtm-event=\"customEventSPE\" data-fig-domain=\"LEFIGARO\">Bryan Kohberger<\/a>, doctorant en criminologie, reconna\u00eet les faits. Il attend d\u00e9sormais de conna\u00eetre le verdict de son proc\u00e8s qui doit \u00eatre prononc\u00e9 le 23 juillet. Mais avant m\u00eame la d\u00e9cision de la cour, un livre audio sur l\u2019affaire, publi\u00e9 lundi 14 juillet, est d\u00e9j\u00e0 en t\u00eate des ventes sur la plateforme Amazon.<\/p>\n<p class=\"fig-paragraph\">\u00c9crit par le c\u00e9l\u00e8bre auteur\u00a0<a href=\"https:\/\/www.lefigaro.fr\/livres\/2016\/09\/02\/03005-20160902ARTFIG00250-comment-james-patterson-est-devenu-l-ecrivain-le-plus-riche-du-monde.php\" target=\"_blank\" data-fig-type=\"Article\" rel=\"noopener\" data-gtm-custom-categorie=\"navigation\" data-gtm-custom-action=\"crossclick\" data-gtm-custom-label=\"Contextuel\" data-gtm-event=\"customEventSPE\" data-fig-domain=\"LEFIGARO\">James Patterson<\/a>\u00a0et la journaliste d\u2019investigation Vicky Ward, The Idaho Four\u00a0: An American Tragedy promet de faire la lumi\u00e8re sur \u00ab\u00a0ce que la police locale et le FBI ont fait de bien. Et ce qu\u2019ils ont fait de mal\u00a0\u00bb. Selon le magazine\u00a0<a href=\"https:\/\/variety.com\/2025\/shopping\/news\/idaho-murders-bryan-kohberger-books-read-online-audiobook-1236464107\/\" target=\"_blank\" rel=\"sponsored noopener\" data-gtm-custom-categorie=\"navigation\" data-gtm-custom-action=\"crossclick\" data-gtm-custom-label=\"Contextuel\" data-gtm-event=\"customEventSPE\">Variety<\/a>, le livre s\u2019appuie sur plus de 300 t\u00e9moignages et donne un \u00e9clairage sur le parcours du tueur pr\u00e9sum\u00e9, son obsession suppos\u00e9e pour l\u2019une des victimes, et la faille s\u00e9curitaire qu\u2019il aurait exploit\u00e9e.<\/p>\n<p>                                    <a class=\"fig-a11y-skip a11y-hidden\" href=\"#fig-a11y-skip-main-inarticle\"><br \/>\n        Passer la publicit\u00e9<br \/>\n    <\/a><\/p>\n<p>Des s\u00e9ries en pr\u00e9paration<\/p>\n<p class=\"fig-paragraph\">Le magazine am\u00e9ricain indique qu\u2019Amazon a d\u00e9j\u00e0 pris une option sur les droits d\u2019auteur du livre pour une prochaine s\u00e9rie documentaire et une s\u00e9rie sc\u00e9naris\u00e9e bas\u00e9e sur les reportages des deux auteurs. Les plateformes audio suivent le mouvement. Le podcast The Idaho Murders\u00a0: The Case Against Bryan Kohberger, diffus\u00e9 sur\u00a0<a href=\"http:\/\/www.lefigaro.fr\/medias\/spotify-investit-un-million-d-euros-pour-produire-des-livres-audios-en-france-20250411\" target=\"_blank\" data-fig-type=\"NewsFlash\" rel=\"noopener\" data-gtm-custom-categorie=\"navigation\" data-gtm-custom-action=\"crossclick\" data-gtm-custom-label=\"Contextuel\" data-gtm-event=\"customEventSPE\" data-fig-domain=\"LEFIGARO\">Spotify<\/a>, figure parmi les plus \u00e9cout\u00e9s aux \u00c9tats-Unis. Il revient, \u00e9pisode par \u00e9pisode, sur l\u2019enqu\u00eate, les indices ADN, les possibles erreurs polici\u00e8res et la psychologie de l\u2019accus\u00e9.<\/p>\n<p class=\"fig-paragraph\">Pendant 30 mois, Bryan Kohberger a clam\u00e9 son innocence avant de plaider coupable mercredi 2 juillet. Un changement de strat\u00e9gie de d\u00e9fense qui repose sur sa volont\u00e9 d\u2019\u00e9chapper \u00e0 la peine de mort.<\/p>\n","protected":false},"excerpt":{"rendered":"L\u2019\u00e9crivain James Patterson et la journaliste d\u2019investigation Vicky Ward promettent dans The Idaho Four\u00a0: An American Tragedy, de&hellip;\n","protected":false},"author":2,"featured_media":256068,"comment_status":"","ping_status":"","sticky":false,"template":"","format":"standard","meta":{"footnotes":""},"categories":[1589],"tags":[11,73,1866,12,2694,1864,1865,1863,308],"class_list":{"0":"post-256067","1":"post","2":"type-post","3":"status-publish","4":"format-standard","5":"has-post-thumbnail","7":"category-etats-unis","8":"tag-actualites","9":"tag-etats-unis","10":"tag-etats-unis-damerique","11":"tag-news","12":"tag-proces","13":"tag-united-states","14":"tag-united-states-of-america","15":"tag-us","16":"tag-usa"},"share_on_mastodon":{"url":"https:\/\/pubeurope.com\/@fr\/114873647088507955","error":""},"_links":{"self":[{"href":"https:\/\/www.europesays.com\/fr\/wp-json\/wp\/v2\/posts\/256067","targetHints":{"allow":["GET"]}}],"collection":[{"href":"https:\/\/www.europesays.com\/fr\/wp-json\/wp\/v2\/posts"}],"about":[{"href":"https:\/\/www.europesays.com\/fr\/wp-json\/wp\/v2\/types\/post"}],"author":[{"embeddable":true,"href":"https:\/\/www.europesays.com\/fr\/wp-json\/wp\/v2\/users\/2"}],"replies":[{"embeddable":true,"href":"https:\/\/www.europesays.com\/fr\/wp-json\/wp\/v2\/comments?post=256067"}],"version-history":[{"count":0,"href":"https:\/\/www.europesays.com\/fr\/wp-json\/wp\/v2\/posts\/256067\/revisions"}],"wp:featuredmedia":[{"embeddable":true,"href":"https:\/\/www.europesays.com\/fr\/wp-json\/wp\/v2\/media\/256068"}],"wp:attachment":[{"href":"https:\/\/www.europesays.com\/fr\/wp-json\/wp\/v2\/media?parent=256067"}],"wp:term":[{"taxonomy":"category","embeddable":true,"href":"https:\/\/www.europesays.com\/fr\/wp-json\/wp\/v2\/categories?post=256067"},{"taxonomy":"post_tag","embeddable":true,"href":"https:\/\/www.europesays.com\/fr\/wp-json\/wp\/v2\/tags?post=256067"}],"curies":[{"name":"wp","href":"https:\/\/api.w.org\/{rel}","templated":true}]}}