{"id":256071,"date":"2025-07-18T09:59:11","date_gmt":"2025-07-18T09:59:11","guid":{"rendered":"https:\/\/www.europesays.com\/fr\/256071\/"},"modified":"2025-07-18T09:59:11","modified_gmt":"2025-07-18T09:59:11","slug":"lallemagne-annonce-lexpulsion-de-81-condamnes-afghans-vers-leur-pays-dorigine","status":"publish","type":"post","link":"https:\/\/www.europesays.com\/fr\/256071\/","title":{"rendered":"L\u2019Allemagne annonce l\u2019expulsion de 81\u00a0condamn\u00e9s afghans vers leur pays d\u2019origine"},"content":{"rendered":"<p>                          <img loading=\"lazy\" decoding=\"async\" src=\"https:\/\/www.europesays.com\/fr\/wp-content\/uploads\/2025\/07\/754a6be_ftp-import-images-1-6pvrqhbvoisw-2025-07-01t163337z-1136154958-rc2sdfamejb1-rtrmadp-3-german.jpeg\" alt=\"Le ministre de l\u2019int\u00e9rieur allemand, Alexander Dobrindt, \u00e0 Berlin, le 1er juillet 2025. \"   width=\"664\" height=\"443\"\/>    Le ministre de l\u2019int\u00e9rieur allemand, Alexander Dobrindt, \u00e0 Berlin, le 1er juillet 2025.  NADJA WOHLLEBEN \/ REUTERS                   <\/p>\n<p class=\"article__paragraph  \">Le gouvernement allemand a annonc\u00e9, vendredi 18\u00a0juillet, avoir expuls\u00e9 81\u00a0Afghans condamn\u00e9s par la justice, la seconde op\u00e9ration de ce type depuis l\u2019\u00e9t\u00e9 dernier alors que Berlin affiche sa volont\u00e9 de durcir sa politique migratoire.<\/p>\n<p class=\"article__paragraph  \">\u00ab\u00a0Un vol d\u2019expulsion vient de d\u00e9coller, \u00e0 destination de l\u2019Afghanistan\u00a0\u00bb, a annonc\u00e9 le ministre de l\u2019int\u00e9rieur Alexander Dobrindt. Les expuls\u00e9s sont des \u00ab\u00a0hommes afghans soumis \u00e0 une d\u00e9cision d\u2019expulsion et qui ont d\u00e9j\u00e0 \u00e9t\u00e9 condamn\u00e9s par la justice p\u00e9nale\u00a0\u00bb, pr\u00e9cise un communiqu\u00e9 du minist\u00e8re.<\/p>\n<p class=\"article__paragraph  \">Les expulsions vers l\u2019Afghanistan sont controvers\u00e9es en raison du retour au pouvoir dans ce pays des talibans en ao\u00fbt\u00a02021, autorit\u00e9 que le gouvernement allemand ne reconna\u00eet pas et avec laquelle il n\u2019entretient pas de relations diplomatiques.<\/p>\n<p class=\"article__paragraph  \">Le gouvernement du chancelier Friedrich Merz, en fonctions depuis la mi-mai, veut renvoyer chez eux les demandeurs d\u2019asile afghans coupables de crimes en Allemagne. Le pr\u00e9c\u00e9dent gouvernement, dirig\u00e9 par le social-d\u00e9mocrate Olaf Scholz, avait expuls\u00e9, le 30\u00a0ao\u00fbt\u00a02024, un groupe de 28 Afghans condamn\u00e9s pour crimes, une premi\u00e8re depuis le retour au pouvoir des talibans, en ao\u00fbt\u00a02021.<\/p>\n<p class=\"article__paragraph  \">L\u2019op\u00e9ration men\u00e9e vendredi a pu se d\u00e9rouler gr\u00e2ce \u00e0 la m\u00e9diation du Qatar, a pr\u00e9cis\u00e9 le minist\u00e8re de l\u2019int\u00e9rieur. Mais Berlin avait r\u00e9cemment d\u00e9clar\u00e9 envisager de n\u00e9gocier directement avec les autorit\u00e9s talibanes pour faciliter l\u2019expulsion de d\u00e9linquants afghans. Ces expulsions \u00ab\u00a0doivent pouvoir se poursuivre \u00e0 l\u2019avenir. Les auteurs d\u2019infractions graves n\u2019ont pas le droit de s\u00e9journer dans notre pays\u00a0\u00bb, affirme le minist\u00e8re allemand dans son communiqu\u00e9.<\/p>\n<p class=\"article__paragraph  \">L\u2019Allemagne souhaite \u00e9galement revoir ses pratiques concernant les ressortissants syriens alors que la Syrie \u00e9tait jusqu\u2019\u00e0 pr\u00e9sent consid\u00e9r\u00e9e comme trop dangereuse pour autoriser des renvois et qu\u2019il n\u2019existait pas de relations diplomatiques avec le r\u00e9gime de l\u2019ancien dirigeant Bachar Al-Assad.<\/p>\n<p>                                Lire aussi |  Article r\u00e9serv\u00e9 \u00e0 nos abonn\u00e9s  <a href=\"https:\/\/www.lemonde.fr\/international\/article\/2025\/01\/27\/en-allemagne-la-droite-se-radicalise-sur-la-question-de-l-immigration_6517956_3210.html\" class=\"js-article-read-also catcher--favoris__link\" data-premium=\"1\" id=\"article-title-3407425\" rel=\"nofollow noopener\" target=\"_blank\">En Allemagne, pendant la courte campagne \u00e9lectorale, la droite se radicalise sur la question de l\u2019immigration<\/a>    <\/p>\n<p>   Lire plus tard  <\/p>\n<p class=\"author__detail\">  Le Monde avec AFP  <\/p>\n<p>                  <a href=\"https:\/\/www.lemonde.fr\/syndication\/\" class=\"reuse__content\" title=\"R\u00e9utiliser ce contenu\" target=\"_blank\" rel=\"nofollow noopener\">R\u00e9utiliser ce contenu<\/a>      <\/p>\n","protected":false},"excerpt":{"rendered":"Le ministre de l\u2019int\u00e9rieur allemand, Alexander Dobrindt, \u00e0 Berlin, le 1er juillet 2025. NADJA WOHLLEBEN \/ REUTERS Le&hellip;\n","protected":false},"author":2,"featured_media":256072,"comment_status":"","ping_status":"","sticky":false,"template":"","format":"standard","meta":{"footnotes":""},"categories":[1587],"tags":[11,672,1804,1805,1803,1777,674,1801,12,1802],"class_list":{"0":"post-256071","1":"post","2":"type-post","3":"status-publish","4":"format-standard","5":"has-post-thumbnail","7":"category-allemagne","8":"tag-actualites","9":"tag-allemagne","10":"tag-bundesrepublik-deutschland","11":"tag-de","12":"tag-deutschland","13":"tag-eu","14":"tag-europe","15":"tag-germany","16":"tag-news","17":"tag-republique-federale-dallemagne"},"share_on_mastodon":{"url":"https:\/\/pubeurope.com\/@fr\/114873654637040030","error":""},"_links":{"self":[{"href":"https:\/\/www.europesays.com\/fr\/wp-json\/wp\/v2\/posts\/256071","targetHints":{"allow":["GET"]}}],"collection":[{"href":"https:\/\/www.europesays.com\/fr\/wp-json\/wp\/v2\/posts"}],"about":[{"href":"https:\/\/www.europesays.com\/fr\/wp-json\/wp\/v2\/types\/post"}],"author":[{"embeddable":true,"href":"https:\/\/www.europesays.com\/fr\/wp-json\/wp\/v2\/users\/2"}],"replies":[{"embeddable":true,"href":"https:\/\/www.europesays.com\/fr\/wp-json\/wp\/v2\/comments?post=256071"}],"version-history":[{"count":0,"href":"https:\/\/www.europesays.com\/fr\/wp-json\/wp\/v2\/posts\/256071\/revisions"}],"wp:featuredmedia":[{"embeddable":true,"href":"https:\/\/www.europesays.com\/fr\/wp-json\/wp\/v2\/media\/256072"}],"wp:attachment":[{"href":"https:\/\/www.europesays.com\/fr\/wp-json\/wp\/v2\/media?parent=256071"}],"wp:term":[{"taxonomy":"category","embeddable":true,"href":"https:\/\/www.europesays.com\/fr\/wp-json\/wp\/v2\/categories?post=256071"},{"taxonomy":"post_tag","embeddable":true,"href":"https:\/\/www.europesays.com\/fr\/wp-json\/wp\/v2\/tags?post=256071"}],"curies":[{"name":"wp","href":"https:\/\/api.w.org\/{rel}","templated":true}]}}