{"id":256075,"date":"2025-07-18T10:01:23","date_gmt":"2025-07-18T10:01:23","guid":{"rendered":"https:\/\/www.europesays.com\/fr\/256075\/"},"modified":"2025-07-18T10:01:23","modified_gmt":"2025-07-18T10:01:23","slug":"lunion-europeenne-se-prepare-a-cibler-la-tech-americaine","status":"publish","type":"post","link":"https:\/\/www.europesays.com\/fr\/256075\/","title":{"rendered":"L\u2019Union europ\u00e9enne se pr\u00e9pare \u00e0 cibler la tech am\u00e9ricaine"},"content":{"rendered":"<p>L\u2019Union europ\u00e9enne se pr\u00e9pare \u00e0 cibler le secteur des services am\u00e9ricains, dont la \u00abtech\u00bb, en cas d\u2019\u00e9chec des n\u00e9gociations commerciales avec Washington sur les droits de douane, ont dit des diplomates europ\u00e9ens jeudi \u00e0 l\u2019AFP. Donald Trump a pris les Europ\u00e9ens de court le week-end dernier en d\u00e9cr\u00e9tant des droits de douane de 30% sur toutes les importations en provenance de l\u2019UE \u00e0 compter du 1er\u00a0ao\u00fbt.<\/p>\n<p>L\u2019Europe a encore l\u2019espoir de trouver une solution n\u00e9goci\u00e9e avec les \u00c9tats-Unis avant cette \u00e9ch\u00e9ance, mais pr\u00e9pare sa riposte dans le cas contraire. Avions, voitures, bourbon\u2026: elle a d\u00e9j\u00e0 \u00e9tabli une liste de produits qu\u2019elle pourrait taxer. Mais l\u2019UE envisage aussi de cibler les services am\u00e9ricains, y compris la tech et les services financiers, susceptibles d\u2019\u00eatre soumis \u00e0 des restrictions par exemple sur l\u2019acc\u00e8s aux march\u00e9s publics europ\u00e9ens.<\/p>\n<p>Lire aussi: <a href=\"https:\/\/www.letemps.ch\/articles\/peut-on-vraiment-negocier-avec-donald-trump-les-europeens-contraints-de-miser-sur-un-double-langage\" rel=\"nofollow noopener\" target=\"_blank\">Peut-on vraiment \u00abn\u00e9gocier\u00bb avec Donald Trump? Les Europ\u00e9ens contraints de miser sur un double langage<\/a>  <\/p>\n<p>Riposte par \u00e9tapes<\/p>\n<p>Un diplomate explique que l\u2019UE pourrait riposter par \u00e9tapes, en commen\u00e7ant par taxer progressivement les produits am\u00e9ricains, avant de passer aux services si n\u00e9cessaire. Quand un autre assure au contraire que l\u2019UE n\u2019a d\u2019autre choix que de r\u00e9pondre de fa\u00e7on ferme.<\/p>\n<p>Les \u00c9tats membres de l\u2019UE souhaitent garder toutes les options ouvertes, mais soutiennent les tentatives de la Commission pour parvenir \u00e0 un accord avant d\u2019engager des repr\u00e9sailles. Le principal n\u00e9gociateur commercial de l\u2019UE, Maros Sefcovic, s\u2019est rendu \u00e0 Washington mercredi pour des pourparlers avec ses homologues am\u00e9ricains, mais la Commission n\u2019a pas donn\u00e9 de d\u00e9tails sur ces rendez-vous.<\/p>\n<p>Des questions subsistent sur la volont\u00e9 de l\u2019Europe d\u2019engager un conflit commercial avec Donald Trump s\u2019il impose bien des droits de douane de 30% le 1er\u00a0ao\u00fbt. La France pousse Bruxelles \u00e0 adopter une position ferme, jusqu\u2019\u00e0 d\u00e9ployer son outil commercial le plus puissant, \u00abl\u2019instrument anti-coercition\u00bb, si les n\u00e9gociations avec les \u00c9tats-Unis \u00e9chouent.<\/p>\n<p>Surnomm\u00e9 \u00abbazooka\u00bb, cet outil a \u00e9t\u00e9 pens\u00e9 comme un instrument de dissuasion \u00e0 activer apr\u00e8s \u00e9puisement des voies diplomatiques. Il permettrait notamment le gel de l\u2019acc\u00e8s aux march\u00e9s publics europ\u00e9ens ou le blocage de certains investissements, mais n\u00e9cessite plusieurs mois pour entrer en vigueur.<\/p>\n<p>Lire aussi: <a href=\"https:\/\/www.letemps.ch\/articles\/l-union-europeenne-envoie-son-emissaire-a-washington-ce-mercredi-pour-negocier-les-droits-de-douane\" rel=\"nofollow noopener\" target=\"_blank\">L\u2019Union europ\u00e9enne envoie son \u00e9missaire \u00e0 Washington ce mercredi pour n\u00e9gocier les droits de douane<\/a>  <\/p>\n","protected":false},"excerpt":{"rendered":"L\u2019Union europ\u00e9enne se pr\u00e9pare \u00e0 cibler le secteur des services am\u00e9ricains, dont la \u00abtech\u00bb, en cas d\u2019\u00e9chec des&hellip;\n","protected":false},"author":2,"featured_media":256076,"comment_status":"","ping_status":"","sticky":false,"template":"","format":"standard","meta":{"footnotes":""},"categories":[1586],"tags":[11,1777,674,1779,1011,27,4438,12,25,1778,364],"class_list":{"0":"post-256075","1":"post","2":"type-post","3":"status-publish","4":"format-standard","5":"has-post-thumbnail","7":"category-europe","8":"tag-actualites","9":"tag-eu","10":"tag-europe","11":"tag-european-union","12":"tag-fr","13":"tag-france","14":"tag-free","15":"tag-news","16":"tag-republique-francaise","17":"tag-ue","18":"tag-union-europeenne"},"share_on_mastodon":{"url":"https:\/\/pubeurope.com\/@fr\/114873662450178430","error":""},"_links":{"self":[{"href":"https:\/\/www.europesays.com\/fr\/wp-json\/wp\/v2\/posts\/256075","targetHints":{"allow":["GET"]}}],"collection":[{"href":"https:\/\/www.europesays.com\/fr\/wp-json\/wp\/v2\/posts"}],"about":[{"href":"https:\/\/www.europesays.com\/fr\/wp-json\/wp\/v2\/types\/post"}],"author":[{"embeddable":true,"href":"https:\/\/www.europesays.com\/fr\/wp-json\/wp\/v2\/users\/2"}],"replies":[{"embeddable":true,"href":"https:\/\/www.europesays.com\/fr\/wp-json\/wp\/v2\/comments?post=256075"}],"version-history":[{"count":0,"href":"https:\/\/www.europesays.com\/fr\/wp-json\/wp\/v2\/posts\/256075\/revisions"}],"wp:featuredmedia":[{"embeddable":true,"href":"https:\/\/www.europesays.com\/fr\/wp-json\/wp\/v2\/media\/256076"}],"wp:attachment":[{"href":"https:\/\/www.europesays.com\/fr\/wp-json\/wp\/v2\/media?parent=256075"}],"wp:term":[{"taxonomy":"category","embeddable":true,"href":"https:\/\/www.europesays.com\/fr\/wp-json\/wp\/v2\/categories?post=256075"},{"taxonomy":"post_tag","embeddable":true,"href":"https:\/\/www.europesays.com\/fr\/wp-json\/wp\/v2\/tags?post=256075"}],"curies":[{"name":"wp","href":"https:\/\/api.w.org\/{rel}","templated":true}]}}