{"id":256079,"date":"2025-07-18T10:03:11","date_gmt":"2025-07-18T10:03:11","guid":{"rendered":"https:\/\/www.europesays.com\/fr\/256079\/"},"modified":"2025-07-18T10:03:11","modified_gmt":"2025-07-18T10:03:11","slug":"le-feu-est-maitrise-le-bilan-est-grave-pour-la-foret","status":"publish","type":"post","link":"https:\/\/www.europesays.com\/fr\/256079\/","title":{"rendered":"le feu est ma\u00eetris\u00e9, le bilan est \u00ab\u00a0grave pour la for\u00eat\u00a0\u00bb"},"content":{"rendered":"<p>            Par<br \/>\n        <strong><br \/>\n            <a href=\"https:\/\/actu.fr\/auteur\/journaliste-pl\" title=\"Consulter tous les articles de R\u00e9daction Plo\u00ebrmel\" rel=\"nofollow noopener\" target=\"_blank\">R\u00e9daction Plo\u00ebrmel<\/a><br \/>\n        <\/strong><\/p>\n<p>        Publi\u00e9 le<\/p>\n<p>            18 juil. 2025 \u00e0 10h12<br \/>\n        ; mis \u00e0 jour le 18 juil. 2025 \u00e0 11h04    <\/p>\n<p>Depuis le jeudi 17 juillet 2025, 15h45, la<b> for\u00eat de Broc\u00e9liande <\/b>est au c\u0153ur d\u2019un <b>vaste incendie<\/b> qui a ravag\u00e9 une<b> centaine d\u2019hectares de v\u00e9g\u00e9tation. <\/b>Si le <b>feu<\/b> est parti de la carri\u00e8re de la Troche \u00e0 Tr\u00e9horenteuc, il s\u2019est d\u00e9plac\u00e9 vers le massif de Paimpont.<\/p>\n<p class=\" wall-content\"><a href=\"https:\/\/actu.fr\/bretagne\/trehorenteuc_56256\/un-incendie-se-declare-a-broceliande-ce-que-lon-sait-du-depart-de-feu_62925494.html\" rel=\"nofollow noopener\" target=\"_blank\">\u00c0 22\u2009h\u200945, le \u00ab\u2009feu \u00e9tait fix\u00e9\u2009\u00bb,<\/a> annon\u00e7ait Patrice F\u00e9n\u00e9on, directeur des Territoires et de la Logistique pour le SDIS 35. <b>370 sapeurs-pompiers<\/b> bretons, mais aussi de Loire-Atlantique et de la Manche\u00a0ont veill\u00e9 toute la nuit pour <b>contenir les flammes.<\/b><\/p>\n<p class=\" wall-content\">Au lever du jour, ce vendredi, le <b>feu n\u2019est pas encore totalement ma\u00eetris\u00e9<\/b> mais \u00ab\u2009les conditions m\u00e9t\u00e9orologiques seront stationnaires jusqu\u2019\u00e0 l\u2019arriv\u00e9e d\u2019une perturbation pluvieuse dans la nuit de vendredi 18\u00a0juillet \u00e0 samedi 19\u00a0juillet 2025\u2009\u00bb, partage la Pr\u00e9fecture d\u2019Ille-et-Vilaine dans un communiqu\u00e9.<\/p>\n<p>    <img   decoding=\"async\" loading=\"lazy\" class=\"size-large\" src=\"https:\/\/www.europesays.com\/fr\/wp-content\/uploads\/2025\/07\/0d3c40f969786f04c40f96978c44c4v-960x640.jpg\" alt=\"Incendie broc\u00e9liande juillet 2025\" width=\"960\" height=\"640\"\/><br \/>\n    370 sapeurs-pompiers ont veill\u00e9 sur la for\u00eat de Broc\u00e9liande la nuit du 17 au 18\u00a0juillet 2025 pour contenir les flammes. \u00a9Ronan Houssin \/ Le Plo\u00ebrmelais<\/p>\n<p class=\" wall-content\">Le lieutenant colonel J\u00e9r\u00f4me Guinard du Sdis 35 a fait le point \u00e0 7 h 30 \u00e9voquant une \u00ab\u00a0<b>situation stabilis\u00e9e\u00a0\u00bb<\/b> sur Paimpont avec 120 hectares touch\u00e9s et 90 hectares br\u00fbl\u00e9s.<\/p>\n<blockquote class=\"ac-article-quote wall-content\">\n<p>On a travaill\u00e9 toute la nuit pour combattre le feu. Tout n\u2019est pas \u00e9teint \u00e0 l\u2019heure actuelle mais nous continuons d\u2019\u00e9teindre toutes les braises<\/p>\n<p>J\u00e9r\u00f4me Guinard, lieutenant-colonel Sdis 35<\/p><\/blockquote>\n<p>Vid\u00e9os : en ce moment sur Actu<\/p>\n<p class=\" wall-content\">Ce vendredi va \u00eatre consacr\u00e9 \u00e0 la <b>phase de noyage<\/b>, une op\u00e9ration appuy\u00e9e par les deux avions Air Tractor et Dash 8 afin d\u2019acc\u00e9der aux parties les plus escarp\u00e9es.<\/p>\n<p class=\" wall-content\">Le lieutenant-colonel souligne : \u00ab\u00a0Il n\u2019y a pas de bless\u00e9 et il n\u2019y a pas eu d\u2019\u00e9vacuation.\u00a0\u00bb<\/p>\n<p class=\" wall-content\">De bonnes nouvelles confort\u00e9es par l\u2019annonce d\u2019une m\u00e9t\u00e9o plus favorable en fin de journ\u00e9e et pour samedi, la pluie \u00e9tant attendue sur le massif.\u00a0<\/p>\n<p>10h : la pr\u00e9fecture annonce que le feu est ma\u00eetris\u00e9<\/p>\n<p class=\" wall-content\">\u00ab\u00a0Depuis 4h30, le <b>feu dans la for\u00eat de Broc\u00e9liande est ma\u00eetris\u00e9<\/b>\u00ab\u00a0, annonce la pr\u00e9fecture d\u2019Ille-et-Vilaine.<\/p>\n<p class=\" wall-content\">\u00ab\u00a0L\u2019ensemble du p\u00e9rim\u00e8tre de l\u2019incendie est sous contr\u00f4le. Le feu ne progresse plus.\u00a0\u00bb Les <b>pompiers du SDIS 35<\/b> restent mobilis\u00e9s pour des<b> actions de \u00ab\u00a0noyage.\u00a0\u00bb<\/b><\/p>\n<p class=\" wall-content\">Une \u00ab\u00a0zone assez vaste de ce massif a \u00e9t\u00e9 touch\u00e9e\u00a0\u00bb, et mobilis\u00e9e des moyens consid\u00e9rables : \u00ab\u00a0en renfort des nombreux pompiers, des moyens a\u00e9riens ont \u00e9t\u00e9 d\u00e9ploy\u00e9s avec trois avions, un h\u00e9licopt\u00e8re pour faire la reconnaissance.\u00a0\u00bb<\/p>\n<p>    <a href=\"https:\/\/www.facebook.com\/plugins\/video.php?height=314&amp;href=https%3A%2F%2Fwww.facebook.com%2FLePloermelais%2Fvideos%2F1283236456811851%2F&amp;show_text=true&amp;width=350&amp;t=0\" title=\"Ouvrie le lien\" rel=\"nofollow noopener\" target=\"_blank\">Cliquez ici pour visualiser le contenu<\/a><\/p>\n<p class=\" wall-content\">Le maire a aussi activ\u00e9 son <b>plan communal de sauvegarde<\/b> pour prot\u00e9ger la population. \u00ab\u00a0Une coordination efficace, sans faute\u00a0\u00bb, dixit la pr\u00e9fecture, \u00ab\u00a0avec les agriculteurs gr\u00e2ce \u00e0 la convention sign\u00e9e en d\u00e9but d\u2019ann\u00e9e.\u00a0\u00bb\u00a0<\/p>\n<p class=\" wall-content\">Le bilan forestier est \u00ab\u00a0grave, mais aucune victime n\u2019est \u00e0 d\u00e9plorer.\u00a0\u00bb\u00a0<\/p>\n<p class=\" wall-content\">Ce qu\u2019apprend la pr\u00e9fecture, c\u2019est que l\u2019incendie s\u2019est d\u00e9clar\u00e9 dans une zone o\u00f9 un <a href=\"https:\/\/actu.fr\/bretagne\/paimpont_35211\/foret-de-broceliande-on-a-suivi-les-pompiers-sur-le-terrain-voici-nos-photos_62724703.html\" rel=\"nofollow noopener\" target=\"_blank\">exercice grandeur nature avait \u00e9t\u00e9 r\u00e9alis\u00e9 en juin 2025.<\/a><\/p>\n<p class=\" wall-content\">\u00ab\u00a0Tout s\u2019est d\u00e9roul\u00e9 sans aucune anicroche, il n\u2019y a aucune difficult\u00e9 d\u2019articulation entre les acteurs. <a href=\"https:\/\/actu.fr\/bretagne\/campeneac_56032\/incendie-pres-de-ploermel-la-foret-de-broceliande-au-coeur-dun-important-feu_53093142.html\" rel=\"nofollow noopener\" target=\"_blank\">L\u2019exp\u00e9rience de l\u2019incendie de 2022 a port\u00e9 ses fruits<\/a>.\u00a0\u00bb<\/p>\n<p>    <img   decoding=\"async\" loading=\"lazy\" class=\"size-large\" src=\"https:\/\/www.europesays.com\/fr\/wp-content\/uploads\/2025\/07\/bcccdbd969786e0dcdbd96978c4dcdv-960x640.jpg\" alt=\"Incendie broc\u00e9liande juillet 2025\" width=\"960\" height=\"640\"\/><br \/>\n    Les casquettes rouges des communes de Broc\u00e9liande, ces habitants form\u00e9s \u00e0 la protection de la for\u00eat, sont aux c\u00f4t\u00e9s des pompiers, avec les agriculteurs, pour venir \u00e0 bout de l\u2019incendie. \u00a9Ronan Houssin \/ Le Plo\u00ebrmelaisL\u2019acc\u00e8s \u00e0 la for\u00eat strictement interdit<\/p>\n<p class=\" wall-content\">Face \u00e0 l\u2019incendie, des <b>mesures exceptionnelles <\/b>ont \u00e9t\u00e9 prises par la pr\u00e9fecture d\u2019Ille-et-Vilaine.<\/p>\n<p class=\" wall-content\">Le <b>bivouac, l\u2019acc\u00e8s, le stationnement, la circulation \u00e0 pied, \u00e0 cheval ou \u00e0 v\u00e9lo<\/b> sont <b>strictement interdits <\/b>juqu\u2019au vendredi 18\u00a0juillet 23h59 dans ou \u00e0 proximit\u00e9 des massifs bois\u00e9s dans l\u2019ensemble des communes class\u00e9es \u00e0 risque.<\/p>\n<p class=\" wall-content\">M\u00eame consigne pour les engins motoris\u00e9s sur les routes foresti\u00e8res et chemins communaux non goudronn\u00e9s traversant la for\u00eat.<\/p>\n<p class=\" wall-content\">\u00ab\u2009Une vigilance particuli\u00e8re est demand\u00e9e \u00e0 proximit\u00e9 des zones agricoles (chaumes, r\u00e9coltes sur pied) ou espaces naturels non entretenus, tr\u00e8s vuln\u00e9rables au moindre d\u00e9part de feu\u2009\u00bb, appuie encore la Pr\u00e9fecture.<\/p>\n<p class=\" wall-content\">Suivez toute l\u2019actualit\u00e9 de vos villes et m\u00e9dias favoris en vous inscrivant \u00e0 <a href=\"https:\/\/moncompte.actu.fr\" title=\"D\u00e9couvez Mon Actu\" rel=\"nofollow noopener\" data-trk=\"{&quot;cta&quot;:{&quot;action&quot;:&quot;https:\\\/\\\/moncompte.actu.fr&quot;,&quot;category&quot;:&quot;mon compte&quot;,&quot;from&quot;:&quot;article footer&quot;,&quot;name&quot;:&quot;Mon actu&quot;,&quot;type&quot;:&quot;cta&quot;}}\" target=\"_blank\">Mon Actu<\/a>.<\/p>\n","protected":false},"excerpt":{"rendered":"Par R\u00e9daction Plo\u00ebrmel Publi\u00e9 le 18 juil. 2025 \u00e0 10h12 ; mis \u00e0 jour le 18 juil. 2025&hellip;\n","protected":false},"author":2,"featured_media":256080,"comment_status":"","ping_status":"","sticky":false,"template":"","format":"standard","meta":{"footnotes":""},"categories":[2],"tags":[11,39517,118,1011,27,1310,12,1311,25],"class_list":{"0":"post-256079","1":"post","2":"type-post","3":"status-publish","4":"format-standard","5":"has-post-thumbnail","7":"category-actualites","8":"tag-actualites","9":"tag-broceliande","10":"tag-faits-divers","11":"tag-fr","12":"tag-france","13":"tag-incendie","14":"tag-news","15":"tag-pompiers","16":"tag-republique-francaise"},"share_on_mastodon":{"url":"https:\/\/pubeurope.com\/@fr\/114873670634040293","error":""},"_links":{"self":[{"href":"https:\/\/www.europesays.com\/fr\/wp-json\/wp\/v2\/posts\/256079","targetHints":{"allow":["GET"]}}],"collection":[{"href":"https:\/\/www.europesays.com\/fr\/wp-json\/wp\/v2\/posts"}],"about":[{"href":"https:\/\/www.europesays.com\/fr\/wp-json\/wp\/v2\/types\/post"}],"author":[{"embeddable":true,"href":"https:\/\/www.europesays.com\/fr\/wp-json\/wp\/v2\/users\/2"}],"replies":[{"embeddable":true,"href":"https:\/\/www.europesays.com\/fr\/wp-json\/wp\/v2\/comments?post=256079"}],"version-history":[{"count":0,"href":"https:\/\/www.europesays.com\/fr\/wp-json\/wp\/v2\/posts\/256079\/revisions"}],"wp:featuredmedia":[{"embeddable":true,"href":"https:\/\/www.europesays.com\/fr\/wp-json\/wp\/v2\/media\/256080"}],"wp:attachment":[{"href":"https:\/\/www.europesays.com\/fr\/wp-json\/wp\/v2\/media?parent=256079"}],"wp:term":[{"taxonomy":"category","embeddable":true,"href":"https:\/\/www.europesays.com\/fr\/wp-json\/wp\/v2\/categories?post=256079"},{"taxonomy":"post_tag","embeddable":true,"href":"https:\/\/www.europesays.com\/fr\/wp-json\/wp\/v2\/tags?post=256079"}],"curies":[{"name":"wp","href":"https:\/\/api.w.org\/{rel}","templated":true}]}}