{"id":256085,"date":"2025-07-18T10:07:10","date_gmt":"2025-07-18T10:07:10","guid":{"rendered":"https:\/\/www.europesays.com\/fr\/256085\/"},"modified":"2025-07-18T10:07:10","modified_gmt":"2025-07-18T10:07:10","slug":"video-top-14-chaque-fois-que-le-stade-toulousain-a-ete-champion-on-a-fracasse-les-mecs-devant-le-discours-de-mola-a-ses-joueurs-avant-la-finale-contre-lubb","status":"publish","type":"post","link":"https:\/\/www.europesays.com\/fr\/256085\/","title":{"rendered":"Vid\u00e9o. Top 14 \u2013 \u00ab\u00a0Chaque fois que le Stade toulousain a \u00e9t\u00e9 champion, on a fracass\u00e9 les mecs devant\u00a0\u00bb\u00a0: le discours de Mola \u00e0 ses joueurs avant la finale contre l\u2019UBB"},"content":{"rendered":"<p>\n                Quelques semaines apr\u00e8s avoir renvers\u00e9 l\u2019UBB en finale du Top 14, un documentaire immersif sur les coulisses du 24e Bouclier de Brennus remport\u00e9 par Toulouse a \u00e9t\u00e9 publi\u00e9 par le club. Parmi les s\u00e9quences marquantes figure le discours d&rsquo;Ugo Mola, prononc\u00e9 quelques heures avant le coup d&rsquo;envoi au Stade de France d&rsquo;une finale qui restera dans les annales.\n            <\/p>\n<p>Le Stade toulousain se souviendra longtemps de cette saison 2025\/2026, qui ne fut d\u00e9cid\u00e9ment pas comme les autres. Au-del\u00e0 des graves blessures d\u2019Antoine Dupont ou de Peato Mauvaka, d\u2019un d\u00e9placement en Afrique du Sud rempli d\u2019\u00e9motions mais contraignant physiquement, d\u2019une demi-finale rat\u00e9e face \u00e0 l\u2019UBB, le club le plus titr\u00e9 de l\u2019Hexagone a v\u00e9cu des drames humains avec la disparition de Medhi Narjissi et d\u2019Helen\u00a0Tekori, femme de l\u2019ancien joueur aujourd\u2019hui adjoint charg\u00e9 des \u00e9quipements dans le staff d\u2019Ugo Mola. Dans le film qui revient sur toute la phase finale du Top 14, produit par le club et publi\u00e9 sur YouTube, le manager toulousain d\u00e9bute d\u2019ailleurs son discours d\u2019avant-match en \u00e9voquant les moments difficiles que le groupe a v\u00e9cus depuis plusieurs mois. \u00ab\u00a0Peut-\u00eatre qu\u2019on a loup\u00e9 une partie de notre saison en Afrique du Sud, qu\u2019on n\u2019a pas bien su g\u00e9rer \u00e7a, reconna\u00eet ensuite Ugo Mola \u00e0 quelques heures du coup d\u2019envoi. \u00ab\u00a0On a eu l\u2019occasion de se rattraper contre Bordeaux en demi-finale, on ne l\u2019a pas fait. \u00c7a peut \u00eatre l\u2019un des regrets. [\u2026] On est \u00e0 deux heures et quelques d\u2019une finale de championnat o\u00f9 on a tout en main.\u00a0\u00bb<\/p>\n<p data-end=\"1999\" data-start=\"1170\">Sous les yeux de Romain Ntamack, Thomas Ramos, Jack Willis et m\u00eame Antoine Dupont, pr\u00e9sent pour l\u2019occasion, l\u2019entra\u00eeneur questionne ses hommes\u00a0: \u00ab\u00a0Vous savez ce qu\u2019est la diff\u00e9rence entre une \u00e9quipe orgueilleuse et une \u00e9quipe fi\u00e8re\u00a0? Le mec fier, il n\u2019a besoin de rien, de nada. Il a juste besoin des mecs qu\u2019il a \u00e0 c\u00f4t\u00e9, il a les pieds ancr\u00e9s au sol parce qu\u2019il est fier, et qu\u2019il n\u2019a pas besoin de savoir ce qu\u2019on pense de lui pour savoir ce qu\u2019il est ou ce qu\u2019il n\u2019est pas. C\u2019est \u00e7a, un mec fier. Choisissez votre camp entre les orgueilleux et les fiers. Moi, je sais qui vous \u00eates, et j\u2019ai toujours \u00e9t\u00e9 fier de vous. On s\u2019est peut-\u00eatre plant\u00e9s, on a peut-\u00eatre fait des conneries, et on en fera encore, mais ce qui est s\u00fbr, c\u2019est qu\u2019on l\u2019a fait avec le c\u0153ur, avec nos tripes, et avec, je l\u2019esp\u00e8re, le plus de respect possible.\u00a0\u00bb<\/p>\n<blockquote><p>\nOn va les fendre les uns apr\u00e8s les autres\n<\/p><\/blockquote>\n<p data-end=\"392\" data-start=\"23\">Depuis 2019, Toulouse n\u2019a laiss\u00e9 que des miettes \u00e0 la concurrence en d\u00e9crochant quatre des cinq derniers Boucliers de Brennus. Dans son histoire, Mola en est conscient, le Stade toulousain a gagn\u00e9, qu\u2019importe l\u2019\u00e9poque, et continuera de le faire avec les futures g\u00e9n\u00e9rations, c\u2019est ce que pense du moins le technicien. Alors, pour motiver ses troupes, le manager a pr\u00e9f\u00e9r\u00e9 rester sur l\u2019instant pr\u00e9sent, axer son discours sur l\u2019aventure hors norme v\u00e9cue par ce groupe en 2025-2026. \u00ab\u00a0On a \u00e9t\u00e9 champions plein de fois. On a gagn\u00e9 plein de fois. Je vous ai d\u00e9j\u00e0 parl\u00e9 de ce frigo qu\u2019on pouvait se racheter pour essayer d\u2019en remplir un autre. On va le garnir, les mecs. Il y a des gamins qui arrivent, il y en a plein dans la salle, on va continuer \u00e0 le garnir. Le probl\u00e8me, ce n\u2019est pas le club. C\u2019est l\u2019aventure qu\u2019on vient de vivre depuis un an. Alors, le petit Mehdi, vous ne le connaissiez pas, pour la majorit\u00e9, \u00e0 part Thomas (Ramos), Mathis (Lebel). Helen (Tekori), nous la connaissions tous. Tous. Joe (Tekori), tous les jours, il nous donne tout. Tout. Et la fiert\u00e9, les mecs, ce n\u2019est pas de gonfler les pecs, la fiert\u00e9, c\u2019est fermer sa gueule et faire. Enfoncer les mecs. Alors, choisissez votre put*** de camp entre la fiert\u00e9 et l\u2019orgueil. Moi, j\u2019ai confiance en vous.\u00a0\u00bb<\/p>\n<p data-end=\"3511\" data-start=\"2335\">Dans un silence de cath\u00e9drale, l\u2019ancien coach de Brive conclut sa tirade en interpellant directement son huit de devant, appel\u00e9 \u00e0 r\u00e9aliser une grande performance au Stade de France. \u00ab\u00a0Les gros, sinc\u00e8rement, chaque fois que le Stade toulousain a \u00e9t\u00e9 champion, on a roul\u00e9 sur la terre enti\u00e8re devant. Chaque fois que le Stade toulousain a \u00e9t\u00e9 champion, on a fracass\u00e9 les mecs devant. [\u2026] Si vous avez envie de vous y envoyer quand m\u00eame\u2026 Moi, je veux bien qu\u2019on parle des uns et des autres, hein. Mais regardons-nous. On va les fendre les uns apr\u00e8s les autres.\u00a0\u00bb Quelques heures plus tard, les Toulousains allaient s\u2019imposer contre les Girondins au terme d\u2019une finale haletante et ind\u00e9cise (<a href=\"https:\/\/www.rugbyrama.fr\/2025\/06\/28\/direct-finale-top-14-toulouse-bordeaux-begles-suivez-le-match-en-direct-pour-decouvrir-le-nouveau-champion-de-france-12792621.php\" target=\"_self\" rel=\"nofollow noopener\"><strong>39-33<\/strong><\/a>), o\u00f9 le paquet d\u2019avants men\u00e9 par Jack Willis et Anthony Jelonch a, effectivement, pris le dessus sur le champion d\u2019Europe 2025.<\/p>\n","protected":false},"excerpt":{"rendered":"Quelques semaines apr\u00e8s avoir renvers\u00e9 l\u2019UBB en finale du Top 14, un documentaire immersif sur les coulisses du&hellip;\n","protected":false},"author":2,"featured_media":256086,"comment_status":"","ping_status":"","sticky":false,"template":"","format":"standard","meta":{"footnotes":""},"categories":[1416],"tags":[1011,27,479,1468,60],"class_list":{"0":"post-256085","1":"post","2":"type-post","3":"status-publish","4":"format-standard","5":"has-post-thumbnail","7":"category-rugby","8":"tag-fr","9":"tag-france","10":"tag-rugby","11":"tag-rugby-football","12":"tag-sports"},"share_on_mastodon":{"url":"https:\/\/pubeurope.com\/@fr\/114873685985004122","error":""},"_links":{"self":[{"href":"https:\/\/www.europesays.com\/fr\/wp-json\/wp\/v2\/posts\/256085","targetHints":{"allow":["GET"]}}],"collection":[{"href":"https:\/\/www.europesays.com\/fr\/wp-json\/wp\/v2\/posts"}],"about":[{"href":"https:\/\/www.europesays.com\/fr\/wp-json\/wp\/v2\/types\/post"}],"author":[{"embeddable":true,"href":"https:\/\/www.europesays.com\/fr\/wp-json\/wp\/v2\/users\/2"}],"replies":[{"embeddable":true,"href":"https:\/\/www.europesays.com\/fr\/wp-json\/wp\/v2\/comments?post=256085"}],"version-history":[{"count":0,"href":"https:\/\/www.europesays.com\/fr\/wp-json\/wp\/v2\/posts\/256085\/revisions"}],"wp:featuredmedia":[{"embeddable":true,"href":"https:\/\/www.europesays.com\/fr\/wp-json\/wp\/v2\/media\/256086"}],"wp:attachment":[{"href":"https:\/\/www.europesays.com\/fr\/wp-json\/wp\/v2\/media?parent=256085"}],"wp:term":[{"taxonomy":"category","embeddable":true,"href":"https:\/\/www.europesays.com\/fr\/wp-json\/wp\/v2\/categories?post=256085"},{"taxonomy":"post_tag","embeddable":true,"href":"https:\/\/www.europesays.com\/fr\/wp-json\/wp\/v2\/tags?post=256085"}],"curies":[{"name":"wp","href":"https:\/\/api.w.org\/{rel}","templated":true}]}}