{"id":256087,"date":"2025-07-18T10:08:10","date_gmt":"2025-07-18T10:08:10","guid":{"rendered":"https:\/\/www.europesays.com\/fr\/256087\/"},"modified":"2025-07-18T10:08:10","modified_gmt":"2025-07-18T10:08:10","slug":"insolite-atp-wta-le-magnifique-message-de-gael-monfils-a-son-epouse-elina-svitolina-aujourdhui-je-regarde-cette-photo-et-je-realise-que-jai-tout","status":"publish","type":"post","link":"https:\/\/www.europesays.com\/fr\/256087\/","title":{"rendered":"Insolite, ATP &#8211; WTA > Le magnifique message de Ga\u00ebl Monfils \u00e0 son \u00e9pouse, Elina Svitolina : \u00ab\u00a0Aujourd&rsquo;hui, je regarde cette photo et je r\u00e9alise que j&rsquo;ai tout\u00a0\u00bb"},"content":{"rendered":"<p>\u00c0 l\u2019occasion de leur quatri\u00e8me anni\u00adver\u00adsaire de mariage, Ga\u00ebl Monfils a adress\u00e9 un touchant message \u00e0 son \u00e9pouse, Elina Svitolina.\u00a0<\/p>\n<p><strong>\u00ab\u202fIl y a quatre ans, nous nous sommes mari\u00e9s. Depuis ce jour, nous construi\u00adsons une vie remplie d\u2019amour, de rires et de beaux souve\u00adnirs. Aujourd\u2019hui, je regarde cette photo\u2026 et je r\u00e9alise que j\u2019ai tout. Vous voir tous les deux est ma plus grande victoire. Merci d\u2019\u00eatre l\u00e0, merci d\u2019\u00eatre vous\u2010m\u00eames. Je vous aime plus que tout au monde\u202f\u00bb<\/strong>, a \u00e9crit le Fran\u00e7ais sur Instagram. <\/p>\n<blockquote class=\"instagram-media\" data-instgrm-captioned=\"\" data-instgrm-permalink=\"https:\/\/www.instagram.com\/p\/DMLkXzrC_2u\/?utm_source=ig_embed&amp;utm_campaign=loading\" data-instgrm-version=\"14\" style=\" background:#FFF; border:0; border-radius:3px; box-shadow:0 0 1px 0 rgba(0,0,0,0.5),0 1px 10px 0 rgba(0,0,0,0.15); margin: 1px; max-width:540px; min-width:326px; padding:0; width:99.375%; width:-webkit-calc(100% - 2px); width:calc(100% - 2px);\"\/>\n<p>Mignon\u202f!<\/p>\n<p class=\"post-published-date\" style=\"color: silver; font-size: 75%; text-align: left;\">Publi\u00e9 le vendredi 18 juillet 2025 \u00e0 08:19<\/p>\n<p><script async src=\"\/\/www.instagram.com\/embed.js\"><\/script><\/p>\n","protected":false},"excerpt":{"rendered":"\u00c0 l\u2019occasion de leur quatri\u00e8me anni\u00adver\u00adsaire de mariage, Ga\u00ebl Monfils a adress\u00e9 un touchant message \u00e0 son \u00e9pouse,&hellip;\n","protected":false},"author":2,"featured_media":256088,"comment_status":"","ping_status":"","sticky":false,"template":"","format":"standard","meta":{"footnotes":""},"categories":[1415],"tags":[1011,27,3770,60,12325,1467],"class_list":{"0":"post-256087","1":"post","2":"type-post","3":"status-publish","4":"format-standard","5":"has-post-thumbnail","7":"category-tennis","8":"tag-fr","9":"tag-france","10":"tag-monfils","11":"tag-sports","12":"tag-svitolina","13":"tag-tennis"},"share_on_mastodon":{"url":"https:\/\/pubeurope.com\/@fr\/114873689881594138","error":""},"_links":{"self":[{"href":"https:\/\/www.europesays.com\/fr\/wp-json\/wp\/v2\/posts\/256087","targetHints":{"allow":["GET"]}}],"collection":[{"href":"https:\/\/www.europesays.com\/fr\/wp-json\/wp\/v2\/posts"}],"about":[{"href":"https:\/\/www.europesays.com\/fr\/wp-json\/wp\/v2\/types\/post"}],"author":[{"embeddable":true,"href":"https:\/\/www.europesays.com\/fr\/wp-json\/wp\/v2\/users\/2"}],"replies":[{"embeddable":true,"href":"https:\/\/www.europesays.com\/fr\/wp-json\/wp\/v2\/comments?post=256087"}],"version-history":[{"count":0,"href":"https:\/\/www.europesays.com\/fr\/wp-json\/wp\/v2\/posts\/256087\/revisions"}],"wp:featuredmedia":[{"embeddable":true,"href":"https:\/\/www.europesays.com\/fr\/wp-json\/wp\/v2\/media\/256088"}],"wp:attachment":[{"href":"https:\/\/www.europesays.com\/fr\/wp-json\/wp\/v2\/media?parent=256087"}],"wp:term":[{"taxonomy":"category","embeddable":true,"href":"https:\/\/www.europesays.com\/fr\/wp-json\/wp\/v2\/categories?post=256087"},{"taxonomy":"post_tag","embeddable":true,"href":"https:\/\/www.europesays.com\/fr\/wp-json\/wp\/v2\/tags?post=256087"}],"curies":[{"name":"wp","href":"https:\/\/api.w.org\/{rel}","templated":true}]}}