{"id":256096,"date":"2025-07-18T10:14:11","date_gmt":"2025-07-18T10:14:11","guid":{"rendered":"https:\/\/www.europesays.com\/fr\/256096\/"},"modified":"2025-07-18T10:14:11","modified_gmt":"2025-07-18T10:14:11","slug":"julia-vignali-et-affaire-conclue-cest-fini","status":"publish","type":"post","link":"https:\/\/www.europesays.com\/fr\/256096\/","title":{"rendered":"Julia Vignali et \u00ab\u00a0Affaire conclue\u00a0\u00bb, c\u2019est fini"},"content":{"rendered":"<p>      R\u00e9sum\u00e9<\/p>\n<p>Julia Vignali et l\u2019\u00e9quipe d\u2019Affaire conclue ont termin\u00e9 leur tournage estival et se pr\u00e9parent \u00e0 revenir \u00e0 la rentr\u00e9e, confirmant une pause et non un d\u00e9part.<\/p>\n<p>        Sommaire<\/p>\n<p>Depuis quelques heures, l&rsquo;inqui\u00e9tude monte chez les fans d&rsquo;Affaire conclue. Et pour cause ! Caroline Margeridon a post\u00e9, ce jeudi 17 juillet 2025, une photo de toute l&rsquo;\u00e9quipe du programme, accompagn\u00e9e d&rsquo;un message qui laisse croire que le tournage est termin\u00e9. \u00ab\u00a0<strong>Clap final<\/strong>\u00ab\u00a0, a-t-elle ainsi \u00e9crit sur <a href=\"https:\/\/www.instagram.com\/caromargeridon\/\" target=\"_blank\" rel=\"noreferrer noopener\">Instagram<\/a>.<\/p>\n<p>En plein c\u0153ur de l&rsquo;\u00e9t\u00e9, il n&rsquo;en fallait pas plus pour lancer la rumeur. <a href=\"https:\/\/www.public.fr\/julia-vignali-en-larmes-elle-decide-de-tout-arreter-je-vous-quitte\" target=\"_blank\" rel=\"noopener\">Julia Vignali quitte-t-elle l&rsquo;\u00e9mission<\/a> apr\u00e8s deux ans de bons et loyaux services ?<\/p>\n<p>Une pause bien m\u00e9rit\u00e9e pour l&rsquo;\u00e9quipe d&rsquo;Affaire Conclue<\/p>\n<p>Calmons tout de suite les esprits. <strong>Oui, le tournage est termin\u00e9, mais il ne s&rsquo;agit que d&rsquo;une pause estivale<\/strong>. Comme chaque ann\u00e9e, la team Affaire conclue prend quelques semaines de repos bien m\u00e9rit\u00e9 avant de revenir en pleine forme \u00e0 la rentr\u00e9e. <\/p>\n<p>Julia Vignali \u00e9tait d&rsquo;ailleurs pr\u00e9sente sur la fameuse photo post\u00e9e par Caroline Margeridon, souriante et entour\u00e9e de ses coll\u00e8gues antiquaires.<\/p>\n<p>Pas d&rsquo;inqui\u00e9tude donc. <strong>L&rsquo;\u00e9pouse de Kad Merad sera bien de retour \u00e0 la pr\u00e9sentation d&rsquo;Affaire conclue d\u00e8s septembre.<\/strong> Arriv\u00e9e \u00e0 la t\u00eate du programme en 2023 apr\u00e8s le d\u00e9part de Sophie Davant, la jolie brune a rapidement trouv\u00e9 sa place aupr\u00e8s des acheteurs et du public.<\/p>\n<p>Julia Vignali en vacances<\/p>\n<p>Reste d\u00e9sormais \u00e0 savoir \u00e0 quel endroit Julia Vignali va poser ses valises pour l&rsquo;\u00e9t\u00e9. En ao\u00fbt 2023, elle s&rsquo;\u00e9tait fait plaisir en d\u00e9voilant quelques photos de son <a href=\"https:\/\/www.public.fr\/julia-vignali-devoile-de-rares-photos-de-ses-vacances-hors-de-prix-au-mexique\" target=\"_blank\" rel=\"noopener\"><strong>s\u00e9jour hors de prix au Mexique<\/strong><\/a>. <\/p>\n<p>\u00c0 l&rsquo;\u00e9poque, elle avait notamment \u00e9t\u00e9 aper\u00e7ue dans <strong>l\u2019un des plus beaux et plus chers h\u00f4tels de luxe de la station baln\u00e9aire de la Riviera Maya<\/strong>, situ\u00e9e sur le littoral de la mer des Cara\u00efbes dans la p\u00e9ninsule de Yucat\u00e1n.<\/p>\n<p>L&rsquo;ex-acolyte de\u00a0Thomas Sotto avait en effet d\u00e9voil\u00e9 un clich\u00e9 d\u2019elle au Banyan Tree Mayakoba, un \u00e9tablissement cinq \u00e9toiles \u00e0 <strong>700\u00a0euros\u00a0la nuit<\/strong> ! Un v\u00e9ritable sanctuaire immerg\u00e9 dans un paysage tropical unique de mangroves luxuriantes. <\/p>\n<p>Un emplacement id\u00e9al pour Julia Vignali qui s&rsquo;appr\u00eatait \u00e0 prendre les r\u00eanes d&rsquo;Affaire conclue. Et cette ann\u00e9e, quelle est sa destination ?<\/p>\n<p><img loading=\"lazy\" decoding=\"async\" width=\"571\" height=\"1024\" src=\"https:\/\/www.europesays.com\/fr\/wp-content\/uploads\/2025\/07\/Capture-decran-2025-07-18-a-08.04.04-571x1024.png\" alt=\"Julia Vignali et &quot;Affaire conclue&quot;, c\u2019est fini\"  \/><\/p>\n<p>      Mentionn\u00e9s dans cet article<\/p>\n<p>\u00c0 lire aussi<\/p>\n<p><script async src=\"\/\/www.instagram.com\/embed.js\"><\/script><\/p>\n","protected":false},"excerpt":{"rendered":"R\u00e9sum\u00e9 Julia Vignali et l\u2019\u00e9quipe d\u2019Affaire conclue ont termin\u00e9 leur tournage estival et se pr\u00e9parent \u00e0 revenir \u00e0&hellip;\n","protected":false},"author":2,"featured_media":256097,"comment_status":"","ping_status":"","sticky":false,"template":"","format":"standard","meta":{"footnotes":""},"categories":[1359],"tags":[9885,58,59,1011,27,594,27579,973],"class_list":{"0":"post-256096","1":"post","2":"type-post","3":"status-publish","4":"format-standard","5":"has-post-thumbnail","7":"category-people","8":"tag-affaire-conclue","9":"tag-divertissement","10":"tag-entertainment","11":"tag-fr","12":"tag-france","13":"tag-france-2","14":"tag-julia-vignali","15":"tag-people"},"share_on_mastodon":{"url":"https:\/\/pubeurope.com\/@fr\/114873713518316963","error":""},"_links":{"self":[{"href":"https:\/\/www.europesays.com\/fr\/wp-json\/wp\/v2\/posts\/256096","targetHints":{"allow":["GET"]}}],"collection":[{"href":"https:\/\/www.europesays.com\/fr\/wp-json\/wp\/v2\/posts"}],"about":[{"href":"https:\/\/www.europesays.com\/fr\/wp-json\/wp\/v2\/types\/post"}],"author":[{"embeddable":true,"href":"https:\/\/www.europesays.com\/fr\/wp-json\/wp\/v2\/users\/2"}],"replies":[{"embeddable":true,"href":"https:\/\/www.europesays.com\/fr\/wp-json\/wp\/v2\/comments?post=256096"}],"version-history":[{"count":0,"href":"https:\/\/www.europesays.com\/fr\/wp-json\/wp\/v2\/posts\/256096\/revisions"}],"wp:featuredmedia":[{"embeddable":true,"href":"https:\/\/www.europesays.com\/fr\/wp-json\/wp\/v2\/media\/256097"}],"wp:attachment":[{"href":"https:\/\/www.europesays.com\/fr\/wp-json\/wp\/v2\/media?parent=256096"}],"wp:term":[{"taxonomy":"category","embeddable":true,"href":"https:\/\/www.europesays.com\/fr\/wp-json\/wp\/v2\/categories?post=256096"},{"taxonomy":"post_tag","embeddable":true,"href":"https:\/\/www.europesays.com\/fr\/wp-json\/wp\/v2\/tags?post=256096"}],"curies":[{"name":"wp","href":"https:\/\/api.w.org\/{rel}","templated":true}]}}